{"id":114,"date":"2022-04-15T22:27:00","date_gmt":"2022-04-15T22:27:00","guid":{"rendered":"https:\/\/lepoint-actu.tg\/?p=114"},"modified":"2022-06-13T22:36:21","modified_gmt":"2022-06-13T22:36:21","slug":"togo-scrutin-de-2020-quand-la-cour-de-justice-de-la-cedeao-prononce-une-decision-mi-figuemi-raisin-selon-lanc","status":"publish","type":"post","link":"https:\/\/lepoint-actu.tg\/index.php\/2022\/04\/15\/togo-scrutin-de-2020-quand-la-cour-de-justice-de-la-cedeao-prononce-une-decision-mi-figuemi-raisin-selon-lanc\/","title":{"rendered":"Togo: scrutin de 2020: quand la cour de justice de la CEDEAO prononce une d\u00e9cision mi-figue,mi- raisin selon l&rsquo;ANC"},"content":{"rendered":"\n<p><\/p>\n\n\n\n<p>Les sommit\u00e9s de l\u2019alliance nationale pour le changement (ANC) ont \u00e9chang\u00e9 avec les acteurs de m\u00e9dias ce 13 avril 2022 \u00e0 Lom\u00e9 sur l\u2019issue des requ\u00eates introduites par leur parti le 07 f\u00e9vrier 2020 aupr\u00e8s de la cour de justice de la communaut\u00e9 \u00e9conomique des \u00e9tats de Afrique de l\u2019ouest (CEDEAO) visant \u00e0 obtenir la reprise de la proc\u00e9dure de composition et d\u2019installation de la cour constitutionnelle, ainsi que le vote de la loi organique No 2019\/023 du 23 d\u00e9cembre 2019 sur la cour constitutionnelle, en respectant les instruments internationaux des droits de l\u2019homme ainsi que l\u2019invalidation du 4e mandat de Faure Gnassingb\u00e9 au scrutin du 22 f\u00e9vrier 2020.<\/p>\n\n\n\n<p><\/p>\n\n\n\n<p><\/p>\n\n\n\n<p>Apr\u00e8s donc plus de deux ans d\u2019attente, la cour de justice de la CEDEAO a rendu son verdict le 22 mars dernier \u00e0 Accra ( Ghana). Au sujet de la premi\u00e8re requ\u00eate du candidat Jean -Pierre Fabre relatif \u00e0 l\u2019ill\u00e9galit\u00e9 de la composition de la cour constitutionnelle, la cour de justice de la CEDEAO s\u2019est d\u00e9clar\u00e9e parfaitement comp\u00e9tente pour conna\u00eetre du litige mais a estim\u00e9 que le requ\u00e9rant n\u2019a pas apport\u00e9 la preuve de pr\u00e9judices directs et personnels, subis du fait de la composition de ladite cour constitutionnelle togolaise et a rejet\u00e9 la requ\u00eate du candidat de l\u2019ANC.<\/p>\n\n\n\n<p> Quant \u00e0 la seconde requ\u00eate de M. Jean -Pierre Fabre, c\u2019est-\u00e0-dire celle relative \u00e0 l\u2019invalidation de la candidature du chef de l&rsquo;\u00c9tat sortant, Faure Gnassingb\u00e9, qui briguait un quatri\u00e8me mandat pr\u00e9sidentiel alors que pr\u00e9alablement, la constitution togolaise ne pr\u00e9voyait que deux mandats \u00e0 tout candidat \u00e0 la fonction pr\u00e9sidentielle, elle reste pendante devant la cour de la CEDEAO qui a indiqu\u00e9 qu\u2019elle se prononcera \u00e0 propos le 17 juin prochain. Aux dires du pr\u00e9sident de l\u2019ANC, son parti regrette fort cette d\u00e9cision de rejet de sa requ\u00eate aux motifs qu\u2019il n\u2019aurait pas apport\u00e9 la preuve de pr\u00e9judices directs et personnels. \u00abLa cour semble avoir perdu de vue qu\u2019en dehors de ma personnalit\u00e9, ce sont les droits humains de chaque togolaise et de chaque togolais directement et personnellement le droit de tous les peuples \u00e0 choisir leurs dirigeants consacr\u00e9 par la D\u00e9claration universelle des droits de l\u2019homme, qui ont \u00e9t\u00e9 viol\u00e9s dans l\u2019organisation in\u00e9quitable de la consultation \u00e9lectorale du 22 f\u00e9vrier 2020\u00bb a-t-il d\u00e9clar\u00e9. <\/p>\n\n\n\n<p><\/p>\n\n\n\n<p>Cependant, M. Fabre note avec satisfaction que la cour de justice de la CEDEAO se soit d\u00e9clar\u00e9 comp\u00e9tente pour recevoir ses griefs, tout comme il note \u00e9galement avec satisfaction que l\u2019Etat d\u00e9fendeur ait reconnu le bien fond\u00e9 de sa requ\u00eate d\u2019autant qu\u2019il a essentiellement plaid\u00e9 l\u2019incomp\u00e9tence de cette cour \u00e0 statuer sur la requ\u00eate dont elle est saisie sans s\u2019immiscer dans les \u00e9lections en R\u00e9publique togolaise\u00bb.<\/p>\n\n\n\n<p><\/p>\n\n\n\n<p>Donner raison au requ\u00e9rant entrainerait ipso facto la reprise de l\u2019\u00e9lection pr\u00e9sidentielle avec ses cons\u00e9quences d\u2019instabilit\u00e9 politique graves \u00bb a- t- il martel\u00e9.<\/p>\n\n\n\n<p><strong><em>Valentine Bia<\/em><\/strong><\/p>\n","protected":false},"excerpt":{"rendered":"<p>Les sommit\u00e9s de l\u2019alliance nationale pour le changement (ANC) ont \u00e9chang\u00e9 avec les acteurs de m\u00e9dias ce 13 avril 2022<\/p>\n","protected":false},"author":2,"featured_media":115,"comment_status":"open","ping_status":"closed","sticky":false,"template":"","format":"standard","meta":{"footnotes":""},"categories":[3],"tags":[],"class_list":["post-114","post","type-post","status-publish","format-standard","has-post-thumbnail","hentry","category-politique"],"yoast_head":"<!-- This site is optimized with the Yoast SEO plugin v23.9 - https:\/\/yoast.com\/wordpress\/plugins\/seo\/ -->\n<title>Togo: scrutin de 2020: quand la cour de justice de la CEDEAO prononce une d\u00e9cision mi-figue,mi- raisin selon l&#039;ANC -<\/title>\n<meta name=\"robots\" content=\"index, follow, max-snippet:-1, max-image-preview:large, max-video-preview:-1\" \/>\n<link rel=\"canonical\" href=\"https:\/\/lepoint-actu.tg\/index.php\/2022\/04\/15\/togo-scrutin-de-2020-quand-la-cour-de-justice-de-la-cedeao-prononce-une-decision-mi-figuemi-raisin-selon-lanc\/\" \/>\n<meta property=\"og:locale\" content=\"fr_FR\" \/>\n<meta property=\"og:type\" content=\"article\" \/>\n<meta property=\"og:title\" content=\"Togo: scrutin de 2020: quand la cour de justice de la CEDEAO prononce une d\u00e9cision mi-figue,mi- raisin selon l&#039;ANC -\" \/>\n<meta property=\"og:description\" content=\"Les sommit\u00e9s de l\u2019alliance nationale pour le changement (ANC) ont \u00e9chang\u00e9 avec les acteurs de m\u00e9dias ce 13 avril 2022\" \/>\n<meta property=\"og:url\" content=\"https:\/\/lepoint-actu.tg\/index.php\/2022\/04\/15\/togo-scrutin-de-2020-quand-la-cour-de-justice-de-la-cedeao-prononce-une-decision-mi-figuemi-raisin-selon-lanc\/\" \/>\n<meta property=\"article:published_time\" content=\"2022-04-15T22:27:00+00:00\" \/>\n<meta property=\"article:modified_time\" content=\"2022-06-13T22:36:21+00:00\" \/>\n<meta property=\"og:image\" content=\"https:\/\/lepoint-actu.tg\/wp-content\/uploads\/2022\/06\/IMG_20220413_154413-768x588-1.jpg\" \/>\n\t<meta property=\"og:image:width\" content=\"768\" \/>\n\t<meta property=\"og:image:height\" content=\"588\" \/>\n\t<meta property=\"og:image:type\" content=\"image\/jpeg\" \/>\n<meta name=\"author\" content=\"La Redaction\" \/>\n<meta name=\"twitter:card\" content=\"summary_large_image\" \/>\n<meta name=\"twitter:label1\" content=\"\u00c9crit par\" \/>\n\t<meta name=\"twitter:data1\" content=\"La Redaction\" \/>\n\t<meta name=\"twitter:label2\" content=\"Dur\u00e9e de lecture estim\u00e9e\" \/>\n\t<meta name=\"twitter:data2\" content=\"3 minutes\" \/>\n<script type=\"application\/ld+json\" class=\"yoast-schema-graph\">{\"@context\":\"https:\/\/schema.org\",\"@graph\":[{\"@type\":\"WebPage\",\"@id\":\"https:\/\/lepoint-actu.tg\/index.php\/2022\/04\/15\/togo-scrutin-de-2020-quand-la-cour-de-justice-de-la-cedeao-prononce-une-decision-mi-figuemi-raisin-selon-lanc\/\",\"url\":\"https:\/\/lepoint-actu.tg\/index.php\/2022\/04\/15\/togo-scrutin-de-2020-quand-la-cour-de-justice-de-la-cedeao-prononce-une-decision-mi-figuemi-raisin-selon-lanc\/\",\"name\":\"Togo: scrutin de 2020: quand la cour de justice de la CEDEAO prononce une d\u00e9cision mi-figue,mi- raisin selon l'ANC -\",\"isPartOf\":{\"@id\":\"https:\/\/lepoint-actu.tg\/#website\"},\"primaryImageOfPage\":{\"@id\":\"https:\/\/lepoint-actu.tg\/index.php\/2022\/04\/15\/togo-scrutin-de-2020-quand-la-cour-de-justice-de-la-cedeao-prononce-une-decision-mi-figuemi-raisin-selon-lanc\/#primaryimage\"},\"image\":{\"@id\":\"https:\/\/lepoint-actu.tg\/index.php\/2022\/04\/15\/togo-scrutin-de-2020-quand-la-cour-de-justice-de-la-cedeao-prononce-une-decision-mi-figuemi-raisin-selon-lanc\/#primaryimage\"},\"thumbnailUrl\":\"https:\/\/lepoint-actu.tg\/wp-content\/uploads\/2022\/06\/IMG_20220413_154413-768x588-1.jpg\",\"datePublished\":\"2022-04-15T22:27:00+00:00\",\"dateModified\":\"2022-06-13T22:36:21+00:00\",\"author\":{\"@id\":\"https:\/\/lepoint-actu.tg\/#\/schema\/person\/e4026d66cbdc205cab83e169ab7eaca1\"},\"breadcrumb\":{\"@id\":\"https:\/\/lepoint-actu.tg\/index.php\/2022\/04\/15\/togo-scrutin-de-2020-quand-la-cour-de-justice-de-la-cedeao-prononce-une-decision-mi-figuemi-raisin-selon-lanc\/#breadcrumb\"},\"inLanguage\":\"fr-FR\",\"potentialAction\":[{\"@type\":\"ReadAction\",\"target\":[\"https:\/\/lepoint-actu.tg\/index.php\/2022\/04\/15\/togo-scrutin-de-2020-quand-la-cour-de-justice-de-la-cedeao-prononce-une-decision-mi-figuemi-raisin-selon-lanc\/\"]}]},{\"@type\":\"ImageObject\",\"inLanguage\":\"fr-FR\",\"@id\":\"https:\/\/lepoint-actu.tg\/index.php\/2022\/04\/15\/togo-scrutin-de-2020-quand-la-cour-de-justice-de-la-cedeao-prononce-une-decision-mi-figuemi-raisin-selon-lanc\/#primaryimage\",\"url\":\"https:\/\/lepoint-actu.tg\/wp-content\/uploads\/2022\/06\/IMG_20220413_154413-768x588-1.jpg\",\"contentUrl\":\"https:\/\/lepoint-actu.tg\/wp-content\/uploads\/2022\/06\/IMG_20220413_154413-768x588-1.jpg\",\"width\":768,\"height\":588},{\"@type\":\"BreadcrumbList\",\"@id\":\"https:\/\/lepoint-actu.tg\/index.php\/2022\/04\/15\/togo-scrutin-de-2020-quand-la-cour-de-justice-de-la-cedeao-prononce-une-decision-mi-figuemi-raisin-selon-lanc\/#breadcrumb\",\"itemListElement\":[{\"@type\":\"ListItem\",\"position\":1,\"name\":\"Accueil\",\"item\":\"https:\/\/lepoint-actu.tg\/\"},{\"@type\":\"ListItem\",\"position\":2,\"name\":\"Togo: scrutin de 2020: quand la cour de justice de la CEDEAO prononce une d\u00e9cision mi-figue,mi- raisin selon l&rsquo;ANC\"}]},{\"@type\":\"WebSite\",\"@id\":\"https:\/\/lepoint-actu.tg\/#website\",\"url\":\"https:\/\/lepoint-actu.tg\/\",\"name\":\"\",\"description\":\"R\u00e9c\u00e9piss\u00e9 N\u00b00022\/HAAC\/12-2020\/pL\/P, lepointactu07@gmail.com\",\"potentialAction\":[{\"@type\":\"SearchAction\",\"target\":{\"@type\":\"EntryPoint\",\"urlTemplate\":\"https:\/\/lepoint-actu.tg\/?s={search_term_string}\"},\"query-input\":{\"@type\":\"PropertyValueSpecification\",\"valueRequired\":true,\"valueName\":\"search_term_string\"}}],\"inLanguage\":\"fr-FR\"},{\"@type\":\"Person\",\"@id\":\"https:\/\/lepoint-actu.tg\/#\/schema\/person\/e4026d66cbdc205cab83e169ab7eaca1\",\"name\":\"La Redaction\",\"image\":{\"@type\":\"ImageObject\",\"inLanguage\":\"fr-FR\",\"@id\":\"https:\/\/lepoint-actu.tg\/#\/schema\/person\/image\/\",\"url\":\"https:\/\/secure.gravatar.com\/avatar\/1682a0ff7e2c36efa51c5d262eea092000ec1ce420118e6261440956730308c2?s=96&d=mm&r=g\",\"contentUrl\":\"https:\/\/secure.gravatar.com\/avatar\/1682a0ff7e2c36efa51c5d262eea092000ec1ce420118e6261440956730308c2?s=96&d=mm&r=g\",\"caption\":\"La Redaction\"},\"url\":\"https:\/\/lepoint-actu.tg\/index.php\/author\/raymondsama\/\"}]}<\/script>\n<!-- \/ Yoast SEO plugin. -->","yoast_head_json":{"title":"Togo: scrutin de 2020: quand la cour de justice de la CEDEAO prononce une d\u00e9cision mi-figue,mi- raisin selon l'ANC -","robots":{"index":"index","follow":"follow","max-snippet":"max-snippet:-1","max-image-preview":"max-image-preview:large","max-video-preview":"max-video-preview:-1"},"canonical":"https:\/\/lepoint-actu.tg\/index.php\/2022\/04\/15\/togo-scrutin-de-2020-quand-la-cour-de-justice-de-la-cedeao-prononce-une-decision-mi-figuemi-raisin-selon-lanc\/","og_locale":"fr_FR","og_type":"article","og_title":"Togo: scrutin de 2020: quand la cour de justice de la CEDEAO prononce une d\u00e9cision mi-figue,mi- raisin selon l'ANC -","og_description":"Les sommit\u00e9s de l\u2019alliance nationale pour le changement (ANC) ont \u00e9chang\u00e9 avec les acteurs de m\u00e9dias ce 13 avril 2022","og_url":"https:\/\/lepoint-actu.tg\/index.php\/2022\/04\/15\/togo-scrutin-de-2020-quand-la-cour-de-justice-de-la-cedeao-prononce-une-decision-mi-figuemi-raisin-selon-lanc\/","article_published_time":"2022-04-15T22:27:00+00:00","article_modified_time":"2022-06-13T22:36:21+00:00","og_image":[{"width":768,"height":588,"url":"https:\/\/lepoint-actu.tg\/wp-content\/uploads\/2022\/06\/IMG_20220413_154413-768x588-1.jpg","type":"image\/jpeg"}],"author":"La Redaction","twitter_card":"summary_large_image","twitter_misc":{"\u00c9crit par":"La Redaction","Dur\u00e9e de lecture estim\u00e9e":"3 minutes"},"schema":{"@context":"https:\/\/schema.org","@graph":[{"@type":"WebPage","@id":"https:\/\/lepoint-actu.tg\/index.php\/2022\/04\/15\/togo-scrutin-de-2020-quand-la-cour-de-justice-de-la-cedeao-prononce-une-decision-mi-figuemi-raisin-selon-lanc\/","url":"https:\/\/lepoint-actu.tg\/index.php\/2022\/04\/15\/togo-scrutin-de-2020-quand-la-cour-de-justice-de-la-cedeao-prononce-une-decision-mi-figuemi-raisin-selon-lanc\/","name":"Togo: scrutin de 2020: quand la cour de justice de la CEDEAO prononce une d\u00e9cision mi-figue,mi- raisin selon l'ANC -","isPartOf":{"@id":"https:\/\/lepoint-actu.tg\/#website"},"primaryImageOfPage":{"@id":"https:\/\/lepoint-actu.tg\/index.php\/2022\/04\/15\/togo-scrutin-de-2020-quand-la-cour-de-justice-de-la-cedeao-prononce-une-decision-mi-figuemi-raisin-selon-lanc\/#primaryimage"},"image":{"@id":"https:\/\/lepoint-actu.tg\/index.php\/2022\/04\/15\/togo-scrutin-de-2020-quand-la-cour-de-justice-de-la-cedeao-prononce-une-decision-mi-figuemi-raisin-selon-lanc\/#primaryimage"},"thumbnailUrl":"https:\/\/lepoint-actu.tg\/wp-content\/uploads\/2022\/06\/IMG_20220413_154413-768x588-1.jpg","datePublished":"2022-04-15T22:27:00+00:00","dateModified":"2022-06-13T22:36:21+00:00","author":{"@id":"https:\/\/lepoint-actu.tg\/#\/schema\/person\/e4026d66cbdc205cab83e169ab7eaca1"},"breadcrumb":{"@id":"https:\/\/lepoint-actu.tg\/index.php\/2022\/04\/15\/togo-scrutin-de-2020-quand-la-cour-de-justice-de-la-cedeao-prononce-une-decision-mi-figuemi-raisin-selon-lanc\/#breadcrumb"},"inLanguage":"fr-FR","potentialAction":[{"@type":"ReadAction","target":["https:\/\/lepoint-actu.tg\/index.php\/2022\/04\/15\/togo-scrutin-de-2020-quand-la-cour-de-justice-de-la-cedeao-prononce-une-decision-mi-figuemi-raisin-selon-lanc\/"]}]},{"@type":"ImageObject","inLanguage":"fr-FR","@id":"https:\/\/lepoint-actu.tg\/index.php\/2022\/04\/15\/togo-scrutin-de-2020-quand-la-cour-de-justice-de-la-cedeao-prononce-une-decision-mi-figuemi-raisin-selon-lanc\/#primaryimage","url":"https:\/\/lepoint-actu.tg\/wp-content\/uploads\/2022\/06\/IMG_20220413_154413-768x588-1.jpg","contentUrl":"https:\/\/lepoint-actu.tg\/wp-content\/uploads\/2022\/06\/IMG_20220413_154413-768x588-1.jpg","width":768,"height":588},{"@type":"BreadcrumbList","@id":"https:\/\/lepoint-actu.tg\/index.php\/2022\/04\/15\/togo-scrutin-de-2020-quand-la-cour-de-justice-de-la-cedeao-prononce-une-decision-mi-figuemi-raisin-selon-lanc\/#breadcrumb","itemListElement":[{"@type":"ListItem","position":1,"name":"Accueil","item":"https:\/\/lepoint-actu.tg\/"},{"@type":"ListItem","position":2,"name":"Togo: scrutin de 2020: quand la cour de justice de la CEDEAO prononce une d\u00e9cision mi-figue,mi- raisin selon l&rsquo;ANC"}]},{"@type":"WebSite","@id":"https:\/\/lepoint-actu.tg\/#website","url":"https:\/\/lepoint-actu.tg\/","name":"","description":"R\u00e9c\u00e9piss\u00e9 N\u00b00022\/HAAC\/12-2020\/pL\/P, lepointactu07@gmail.com","potentialAction":[{"@type":"SearchAction","target":{"@type":"EntryPoint","urlTemplate":"https:\/\/lepoint-actu.tg\/?s={search_term_string}"},"query-input":{"@type":"PropertyValueSpecification","valueRequired":true,"valueName":"search_term_string"}}],"inLanguage":"fr-FR"},{"@type":"Person","@id":"https:\/\/lepoint-actu.tg\/#\/schema\/person\/e4026d66cbdc205cab83e169ab7eaca1","name":"La Redaction","image":{"@type":"ImageObject","inLanguage":"fr-FR","@id":"https:\/\/lepoint-actu.tg\/#\/schema\/person\/image\/","url":"https:\/\/secure.gravatar.com\/avatar\/1682a0ff7e2c36efa51c5d262eea092000ec1ce420118e6261440956730308c2?s=96&d=mm&r=g","contentUrl":"https:\/\/secure.gravatar.com\/avatar\/1682a0ff7e2c36efa51c5d262eea092000ec1ce420118e6261440956730308c2?s=96&d=mm&r=g","caption":"La Redaction"},"url":"https:\/\/lepoint-actu.tg\/index.php\/author\/raymondsama\/"}]}},"_links":{"self":[{"href":"https:\/\/lepoint-actu.tg\/index.php\/wp-json\/wp\/v2\/posts\/114","targetHints":{"allow":["GET"]}}],"collection":[{"href":"https:\/\/lepoint-actu.tg\/index.php\/wp-json\/wp\/v2\/posts"}],"about":[{"href":"https:\/\/lepoint-actu.tg\/index.php\/wp-json\/wp\/v2\/types\/post"}],"author":[{"embeddable":true,"href":"https:\/\/lepoint-actu.tg\/index.php\/wp-json\/wp\/v2\/users\/2"}],"replies":[{"embeddable":true,"href":"https:\/\/lepoint-actu.tg\/index.php\/wp-json\/wp\/v2\/comments?post=114"}],"version-history":[{"count":1,"href":"https:\/\/lepoint-actu.tg\/index.php\/wp-json\/wp\/v2\/posts\/114\/revisions"}],"predecessor-version":[{"id":116,"href":"https:\/\/lepoint-actu.tg\/index.php\/wp-json\/wp\/v2\/posts\/114\/revisions\/116"}],"wp:featuredmedia":[{"embeddable":true,"href":"https:\/\/lepoint-actu.tg\/index.php\/wp-json\/wp\/v2\/media\/115"}],"wp:attachment":[{"href":"https:\/\/lepoint-actu.tg\/index.php\/wp-json\/wp\/v2\/media?parent=114"}],"wp:term":[{"taxonomy":"category","embeddable":true,"href":"https:\/\/lepoint-actu.tg\/index.php\/wp-json\/wp\/v2\/categories?post=114"},{"taxonomy":"post_tag","embeddable":true,"href":"https:\/\/lepoint-actu.tg\/index.php\/wp-json\/wp\/v2\/tags?post=114"}],"curies":[{"name":"wp","href":"https:\/\/api.w.org\/{rel}","templated":true}]}}