{"id":1264,"date":"2022-12-24T20:27:45","date_gmt":"2022-12-24T20:27:45","guid":{"rendered":"https:\/\/lepoint-actu.tg\/?p=1264"},"modified":"2022-12-24T20:37:37","modified_gmt":"2022-12-24T20:37:37","slug":"joyeux-noel-agoe-nyive-1-se-prend-de-la-bonne-maniere-avec-les-enfants","status":"publish","type":"post","link":"https:\/\/lepoint-actu.tg\/index.php\/2022\/12\/24\/joyeux-noel-agoe-nyive-1-se-prend-de-la-bonne-maniere-avec-les-enfants\/","title":{"rendered":"Joyeux No\u00ebl: Ago\u00e8-Nyiv\u00e9 1 se prend de la bonne mani\u00e8re avec les enfants"},"content":{"rendered":"\n<p><\/p>\n\n\n\n<p>Permettre aux enfants de passer de bons moments aux c\u00f4t\u00e9s de leurs pairs et de leurs parents en les offrant des cadeaux dans une ambiance particuli\u00e8re de gait\u00e9 avec d&rsquo;utiles conseils en cette p\u00e9riode de f\u00eates de fin d&rsquo;ann\u00e9e. La commune d\u2019Ago\u00e8-Nyiv\u00e9 1 dirig\u00e9e par le maire Kovi Ako\u00e9t\u00e9 Adanbounou a les recettes.<\/p>\n\n\n\n<figure class=\"wp-block-image size-full\"><img loading=\"lazy\" decoding=\"async\" width=\"800\" height=\"445\" src=\"https:\/\/lepoint-actu.tg\/wp-content\/uploads\/2022\/12\/IMG_20221223_162158_007-scaled-e1671899608453-800x445-1.jpg\" alt=\"\" class=\"wp-image-1266\" srcset=\"https:\/\/lepoint-actu.tg\/wp-content\/uploads\/2022\/12\/IMG_20221223_162158_007-scaled-e1671899608453-800x445-1.jpg 800w, https:\/\/lepoint-actu.tg\/wp-content\/uploads\/2022\/12\/IMG_20221223_162158_007-scaled-e1671899608453-800x445-1-300x167.jpg 300w, https:\/\/lepoint-actu.tg\/wp-content\/uploads\/2022\/12\/IMG_20221223_162158_007-scaled-e1671899608453-800x445-1-768x427.jpg 768w\" sizes=\"auto, (max-width: 800px) 100vw, 800px\" \/><figcaption class=\"wp-element-caption\"><em><strong>Remise de cadeaux <\/strong><\/em><\/figcaption><\/figure>\n\n\n\n<p><\/p>\n\n\n\n<p>Dans cet \u00e9lan, elle a organis\u00e9 une c\u00e9r\u00e9monie de distribution de cadeaux aux enfants de son ressort territorial le 23 d\u00e9cembre 2022, \u00e0 la mairie d\u2019Ago\u00e8-Nyiv\u00e9 1, o\u00f9 enfants, parents, maire des lieux , des membres du conseil communal et du chef canton d\u2019Ago\u00e8-Nyiv\u00e9, Togbui Kodjo Sedzro IV \u00e9taient pr\u00e9sents.<\/p>\n\n\n\n<p>Selon les informations, environ 200 enfants d\u00e9sign\u00e9s par les responsables des comit\u00e9s de d\u00e9veloppement \u00e0 la base de chaque village de ladite commune ont re\u00e7u des cadeaux compos\u00e9s de vivres et de non vivres.<\/p>\n\n\n\n<figure class=\"wp-block-image size-full\"><img loading=\"lazy\" decoding=\"async\" width=\"768\" height=\"576\" src=\"https:\/\/lepoint-actu.tg\/wp-content\/uploads\/2022\/12\/IMG_20221223_152148_863-768x576-1.jpg\" alt=\"\" class=\"wp-image-1267\" srcset=\"https:\/\/lepoint-actu.tg\/wp-content\/uploads\/2022\/12\/IMG_20221223_152148_863-768x576-1.jpg 768w, https:\/\/lepoint-actu.tg\/wp-content\/uploads\/2022\/12\/IMG_20221223_152148_863-768x576-1-300x225.jpg 300w\" sizes=\"auto, (max-width: 768px) 100vw, 768px\" \/><figcaption class=\"wp-element-caption\"><em><strong>Des enfants attentifs avant la remise des cadeaux<\/strong><\/em><\/figcaption><\/figure>\n\n\n\n<p>\u00ab Nous sommes comme leur (les enfants : ndlr) guide. Nous ne devons pas frapp\u00e9 nos enfants comme on frappe \u00ab les animaux \u00bb. Et pour cela, je tiens fermement \u00e0 \u00e7a. Mais je ne demande pas aussi aux enfants de manquer du respect \u00e0 leurs parents \u00e0 la maison \u00bb: c&rsquo;\u00e9tait le message clair du maire Kovi Adanbounou en guise de conseils aussi bien aux parents qu&rsquo;aux enfants \u00e0 l&rsquo;occasion de la c\u00e9r\u00e9monie.<br>Les v\u0153ux les meilleurs \u00e0 toute la population de la commune Agoe-nyiv\u00e91, une heureuse ann\u00e9e 2023 ont bien \u00e9videmment aussi meubl\u00e9 la partie.<\/p>\n\n\n\n<p>Cette c\u00e9r\u00e9monie r\u00e9jouit non seulement les enfants mais aussi parents voire responsables des US et coutumes. Selon le chef canton d\u2019Ago\u00e8-Nyiv\u00e9, Togbui Kodjo Sedzro IV, c&rsquo;est une tr\u00e8s bonne chose qu&rsquo;une c\u00e9r\u00e9monie de cette nature en ces moments pr\u00e9cis ait lieu \u00e0 l\u2019endroit des enfants qui sont l\u2019avenir de demain.<\/p>\n\n\n\n<p><strong><em>Ali Legrand<\/em><\/strong><\/p>\n","protected":false},"excerpt":{"rendered":"<p>Permettre aux enfants de passer de bons moments aux c\u00f4t\u00e9s de leurs pairs et de leurs parents en les offrant<\/p>\n","protected":false},"author":2,"featured_media":1265,"comment_status":"open","ping_status":"closed","sticky":false,"template":"","format":"standard","meta":{"footnotes":""},"categories":[1],"tags":[],"class_list":["post-1264","post","type-post","status-publish","format-standard","has-post-thumbnail","hentry","category-societe"],"yoast_head":"<!-- This site is optimized with the Yoast SEO plugin v23.9 - https:\/\/yoast.com\/wordpress\/plugins\/seo\/ -->\n<title>Joyeux No\u00ebl: Ago\u00e8-Nyiv\u00e9 1 se prend de la bonne mani\u00e8re avec les enfants -<\/title>\n<meta name=\"robots\" content=\"index, follow, max-snippet:-1, max-image-preview:large, max-video-preview:-1\" \/>\n<link rel=\"canonical\" href=\"https:\/\/lepoint-actu.tg\/index.php\/2022\/12\/24\/joyeux-noel-agoe-nyive-1-se-prend-de-la-bonne-maniere-avec-les-enfants\/\" \/>\n<meta property=\"og:locale\" content=\"fr_FR\" \/>\n<meta property=\"og:type\" content=\"article\" \/>\n<meta property=\"og:title\" content=\"Joyeux No\u00ebl: Ago\u00e8-Nyiv\u00e9 1 se prend de la bonne mani\u00e8re avec les enfants -\" \/>\n<meta property=\"og:description\" content=\"Permettre aux enfants de passer de bons moments aux c\u00f4t\u00e9s de leurs pairs et de leurs parents en les offrant\" \/>\n<meta property=\"og:url\" content=\"https:\/\/lepoint-actu.tg\/index.php\/2022\/12\/24\/joyeux-noel-agoe-nyive-1-se-prend-de-la-bonne-maniere-avec-les-enfants\/\" \/>\n<meta property=\"article:published_time\" content=\"2022-12-24T20:27:45+00:00\" \/>\n<meta property=\"article:modified_time\" content=\"2022-12-24T20:37:37+00:00\" \/>\n<meta property=\"og:image\" content=\"https:\/\/lepoint-actu.tg\/wp-content\/uploads\/2022\/12\/Papa-Noel-750x563-1.jpg\" \/>\n\t<meta property=\"og:image:width\" content=\"750\" \/>\n\t<meta property=\"og:image:height\" content=\"563\" \/>\n\t<meta property=\"og:image:type\" content=\"image\/jpeg\" \/>\n<meta name=\"author\" content=\"La Redaction\" \/>\n<meta name=\"twitter:card\" content=\"summary_large_image\" \/>\n<meta name=\"twitter:label1\" content=\"\u00c9crit par\" \/>\n\t<meta name=\"twitter:data1\" content=\"La Redaction\" \/>\n\t<meta name=\"twitter:label2\" content=\"Dur\u00e9e de lecture estim\u00e9e\" \/>\n\t<meta name=\"twitter:data2\" content=\"2 minutes\" \/>\n<script type=\"application\/ld+json\" class=\"yoast-schema-graph\">{\"@context\":\"https:\/\/schema.org\",\"@graph\":[{\"@type\":\"WebPage\",\"@id\":\"https:\/\/lepoint-actu.tg\/index.php\/2022\/12\/24\/joyeux-noel-agoe-nyive-1-se-prend-de-la-bonne-maniere-avec-les-enfants\/\",\"url\":\"https:\/\/lepoint-actu.tg\/index.php\/2022\/12\/24\/joyeux-noel-agoe-nyive-1-se-prend-de-la-bonne-maniere-avec-les-enfants\/\",\"name\":\"Joyeux No\u00ebl: Ago\u00e8-Nyiv\u00e9 1 se prend de la bonne mani\u00e8re avec les enfants -\",\"isPartOf\":{\"@id\":\"https:\/\/lepoint-actu.tg\/#website\"},\"primaryImageOfPage\":{\"@id\":\"https:\/\/lepoint-actu.tg\/index.php\/2022\/12\/24\/joyeux-noel-agoe-nyive-1-se-prend-de-la-bonne-maniere-avec-les-enfants\/#primaryimage\"},\"image\":{\"@id\":\"https:\/\/lepoint-actu.tg\/index.php\/2022\/12\/24\/joyeux-noel-agoe-nyive-1-se-prend-de-la-bonne-maniere-avec-les-enfants\/#primaryimage\"},\"thumbnailUrl\":\"https:\/\/lepoint-actu.tg\/wp-content\/uploads\/2022\/12\/Papa-Noel-750x563-1.jpg\",\"datePublished\":\"2022-12-24T20:27:45+00:00\",\"dateModified\":\"2022-12-24T20:37:37+00:00\",\"author\":{\"@id\":\"https:\/\/lepoint-actu.tg\/#\/schema\/person\/e4026d66cbdc205cab83e169ab7eaca1\"},\"breadcrumb\":{\"@id\":\"https:\/\/lepoint-actu.tg\/index.php\/2022\/12\/24\/joyeux-noel-agoe-nyive-1-se-prend-de-la-bonne-maniere-avec-les-enfants\/#breadcrumb\"},\"inLanguage\":\"fr-FR\",\"potentialAction\":[{\"@type\":\"ReadAction\",\"target\":[\"https:\/\/lepoint-actu.tg\/index.php\/2022\/12\/24\/joyeux-noel-agoe-nyive-1-se-prend-de-la-bonne-maniere-avec-les-enfants\/\"]}]},{\"@type\":\"ImageObject\",\"inLanguage\":\"fr-FR\",\"@id\":\"https:\/\/lepoint-actu.tg\/index.php\/2022\/12\/24\/joyeux-noel-agoe-nyive-1-se-prend-de-la-bonne-maniere-avec-les-enfants\/#primaryimage\",\"url\":\"https:\/\/lepoint-actu.tg\/wp-content\/uploads\/2022\/12\/Papa-Noel-750x563-1.jpg\",\"contentUrl\":\"https:\/\/lepoint-actu.tg\/wp-content\/uploads\/2022\/12\/Papa-Noel-750x563-1.jpg\",\"width\":750,\"height\":563},{\"@type\":\"BreadcrumbList\",\"@id\":\"https:\/\/lepoint-actu.tg\/index.php\/2022\/12\/24\/joyeux-noel-agoe-nyive-1-se-prend-de-la-bonne-maniere-avec-les-enfants\/#breadcrumb\",\"itemListElement\":[{\"@type\":\"ListItem\",\"position\":1,\"name\":\"Accueil\",\"item\":\"https:\/\/lepoint-actu.tg\/\"},{\"@type\":\"ListItem\",\"position\":2,\"name\":\"Joyeux No\u00ebl: Ago\u00e8-Nyiv\u00e9 1 se prend de la bonne mani\u00e8re avec les enfants\"}]},{\"@type\":\"WebSite\",\"@id\":\"https:\/\/lepoint-actu.tg\/#website\",\"url\":\"https:\/\/lepoint-actu.tg\/\",\"name\":\"\",\"description\":\"R\u00e9c\u00e9piss\u00e9 N\u00b00022\/HAAC\/12-2020\/pL\/P, lepointactu07@gmail.com\",\"potentialAction\":[{\"@type\":\"SearchAction\",\"target\":{\"@type\":\"EntryPoint\",\"urlTemplate\":\"https:\/\/lepoint-actu.tg\/?s={search_term_string}\"},\"query-input\":{\"@type\":\"PropertyValueSpecification\",\"valueRequired\":true,\"valueName\":\"search_term_string\"}}],\"inLanguage\":\"fr-FR\"},{\"@type\":\"Person\",\"@id\":\"https:\/\/lepoint-actu.tg\/#\/schema\/person\/e4026d66cbdc205cab83e169ab7eaca1\",\"name\":\"La Redaction\",\"image\":{\"@type\":\"ImageObject\",\"inLanguage\":\"fr-FR\",\"@id\":\"https:\/\/lepoint-actu.tg\/#\/schema\/person\/image\/\",\"url\":\"https:\/\/secure.gravatar.com\/avatar\/1682a0ff7e2c36efa51c5d262eea092000ec1ce420118e6261440956730308c2?s=96&d=mm&r=g\",\"contentUrl\":\"https:\/\/secure.gravatar.com\/avatar\/1682a0ff7e2c36efa51c5d262eea092000ec1ce420118e6261440956730308c2?s=96&d=mm&r=g\",\"caption\":\"La Redaction\"},\"url\":\"https:\/\/lepoint-actu.tg\/index.php\/author\/raymondsama\/\"}]}<\/script>\n<!-- \/ Yoast SEO plugin. -->","yoast_head_json":{"title":"Joyeux No\u00ebl: Ago\u00e8-Nyiv\u00e9 1 se prend de la bonne mani\u00e8re avec les enfants -","robots":{"index":"index","follow":"follow","max-snippet":"max-snippet:-1","max-image-preview":"max-image-preview:large","max-video-preview":"max-video-preview:-1"},"canonical":"https:\/\/lepoint-actu.tg\/index.php\/2022\/12\/24\/joyeux-noel-agoe-nyive-1-se-prend-de-la-bonne-maniere-avec-les-enfants\/","og_locale":"fr_FR","og_type":"article","og_title":"Joyeux No\u00ebl: Ago\u00e8-Nyiv\u00e9 1 se prend de la bonne mani\u00e8re avec les enfants -","og_description":"Permettre aux enfants de passer de bons moments aux c\u00f4t\u00e9s de leurs pairs et de leurs parents en les offrant","og_url":"https:\/\/lepoint-actu.tg\/index.php\/2022\/12\/24\/joyeux-noel-agoe-nyive-1-se-prend-de-la-bonne-maniere-avec-les-enfants\/","article_published_time":"2022-12-24T20:27:45+00:00","article_modified_time":"2022-12-24T20:37:37+00:00","og_image":[{"width":750,"height":563,"url":"https:\/\/lepoint-actu.tg\/wp-content\/uploads\/2022\/12\/Papa-Noel-750x563-1.jpg","type":"image\/jpeg"}],"author":"La Redaction","twitter_card":"summary_large_image","twitter_misc":{"\u00c9crit par":"La Redaction","Dur\u00e9e de lecture estim\u00e9e":"2 minutes"},"schema":{"@context":"https:\/\/schema.org","@graph":[{"@type":"WebPage","@id":"https:\/\/lepoint-actu.tg\/index.php\/2022\/12\/24\/joyeux-noel-agoe-nyive-1-se-prend-de-la-bonne-maniere-avec-les-enfants\/","url":"https:\/\/lepoint-actu.tg\/index.php\/2022\/12\/24\/joyeux-noel-agoe-nyive-1-se-prend-de-la-bonne-maniere-avec-les-enfants\/","name":"Joyeux No\u00ebl: Ago\u00e8-Nyiv\u00e9 1 se prend de la bonne mani\u00e8re avec les enfants -","isPartOf":{"@id":"https:\/\/lepoint-actu.tg\/#website"},"primaryImageOfPage":{"@id":"https:\/\/lepoint-actu.tg\/index.php\/2022\/12\/24\/joyeux-noel-agoe-nyive-1-se-prend-de-la-bonne-maniere-avec-les-enfants\/#primaryimage"},"image":{"@id":"https:\/\/lepoint-actu.tg\/index.php\/2022\/12\/24\/joyeux-noel-agoe-nyive-1-se-prend-de-la-bonne-maniere-avec-les-enfants\/#primaryimage"},"thumbnailUrl":"https:\/\/lepoint-actu.tg\/wp-content\/uploads\/2022\/12\/Papa-Noel-750x563-1.jpg","datePublished":"2022-12-24T20:27:45+00:00","dateModified":"2022-12-24T20:37:37+00:00","author":{"@id":"https:\/\/lepoint-actu.tg\/#\/schema\/person\/e4026d66cbdc205cab83e169ab7eaca1"},"breadcrumb":{"@id":"https:\/\/lepoint-actu.tg\/index.php\/2022\/12\/24\/joyeux-noel-agoe-nyive-1-se-prend-de-la-bonne-maniere-avec-les-enfants\/#breadcrumb"},"inLanguage":"fr-FR","potentialAction":[{"@type":"ReadAction","target":["https:\/\/lepoint-actu.tg\/index.php\/2022\/12\/24\/joyeux-noel-agoe-nyive-1-se-prend-de-la-bonne-maniere-avec-les-enfants\/"]}]},{"@type":"ImageObject","inLanguage":"fr-FR","@id":"https:\/\/lepoint-actu.tg\/index.php\/2022\/12\/24\/joyeux-noel-agoe-nyive-1-se-prend-de-la-bonne-maniere-avec-les-enfants\/#primaryimage","url":"https:\/\/lepoint-actu.tg\/wp-content\/uploads\/2022\/12\/Papa-Noel-750x563-1.jpg","contentUrl":"https:\/\/lepoint-actu.tg\/wp-content\/uploads\/2022\/12\/Papa-Noel-750x563-1.jpg","width":750,"height":563},{"@type":"BreadcrumbList","@id":"https:\/\/lepoint-actu.tg\/index.php\/2022\/12\/24\/joyeux-noel-agoe-nyive-1-se-prend-de-la-bonne-maniere-avec-les-enfants\/#breadcrumb","itemListElement":[{"@type":"ListItem","position":1,"name":"Accueil","item":"https:\/\/lepoint-actu.tg\/"},{"@type":"ListItem","position":2,"name":"Joyeux No\u00ebl: Ago\u00e8-Nyiv\u00e9 1 se prend de la bonne mani\u00e8re avec les enfants"}]},{"@type":"WebSite","@id":"https:\/\/lepoint-actu.tg\/#website","url":"https:\/\/lepoint-actu.tg\/","name":"","description":"R\u00e9c\u00e9piss\u00e9 N\u00b00022\/HAAC\/12-2020\/pL\/P, lepointactu07@gmail.com","potentialAction":[{"@type":"SearchAction","target":{"@type":"EntryPoint","urlTemplate":"https:\/\/lepoint-actu.tg\/?s={search_term_string}"},"query-input":{"@type":"PropertyValueSpecification","valueRequired":true,"valueName":"search_term_string"}}],"inLanguage":"fr-FR"},{"@type":"Person","@id":"https:\/\/lepoint-actu.tg\/#\/schema\/person\/e4026d66cbdc205cab83e169ab7eaca1","name":"La Redaction","image":{"@type":"ImageObject","inLanguage":"fr-FR","@id":"https:\/\/lepoint-actu.tg\/#\/schema\/person\/image\/","url":"https:\/\/secure.gravatar.com\/avatar\/1682a0ff7e2c36efa51c5d262eea092000ec1ce420118e6261440956730308c2?s=96&d=mm&r=g","contentUrl":"https:\/\/secure.gravatar.com\/avatar\/1682a0ff7e2c36efa51c5d262eea092000ec1ce420118e6261440956730308c2?s=96&d=mm&r=g","caption":"La Redaction"},"url":"https:\/\/lepoint-actu.tg\/index.php\/author\/raymondsama\/"}]}},"_links":{"self":[{"href":"https:\/\/lepoint-actu.tg\/index.php\/wp-json\/wp\/v2\/posts\/1264","targetHints":{"allow":["GET"]}}],"collection":[{"href":"https:\/\/lepoint-actu.tg\/index.php\/wp-json\/wp\/v2\/posts"}],"about":[{"href":"https:\/\/lepoint-actu.tg\/index.php\/wp-json\/wp\/v2\/types\/post"}],"author":[{"embeddable":true,"href":"https:\/\/lepoint-actu.tg\/index.php\/wp-json\/wp\/v2\/users\/2"}],"replies":[{"embeddable":true,"href":"https:\/\/lepoint-actu.tg\/index.php\/wp-json\/wp\/v2\/comments?post=1264"}],"version-history":[{"count":2,"href":"https:\/\/lepoint-actu.tg\/index.php\/wp-json\/wp\/v2\/posts\/1264\/revisions"}],"predecessor-version":[{"id":1269,"href":"https:\/\/lepoint-actu.tg\/index.php\/wp-json\/wp\/v2\/posts\/1264\/revisions\/1269"}],"wp:featuredmedia":[{"embeddable":true,"href":"https:\/\/lepoint-actu.tg\/index.php\/wp-json\/wp\/v2\/media\/1265"}],"wp:attachment":[{"href":"https:\/\/lepoint-actu.tg\/index.php\/wp-json\/wp\/v2\/media?parent=1264"}],"wp:term":[{"taxonomy":"category","embeddable":true,"href":"https:\/\/lepoint-actu.tg\/index.php\/wp-json\/wp\/v2\/categories?post=1264"},{"taxonomy":"post_tag","embeddable":true,"href":"https:\/\/lepoint-actu.tg\/index.php\/wp-json\/wp\/v2\/tags?post=1264"}],"curies":[{"name":"wp","href":"https:\/\/api.w.org\/{rel}","templated":true}]}}