{"id":1271,"date":"2022-12-27T04:27:16","date_gmt":"2022-12-27T04:27:16","guid":{"rendered":"https:\/\/lepoint-actu.tg\/?p=1271"},"modified":"2022-12-28T04:34:25","modified_gmt":"2022-12-28T04:34:25","slug":"statut-de-grand-entrepreneur-kerim-dikeni-agoro-distingue-en-cote-divoire","status":"publish","type":"post","link":"https:\/\/lepoint-actu.tg\/index.php\/2022\/12\/27\/statut-de-grand-entrepreneur-kerim-dikeni-agoro-distingue-en-cote-divoire\/","title":{"rendered":"Statut de grand entrepreneur\u00a0: K\u00e9rim-Dik\u00e9ni Agoro distingu\u00e9 en C\u00f4te d\u2019Ivoire"},"content":{"rendered":"\n<p><\/p>\n\n\n\n<p>Latif Marius K\u00e9rim-Dik\u00e9ni Agoro, pas trop connu en tant qu\u2019individu mais est et demeure un exemple pour la jeunesse car ses actes, ses soci\u00e9t\u00e9s parlent beaucoup de la plus belle des mani\u00e8res en retenant l\u2019attention des esprits avertis. L\u2019homme, digne fils du Togo et tr\u00e8s remarqu\u00e9 m\u00eame hors des fronti\u00e8res nationales voire africaines par son savoir-faire dans divers domaines rafle le grand prix de l\u2019\u00e9mergence, prix du m\u00e9rite. Ce prix lui a \u00e9t\u00e9 d\u00e9cern\u00e9 courant semaine derni\u00e8re \u00e0 Abidjan, capitale ivoirienne \u00e0 l\u2019occasion de la 16 \u00e9dition de \u00ab\u00a0\u00ab la nuit des B\u00e2tisseurs de l\u2019\u00e9conomie africaine \u00bb.<\/p>\n\n\n\n<figure class=\"wp-block-image size-large\"><img loading=\"lazy\" decoding=\"async\" width=\"1024\" height=\"701\" src=\"https:\/\/lepoint-actu.tg\/wp-content\/uploads\/2022\/12\/IMG-20221227-WA0091-1024x701.jpg\" alt=\"\" class=\"wp-image-1273\" srcset=\"https:\/\/lepoint-actu.tg\/wp-content\/uploads\/2022\/12\/IMG-20221227-WA0091-1024x701.jpg 1024w, https:\/\/lepoint-actu.tg\/wp-content\/uploads\/2022\/12\/IMG-20221227-WA0091-300x205.jpg 300w, https:\/\/lepoint-actu.tg\/wp-content\/uploads\/2022\/12\/IMG-20221227-WA0091-768x526.jpg 768w, https:\/\/lepoint-actu.tg\/wp-content\/uploads\/2022\/12\/IMG-20221227-WA0091-130x90.jpg 130w, https:\/\/lepoint-actu.tg\/wp-content\/uploads\/2022\/12\/IMG-20221227-WA0091.jpg 1080w\" sizes=\"auto, (max-width: 1024px) 100vw, 1024px\" \/><figcaption class=\"wp-element-caption\"><em><strong>Le laur\u00e9at Latif Agoro<\/strong><\/em><\/figcaption><\/figure>\n\n\n\n<p><br>En effet, ce prestigieux prix, \u00ab\u00a0le super prix diamant africain pour la cr\u00e9ativit\u00e9 dans le secteur de la couture et de la mode en Afrique de l\u2019ouest 2022\u00a0\u00bb est, selon les informations, le couronnement d\u2019un engagement sans faille de l\u2019imp\u00e9trant dans la logique de toujours tendre vers l\u2019excellence dans les domaines o\u00f9 il intervient. Latif Marius K\u00e9rim-Dik\u00e9ni Agoro Directeur g\u00e9n\u00e9ral de l\u2019agence de communication \u00ab\u00a0Tendances \u00c9vents\u00a0\u00bb et promoteur de la maison \u00ab Mario exclusif \u00bb n\u2019est donc distingu\u00e9 que pour son parcours exemplaire en tant qu\u2019entrepreneur africain au cours de l\u2019ann\u00e9e 2022. Il s\u2019agit d\u2019un prix \u00ab\u00a0en reconnaissance de son engagement et de ses efforts pour l\u2019am\u00e9lioration de la qualit\u00e9 de ses services et de son leadership\u00a0\u00bb.<\/p>\n\n\n\n<figure class=\"wp-block-image size-full\"><img loading=\"lazy\" decoding=\"async\" width=\"1000\" height=\"750\" src=\"https:\/\/lepoint-actu.tg\/wp-content\/uploads\/2022\/12\/IMG-20221227-WA0090.jpg\" alt=\"\" class=\"wp-image-1274\" srcset=\"https:\/\/lepoint-actu.tg\/wp-content\/uploads\/2022\/12\/IMG-20221227-WA0090.jpg 1000w, https:\/\/lepoint-actu.tg\/wp-content\/uploads\/2022\/12\/IMG-20221227-WA0090-300x225.jpg 300w, https:\/\/lepoint-actu.tg\/wp-content\/uploads\/2022\/12\/IMG-20221227-WA0090-768x576.jpg 768w\" sizes=\"auto, (max-width: 1000px) 100vw, 1000px\" \/><\/figure>\n\n\n\n<p><br>Le choix des laur\u00e9ats est tr\u00e8s minutieux sur des crit\u00e8res bien d\u00e9termin\u00e9s et donc au terme des enqu\u00eates qui portent sur plusieurs volets dont la gestion du personnel et la bonne gouvernance.<br>Initiative de l\u2019agence de communication et de sondage \u00ab\u00a0Afrique V\u00e9rit\u00e9\u00a0\u00bb dont le si\u00e8ge est bas\u00e9 \u00e0 Abidjan en C\u00f4te d\u2019Ivoire, cette rencontre de r\u00e9compense des meilleurs dirigeants de soci\u00e9t\u00e9s se veut un cadre de promotion de la bonne gouvernance. C\u2019est de promouvoir la bonne gouvernance et encourager les acteurs \u00e9conomiques pour leur comp\u00e9tence, leur talent et leur contribution \u00e0 l\u2019\u00e9conomie.<\/p>\n\n\n\n<figure class=\"wp-block-image size-full\"><img loading=\"lazy\" decoding=\"async\" width=\"750\" height=\"1000\" src=\"https:\/\/lepoint-actu.tg\/wp-content\/uploads\/2022\/12\/IMG-20221227-WA0092.jpg\" alt=\"\" class=\"wp-image-1275\" srcset=\"https:\/\/lepoint-actu.tg\/wp-content\/uploads\/2022\/12\/IMG-20221227-WA0092.jpg 750w, https:\/\/lepoint-actu.tg\/wp-content\/uploads\/2022\/12\/IMG-20221227-WA0092-225x300.jpg 225w\" sizes=\"auto, (max-width: 750px) 100vw, 750px\" \/><\/figure>\n\n\n\n<p><br>\u00ab Cette distinction est comme un catalyseur pour moi, c\u2019est une opportunit\u00e9 qui va encore plus me motiver \u00e0 aller de l\u2019avant\u00a0; bref, c\u2019est un d\u00e9clic pour contribuer \u00e0 l\u2019\u00e9mergence de mon pays le Togo\u00a0\u00bb, d\u00e9clare M. K\u00e9rim-Dik\u00e9ni Agoro apr\u00e8s son sacre. \u00ab\u00a0Nous sommes tr\u00e8s ravis de recevoir ce prix qui nous encourage \u00e0 continuer \u00e0 promouvoir la qualit\u00e9 et la performance dans tout ce que nous entreprenons\u00a0\u00bb, ajoute-t-il dans un \u00e9lan de joie et de motivation en formulant toutes ses \u00ab\u00a0gratitudes aux initiateurs de cet \u00e9v\u00e9nement qui vient c\u00e9l\u00e9brer l\u2019entrepreneuriat africain dans son ensemble \u00bb.<\/p>\n\n\n\n<p><strong><em>Ali L.<\/em><\/strong><\/p>\n","protected":false},"excerpt":{"rendered":"<p>Latif Marius K\u00e9rim-Dik\u00e9ni Agoro, pas trop connu en tant qu\u2019individu mais est et demeure un exemple pour la jeunesse car<\/p>\n","protected":false},"author":2,"featured_media":1272,"comment_status":"open","ping_status":"closed","sticky":false,"template":"","format":"standard","meta":{"footnotes":""},"categories":[4],"tags":[],"class_list":["post-1271","post","type-post","status-publish","format-standard","has-post-thumbnail","hentry","category-economie"],"yoast_head":"<!-- This site is optimized with the Yoast SEO plugin v23.9 - https:\/\/yoast.com\/wordpress\/plugins\/seo\/ -->\n<title>Statut de grand entrepreneur\u00a0: K\u00e9rim-Dik\u00e9ni Agoro distingu\u00e9 en C\u00f4te d\u2019Ivoire -<\/title>\n<meta name=\"robots\" content=\"index, follow, max-snippet:-1, max-image-preview:large, max-video-preview:-1\" \/>\n<link rel=\"canonical\" href=\"https:\/\/lepoint-actu.tg\/index.php\/2022\/12\/27\/statut-de-grand-entrepreneur-kerim-dikeni-agoro-distingue-en-cote-divoire\/\" \/>\n<meta property=\"og:locale\" content=\"fr_FR\" \/>\n<meta property=\"og:type\" content=\"article\" \/>\n<meta property=\"og:title\" content=\"Statut de grand entrepreneur\u00a0: K\u00e9rim-Dik\u00e9ni Agoro distingu\u00e9 en C\u00f4te d\u2019Ivoire -\" \/>\n<meta property=\"og:description\" content=\"Latif Marius K\u00e9rim-Dik\u00e9ni Agoro, pas trop connu en tant qu\u2019individu mais est et demeure un exemple pour la jeunesse car\" \/>\n<meta property=\"og:url\" content=\"https:\/\/lepoint-actu.tg\/index.php\/2022\/12\/27\/statut-de-grand-entrepreneur-kerim-dikeni-agoro-distingue-en-cote-divoire\/\" \/>\n<meta property=\"article:published_time\" content=\"2022-12-27T04:27:16+00:00\" \/>\n<meta property=\"article:modified_time\" content=\"2022-12-28T04:34:25+00:00\" \/>\n<meta property=\"og:image\" content=\"https:\/\/lepoint-actu.tg\/wp-content\/uploads\/2022\/12\/TE-696x493-1.jpg\" \/>\n\t<meta property=\"og:image:width\" content=\"696\" \/>\n\t<meta property=\"og:image:height\" content=\"493\" \/>\n\t<meta property=\"og:image:type\" content=\"image\/jpeg\" \/>\n<meta name=\"author\" content=\"La Redaction\" \/>\n<meta name=\"twitter:card\" content=\"summary_large_image\" \/>\n<meta name=\"twitter:label1\" content=\"\u00c9crit par\" \/>\n\t<meta name=\"twitter:data1\" content=\"La Redaction\" \/>\n\t<meta name=\"twitter:label2\" content=\"Dur\u00e9e de lecture estim\u00e9e\" \/>\n\t<meta name=\"twitter:data2\" content=\"3 minutes\" \/>\n<script type=\"application\/ld+json\" class=\"yoast-schema-graph\">{\"@context\":\"https:\/\/schema.org\",\"@graph\":[{\"@type\":\"WebPage\",\"@id\":\"https:\/\/lepoint-actu.tg\/index.php\/2022\/12\/27\/statut-de-grand-entrepreneur-kerim-dikeni-agoro-distingue-en-cote-divoire\/\",\"url\":\"https:\/\/lepoint-actu.tg\/index.php\/2022\/12\/27\/statut-de-grand-entrepreneur-kerim-dikeni-agoro-distingue-en-cote-divoire\/\",\"name\":\"Statut de grand entrepreneur\u00a0: K\u00e9rim-Dik\u00e9ni Agoro distingu\u00e9 en C\u00f4te d\u2019Ivoire -\",\"isPartOf\":{\"@id\":\"https:\/\/lepoint-actu.tg\/#website\"},\"primaryImageOfPage\":{\"@id\":\"https:\/\/lepoint-actu.tg\/index.php\/2022\/12\/27\/statut-de-grand-entrepreneur-kerim-dikeni-agoro-distingue-en-cote-divoire\/#primaryimage\"},\"image\":{\"@id\":\"https:\/\/lepoint-actu.tg\/index.php\/2022\/12\/27\/statut-de-grand-entrepreneur-kerim-dikeni-agoro-distingue-en-cote-divoire\/#primaryimage\"},\"thumbnailUrl\":\"https:\/\/lepoint-actu.tg\/wp-content\/uploads\/2022\/12\/TE-696x493-1.jpg\",\"datePublished\":\"2022-12-27T04:27:16+00:00\",\"dateModified\":\"2022-12-28T04:34:25+00:00\",\"author\":{\"@id\":\"https:\/\/lepoint-actu.tg\/#\/schema\/person\/e4026d66cbdc205cab83e169ab7eaca1\"},\"breadcrumb\":{\"@id\":\"https:\/\/lepoint-actu.tg\/index.php\/2022\/12\/27\/statut-de-grand-entrepreneur-kerim-dikeni-agoro-distingue-en-cote-divoire\/#breadcrumb\"},\"inLanguage\":\"fr-FR\",\"potentialAction\":[{\"@type\":\"ReadAction\",\"target\":[\"https:\/\/lepoint-actu.tg\/index.php\/2022\/12\/27\/statut-de-grand-entrepreneur-kerim-dikeni-agoro-distingue-en-cote-divoire\/\"]}]},{\"@type\":\"ImageObject\",\"inLanguage\":\"fr-FR\",\"@id\":\"https:\/\/lepoint-actu.tg\/index.php\/2022\/12\/27\/statut-de-grand-entrepreneur-kerim-dikeni-agoro-distingue-en-cote-divoire\/#primaryimage\",\"url\":\"https:\/\/lepoint-actu.tg\/wp-content\/uploads\/2022\/12\/TE-696x493-1.jpg\",\"contentUrl\":\"https:\/\/lepoint-actu.tg\/wp-content\/uploads\/2022\/12\/TE-696x493-1.jpg\",\"width\":696,\"height\":493},{\"@type\":\"BreadcrumbList\",\"@id\":\"https:\/\/lepoint-actu.tg\/index.php\/2022\/12\/27\/statut-de-grand-entrepreneur-kerim-dikeni-agoro-distingue-en-cote-divoire\/#breadcrumb\",\"itemListElement\":[{\"@type\":\"ListItem\",\"position\":1,\"name\":\"Accueil\",\"item\":\"https:\/\/lepoint-actu.tg\/\"},{\"@type\":\"ListItem\",\"position\":2,\"name\":\"Statut de grand entrepreneur\u00a0: K\u00e9rim-Dik\u00e9ni Agoro distingu\u00e9 en C\u00f4te d\u2019Ivoire\"}]},{\"@type\":\"WebSite\",\"@id\":\"https:\/\/lepoint-actu.tg\/#website\",\"url\":\"https:\/\/lepoint-actu.tg\/\",\"name\":\"\",\"description\":\"R\u00e9c\u00e9piss\u00e9 N\u00b00022\/HAAC\/12-2020\/pL\/P, lepointactu07@gmail.com\",\"potentialAction\":[{\"@type\":\"SearchAction\",\"target\":{\"@type\":\"EntryPoint\",\"urlTemplate\":\"https:\/\/lepoint-actu.tg\/?s={search_term_string}\"},\"query-input\":{\"@type\":\"PropertyValueSpecification\",\"valueRequired\":true,\"valueName\":\"search_term_string\"}}],\"inLanguage\":\"fr-FR\"},{\"@type\":\"Person\",\"@id\":\"https:\/\/lepoint-actu.tg\/#\/schema\/person\/e4026d66cbdc205cab83e169ab7eaca1\",\"name\":\"La Redaction\",\"image\":{\"@type\":\"ImageObject\",\"inLanguage\":\"fr-FR\",\"@id\":\"https:\/\/lepoint-actu.tg\/#\/schema\/person\/image\/\",\"url\":\"https:\/\/secure.gravatar.com\/avatar\/1682a0ff7e2c36efa51c5d262eea092000ec1ce420118e6261440956730308c2?s=96&d=mm&r=g\",\"contentUrl\":\"https:\/\/secure.gravatar.com\/avatar\/1682a0ff7e2c36efa51c5d262eea092000ec1ce420118e6261440956730308c2?s=96&d=mm&r=g\",\"caption\":\"La Redaction\"},\"url\":\"https:\/\/lepoint-actu.tg\/index.php\/author\/raymondsama\/\"}]}<\/script>\n<!-- \/ Yoast SEO plugin. -->","yoast_head_json":{"title":"Statut de grand entrepreneur\u00a0: K\u00e9rim-Dik\u00e9ni Agoro distingu\u00e9 en C\u00f4te d\u2019Ivoire -","robots":{"index":"index","follow":"follow","max-snippet":"max-snippet:-1","max-image-preview":"max-image-preview:large","max-video-preview":"max-video-preview:-1"},"canonical":"https:\/\/lepoint-actu.tg\/index.php\/2022\/12\/27\/statut-de-grand-entrepreneur-kerim-dikeni-agoro-distingue-en-cote-divoire\/","og_locale":"fr_FR","og_type":"article","og_title":"Statut de grand entrepreneur\u00a0: K\u00e9rim-Dik\u00e9ni Agoro distingu\u00e9 en C\u00f4te d\u2019Ivoire -","og_description":"Latif Marius K\u00e9rim-Dik\u00e9ni Agoro, pas trop connu en tant qu\u2019individu mais est et demeure un exemple pour la jeunesse car","og_url":"https:\/\/lepoint-actu.tg\/index.php\/2022\/12\/27\/statut-de-grand-entrepreneur-kerim-dikeni-agoro-distingue-en-cote-divoire\/","article_published_time":"2022-12-27T04:27:16+00:00","article_modified_time":"2022-12-28T04:34:25+00:00","og_image":[{"width":696,"height":493,"url":"https:\/\/lepoint-actu.tg\/wp-content\/uploads\/2022\/12\/TE-696x493-1.jpg","type":"image\/jpeg"}],"author":"La Redaction","twitter_card":"summary_large_image","twitter_misc":{"\u00c9crit par":"La Redaction","Dur\u00e9e de lecture estim\u00e9e":"3 minutes"},"schema":{"@context":"https:\/\/schema.org","@graph":[{"@type":"WebPage","@id":"https:\/\/lepoint-actu.tg\/index.php\/2022\/12\/27\/statut-de-grand-entrepreneur-kerim-dikeni-agoro-distingue-en-cote-divoire\/","url":"https:\/\/lepoint-actu.tg\/index.php\/2022\/12\/27\/statut-de-grand-entrepreneur-kerim-dikeni-agoro-distingue-en-cote-divoire\/","name":"Statut de grand entrepreneur\u00a0: K\u00e9rim-Dik\u00e9ni Agoro distingu\u00e9 en C\u00f4te d\u2019Ivoire -","isPartOf":{"@id":"https:\/\/lepoint-actu.tg\/#website"},"primaryImageOfPage":{"@id":"https:\/\/lepoint-actu.tg\/index.php\/2022\/12\/27\/statut-de-grand-entrepreneur-kerim-dikeni-agoro-distingue-en-cote-divoire\/#primaryimage"},"image":{"@id":"https:\/\/lepoint-actu.tg\/index.php\/2022\/12\/27\/statut-de-grand-entrepreneur-kerim-dikeni-agoro-distingue-en-cote-divoire\/#primaryimage"},"thumbnailUrl":"https:\/\/lepoint-actu.tg\/wp-content\/uploads\/2022\/12\/TE-696x493-1.jpg","datePublished":"2022-12-27T04:27:16+00:00","dateModified":"2022-12-28T04:34:25+00:00","author":{"@id":"https:\/\/lepoint-actu.tg\/#\/schema\/person\/e4026d66cbdc205cab83e169ab7eaca1"},"breadcrumb":{"@id":"https:\/\/lepoint-actu.tg\/index.php\/2022\/12\/27\/statut-de-grand-entrepreneur-kerim-dikeni-agoro-distingue-en-cote-divoire\/#breadcrumb"},"inLanguage":"fr-FR","potentialAction":[{"@type":"ReadAction","target":["https:\/\/lepoint-actu.tg\/index.php\/2022\/12\/27\/statut-de-grand-entrepreneur-kerim-dikeni-agoro-distingue-en-cote-divoire\/"]}]},{"@type":"ImageObject","inLanguage":"fr-FR","@id":"https:\/\/lepoint-actu.tg\/index.php\/2022\/12\/27\/statut-de-grand-entrepreneur-kerim-dikeni-agoro-distingue-en-cote-divoire\/#primaryimage","url":"https:\/\/lepoint-actu.tg\/wp-content\/uploads\/2022\/12\/TE-696x493-1.jpg","contentUrl":"https:\/\/lepoint-actu.tg\/wp-content\/uploads\/2022\/12\/TE-696x493-1.jpg","width":696,"height":493},{"@type":"BreadcrumbList","@id":"https:\/\/lepoint-actu.tg\/index.php\/2022\/12\/27\/statut-de-grand-entrepreneur-kerim-dikeni-agoro-distingue-en-cote-divoire\/#breadcrumb","itemListElement":[{"@type":"ListItem","position":1,"name":"Accueil","item":"https:\/\/lepoint-actu.tg\/"},{"@type":"ListItem","position":2,"name":"Statut de grand entrepreneur\u00a0: K\u00e9rim-Dik\u00e9ni Agoro distingu\u00e9 en C\u00f4te d\u2019Ivoire"}]},{"@type":"WebSite","@id":"https:\/\/lepoint-actu.tg\/#website","url":"https:\/\/lepoint-actu.tg\/","name":"","description":"R\u00e9c\u00e9piss\u00e9 N\u00b00022\/HAAC\/12-2020\/pL\/P, lepointactu07@gmail.com","potentialAction":[{"@type":"SearchAction","target":{"@type":"EntryPoint","urlTemplate":"https:\/\/lepoint-actu.tg\/?s={search_term_string}"},"query-input":{"@type":"PropertyValueSpecification","valueRequired":true,"valueName":"search_term_string"}}],"inLanguage":"fr-FR"},{"@type":"Person","@id":"https:\/\/lepoint-actu.tg\/#\/schema\/person\/e4026d66cbdc205cab83e169ab7eaca1","name":"La Redaction","image":{"@type":"ImageObject","inLanguage":"fr-FR","@id":"https:\/\/lepoint-actu.tg\/#\/schema\/person\/image\/","url":"https:\/\/secure.gravatar.com\/avatar\/1682a0ff7e2c36efa51c5d262eea092000ec1ce420118e6261440956730308c2?s=96&d=mm&r=g","contentUrl":"https:\/\/secure.gravatar.com\/avatar\/1682a0ff7e2c36efa51c5d262eea092000ec1ce420118e6261440956730308c2?s=96&d=mm&r=g","caption":"La Redaction"},"url":"https:\/\/lepoint-actu.tg\/index.php\/author\/raymondsama\/"}]}},"_links":{"self":[{"href":"https:\/\/lepoint-actu.tg\/index.php\/wp-json\/wp\/v2\/posts\/1271","targetHints":{"allow":["GET"]}}],"collection":[{"href":"https:\/\/lepoint-actu.tg\/index.php\/wp-json\/wp\/v2\/posts"}],"about":[{"href":"https:\/\/lepoint-actu.tg\/index.php\/wp-json\/wp\/v2\/types\/post"}],"author":[{"embeddable":true,"href":"https:\/\/lepoint-actu.tg\/index.php\/wp-json\/wp\/v2\/users\/2"}],"replies":[{"embeddable":true,"href":"https:\/\/lepoint-actu.tg\/index.php\/wp-json\/wp\/v2\/comments?post=1271"}],"version-history":[{"count":1,"href":"https:\/\/lepoint-actu.tg\/index.php\/wp-json\/wp\/v2\/posts\/1271\/revisions"}],"predecessor-version":[{"id":1276,"href":"https:\/\/lepoint-actu.tg\/index.php\/wp-json\/wp\/v2\/posts\/1271\/revisions\/1276"}],"wp:featuredmedia":[{"embeddable":true,"href":"https:\/\/lepoint-actu.tg\/index.php\/wp-json\/wp\/v2\/media\/1272"}],"wp:attachment":[{"href":"https:\/\/lepoint-actu.tg\/index.php\/wp-json\/wp\/v2\/media?parent=1271"}],"wp:term":[{"taxonomy":"category","embeddable":true,"href":"https:\/\/lepoint-actu.tg\/index.php\/wp-json\/wp\/v2\/categories?post=1271"},{"taxonomy":"post_tag","embeddable":true,"href":"https:\/\/lepoint-actu.tg\/index.php\/wp-json\/wp\/v2\/tags?post=1271"}],"curies":[{"name":"wp","href":"https:\/\/api.w.org\/{rel}","templated":true}]}}