{"id":1280,"date":"2022-12-28T04:55:53","date_gmt":"2022-12-28T04:55:53","guid":{"rendered":"https:\/\/lepoint-actu.tg\/?p=1280"},"modified":"2022-12-28T04:55:55","modified_gmt":"2022-12-28T04:55:55","slug":"fiscca-rh-la-legende-en-formation-professionnelle","status":"publish","type":"post","link":"https:\/\/lepoint-actu.tg\/index.php\/2022\/12\/28\/fiscca-rh-la-legende-en-formation-professionnelle\/","title":{"rendered":"FISCCA-RH, la l\u00e9gende en formation professionnelle"},"content":{"rendered":"\n<p><\/p>\n\n\n\n<p>Le cabinet FISCCA-RH, entendu Fiscalit\u00e9, comptabilit\u00e9, contr\u00f4le-Audit et management des ressources humaines fait son histoire de la plus belle des mani\u00e8res ; le professionnalisme qui lui garantit la confiance des partenaires. L\u2019essayer, c\u2019est encore faire venir d\u2019autres partenaires vers lui. Cette dynamique permet au cabinet de se faire consulter dans les r\u00e8gles de l\u2019art et par plusieurs structures toutes cat\u00e9gories confondues, qu\u2019il s\u2019agisse des services \u00e9tatiques, parapubliques et priv\u00e9s.<\/p>\n\n\n\n<figure class=\"wp-block-image size-large\"><img loading=\"lazy\" decoding=\"async\" width=\"1024\" height=\"768\" src=\"https:\/\/lepoint-actu.tg\/wp-content\/uploads\/2022\/12\/IMG_20221107_103906_538-1024x768.jpg\" alt=\"\" class=\"wp-image-1282\" srcset=\"https:\/\/lepoint-actu.tg\/wp-content\/uploads\/2022\/12\/IMG_20221107_103906_538-1024x768.jpg 1024w, https:\/\/lepoint-actu.tg\/wp-content\/uploads\/2022\/12\/IMG_20221107_103906_538-300x225.jpg 300w, https:\/\/lepoint-actu.tg\/wp-content\/uploads\/2022\/12\/IMG_20221107_103906_538-768x576.jpg 768w, https:\/\/lepoint-actu.tg\/wp-content\/uploads\/2022\/12\/IMG_20221107_103906_538-1536x1152.jpg 1536w, https:\/\/lepoint-actu.tg\/wp-content\/uploads\/2022\/12\/IMG_20221107_103906_538-2048x1536.jpg 2048w\" sizes=\"auto, (max-width: 1024px) 100vw, 1024px\" \/><figcaption class=\"wp-element-caption\"><em><strong>Le DG de FISCCA-RH <\/strong><\/em><\/figcaption><\/figure>\n\n\n\n<p><\/p>\n\n\n\n<p>Cet article se focalise seulement sur un cas pr\u00e9cis o\u00f9 FISCCA-RH a eu \u00e0 former des op\u00e9rateurs \u00e9conomiques sur tout le territoire togolais. \u00ab La d\u00e9termination des co\u00fbts : savoir fixer les prix des produits et services \u00bb. C\u2019est le th\u00e8me central d\u2019une formation organis\u00e9e par la Chambre du commerce et d\u2019industrie du Togo au profit des op\u00e9rateurs \u00e9conomiques des cinq (05) r\u00e9gions \u00e9conomiques du pays o\u00f9 le Cabinet FISCCA-RH a encore fait parler par son savoir-faire. Il s\u2019agit d\u2019un grand s\u00e9minaire, tourn\u00e9e du pays, qui a eu lieu dans les chefs-lieux des 5 r\u00e9gions suivant un calendrier bien \u00e9tabli en partant de Dapaong chef-lieu de la r\u00e9gion des savanes au nord Togo du 07-09 novembre 2022 pour prendre fin \u00e0 Ts\u00e9vi\u00e9 (chef-lieu r\u00e9gion maritime) du 21 au 23 novembre 2022.<\/p>\n\n\n\n<p><strong>FISCCA-RH en peu de mots<\/strong><\/p>\n\n\n\n<p>Ayant pour slogan \u00ab Notre ambition, votre croissance ! \u00bb, FISCCA-RH S.A.R.L U (fiscalit\u00e9, comptabilit\u00e9, contr\u00f4le-Audit et management des ressources humaines), est un cabinet sp\u00e9cialis\u00e9 en gestion administrative, gestion de projets, conseils, \u00e9tudes et formation professionnelle. Il met \u00e0 disposition des Dirigeants de soci\u00e9t\u00e9s et des Gestionnaires de Projets un ensemble de curricula pour les outiller \u00e0 atteindre leurs objectifs dans le respect du temps et des proc\u00e9dures. Disposant d\u2019une \u00e9quipe d\u2019experts qualifi\u00e9s et professionnels, compos\u00e9e de Coachs, Consultants, Formateurs sp\u00e9cialis\u00e9s, FISCCA-RH s\u2019engage toujours \u00e0 obtenir les meilleurs r\u00e9sultats pour satisfaire au mieux les attentes de ses clients ; la satisfaction de ces derniers constituant la r\u00e9ussite de ce jeune cabinet qui s\u2019impose partout besoin dans la rigueur de ses prestations ! Du haut de ses cinq (5) ans d\u2019existence, FISCCA-RH parlent beaucoup par son bilan, bilan sur lequel nous reviendront avec des chiffres cl\u00e9s.<\/p>\n\n\n\n<p><strong>Satisfaction d\u2019une participante qui s\u2019est confi\u00e9e avec grande joie \u00e0 la cl\u00f4ture de l\u2019atelier de Ts\u00e9vi\u00e9 le 23 novembre dernier<\/strong><\/p>\n\n\n\n<p>Mme Dossoh Aku Dodzi, entrepreneur, promotrice de l\u2019huile de palme, huile rouge, appel\u00e9 \u00ab Ts\u00e9vi\u00e9 dzomi \u00bb se r\u00e9jouit de son parcours et de sa participation \u00e0 la formation de trois (03) jours donn\u00e9s par les responsables de FISCCA-RH.<\/p>\n\n\n\n<figure class=\"wp-block-image size-large\"><img loading=\"lazy\" decoding=\"async\" width=\"1024\" height=\"768\" src=\"https:\/\/lepoint-actu.tg\/wp-content\/uploads\/2022\/12\/IMG_20221123_142911_283-1024x768.jpg\" alt=\"\" class=\"wp-image-1283\" srcset=\"https:\/\/lepoint-actu.tg\/wp-content\/uploads\/2022\/12\/IMG_20221123_142911_283-1024x768.jpg 1024w, https:\/\/lepoint-actu.tg\/wp-content\/uploads\/2022\/12\/IMG_20221123_142911_283-300x225.jpg 300w, https:\/\/lepoint-actu.tg\/wp-content\/uploads\/2022\/12\/IMG_20221123_142911_283-768x576.jpg 768w, https:\/\/lepoint-actu.tg\/wp-content\/uploads\/2022\/12\/IMG_20221123_142911_283-1536x1152.jpg 1536w, https:\/\/lepoint-actu.tg\/wp-content\/uploads\/2022\/12\/IMG_20221123_142911_283-2048x1536.jpg 2048w\" sizes=\"auto, (max-width: 1024px) 100vw, 1024px\" \/><figcaption class=\"wp-element-caption\"><em><strong>Mme Dossoh, \u00e0 l&rsquo;issue de la formation<\/strong><\/em><\/figcaption><\/figure>\n\n\n\n<p><br>\u00ab Je fais partie des quarante (4O) participants de cette formation, tous secteurs confondus, puisqu\u2019il y a des commer\u00e7antes de c\u00e9r\u00e9ales, il y a des entrepreneurs, des prestataires de service, tous ceux qui font quelque chose pour pouvoir gagner de l\u2019argent et pour le d\u00e9veloppement du Togo. Donc c\u2019est tout ce peuple-l\u00e0 confondu qui a particip\u00e9 \u00e0 la formation depuis le 21 jusqu\u2019aujourd\u2019hui 23 (21 au 23 novembre 2022 : ndlr) \u00bb, a-t-elle d\u00e9clar\u00e9.<br>Les modules d\u00e9velopp\u00e9s pendant ces trois jours sont la d\u00e9termination et la fixation des prix de vente, la relation entre les fournisseurs et les entrepreneurs, la relation entre les fixateurs de taxe (l\u2019OTR) et la caisse nationale de s\u00e9curit\u00e9 (CNSS) ; Comment est-ce que l\u2019entrepreneur doit s\u2019y prendre avec l\u2019OTR et quand est-ce que l\u2019entrepreneur doit s\u2019approcher de l\u2019OTR ? A cette interrogation ayant fait l\u2019objet d\u2019une th\u00e9matique, Mme Dossoh dit avoir beaucoup appris. \u00ab Dans ce domaine, nous avons appris d\u2019abord que l\u2019entrepreneur doit ma\u00eetriser les co\u00fbts des diff\u00e9rentes mati\u00e8res premi\u00e8res depuis le d\u00e9but aupr\u00e8s de diff\u00e9rents fournisseurs afin de pouvoir d\u00e9terminer lequel l\u2019avantage le plus pour le meilleur devenir de son entreprise et maintenant par rapport aux prix de la mati\u00e8re premi\u00e8re du fournisseur d\u00e9terminer le prix de revente par les diff\u00e9rentes entr\u00e9es qui sont dans son entreprise ; on parle de l\u2019\u00e9lectricit\u00e9, on parle des co\u00fbts de t\u00e9l\u00e9phone, on parle m\u00eame du salaire de l\u2019entrepreneur qui doit normalement faire partie du co\u00fbt de revente des produits. L\u2019entrepreneur doit tenir compte de tous les param\u00e8tres de son entreprise et ne doit m\u00eame pas ignorer le sachet de pur water de 25 F \u00bb, a-t-elle clarifi\u00e9.<\/p>\n\n\n\n<figure class=\"wp-block-image size-large\"><img loading=\"lazy\" decoding=\"async\" width=\"1024\" height=\"768\" src=\"https:\/\/lepoint-actu.tg\/wp-content\/uploads\/2022\/12\/IMG_20221123_142731_466-1024x768.jpg\" alt=\"\" class=\"wp-image-1284\" srcset=\"https:\/\/lepoint-actu.tg\/wp-content\/uploads\/2022\/12\/IMG_20221123_142731_466-1024x768.jpg 1024w, https:\/\/lepoint-actu.tg\/wp-content\/uploads\/2022\/12\/IMG_20221123_142731_466-300x225.jpg 300w, https:\/\/lepoint-actu.tg\/wp-content\/uploads\/2022\/12\/IMG_20221123_142731_466-768x576.jpg 768w, https:\/\/lepoint-actu.tg\/wp-content\/uploads\/2022\/12\/IMG_20221123_142731_466-1536x1152.jpg 1536w, https:\/\/lepoint-actu.tg\/wp-content\/uploads\/2022\/12\/IMG_20221123_142731_466-2048x1536.jpg 2048w\" sizes=\"auto, (max-width: 1024px) 100vw, 1024px\" \/><figcaption class=\"wp-element-caption\"><em><strong>photo de famille <\/strong><\/em><\/figcaption><\/figure>\n\n\n\n<p><br>La mani\u00e8re dont l\u2019entreprise doit amortir les mat\u00e9riels utilis\u00e9s a \u00e9t\u00e9 \u00e9galement au rendez-vous de cette formation. Ce n\u2019est pas quand le mat\u00e9riel vient \u00e0 \u00eatre endommag\u00e9 que l\u2019on doit y penser et chercher des moyens pour le r\u00e9parer ou proc\u00e9der \u00e0 son remplacement. Normalement \u00e7a ne doit pas \u00eatre la charge de l\u2019entrepreneur, c\u2019est le travail qu\u2019il fait ou son entreprise qui doit s\u2019occuper du mat\u00e9riel. <\/p>\n\n\n\n<figure class=\"wp-block-image size-large\"><img loading=\"lazy\" decoding=\"async\" width=\"1024\" height=\"768\" src=\"https:\/\/lepoint-actu.tg\/wp-content\/uploads\/2022\/12\/IMG_20221123_133648_646-1024x768.jpg\" alt=\"\" class=\"wp-image-1285\" srcset=\"https:\/\/lepoint-actu.tg\/wp-content\/uploads\/2022\/12\/IMG_20221123_133648_646-1024x768.jpg 1024w, https:\/\/lepoint-actu.tg\/wp-content\/uploads\/2022\/12\/IMG_20221123_133648_646-300x225.jpg 300w, https:\/\/lepoint-actu.tg\/wp-content\/uploads\/2022\/12\/IMG_20221123_133648_646-768x576.jpg 768w, https:\/\/lepoint-actu.tg\/wp-content\/uploads\/2022\/12\/IMG_20221123_133648_646-1536x1152.jpg 1536w, https:\/\/lepoint-actu.tg\/wp-content\/uploads\/2022\/12\/IMG_20221123_133648_646-2048x1536.jpg 2048w\" sizes=\"auto, (max-width: 1024px) 100vw, 1024px\" \/><figcaption class=\"wp-element-caption\"><em><strong>Pleine s\u00e9ance de formation<\/strong><\/em><\/figcaption><\/figure>\n\n\n\n<p>Il est donc essentiellement n\u00e9cessaire pour l\u2019entrepreneur de proc\u00e9der \u00e0 l\u2019amortissement, ma\u00eetre de c\u00f4t\u00e9 des \u00e9conomies \u00e0 un taux donn\u00e9 afin que quand des mat\u00e9riels deviennent assez vieux ou viennent \u00e0 \u00eatre g\u00e2t\u00e9s qu\u2019il soit facile de les renouveler.<\/p>\n\n\n\n<figure class=\"wp-block-image size-large\"><img loading=\"lazy\" decoding=\"async\" width=\"1024\" height=\"768\" src=\"https:\/\/lepoint-actu.tg\/wp-content\/uploads\/2022\/12\/IMG_20221123_142002_473-1024x768.jpg\" alt=\"\" class=\"wp-image-1286\" srcset=\"https:\/\/lepoint-actu.tg\/wp-content\/uploads\/2022\/12\/IMG_20221123_142002_473-1024x768.jpg 1024w, https:\/\/lepoint-actu.tg\/wp-content\/uploads\/2022\/12\/IMG_20221123_142002_473-300x225.jpg 300w, https:\/\/lepoint-actu.tg\/wp-content\/uploads\/2022\/12\/IMG_20221123_142002_473-768x576.jpg 768w, https:\/\/lepoint-actu.tg\/wp-content\/uploads\/2022\/12\/IMG_20221123_142002_473-1536x1152.jpg 1536w, https:\/\/lepoint-actu.tg\/wp-content\/uploads\/2022\/12\/IMG_20221123_142002_473-2048x1536.jpg 2048w\" sizes=\"auto, (max-width: 1024px) 100vw, 1024px\" \/><figcaption class=\"wp-element-caption\"><em><strong>Pleine s\u00e9ance de formation<\/strong><\/em><\/figcaption><\/figure>\n\n\n\n<p><br>\u00ab Je suis tr\u00e8s satisfaite, je suis actuellement tr\u00e8s l\u00e9g\u00e8re par rapport \u00e0 beaucoup de choses ; c\u2019est vrai que je suis entrepreneur mais \u00e0 un moment \u00e7a me g\u00eane un peu de m\u2019approcher de l\u2019OTR. Mais avec cette formation c\u2019est normal qu\u2019avec mon cahier de compte bien rempli l\u2019on puisse s\u2019approcher de l\u2019OTR puisque d\u00e9sormais avec ce cahier bien rempli, je peux constater ou v\u00e9rifier si un agent de l\u2019OTR m\u2019a trich\u00e9 ou pas \u00bb, a-t-elle rassur\u00e9 dans un \u00e9lan de fiert\u00e9 totale.<br><strong><em>Ali L.<\/em><\/strong><\/p>\n","protected":false},"excerpt":{"rendered":"<p>Le cabinet FISCCA-RH, entendu Fiscalit\u00e9, comptabilit\u00e9, contr\u00f4le-Audit et management des ressources humaines fait son histoire de la plus belle des<\/p>\n","protected":false},"author":2,"featured_media":1281,"comment_status":"open","ping_status":"closed","sticky":false,"template":"","format":"standard","meta":{"footnotes":""},"categories":[4],"tags":[],"class_list":["post-1280","post","type-post","status-publish","format-standard","has-post-thumbnail","hentry","category-economie"],"yoast_head":"<!-- This site is optimized with the Yoast SEO plugin v23.9 - https:\/\/yoast.com\/wordpress\/plugins\/seo\/ -->\n<title>FISCCA-RH, la l\u00e9gende en formation professionnelle -<\/title>\n<meta name=\"robots\" content=\"index, follow, max-snippet:-1, max-image-preview:large, max-video-preview:-1\" \/>\n<link rel=\"canonical\" href=\"https:\/\/lepoint-actu.tg\/index.php\/2022\/12\/28\/fiscca-rh-la-legende-en-formation-professionnelle\/\" \/>\n<meta property=\"og:locale\" content=\"fr_FR\" \/>\n<meta property=\"og:type\" content=\"article\" \/>\n<meta property=\"og:title\" content=\"FISCCA-RH, la l\u00e9gende en formation professionnelle -\" \/>\n<meta property=\"og:description\" content=\"Le cabinet FISCCA-RH, entendu Fiscalit\u00e9, comptabilit\u00e9, contr\u00f4le-Audit et management des ressources humaines fait son histoire de la plus belle des\" \/>\n<meta property=\"og:url\" content=\"https:\/\/lepoint-actu.tg\/index.php\/2022\/12\/28\/fiscca-rh-la-legende-en-formation-professionnelle\/\" \/>\n<meta property=\"article:published_time\" content=\"2022-12-28T04:55:53+00:00\" \/>\n<meta property=\"article:modified_time\" content=\"2022-12-28T04:55:55+00:00\" \/>\n<meta property=\"og:image\" content=\"https:\/\/lepoint-actu.tg\/wp-content\/uploads\/2022\/12\/LOGO.png\" \/>\n\t<meta property=\"og:image:width\" content=\"1080\" \/>\n\t<meta property=\"og:image:height\" content=\"607\" \/>\n\t<meta property=\"og:image:type\" content=\"image\/png\" \/>\n<meta name=\"author\" content=\"La Redaction\" \/>\n<meta name=\"twitter:card\" content=\"summary_large_image\" \/>\n<meta name=\"twitter:label1\" content=\"\u00c9crit par\" \/>\n\t<meta name=\"twitter:data1\" content=\"La Redaction\" \/>\n\t<meta name=\"twitter:label2\" content=\"Dur\u00e9e de lecture estim\u00e9e\" \/>\n\t<meta name=\"twitter:data2\" content=\"6 minutes\" \/>\n<script type=\"application\/ld+json\" class=\"yoast-schema-graph\">{\"@context\":\"https:\/\/schema.org\",\"@graph\":[{\"@type\":\"WebPage\",\"@id\":\"https:\/\/lepoint-actu.tg\/index.php\/2022\/12\/28\/fiscca-rh-la-legende-en-formation-professionnelle\/\",\"url\":\"https:\/\/lepoint-actu.tg\/index.php\/2022\/12\/28\/fiscca-rh-la-legende-en-formation-professionnelle\/\",\"name\":\"FISCCA-RH, la l\u00e9gende en formation professionnelle -\",\"isPartOf\":{\"@id\":\"https:\/\/lepoint-actu.tg\/#website\"},\"primaryImageOfPage\":{\"@id\":\"https:\/\/lepoint-actu.tg\/index.php\/2022\/12\/28\/fiscca-rh-la-legende-en-formation-professionnelle\/#primaryimage\"},\"image\":{\"@id\":\"https:\/\/lepoint-actu.tg\/index.php\/2022\/12\/28\/fiscca-rh-la-legende-en-formation-professionnelle\/#primaryimage\"},\"thumbnailUrl\":\"https:\/\/lepoint-actu.tg\/wp-content\/uploads\/2022\/12\/LOGO.png\",\"datePublished\":\"2022-12-28T04:55:53+00:00\",\"dateModified\":\"2022-12-28T04:55:55+00:00\",\"author\":{\"@id\":\"https:\/\/lepoint-actu.tg\/#\/schema\/person\/e4026d66cbdc205cab83e169ab7eaca1\"},\"breadcrumb\":{\"@id\":\"https:\/\/lepoint-actu.tg\/index.php\/2022\/12\/28\/fiscca-rh-la-legende-en-formation-professionnelle\/#breadcrumb\"},\"inLanguage\":\"fr-FR\",\"potentialAction\":[{\"@type\":\"ReadAction\",\"target\":[\"https:\/\/lepoint-actu.tg\/index.php\/2022\/12\/28\/fiscca-rh-la-legende-en-formation-professionnelle\/\"]}]},{\"@type\":\"ImageObject\",\"inLanguage\":\"fr-FR\",\"@id\":\"https:\/\/lepoint-actu.tg\/index.php\/2022\/12\/28\/fiscca-rh-la-legende-en-formation-professionnelle\/#primaryimage\",\"url\":\"https:\/\/lepoint-actu.tg\/wp-content\/uploads\/2022\/12\/LOGO.png\",\"contentUrl\":\"https:\/\/lepoint-actu.tg\/wp-content\/uploads\/2022\/12\/LOGO.png\",\"width\":1080,\"height\":607},{\"@type\":\"BreadcrumbList\",\"@id\":\"https:\/\/lepoint-actu.tg\/index.php\/2022\/12\/28\/fiscca-rh-la-legende-en-formation-professionnelle\/#breadcrumb\",\"itemListElement\":[{\"@type\":\"ListItem\",\"position\":1,\"name\":\"Accueil\",\"item\":\"https:\/\/lepoint-actu.tg\/\"},{\"@type\":\"ListItem\",\"position\":2,\"name\":\"FISCCA-RH, la l\u00e9gende en formation professionnelle\"}]},{\"@type\":\"WebSite\",\"@id\":\"https:\/\/lepoint-actu.tg\/#website\",\"url\":\"https:\/\/lepoint-actu.tg\/\",\"name\":\"\",\"description\":\"R\u00e9c\u00e9piss\u00e9 N\u00b00022\/HAAC\/12-2020\/pL\/P, lepointactu07@gmail.com\",\"potentialAction\":[{\"@type\":\"SearchAction\",\"target\":{\"@type\":\"EntryPoint\",\"urlTemplate\":\"https:\/\/lepoint-actu.tg\/?s={search_term_string}\"},\"query-input\":{\"@type\":\"PropertyValueSpecification\",\"valueRequired\":true,\"valueName\":\"search_term_string\"}}],\"inLanguage\":\"fr-FR\"},{\"@type\":\"Person\",\"@id\":\"https:\/\/lepoint-actu.tg\/#\/schema\/person\/e4026d66cbdc205cab83e169ab7eaca1\",\"name\":\"La Redaction\",\"image\":{\"@type\":\"ImageObject\",\"inLanguage\":\"fr-FR\",\"@id\":\"https:\/\/lepoint-actu.tg\/#\/schema\/person\/image\/\",\"url\":\"https:\/\/secure.gravatar.com\/avatar\/1682a0ff7e2c36efa51c5d262eea092000ec1ce420118e6261440956730308c2?s=96&d=mm&r=g\",\"contentUrl\":\"https:\/\/secure.gravatar.com\/avatar\/1682a0ff7e2c36efa51c5d262eea092000ec1ce420118e6261440956730308c2?s=96&d=mm&r=g\",\"caption\":\"La Redaction\"},\"url\":\"https:\/\/lepoint-actu.tg\/index.php\/author\/raymondsama\/\"}]}<\/script>\n<!-- \/ Yoast SEO plugin. -->","yoast_head_json":{"title":"FISCCA-RH, la l\u00e9gende en formation professionnelle -","robots":{"index":"index","follow":"follow","max-snippet":"max-snippet:-1","max-image-preview":"max-image-preview:large","max-video-preview":"max-video-preview:-1"},"canonical":"https:\/\/lepoint-actu.tg\/index.php\/2022\/12\/28\/fiscca-rh-la-legende-en-formation-professionnelle\/","og_locale":"fr_FR","og_type":"article","og_title":"FISCCA-RH, la l\u00e9gende en formation professionnelle -","og_description":"Le cabinet FISCCA-RH, entendu Fiscalit\u00e9, comptabilit\u00e9, contr\u00f4le-Audit et management des ressources humaines fait son histoire de la plus belle des","og_url":"https:\/\/lepoint-actu.tg\/index.php\/2022\/12\/28\/fiscca-rh-la-legende-en-formation-professionnelle\/","article_published_time":"2022-12-28T04:55:53+00:00","article_modified_time":"2022-12-28T04:55:55+00:00","og_image":[{"width":1080,"height":607,"url":"https:\/\/lepoint-actu.tg\/wp-content\/uploads\/2022\/12\/LOGO.png","type":"image\/png"}],"author":"La Redaction","twitter_card":"summary_large_image","twitter_misc":{"\u00c9crit par":"La Redaction","Dur\u00e9e de lecture estim\u00e9e":"6 minutes"},"schema":{"@context":"https:\/\/schema.org","@graph":[{"@type":"WebPage","@id":"https:\/\/lepoint-actu.tg\/index.php\/2022\/12\/28\/fiscca-rh-la-legende-en-formation-professionnelle\/","url":"https:\/\/lepoint-actu.tg\/index.php\/2022\/12\/28\/fiscca-rh-la-legende-en-formation-professionnelle\/","name":"FISCCA-RH, la l\u00e9gende en formation professionnelle -","isPartOf":{"@id":"https:\/\/lepoint-actu.tg\/#website"},"primaryImageOfPage":{"@id":"https:\/\/lepoint-actu.tg\/index.php\/2022\/12\/28\/fiscca-rh-la-legende-en-formation-professionnelle\/#primaryimage"},"image":{"@id":"https:\/\/lepoint-actu.tg\/index.php\/2022\/12\/28\/fiscca-rh-la-legende-en-formation-professionnelle\/#primaryimage"},"thumbnailUrl":"https:\/\/lepoint-actu.tg\/wp-content\/uploads\/2022\/12\/LOGO.png","datePublished":"2022-12-28T04:55:53+00:00","dateModified":"2022-12-28T04:55:55+00:00","author":{"@id":"https:\/\/lepoint-actu.tg\/#\/schema\/person\/e4026d66cbdc205cab83e169ab7eaca1"},"breadcrumb":{"@id":"https:\/\/lepoint-actu.tg\/index.php\/2022\/12\/28\/fiscca-rh-la-legende-en-formation-professionnelle\/#breadcrumb"},"inLanguage":"fr-FR","potentialAction":[{"@type":"ReadAction","target":["https:\/\/lepoint-actu.tg\/index.php\/2022\/12\/28\/fiscca-rh-la-legende-en-formation-professionnelle\/"]}]},{"@type":"ImageObject","inLanguage":"fr-FR","@id":"https:\/\/lepoint-actu.tg\/index.php\/2022\/12\/28\/fiscca-rh-la-legende-en-formation-professionnelle\/#primaryimage","url":"https:\/\/lepoint-actu.tg\/wp-content\/uploads\/2022\/12\/LOGO.png","contentUrl":"https:\/\/lepoint-actu.tg\/wp-content\/uploads\/2022\/12\/LOGO.png","width":1080,"height":607},{"@type":"BreadcrumbList","@id":"https:\/\/lepoint-actu.tg\/index.php\/2022\/12\/28\/fiscca-rh-la-legende-en-formation-professionnelle\/#breadcrumb","itemListElement":[{"@type":"ListItem","position":1,"name":"Accueil","item":"https:\/\/lepoint-actu.tg\/"},{"@type":"ListItem","position":2,"name":"FISCCA-RH, la l\u00e9gende en formation professionnelle"}]},{"@type":"WebSite","@id":"https:\/\/lepoint-actu.tg\/#website","url":"https:\/\/lepoint-actu.tg\/","name":"","description":"R\u00e9c\u00e9piss\u00e9 N\u00b00022\/HAAC\/12-2020\/pL\/P, lepointactu07@gmail.com","potentialAction":[{"@type":"SearchAction","target":{"@type":"EntryPoint","urlTemplate":"https:\/\/lepoint-actu.tg\/?s={search_term_string}"},"query-input":{"@type":"PropertyValueSpecification","valueRequired":true,"valueName":"search_term_string"}}],"inLanguage":"fr-FR"},{"@type":"Person","@id":"https:\/\/lepoint-actu.tg\/#\/schema\/person\/e4026d66cbdc205cab83e169ab7eaca1","name":"La Redaction","image":{"@type":"ImageObject","inLanguage":"fr-FR","@id":"https:\/\/lepoint-actu.tg\/#\/schema\/person\/image\/","url":"https:\/\/secure.gravatar.com\/avatar\/1682a0ff7e2c36efa51c5d262eea092000ec1ce420118e6261440956730308c2?s=96&d=mm&r=g","contentUrl":"https:\/\/secure.gravatar.com\/avatar\/1682a0ff7e2c36efa51c5d262eea092000ec1ce420118e6261440956730308c2?s=96&d=mm&r=g","caption":"La Redaction"},"url":"https:\/\/lepoint-actu.tg\/index.php\/author\/raymondsama\/"}]}},"_links":{"self":[{"href":"https:\/\/lepoint-actu.tg\/index.php\/wp-json\/wp\/v2\/posts\/1280","targetHints":{"allow":["GET"]}}],"collection":[{"href":"https:\/\/lepoint-actu.tg\/index.php\/wp-json\/wp\/v2\/posts"}],"about":[{"href":"https:\/\/lepoint-actu.tg\/index.php\/wp-json\/wp\/v2\/types\/post"}],"author":[{"embeddable":true,"href":"https:\/\/lepoint-actu.tg\/index.php\/wp-json\/wp\/v2\/users\/2"}],"replies":[{"embeddable":true,"href":"https:\/\/lepoint-actu.tg\/index.php\/wp-json\/wp\/v2\/comments?post=1280"}],"version-history":[{"count":1,"href":"https:\/\/lepoint-actu.tg\/index.php\/wp-json\/wp\/v2\/posts\/1280\/revisions"}],"predecessor-version":[{"id":1287,"href":"https:\/\/lepoint-actu.tg\/index.php\/wp-json\/wp\/v2\/posts\/1280\/revisions\/1287"}],"wp:featuredmedia":[{"embeddable":true,"href":"https:\/\/lepoint-actu.tg\/index.php\/wp-json\/wp\/v2\/media\/1281"}],"wp:attachment":[{"href":"https:\/\/lepoint-actu.tg\/index.php\/wp-json\/wp\/v2\/media?parent=1280"}],"wp:term":[{"taxonomy":"category","embeddable":true,"href":"https:\/\/lepoint-actu.tg\/index.php\/wp-json\/wp\/v2\/categories?post=1280"},{"taxonomy":"post_tag","embeddable":true,"href":"https:\/\/lepoint-actu.tg\/index.php\/wp-json\/wp\/v2\/tags?post=1280"}],"curies":[{"name":"wp","href":"https:\/\/api.w.org\/{rel}","templated":true}]}}