{"id":1288,"date":"2022-12-31T11:25:00","date_gmt":"2022-12-31T11:25:00","guid":{"rendered":"https:\/\/lepoint-actu.tg\/?p=1288"},"modified":"2023-01-01T11:37:49","modified_gmt":"2023-01-01T11:37:49","slug":"a-lunatrot-une-grande-priere-ce-vendredi-qui-en-dit-long","status":"publish","type":"post","link":"https:\/\/lepoint-actu.tg\/index.php\/2022\/12\/31\/a-lunatrot-une-grande-priere-ce-vendredi-qui-en-dit-long\/","title":{"rendered":"A l\u2019UNATROT\u00a0: Une grande pri\u00e8re ce vendredi qui en dit long"},"content":{"rendered":"\n<p><br>Coh\u00e9sion, unit\u00e9 dans l\u2019action pour un meilleur d\u00e9veloppement. C\u2019est en ces mots que l\u2019on peut r\u00e9sumer la dynamique vision de S\u00e9na Fombo, pr\u00e9sident de l\u2019Union nationale des transporteurs routiers du Togo (UNATROT), une dynamique amplifi\u00e9e par une grande pri\u00e8re des grands jours qui a eu lieu vendredi 30 d\u00e9cembre 2022 dans les locaux de cette grande organisation des transporteurs. <\/p>\n\n\n\n<figure class=\"wp-block-image size-large\"><img loading=\"lazy\" decoding=\"async\" width=\"1024\" height=\"768\" src=\"https:\/\/lepoint-actu.tg\/wp-content\/uploads\/2023\/01\/IMG_20221230_095146_236-1-1024x768.jpg\" alt=\"\" class=\"wp-image-1291\" srcset=\"https:\/\/lepoint-actu.tg\/wp-content\/uploads\/2023\/01\/IMG_20221230_095146_236-1-1024x768.jpg 1024w, https:\/\/lepoint-actu.tg\/wp-content\/uploads\/2023\/01\/IMG_20221230_095146_236-1-300x225.jpg 300w, https:\/\/lepoint-actu.tg\/wp-content\/uploads\/2023\/01\/IMG_20221230_095146_236-1-768x576.jpg 768w, https:\/\/lepoint-actu.tg\/wp-content\/uploads\/2023\/01\/IMG_20221230_095146_236-1-1536x1152.jpg 1536w, https:\/\/lepoint-actu.tg\/wp-content\/uploads\/2023\/01\/IMG_20221230_095146_236-1-2048x1536.jpg 2048w\" sizes=\"auto, (max-width: 1024px) 100vw, 1024px\" \/><\/figure>\n\n\n\n<p>Objectif de ladite pri\u00e8re, confier \u00e0 DIEU tout puissant le nouveau d\u00e9part enclench\u00e9 par l\u2019organisation depuis le 12 novembre dernier avec l\u2019\u00e9lection d\u2019un nouveau pr\u00e9sident \u00e0 ses commandes.<\/p>\n\n\n\n<figure class=\"wp-block-image size-large\"><img loading=\"lazy\" decoding=\"async\" width=\"1024\" height=\"768\" src=\"https:\/\/lepoint-actu.tg\/wp-content\/uploads\/2023\/01\/IMG_20221230_094911_573-1024x768.jpg\" alt=\"\" class=\"wp-image-1293\" srcset=\"https:\/\/lepoint-actu.tg\/wp-content\/uploads\/2023\/01\/IMG_20221230_094911_573-1024x768.jpg 1024w, https:\/\/lepoint-actu.tg\/wp-content\/uploads\/2023\/01\/IMG_20221230_094911_573-300x225.jpg 300w, https:\/\/lepoint-actu.tg\/wp-content\/uploads\/2023\/01\/IMG_20221230_094911_573-768x576.jpg 768w, https:\/\/lepoint-actu.tg\/wp-content\/uploads\/2023\/01\/IMG_20221230_094911_573-1536x1152.jpg 1536w, https:\/\/lepoint-actu.tg\/wp-content\/uploads\/2023\/01\/IMG_20221230_094911_573-2048x1536.jpg 2048w\" sizes=\"auto, (max-width: 1024px) 100vw, 1024px\" \/><\/figure>\n\n\n\n<p><br>\u00ab\u00a0Nous tenons cette grande pri\u00e8re parce qu\u2019il faut tout confier \u00e0 DIEU qui est le ma\u00eetre de tous afin que le nouveau pr\u00e9sident S\u00e9na Fombo et son \u00e9quipe soient bien inspir\u00e9s pour bien conduire leurs missions\u00a0; afin que nos activit\u00e9s, les patrons des camions, les chauffeurs, fassent bien leur travail dans les r\u00e8gles de l\u2019art\u00a0\u00bb, a d\u00e9clar\u00e9 El Hadj Alassani Saliou Ibrahim, grand Imam du port de Lom\u00e9. \u00ab\u00a0Nous sommes convaincus que sous S\u00e9na Fombo, les transporteurs iront de l\u2019avant\u00a0; et donc il est important de prier pour le nouveau pr\u00e9sident et pour le pr\u00e9sident sortant aussi car \u00e9tant tous transporteurs l\u2019union est capitale pour avancer, nous devons nous souder autour de l\u2019\u00e9quipe\u00a0\u00bb, a ajout\u00e9, \u00e0 l\u2019issue de la pri\u00e8re, le grand Imam du port de Lom\u00e9 Alassani Saliou Ibrahim qui se r\u00e9jouissait de la grande mobilisation avec pr\u00e9sence effective de tous, surtout aussi bien d\u2019ancien pr\u00e9sident, de candidat malheureux \u00e0 la derni\u00e8re \u00e9lection, \u00e0 cette s\u00e9ance de pri\u00e8re.<\/p>\n\n\n\n<figure class=\"wp-block-image size-large\"><img loading=\"lazy\" decoding=\"async\" width=\"1024\" height=\"768\" src=\"https:\/\/lepoint-actu.tg\/wp-content\/uploads\/2023\/01\/IMG_20221230_095353_785-1024x768.jpg\" alt=\"\" class=\"wp-image-1295\" srcset=\"https:\/\/lepoint-actu.tg\/wp-content\/uploads\/2023\/01\/IMG_20221230_095353_785-1024x768.jpg 1024w, https:\/\/lepoint-actu.tg\/wp-content\/uploads\/2023\/01\/IMG_20221230_095353_785-300x225.jpg 300w, https:\/\/lepoint-actu.tg\/wp-content\/uploads\/2023\/01\/IMG_20221230_095353_785-768x576.jpg 768w, https:\/\/lepoint-actu.tg\/wp-content\/uploads\/2023\/01\/IMG_20221230_095353_785-1536x1152.jpg 1536w, https:\/\/lepoint-actu.tg\/wp-content\/uploads\/2023\/01\/IMG_20221230_095353_785-2048x1536.jpg 2048w\" sizes=\"auto, (max-width: 1024px) 100vw, 1024px\" \/><\/figure>\n\n\n\n<p><br>Autour du patron de UNATROT S\u00e9na Fombo se trouvaient ancien pr\u00e9sident, membres de son bureau, candidat malheureux \u00e0 l\u2019\u00e9lection du 12 novembre dernier.<br>Bon vent\u00a0!<\/p>\n","protected":false},"excerpt":{"rendered":"<p>Coh\u00e9sion, unit\u00e9 dans l\u2019action pour un meilleur d\u00e9veloppement. C\u2019est en ces mots que l\u2019on peut r\u00e9sumer la dynamique vision de<\/p>\n","protected":false},"author":2,"featured_media":1290,"comment_status":"open","ping_status":"closed","sticky":false,"template":"","format":"standard","meta":{"footnotes":""},"categories":[1],"tags":[],"class_list":["post-1288","post","type-post","status-publish","format-standard","has-post-thumbnail","hentry","category-societe"],"yoast_head":"<!-- This site is optimized with the Yoast SEO plugin v23.9 - https:\/\/yoast.com\/wordpress\/plugins\/seo\/ -->\n<title>A l\u2019UNATROT\u00a0: Une grande pri\u00e8re ce vendredi qui en dit long -<\/title>\n<meta name=\"robots\" content=\"index, follow, max-snippet:-1, max-image-preview:large, max-video-preview:-1\" \/>\n<link rel=\"canonical\" href=\"https:\/\/lepoint-actu.tg\/index.php\/2022\/12\/31\/a-lunatrot-une-grande-priere-ce-vendredi-qui-en-dit-long\/\" \/>\n<meta property=\"og:locale\" content=\"fr_FR\" \/>\n<meta property=\"og:type\" content=\"article\" \/>\n<meta property=\"og:title\" content=\"A l\u2019UNATROT\u00a0: Une grande pri\u00e8re ce vendredi qui en dit long -\" \/>\n<meta property=\"og:description\" content=\"Coh\u00e9sion, unit\u00e9 dans l\u2019action pour un meilleur d\u00e9veloppement. C\u2019est en ces mots que l\u2019on peut r\u00e9sumer la dynamique vision de\" \/>\n<meta property=\"og:url\" content=\"https:\/\/lepoint-actu.tg\/index.php\/2022\/12\/31\/a-lunatrot-une-grande-priere-ce-vendredi-qui-en-dit-long\/\" \/>\n<meta property=\"article:published_time\" content=\"2022-12-31T11:25:00+00:00\" \/>\n<meta property=\"article:modified_time\" content=\"2023-01-01T11:37:49+00:00\" \/>\n<meta property=\"og:image\" content=\"https:\/\/lepoint-actu.tg\/wp-content\/uploads\/2023\/01\/IMG_20221230_095121_358-scaled.jpg\" \/>\n\t<meta property=\"og:image:width\" content=\"2560\" \/>\n\t<meta property=\"og:image:height\" content=\"1920\" \/>\n\t<meta property=\"og:image:type\" content=\"image\/jpeg\" \/>\n<meta name=\"author\" content=\"La Redaction\" \/>\n<meta name=\"twitter:card\" content=\"summary_large_image\" \/>\n<meta name=\"twitter:label1\" content=\"\u00c9crit par\" \/>\n\t<meta name=\"twitter:data1\" content=\"La Redaction\" \/>\n\t<meta name=\"twitter:label2\" content=\"Dur\u00e9e de lecture estim\u00e9e\" \/>\n\t<meta name=\"twitter:data2\" content=\"2 minutes\" \/>\n<script type=\"application\/ld+json\" class=\"yoast-schema-graph\">{\"@context\":\"https:\/\/schema.org\",\"@graph\":[{\"@type\":\"WebPage\",\"@id\":\"https:\/\/lepoint-actu.tg\/index.php\/2022\/12\/31\/a-lunatrot-une-grande-priere-ce-vendredi-qui-en-dit-long\/\",\"url\":\"https:\/\/lepoint-actu.tg\/index.php\/2022\/12\/31\/a-lunatrot-une-grande-priere-ce-vendredi-qui-en-dit-long\/\",\"name\":\"A l\u2019UNATROT\u00a0: Une grande pri\u00e8re ce vendredi qui en dit long -\",\"isPartOf\":{\"@id\":\"https:\/\/lepoint-actu.tg\/#website\"},\"primaryImageOfPage\":{\"@id\":\"https:\/\/lepoint-actu.tg\/index.php\/2022\/12\/31\/a-lunatrot-une-grande-priere-ce-vendredi-qui-en-dit-long\/#primaryimage\"},\"image\":{\"@id\":\"https:\/\/lepoint-actu.tg\/index.php\/2022\/12\/31\/a-lunatrot-une-grande-priere-ce-vendredi-qui-en-dit-long\/#primaryimage\"},\"thumbnailUrl\":\"https:\/\/lepoint-actu.tg\/wp-content\/uploads\/2023\/01\/IMG_20221230_095121_358-scaled.jpg\",\"datePublished\":\"2022-12-31T11:25:00+00:00\",\"dateModified\":\"2023-01-01T11:37:49+00:00\",\"author\":{\"@id\":\"https:\/\/lepoint-actu.tg\/#\/schema\/person\/e4026d66cbdc205cab83e169ab7eaca1\"},\"breadcrumb\":{\"@id\":\"https:\/\/lepoint-actu.tg\/index.php\/2022\/12\/31\/a-lunatrot-une-grande-priere-ce-vendredi-qui-en-dit-long\/#breadcrumb\"},\"inLanguage\":\"fr-FR\",\"potentialAction\":[{\"@type\":\"ReadAction\",\"target\":[\"https:\/\/lepoint-actu.tg\/index.php\/2022\/12\/31\/a-lunatrot-une-grande-priere-ce-vendredi-qui-en-dit-long\/\"]}]},{\"@type\":\"ImageObject\",\"inLanguage\":\"fr-FR\",\"@id\":\"https:\/\/lepoint-actu.tg\/index.php\/2022\/12\/31\/a-lunatrot-une-grande-priere-ce-vendredi-qui-en-dit-long\/#primaryimage\",\"url\":\"https:\/\/lepoint-actu.tg\/wp-content\/uploads\/2023\/01\/IMG_20221230_095121_358-scaled.jpg\",\"contentUrl\":\"https:\/\/lepoint-actu.tg\/wp-content\/uploads\/2023\/01\/IMG_20221230_095121_358-scaled.jpg\",\"width\":2560,\"height\":1920},{\"@type\":\"BreadcrumbList\",\"@id\":\"https:\/\/lepoint-actu.tg\/index.php\/2022\/12\/31\/a-lunatrot-une-grande-priere-ce-vendredi-qui-en-dit-long\/#breadcrumb\",\"itemListElement\":[{\"@type\":\"ListItem\",\"position\":1,\"name\":\"Accueil\",\"item\":\"https:\/\/lepoint-actu.tg\/\"},{\"@type\":\"ListItem\",\"position\":2,\"name\":\"A l\u2019UNATROT\u00a0: Une grande pri\u00e8re ce vendredi qui en dit long\"}]},{\"@type\":\"WebSite\",\"@id\":\"https:\/\/lepoint-actu.tg\/#website\",\"url\":\"https:\/\/lepoint-actu.tg\/\",\"name\":\"\",\"description\":\"R\u00e9c\u00e9piss\u00e9 N\u00b00022\/HAAC\/12-2020\/pL\/P, lepointactu07@gmail.com\",\"potentialAction\":[{\"@type\":\"SearchAction\",\"target\":{\"@type\":\"EntryPoint\",\"urlTemplate\":\"https:\/\/lepoint-actu.tg\/?s={search_term_string}\"},\"query-input\":{\"@type\":\"PropertyValueSpecification\",\"valueRequired\":true,\"valueName\":\"search_term_string\"}}],\"inLanguage\":\"fr-FR\"},{\"@type\":\"Person\",\"@id\":\"https:\/\/lepoint-actu.tg\/#\/schema\/person\/e4026d66cbdc205cab83e169ab7eaca1\",\"name\":\"La Redaction\",\"image\":{\"@type\":\"ImageObject\",\"inLanguage\":\"fr-FR\",\"@id\":\"https:\/\/lepoint-actu.tg\/#\/schema\/person\/image\/\",\"url\":\"https:\/\/secure.gravatar.com\/avatar\/1682a0ff7e2c36efa51c5d262eea092000ec1ce420118e6261440956730308c2?s=96&d=mm&r=g\",\"contentUrl\":\"https:\/\/secure.gravatar.com\/avatar\/1682a0ff7e2c36efa51c5d262eea092000ec1ce420118e6261440956730308c2?s=96&d=mm&r=g\",\"caption\":\"La Redaction\"},\"url\":\"https:\/\/lepoint-actu.tg\/index.php\/author\/raymondsama\/\"}]}<\/script>\n<!-- \/ Yoast SEO plugin. -->","yoast_head_json":{"title":"A l\u2019UNATROT\u00a0: Une grande pri\u00e8re ce vendredi qui en dit long -","robots":{"index":"index","follow":"follow","max-snippet":"max-snippet:-1","max-image-preview":"max-image-preview:large","max-video-preview":"max-video-preview:-1"},"canonical":"https:\/\/lepoint-actu.tg\/index.php\/2022\/12\/31\/a-lunatrot-une-grande-priere-ce-vendredi-qui-en-dit-long\/","og_locale":"fr_FR","og_type":"article","og_title":"A l\u2019UNATROT\u00a0: Une grande pri\u00e8re ce vendredi qui en dit long -","og_description":"Coh\u00e9sion, unit\u00e9 dans l\u2019action pour un meilleur d\u00e9veloppement. C\u2019est en ces mots que l\u2019on peut r\u00e9sumer la dynamique vision de","og_url":"https:\/\/lepoint-actu.tg\/index.php\/2022\/12\/31\/a-lunatrot-une-grande-priere-ce-vendredi-qui-en-dit-long\/","article_published_time":"2022-12-31T11:25:00+00:00","article_modified_time":"2023-01-01T11:37:49+00:00","og_image":[{"width":2560,"height":1920,"url":"https:\/\/lepoint-actu.tg\/wp-content\/uploads\/2023\/01\/IMG_20221230_095121_358-scaled.jpg","type":"image\/jpeg"}],"author":"La Redaction","twitter_card":"summary_large_image","twitter_misc":{"\u00c9crit par":"La Redaction","Dur\u00e9e de lecture estim\u00e9e":"2 minutes"},"schema":{"@context":"https:\/\/schema.org","@graph":[{"@type":"WebPage","@id":"https:\/\/lepoint-actu.tg\/index.php\/2022\/12\/31\/a-lunatrot-une-grande-priere-ce-vendredi-qui-en-dit-long\/","url":"https:\/\/lepoint-actu.tg\/index.php\/2022\/12\/31\/a-lunatrot-une-grande-priere-ce-vendredi-qui-en-dit-long\/","name":"A l\u2019UNATROT\u00a0: Une grande pri\u00e8re ce vendredi qui en dit long -","isPartOf":{"@id":"https:\/\/lepoint-actu.tg\/#website"},"primaryImageOfPage":{"@id":"https:\/\/lepoint-actu.tg\/index.php\/2022\/12\/31\/a-lunatrot-une-grande-priere-ce-vendredi-qui-en-dit-long\/#primaryimage"},"image":{"@id":"https:\/\/lepoint-actu.tg\/index.php\/2022\/12\/31\/a-lunatrot-une-grande-priere-ce-vendredi-qui-en-dit-long\/#primaryimage"},"thumbnailUrl":"https:\/\/lepoint-actu.tg\/wp-content\/uploads\/2023\/01\/IMG_20221230_095121_358-scaled.jpg","datePublished":"2022-12-31T11:25:00+00:00","dateModified":"2023-01-01T11:37:49+00:00","author":{"@id":"https:\/\/lepoint-actu.tg\/#\/schema\/person\/e4026d66cbdc205cab83e169ab7eaca1"},"breadcrumb":{"@id":"https:\/\/lepoint-actu.tg\/index.php\/2022\/12\/31\/a-lunatrot-une-grande-priere-ce-vendredi-qui-en-dit-long\/#breadcrumb"},"inLanguage":"fr-FR","potentialAction":[{"@type":"ReadAction","target":["https:\/\/lepoint-actu.tg\/index.php\/2022\/12\/31\/a-lunatrot-une-grande-priere-ce-vendredi-qui-en-dit-long\/"]}]},{"@type":"ImageObject","inLanguage":"fr-FR","@id":"https:\/\/lepoint-actu.tg\/index.php\/2022\/12\/31\/a-lunatrot-une-grande-priere-ce-vendredi-qui-en-dit-long\/#primaryimage","url":"https:\/\/lepoint-actu.tg\/wp-content\/uploads\/2023\/01\/IMG_20221230_095121_358-scaled.jpg","contentUrl":"https:\/\/lepoint-actu.tg\/wp-content\/uploads\/2023\/01\/IMG_20221230_095121_358-scaled.jpg","width":2560,"height":1920},{"@type":"BreadcrumbList","@id":"https:\/\/lepoint-actu.tg\/index.php\/2022\/12\/31\/a-lunatrot-une-grande-priere-ce-vendredi-qui-en-dit-long\/#breadcrumb","itemListElement":[{"@type":"ListItem","position":1,"name":"Accueil","item":"https:\/\/lepoint-actu.tg\/"},{"@type":"ListItem","position":2,"name":"A l\u2019UNATROT\u00a0: Une grande pri\u00e8re ce vendredi qui en dit long"}]},{"@type":"WebSite","@id":"https:\/\/lepoint-actu.tg\/#website","url":"https:\/\/lepoint-actu.tg\/","name":"","description":"R\u00e9c\u00e9piss\u00e9 N\u00b00022\/HAAC\/12-2020\/pL\/P, lepointactu07@gmail.com","potentialAction":[{"@type":"SearchAction","target":{"@type":"EntryPoint","urlTemplate":"https:\/\/lepoint-actu.tg\/?s={search_term_string}"},"query-input":{"@type":"PropertyValueSpecification","valueRequired":true,"valueName":"search_term_string"}}],"inLanguage":"fr-FR"},{"@type":"Person","@id":"https:\/\/lepoint-actu.tg\/#\/schema\/person\/e4026d66cbdc205cab83e169ab7eaca1","name":"La Redaction","image":{"@type":"ImageObject","inLanguage":"fr-FR","@id":"https:\/\/lepoint-actu.tg\/#\/schema\/person\/image\/","url":"https:\/\/secure.gravatar.com\/avatar\/1682a0ff7e2c36efa51c5d262eea092000ec1ce420118e6261440956730308c2?s=96&d=mm&r=g","contentUrl":"https:\/\/secure.gravatar.com\/avatar\/1682a0ff7e2c36efa51c5d262eea092000ec1ce420118e6261440956730308c2?s=96&d=mm&r=g","caption":"La Redaction"},"url":"https:\/\/lepoint-actu.tg\/index.php\/author\/raymondsama\/"}]}},"_links":{"self":[{"href":"https:\/\/lepoint-actu.tg\/index.php\/wp-json\/wp\/v2\/posts\/1288","targetHints":{"allow":["GET"]}}],"collection":[{"href":"https:\/\/lepoint-actu.tg\/index.php\/wp-json\/wp\/v2\/posts"}],"about":[{"href":"https:\/\/lepoint-actu.tg\/index.php\/wp-json\/wp\/v2\/types\/post"}],"author":[{"embeddable":true,"href":"https:\/\/lepoint-actu.tg\/index.php\/wp-json\/wp\/v2\/users\/2"}],"replies":[{"embeddable":true,"href":"https:\/\/lepoint-actu.tg\/index.php\/wp-json\/wp\/v2\/comments?post=1288"}],"version-history":[{"count":1,"href":"https:\/\/lepoint-actu.tg\/index.php\/wp-json\/wp\/v2\/posts\/1288\/revisions"}],"predecessor-version":[{"id":1296,"href":"https:\/\/lepoint-actu.tg\/index.php\/wp-json\/wp\/v2\/posts\/1288\/revisions\/1296"}],"wp:featuredmedia":[{"embeddable":true,"href":"https:\/\/lepoint-actu.tg\/index.php\/wp-json\/wp\/v2\/media\/1290"}],"wp:attachment":[{"href":"https:\/\/lepoint-actu.tg\/index.php\/wp-json\/wp\/v2\/media?parent=1288"}],"wp:term":[{"taxonomy":"category","embeddable":true,"href":"https:\/\/lepoint-actu.tg\/index.php\/wp-json\/wp\/v2\/categories?post=1288"},{"taxonomy":"post_tag","embeddable":true,"href":"https:\/\/lepoint-actu.tg\/index.php\/wp-json\/wp\/v2\/tags?post=1288"}],"curies":[{"name":"wp","href":"https:\/\/api.w.org\/{rel}","templated":true}]}}