{"id":1338,"date":"2023-01-25T03:12:57","date_gmt":"2023-01-25T03:12:57","guid":{"rendered":"https:\/\/lepoint-actu.tg\/?p=1338"},"modified":"2023-01-26T10:09:08","modified_gmt":"2023-01-26T10:09:08","slug":"toutes-les-cultures-du-monde-ont-droit-a-un-egal-respect-lappel-du-prof-dussey","status":"publish","type":"post","link":"https:\/\/lepoint-actu.tg\/index.php\/2023\/01\/25\/toutes-les-cultures-du-monde-ont-droit-a-un-egal-respect-lappel-du-prof-dussey\/","title":{"rendered":"Toutes les cultures du monde ont droit \u00e0 un \u00e9gal respect\u00a0: l\u2019appel du prof. Dussey"},"content":{"rendered":"\n<p><\/p>\n\n\n\n<p>Le ministre des affaires \u00e9trang\u00e8res, de l\u2019int\u00e9gration r\u00e9gionale et des Togolais de l\u2019ext\u00e9rieur, Prof. Robert Dussey, reste accroch\u00e9 aux valeurs africaines, r\u00eave d\u2019une Afrique respect\u00e9e et plus responsable. Son message lors de la 4\u00e8me \u00e9dition de la journ\u00e9e mondiale de la culture africaine et afro-descendante c\u00e9l\u00e9br\u00e9e ce 24 janvier 2023 est \u00e9difiant. Cette journ\u00e9e adopt\u00e9e en 2019 par la 40e session de l\u2019UNESCO sur la base d\u2019un projet de r\u00e9solution introduite par le Togo, est une tribune qui ne doit pas rest\u00e9e une simple date de souvenir.<br>M. Dussey, l\u2019homme qui n\u2019arrive pas \u00e0 se retenir lorsqu\u2019il s\u2019agit de d\u00e9veloppement, parle de l\u2019importance des cultures africaines en y mettant un accent particulier.<br>Pour lui, \u00ab les cultures africaines se manifestent aujourd\u2019hui partout dans le monde car elles sont port\u00e9es non seulement par les habitants du continent mais \u00e9galement par les diasporas africaines, qu\u2019elles soient anciennes ou actuelles. La diaspora ancienne est celle qui, au gr\u00e9\u0301 de l\u2019histoire, a \u00e9t\u00e9\u0301 contrainte a\u0300 s\u2019\u00e9tablir hors de l\u2019Afrique et y a laiss\u00e9\u0301 une descendance importante et dynamique qui aspire aujourd\u2019hui a\u0300 nouer des liens plus \u00e9troits avec le continent africain. Du Bre\u0301sil a\u0300 Hai\u0308ti, de la Jamai\u0308que aux Antilles, la culture africaine s\u2019exprime dans sa diversit\u00e9\u0301 \u00bb.<br>M. Dussey dit pr\u00f4ner l\u2019africanophonie. Ce n\u2019est pas, dira-t-il, un rejet des langues h\u00e9rit\u00e9es du colonialisme mais une promotion des langues locales, aujourd\u2019hui mise en valeur par l\u2019ONU a\u0300 travers la D\u00e9cennie internationale des langues autochtones (2022-2032). \u00ab L\u2019africanophonie, c\u2019est aussi r\u00eaver d\u2019une Afrique qui ne rougit pas de sa singularit\u00e9\u0301 culturelle et de son apport civilisationnel a\u0300 l\u2019humanit\u00e9\u0301, c\u2019est r\u00eaver d\u2019une Afrique fi\u00e8re d\u2019elle-m\u00eame, de ses racines et qui s\u2019assume dans sa diff\u00e9rence par rapport au reste du monde ; c\u2019est r\u00eaver d\u2019une Afrique qui fait entendre sa voix sur les grands sujets de l\u2019actualit\u00e9\u0301 internationale, surtout ceux qui la concerne \u00bb, \u00e9crit le chef de la diplomatie togolaise.<br>Robert Dussey estime que le Togo a \u0153uvre\u0301 pour que les Chefs d\u2019Etat et de gouvernement de l\u2019Union africaine d\u00e9clarent la d\u00e9cennie 2021-2031, De\u0301cennie des racines et des diasporas africaines parce que l\u2019ide\u0301al est d\u2019associer \u00e9troitement la diaspora africaine et les peuples d\u2019ascendance africaine a\u0300 l\u2019\u00e9dification d\u2019une Afrique nouvelle, digne et prosp\u00e8re.<br>Le professeur philosophe, \u00e9crivain, homme politique, informe que son pays organisera l\u2019ann\u00e9e prochaine le 9e\u0300me Congr\u00e8s panafricain sur le th\u00e8me : \u00ab renouveau du panafricanisme et place de l\u2019Afrique dans la gouvernance mondiale : mobiliser les ressources et se r\u00e9inventer pour agir \u00bb. Ce sera, dit le ministre togolais, l\u2019occasion pour tous les Africains pr\u00e9occup\u00e9s par le devenir du continent de r\u00e9fl\u00e9chir sur comment inventer une nouvelle vision et une forme d\u2019association humaine qui puissent permettre a\u0300 l\u2019Afrique de se prendre v\u00e9ritablement en main. \u00ab Je voudrais ici lancer un appel solennel a\u0300 toutes les organisations et regroupements d\u2019associations des diasporas africaines partout dans le monde a\u0300 s\u2019associer a\u0300 ces initiatives pour qu\u2019ensemble nous puissions poser les bases d\u2019une Afrique nouvelle. Il y a une page d\u2019histoire a\u0300 \u00e9crire et chaque africain, chaque afro-descendant peut y contribuer. C\u2019est a\u0300 travers la production de contenus culturels que nous pouvons infl\u00e9chir graduellement le narratif sur l\u2019Afrique en mettant en exergue nos valeurs intrins\u00e8ques, qui sont souvent m\u00e9connues par le reste du monde. Toutes les cultures du monde ont droit a\u0300 un \u00e9gal respect \u00bb, a martel\u00e9 le diplomate chevronn\u00e9 qui n\u2019est plus \u00e0 pr\u00e9senter.<\/p>\n\n\n\n<p><strong><em>La r\u00e9daction <\/em><\/strong><\/p>\n","protected":false},"excerpt":{"rendered":"<p>Le ministre des affaires \u00e9trang\u00e8res, de l\u2019int\u00e9gration r\u00e9gionale et des Togolais de l\u2019ext\u00e9rieur, Prof. Robert Dussey, reste accroch\u00e9 aux valeurs<\/p>\n","protected":false},"author":2,"featured_media":1339,"comment_status":"open","ping_status":"closed","sticky":false,"template":"","format":"standard","meta":{"footnotes":""},"categories":[5],"tags":[],"class_list":["post-1338","post","type-post","status-publish","format-standard","has-post-thumbnail","hentry","category-diplomatie"],"yoast_head":"<!-- This site is optimized with the Yoast SEO plugin v23.9 - https:\/\/yoast.com\/wordpress\/plugins\/seo\/ -->\n<title>Toutes les cultures du monde ont droit \u00e0 un \u00e9gal respect\u00a0: l\u2019appel du prof. Dussey -<\/title>\n<meta name=\"robots\" content=\"index, follow, max-snippet:-1, max-image-preview:large, max-video-preview:-1\" \/>\n<link rel=\"canonical\" href=\"https:\/\/lepoint-actu.tg\/index.php\/2023\/01\/25\/toutes-les-cultures-du-monde-ont-droit-a-un-egal-respect-lappel-du-prof-dussey\/\" \/>\n<meta property=\"og:locale\" content=\"fr_FR\" \/>\n<meta property=\"og:type\" content=\"article\" \/>\n<meta property=\"og:title\" content=\"Toutes les cultures du monde ont droit \u00e0 un \u00e9gal respect\u00a0: l\u2019appel du prof. Dussey -\" \/>\n<meta property=\"og:description\" content=\"Le ministre des affaires \u00e9trang\u00e8res, de l\u2019int\u00e9gration r\u00e9gionale et des Togolais de l\u2019ext\u00e9rieur, Prof. Robert Dussey, reste accroch\u00e9 aux valeurs\" \/>\n<meta property=\"og:url\" content=\"https:\/\/lepoint-actu.tg\/index.php\/2023\/01\/25\/toutes-les-cultures-du-monde-ont-droit-a-un-egal-respect-lappel-du-prof-dussey\/\" \/>\n<meta property=\"article:published_time\" content=\"2023-01-25T03:12:57+00:00\" \/>\n<meta property=\"article:modified_time\" content=\"2023-01-26T10:09:08+00:00\" \/>\n<meta property=\"og:image\" content=\"https:\/\/lepoint-actu.tg\/wp-content\/uploads\/2023\/01\/DUSSEY-OUI.jpeg\" \/>\n\t<meta property=\"og:image:width\" content=\"696\" \/>\n\t<meta property=\"og:image:height\" content=\"553\" \/>\n\t<meta property=\"og:image:type\" content=\"image\/jpeg\" \/>\n<meta name=\"author\" content=\"La Redaction\" \/>\n<meta name=\"twitter:card\" content=\"summary_large_image\" \/>\n<meta name=\"twitter:label1\" content=\"\u00c9crit par\" \/>\n\t<meta name=\"twitter:data1\" content=\"La Redaction\" \/>\n\t<meta name=\"twitter:label2\" content=\"Dur\u00e9e de lecture estim\u00e9e\" \/>\n\t<meta name=\"twitter:data2\" content=\"3 minutes\" \/>\n<script type=\"application\/ld+json\" class=\"yoast-schema-graph\">{\"@context\":\"https:\/\/schema.org\",\"@graph\":[{\"@type\":\"WebPage\",\"@id\":\"https:\/\/lepoint-actu.tg\/index.php\/2023\/01\/25\/toutes-les-cultures-du-monde-ont-droit-a-un-egal-respect-lappel-du-prof-dussey\/\",\"url\":\"https:\/\/lepoint-actu.tg\/index.php\/2023\/01\/25\/toutes-les-cultures-du-monde-ont-droit-a-un-egal-respect-lappel-du-prof-dussey\/\",\"name\":\"Toutes les cultures du monde ont droit \u00e0 un \u00e9gal respect\u00a0: l\u2019appel du prof. Dussey -\",\"isPartOf\":{\"@id\":\"https:\/\/lepoint-actu.tg\/#website\"},\"primaryImageOfPage\":{\"@id\":\"https:\/\/lepoint-actu.tg\/index.php\/2023\/01\/25\/toutes-les-cultures-du-monde-ont-droit-a-un-egal-respect-lappel-du-prof-dussey\/#primaryimage\"},\"image\":{\"@id\":\"https:\/\/lepoint-actu.tg\/index.php\/2023\/01\/25\/toutes-les-cultures-du-monde-ont-droit-a-un-egal-respect-lappel-du-prof-dussey\/#primaryimage\"},\"thumbnailUrl\":\"https:\/\/lepoint-actu.tg\/wp-content\/uploads\/2023\/01\/DUSSEY-OUI.jpeg\",\"datePublished\":\"2023-01-25T03:12:57+00:00\",\"dateModified\":\"2023-01-26T10:09:08+00:00\",\"author\":{\"@id\":\"https:\/\/lepoint-actu.tg\/#\/schema\/person\/e4026d66cbdc205cab83e169ab7eaca1\"},\"breadcrumb\":{\"@id\":\"https:\/\/lepoint-actu.tg\/index.php\/2023\/01\/25\/toutes-les-cultures-du-monde-ont-droit-a-un-egal-respect-lappel-du-prof-dussey\/#breadcrumb\"},\"inLanguage\":\"fr-FR\",\"potentialAction\":[{\"@type\":\"ReadAction\",\"target\":[\"https:\/\/lepoint-actu.tg\/index.php\/2023\/01\/25\/toutes-les-cultures-du-monde-ont-droit-a-un-egal-respect-lappel-du-prof-dussey\/\"]}]},{\"@type\":\"ImageObject\",\"inLanguage\":\"fr-FR\",\"@id\":\"https:\/\/lepoint-actu.tg\/index.php\/2023\/01\/25\/toutes-les-cultures-du-monde-ont-droit-a-un-egal-respect-lappel-du-prof-dussey\/#primaryimage\",\"url\":\"https:\/\/lepoint-actu.tg\/wp-content\/uploads\/2023\/01\/DUSSEY-OUI.jpeg\",\"contentUrl\":\"https:\/\/lepoint-actu.tg\/wp-content\/uploads\/2023\/01\/DUSSEY-OUI.jpeg\",\"width\":696,\"height\":553},{\"@type\":\"BreadcrumbList\",\"@id\":\"https:\/\/lepoint-actu.tg\/index.php\/2023\/01\/25\/toutes-les-cultures-du-monde-ont-droit-a-un-egal-respect-lappel-du-prof-dussey\/#breadcrumb\",\"itemListElement\":[{\"@type\":\"ListItem\",\"position\":1,\"name\":\"Accueil\",\"item\":\"https:\/\/lepoint-actu.tg\/\"},{\"@type\":\"ListItem\",\"position\":2,\"name\":\"Toutes les cultures du monde ont droit \u00e0 un \u00e9gal respect\u00a0: l\u2019appel du prof. Dussey\"}]},{\"@type\":\"WebSite\",\"@id\":\"https:\/\/lepoint-actu.tg\/#website\",\"url\":\"https:\/\/lepoint-actu.tg\/\",\"name\":\"\",\"description\":\"R\u00e9c\u00e9piss\u00e9 N\u00b00022\/HAAC\/12-2020\/pL\/P, lepointactu07@gmail.com\",\"potentialAction\":[{\"@type\":\"SearchAction\",\"target\":{\"@type\":\"EntryPoint\",\"urlTemplate\":\"https:\/\/lepoint-actu.tg\/?s={search_term_string}\"},\"query-input\":{\"@type\":\"PropertyValueSpecification\",\"valueRequired\":true,\"valueName\":\"search_term_string\"}}],\"inLanguage\":\"fr-FR\"},{\"@type\":\"Person\",\"@id\":\"https:\/\/lepoint-actu.tg\/#\/schema\/person\/e4026d66cbdc205cab83e169ab7eaca1\",\"name\":\"La Redaction\",\"image\":{\"@type\":\"ImageObject\",\"inLanguage\":\"fr-FR\",\"@id\":\"https:\/\/lepoint-actu.tg\/#\/schema\/person\/image\/\",\"url\":\"https:\/\/secure.gravatar.com\/avatar\/1682a0ff7e2c36efa51c5d262eea092000ec1ce420118e6261440956730308c2?s=96&d=mm&r=g\",\"contentUrl\":\"https:\/\/secure.gravatar.com\/avatar\/1682a0ff7e2c36efa51c5d262eea092000ec1ce420118e6261440956730308c2?s=96&d=mm&r=g\",\"caption\":\"La Redaction\"},\"url\":\"https:\/\/lepoint-actu.tg\/index.php\/author\/raymondsama\/\"}]}<\/script>\n<!-- \/ Yoast SEO plugin. -->","yoast_head_json":{"title":"Toutes les cultures du monde ont droit \u00e0 un \u00e9gal respect\u00a0: l\u2019appel du prof. Dussey -","robots":{"index":"index","follow":"follow","max-snippet":"max-snippet:-1","max-image-preview":"max-image-preview:large","max-video-preview":"max-video-preview:-1"},"canonical":"https:\/\/lepoint-actu.tg\/index.php\/2023\/01\/25\/toutes-les-cultures-du-monde-ont-droit-a-un-egal-respect-lappel-du-prof-dussey\/","og_locale":"fr_FR","og_type":"article","og_title":"Toutes les cultures du monde ont droit \u00e0 un \u00e9gal respect\u00a0: l\u2019appel du prof. Dussey -","og_description":"Le ministre des affaires \u00e9trang\u00e8res, de l\u2019int\u00e9gration r\u00e9gionale et des Togolais de l\u2019ext\u00e9rieur, Prof. Robert Dussey, reste accroch\u00e9 aux valeurs","og_url":"https:\/\/lepoint-actu.tg\/index.php\/2023\/01\/25\/toutes-les-cultures-du-monde-ont-droit-a-un-egal-respect-lappel-du-prof-dussey\/","article_published_time":"2023-01-25T03:12:57+00:00","article_modified_time":"2023-01-26T10:09:08+00:00","og_image":[{"width":696,"height":553,"url":"https:\/\/lepoint-actu.tg\/wp-content\/uploads\/2023\/01\/DUSSEY-OUI.jpeg","type":"image\/jpeg"}],"author":"La Redaction","twitter_card":"summary_large_image","twitter_misc":{"\u00c9crit par":"La Redaction","Dur\u00e9e de lecture estim\u00e9e":"3 minutes"},"schema":{"@context":"https:\/\/schema.org","@graph":[{"@type":"WebPage","@id":"https:\/\/lepoint-actu.tg\/index.php\/2023\/01\/25\/toutes-les-cultures-du-monde-ont-droit-a-un-egal-respect-lappel-du-prof-dussey\/","url":"https:\/\/lepoint-actu.tg\/index.php\/2023\/01\/25\/toutes-les-cultures-du-monde-ont-droit-a-un-egal-respect-lappel-du-prof-dussey\/","name":"Toutes les cultures du monde ont droit \u00e0 un \u00e9gal respect\u00a0: l\u2019appel du prof. Dussey -","isPartOf":{"@id":"https:\/\/lepoint-actu.tg\/#website"},"primaryImageOfPage":{"@id":"https:\/\/lepoint-actu.tg\/index.php\/2023\/01\/25\/toutes-les-cultures-du-monde-ont-droit-a-un-egal-respect-lappel-du-prof-dussey\/#primaryimage"},"image":{"@id":"https:\/\/lepoint-actu.tg\/index.php\/2023\/01\/25\/toutes-les-cultures-du-monde-ont-droit-a-un-egal-respect-lappel-du-prof-dussey\/#primaryimage"},"thumbnailUrl":"https:\/\/lepoint-actu.tg\/wp-content\/uploads\/2023\/01\/DUSSEY-OUI.jpeg","datePublished":"2023-01-25T03:12:57+00:00","dateModified":"2023-01-26T10:09:08+00:00","author":{"@id":"https:\/\/lepoint-actu.tg\/#\/schema\/person\/e4026d66cbdc205cab83e169ab7eaca1"},"breadcrumb":{"@id":"https:\/\/lepoint-actu.tg\/index.php\/2023\/01\/25\/toutes-les-cultures-du-monde-ont-droit-a-un-egal-respect-lappel-du-prof-dussey\/#breadcrumb"},"inLanguage":"fr-FR","potentialAction":[{"@type":"ReadAction","target":["https:\/\/lepoint-actu.tg\/index.php\/2023\/01\/25\/toutes-les-cultures-du-monde-ont-droit-a-un-egal-respect-lappel-du-prof-dussey\/"]}]},{"@type":"ImageObject","inLanguage":"fr-FR","@id":"https:\/\/lepoint-actu.tg\/index.php\/2023\/01\/25\/toutes-les-cultures-du-monde-ont-droit-a-un-egal-respect-lappel-du-prof-dussey\/#primaryimage","url":"https:\/\/lepoint-actu.tg\/wp-content\/uploads\/2023\/01\/DUSSEY-OUI.jpeg","contentUrl":"https:\/\/lepoint-actu.tg\/wp-content\/uploads\/2023\/01\/DUSSEY-OUI.jpeg","width":696,"height":553},{"@type":"BreadcrumbList","@id":"https:\/\/lepoint-actu.tg\/index.php\/2023\/01\/25\/toutes-les-cultures-du-monde-ont-droit-a-un-egal-respect-lappel-du-prof-dussey\/#breadcrumb","itemListElement":[{"@type":"ListItem","position":1,"name":"Accueil","item":"https:\/\/lepoint-actu.tg\/"},{"@type":"ListItem","position":2,"name":"Toutes les cultures du monde ont droit \u00e0 un \u00e9gal respect\u00a0: l\u2019appel du prof. Dussey"}]},{"@type":"WebSite","@id":"https:\/\/lepoint-actu.tg\/#website","url":"https:\/\/lepoint-actu.tg\/","name":"","description":"R\u00e9c\u00e9piss\u00e9 N\u00b00022\/HAAC\/12-2020\/pL\/P, lepointactu07@gmail.com","potentialAction":[{"@type":"SearchAction","target":{"@type":"EntryPoint","urlTemplate":"https:\/\/lepoint-actu.tg\/?s={search_term_string}"},"query-input":{"@type":"PropertyValueSpecification","valueRequired":true,"valueName":"search_term_string"}}],"inLanguage":"fr-FR"},{"@type":"Person","@id":"https:\/\/lepoint-actu.tg\/#\/schema\/person\/e4026d66cbdc205cab83e169ab7eaca1","name":"La Redaction","image":{"@type":"ImageObject","inLanguage":"fr-FR","@id":"https:\/\/lepoint-actu.tg\/#\/schema\/person\/image\/","url":"https:\/\/secure.gravatar.com\/avatar\/1682a0ff7e2c36efa51c5d262eea092000ec1ce420118e6261440956730308c2?s=96&d=mm&r=g","contentUrl":"https:\/\/secure.gravatar.com\/avatar\/1682a0ff7e2c36efa51c5d262eea092000ec1ce420118e6261440956730308c2?s=96&d=mm&r=g","caption":"La Redaction"},"url":"https:\/\/lepoint-actu.tg\/index.php\/author\/raymondsama\/"}]}},"_links":{"self":[{"href":"https:\/\/lepoint-actu.tg\/index.php\/wp-json\/wp\/v2\/posts\/1338","targetHints":{"allow":["GET"]}}],"collection":[{"href":"https:\/\/lepoint-actu.tg\/index.php\/wp-json\/wp\/v2\/posts"}],"about":[{"href":"https:\/\/lepoint-actu.tg\/index.php\/wp-json\/wp\/v2\/types\/post"}],"author":[{"embeddable":true,"href":"https:\/\/lepoint-actu.tg\/index.php\/wp-json\/wp\/v2\/users\/2"}],"replies":[{"embeddable":true,"href":"https:\/\/lepoint-actu.tg\/index.php\/wp-json\/wp\/v2\/comments?post=1338"}],"version-history":[{"count":2,"href":"https:\/\/lepoint-actu.tg\/index.php\/wp-json\/wp\/v2\/posts\/1338\/revisions"}],"predecessor-version":[{"id":1372,"href":"https:\/\/lepoint-actu.tg\/index.php\/wp-json\/wp\/v2\/posts\/1338\/revisions\/1372"}],"wp:featuredmedia":[{"embeddable":true,"href":"https:\/\/lepoint-actu.tg\/index.php\/wp-json\/wp\/v2\/media\/1339"}],"wp:attachment":[{"href":"https:\/\/lepoint-actu.tg\/index.php\/wp-json\/wp\/v2\/media?parent=1338"}],"wp:term":[{"taxonomy":"category","embeddable":true,"href":"https:\/\/lepoint-actu.tg\/index.php\/wp-json\/wp\/v2\/categories?post=1338"},{"taxonomy":"post_tag","embeddable":true,"href":"https:\/\/lepoint-actu.tg\/index.php\/wp-json\/wp\/v2\/tags?post=1338"}],"curies":[{"name":"wp","href":"https:\/\/api.w.org\/{rel}","templated":true}]}}