{"id":1342,"date":"2023-01-26T03:21:51","date_gmt":"2023-01-26T03:21:51","guid":{"rendered":"https:\/\/lepoint-actu.tg\/?p=1342"},"modified":"2023-01-26T03:21:53","modified_gmt":"2023-01-26T03:21:53","slug":"le-plein-soutien-du-togo-au-processus-de-transition-au-burkina-faso-reaffirme-ce-mercredi-a-ouagadougou","status":"publish","type":"post","link":"https:\/\/lepoint-actu.tg\/index.php\/2023\/01\/26\/le-plein-soutien-du-togo-au-processus-de-transition-au-burkina-faso-reaffirme-ce-mercredi-a-ouagadougou\/","title":{"rendered":"Le plein soutien du Togo au processus de transition au Burkina Faso r\u00e9affirm\u00e9 ce mercredi \u00e0 Ouagadougou"},"content":{"rendered":"\n<p><br>Le ministre des Affaires \u00e9trang\u00e8res, de l\u2019int\u00e9gration africaine et des Togolais de l\u2019ext\u00e9rieur, Robert DUSSEY \u00e9tait \u00e0 Ouagadougou ce mercredi 25 janvier 2023, dans le cadre d\u2019une visite d\u2019amiti\u00e9 et de travail de 24 heures au Burkina Faso. Le chef de la diplomatie togolaise a eu, \u00e0 l\u2019occasion, un entretien \u00e0 la Pr\u00e9sidence du Faso avec le pr\u00e9sident de la transition, le Capitaine Ibrahim Traor\u00e9. Selon un communiqu\u00e9, les \u00e9changes ont essentiellement port\u00e9 sur des sujets d&rsquo;int\u00e9r\u00eats commun, la s\u00e9curit\u00e9 et la lutte contre le terrorisme dans la sous-r\u00e9gion, la r\u00e9affirmation du soutien du Togo au processus de transition dans ce pays du Sahel, \u2026<\/p>\n\n\n\n<p><strong>Communiqu\u00e9 de presse \u00e0 l&rsquo;issue de l&rsquo;audience (int\u00e9gralit\u00e9)<\/strong><\/p>\n\n\n\n<pre class=\"wp-block-code\"><code>S.E. Prof. Robert DUSSEY, ministre des affaires \u00e9trang\u00e8res, de l\u2019int\u00e9gration r\u00e9gionale et des Togolais de l\u2019ext\u00e9rieur a effectu\u00e9, ce mercredi 25 janvier 2023, une visite de travail \u00e0 Ouagadougou au Burkina Faso \u00e0 l\u2019occasion de laquelle il a \u00e9t\u00e9 re\u00e7u en audience par S.E. le Capitaine Ibrahim TRAOR\u00c9, Chef de l\u2019\u00c9tat et Pr\u00e9sident de la Transition. Il \u00e9tait porteur d\u2019un message de S.E.M. Faure Essozimna GNASSINGBE, Pr\u00e9sident de la R\u00e9publique, \u00e0 S.E. le Capitaine Ibrahim TRAOR\u00c9. \n\nLors de l\u2019entretien avec S.E. le Capitaine Ibrahim TRAOR\u00c9, S.E. Prof. Robert DUSSEY lui a transmis les chaleureuses salutations de S.E.M. Faure Essozimna GNASSINGBE et s\u2019est f\u00e9licit\u00e9 de la qualit\u00e9 des relations historiques et de coop\u00e9ration bilat\u00e9rale entre le Burkina Faso et le Togo. \n\nLe Pr\u00e9sident TRAOR\u00c9 a rappel\u00e9 les excellentes relations de bon voisinage et de fraternit\u00e9 entre nos deux pays et a remerci\u00e9 S.E.M. Faure Essozimna GNASSINGBE pour ses initiatives de soutien \u00e0 la Transition qui \u0153uvre \u00e0 relever les d\u00e9fis s\u00e9curitaires li\u00e9s \u00e0 la lutte contre le terrorisme et ceux politiques relatifs au retour \u00e0 l\u2019ordre constitutionnel. \n\nLe Pr\u00e9sident TRAOR\u00c9 et le Ministre DUSSEY ont ensuite proc\u00e9d\u00e9 \u00e0 un large \u00e9change de vues sur les questions d\u2019int\u00e9r\u00eat commun au plan bilat\u00e9ral, mais aussi r\u00e9gional. \n\nLes deux personnalit\u00e9s ont, au plan bilat\u00e9ral, \u00e9voqu\u00e9 les probl\u00e9matiques d\u2019ordre s\u00e9curitaire, notamment celles relatives \u00e0 la lutte contre le terrorisme \u00e0 la fronti\u00e8re de leurs pays o\u00f9 les populations subissent des exactions des groupes arm\u00e9s extr\u00e9mistes. Elles ont r\u00e9affirm\u00e9 l\u2019engagement des deux pays \u00e0 intensifier des initiatives bilat\u00e9rales conjointes en mati\u00e8re de s\u00e9curit\u00e9 et \u00e0 se mobiliser davantage dans la riposte contre le terrorisme. \n\nS\u2019agissant des questions politiques, le Ministre DUSSEY a salu\u00e9 les efforts du gouvernement du Burkina Faso en vue du retour \u00e0 une vie constitutionnelle r\u00e9guli\u00e8re et a r\u00e9affirm\u00e9 le plein soutien du Togo au processus de transition.\n\nAu plan r\u00e9gional, S.E. le Capitaine Ibrahim TRAOR\u00c9 et S.E. Prof. Robert DUSSEY ont not\u00e9 avec pr\u00e9occupation l\u2019expansion de la menace terroriste dans l\u2019ensemble de la sous-r\u00e9gion et ont soulign\u00e9 la n\u00e9cessit\u00e9 pour les \u00c9tats de l\u2019espace de renforcer leur coop\u00e9ration au service de la promotion de la paix et de la d\u00e9fense de la s\u00e9curit\u00e9 collective. \n\nLe chef de la diplomatie togolaise s\u2019est \u00e9galement entretenu avec S.E. Mme Olivia Ragnaghnewend\u00e9 ROUAMBA, Ministre des affaires \u00e9trang\u00e8res, de la coop\u00e9ration r\u00e9gionale et des Burkinab\u00e9 de l\u2019ext\u00e9rieur. Au cours de leurs \u00e9changes, les deux ministres ont soulign\u00e9 la n\u00e9cessit\u00e9 pour l\u2019Afrique d\u2019accro\u00eetre ses capacit\u00e9s endog\u00e8nes en vue d\u2019une prise en charge efficace de ses probl\u00e8mes, ainsi que celle pour les pays, conform\u00e9ment \u00e0 leurs engagements internationaux, de privil\u00e9gier les moyens et m\u00e9canismes pacifiques et diplomatiques de r\u00e9solution de leurs diff\u00e9rends.\n\n                                                                                 <strong><em>Fait \u00e0 Ouagadougou, le 25 janvier 2023<\/em><\/strong><\/code><\/pre>\n","protected":false},"excerpt":{"rendered":"<p>Le ministre des Affaires \u00e9trang\u00e8res, de l\u2019int\u00e9gration africaine et des Togolais de l\u2019ext\u00e9rieur, Robert DUSSEY \u00e9tait \u00e0 Ouagadougou ce mercredi<\/p>\n","protected":false},"author":2,"featured_media":1343,"comment_status":"open","ping_status":"closed","sticky":false,"template":"","format":"standard","meta":{"footnotes":""},"categories":[5],"tags":[],"class_list":["post-1342","post","type-post","status-publish","format-standard","has-post-thumbnail","hentry","category-diplomatie"],"yoast_head":"<!-- This site is optimized with the Yoast SEO plugin v23.9 - https:\/\/yoast.com\/wordpress\/plugins\/seo\/ -->\n<title>Le plein soutien du Togo au processus de transition au Burkina Faso r\u00e9affirm\u00e9 ce mercredi \u00e0 Ouagadougou -<\/title>\n<meta name=\"robots\" content=\"index, follow, max-snippet:-1, max-image-preview:large, max-video-preview:-1\" \/>\n<link rel=\"canonical\" href=\"https:\/\/lepoint-actu.tg\/index.php\/2023\/01\/26\/le-plein-soutien-du-togo-au-processus-de-transition-au-burkina-faso-reaffirme-ce-mercredi-a-ouagadougou\/\" \/>\n<meta property=\"og:locale\" content=\"fr_FR\" \/>\n<meta property=\"og:type\" content=\"article\" \/>\n<meta property=\"og:title\" content=\"Le plein soutien du Togo au processus de transition au Burkina Faso r\u00e9affirm\u00e9 ce mercredi \u00e0 Ouagadougou -\" \/>\n<meta property=\"og:description\" content=\"Le ministre des Affaires \u00e9trang\u00e8res, de l\u2019int\u00e9gration africaine et des Togolais de l\u2019ext\u00e9rieur, Robert DUSSEY \u00e9tait \u00e0 Ouagadougou ce mercredi\" \/>\n<meta property=\"og:url\" content=\"https:\/\/lepoint-actu.tg\/index.php\/2023\/01\/26\/le-plein-soutien-du-togo-au-processus-de-transition-au-burkina-faso-reaffirme-ce-mercredi-a-ouagadougou\/\" \/>\n<meta property=\"article:published_time\" content=\"2023-01-26T03:21:51+00:00\" \/>\n<meta property=\"article:modified_time\" content=\"2023-01-26T03:21:53+00:00\" \/>\n<meta property=\"og:image\" content=\"https:\/\/lepoint-actu.tg\/wp-content\/uploads\/2023\/01\/Ouagadougou.jpg\" \/>\n\t<meta property=\"og:image:width\" content=\"640\" \/>\n\t<meta property=\"og:image:height\" content=\"438\" \/>\n\t<meta property=\"og:image:type\" content=\"image\/jpeg\" \/>\n<meta name=\"author\" content=\"La Redaction\" \/>\n<meta name=\"twitter:card\" content=\"summary_large_image\" \/>\n<meta name=\"twitter:label1\" content=\"\u00c9crit par\" \/>\n\t<meta name=\"twitter:data1\" content=\"La Redaction\" \/>\n\t<meta name=\"twitter:label2\" content=\"Dur\u00e9e de lecture estim\u00e9e\" \/>\n\t<meta name=\"twitter:data2\" content=\"3 minutes\" \/>\n<script type=\"application\/ld+json\" class=\"yoast-schema-graph\">{\"@context\":\"https:\/\/schema.org\",\"@graph\":[{\"@type\":\"WebPage\",\"@id\":\"https:\/\/lepoint-actu.tg\/index.php\/2023\/01\/26\/le-plein-soutien-du-togo-au-processus-de-transition-au-burkina-faso-reaffirme-ce-mercredi-a-ouagadougou\/\",\"url\":\"https:\/\/lepoint-actu.tg\/index.php\/2023\/01\/26\/le-plein-soutien-du-togo-au-processus-de-transition-au-burkina-faso-reaffirme-ce-mercredi-a-ouagadougou\/\",\"name\":\"Le plein soutien du Togo au processus de transition au Burkina Faso r\u00e9affirm\u00e9 ce mercredi \u00e0 Ouagadougou -\",\"isPartOf\":{\"@id\":\"https:\/\/lepoint-actu.tg\/#website\"},\"primaryImageOfPage\":{\"@id\":\"https:\/\/lepoint-actu.tg\/index.php\/2023\/01\/26\/le-plein-soutien-du-togo-au-processus-de-transition-au-burkina-faso-reaffirme-ce-mercredi-a-ouagadougou\/#primaryimage\"},\"image\":{\"@id\":\"https:\/\/lepoint-actu.tg\/index.php\/2023\/01\/26\/le-plein-soutien-du-togo-au-processus-de-transition-au-burkina-faso-reaffirme-ce-mercredi-a-ouagadougou\/#primaryimage\"},\"thumbnailUrl\":\"https:\/\/lepoint-actu.tg\/wp-content\/uploads\/2023\/01\/Ouagadougou.jpg\",\"datePublished\":\"2023-01-26T03:21:51+00:00\",\"dateModified\":\"2023-01-26T03:21:53+00:00\",\"author\":{\"@id\":\"https:\/\/lepoint-actu.tg\/#\/schema\/person\/e4026d66cbdc205cab83e169ab7eaca1\"},\"breadcrumb\":{\"@id\":\"https:\/\/lepoint-actu.tg\/index.php\/2023\/01\/26\/le-plein-soutien-du-togo-au-processus-de-transition-au-burkina-faso-reaffirme-ce-mercredi-a-ouagadougou\/#breadcrumb\"},\"inLanguage\":\"fr-FR\",\"potentialAction\":[{\"@type\":\"ReadAction\",\"target\":[\"https:\/\/lepoint-actu.tg\/index.php\/2023\/01\/26\/le-plein-soutien-du-togo-au-processus-de-transition-au-burkina-faso-reaffirme-ce-mercredi-a-ouagadougou\/\"]}]},{\"@type\":\"ImageObject\",\"inLanguage\":\"fr-FR\",\"@id\":\"https:\/\/lepoint-actu.tg\/index.php\/2023\/01\/26\/le-plein-soutien-du-togo-au-processus-de-transition-au-burkina-faso-reaffirme-ce-mercredi-a-ouagadougou\/#primaryimage\",\"url\":\"https:\/\/lepoint-actu.tg\/wp-content\/uploads\/2023\/01\/Ouagadougou.jpg\",\"contentUrl\":\"https:\/\/lepoint-actu.tg\/wp-content\/uploads\/2023\/01\/Ouagadougou.jpg\",\"width\":640,\"height\":438},{\"@type\":\"BreadcrumbList\",\"@id\":\"https:\/\/lepoint-actu.tg\/index.php\/2023\/01\/26\/le-plein-soutien-du-togo-au-processus-de-transition-au-burkina-faso-reaffirme-ce-mercredi-a-ouagadougou\/#breadcrumb\",\"itemListElement\":[{\"@type\":\"ListItem\",\"position\":1,\"name\":\"Accueil\",\"item\":\"https:\/\/lepoint-actu.tg\/\"},{\"@type\":\"ListItem\",\"position\":2,\"name\":\"Le plein soutien du Togo au processus de transition au Burkina Faso r\u00e9affirm\u00e9 ce mercredi \u00e0 Ouagadougou\"}]},{\"@type\":\"WebSite\",\"@id\":\"https:\/\/lepoint-actu.tg\/#website\",\"url\":\"https:\/\/lepoint-actu.tg\/\",\"name\":\"\",\"description\":\"R\u00e9c\u00e9piss\u00e9 N\u00b00022\/HAAC\/12-2020\/pL\/P, lepointactu07@gmail.com\",\"potentialAction\":[{\"@type\":\"SearchAction\",\"target\":{\"@type\":\"EntryPoint\",\"urlTemplate\":\"https:\/\/lepoint-actu.tg\/?s={search_term_string}\"},\"query-input\":{\"@type\":\"PropertyValueSpecification\",\"valueRequired\":true,\"valueName\":\"search_term_string\"}}],\"inLanguage\":\"fr-FR\"},{\"@type\":\"Person\",\"@id\":\"https:\/\/lepoint-actu.tg\/#\/schema\/person\/e4026d66cbdc205cab83e169ab7eaca1\",\"name\":\"La Redaction\",\"image\":{\"@type\":\"ImageObject\",\"inLanguage\":\"fr-FR\",\"@id\":\"https:\/\/lepoint-actu.tg\/#\/schema\/person\/image\/\",\"url\":\"https:\/\/secure.gravatar.com\/avatar\/1682a0ff7e2c36efa51c5d262eea092000ec1ce420118e6261440956730308c2?s=96&d=mm&r=g\",\"contentUrl\":\"https:\/\/secure.gravatar.com\/avatar\/1682a0ff7e2c36efa51c5d262eea092000ec1ce420118e6261440956730308c2?s=96&d=mm&r=g\",\"caption\":\"La Redaction\"},\"url\":\"https:\/\/lepoint-actu.tg\/index.php\/author\/raymondsama\/\"}]}<\/script>\n<!-- \/ Yoast SEO plugin. -->","yoast_head_json":{"title":"Le plein soutien du Togo au processus de transition au Burkina Faso r\u00e9affirm\u00e9 ce mercredi \u00e0 Ouagadougou -","robots":{"index":"index","follow":"follow","max-snippet":"max-snippet:-1","max-image-preview":"max-image-preview:large","max-video-preview":"max-video-preview:-1"},"canonical":"https:\/\/lepoint-actu.tg\/index.php\/2023\/01\/26\/le-plein-soutien-du-togo-au-processus-de-transition-au-burkina-faso-reaffirme-ce-mercredi-a-ouagadougou\/","og_locale":"fr_FR","og_type":"article","og_title":"Le plein soutien du Togo au processus de transition au Burkina Faso r\u00e9affirm\u00e9 ce mercredi \u00e0 Ouagadougou -","og_description":"Le ministre des Affaires \u00e9trang\u00e8res, de l\u2019int\u00e9gration africaine et des Togolais de l\u2019ext\u00e9rieur, Robert DUSSEY \u00e9tait \u00e0 Ouagadougou ce mercredi","og_url":"https:\/\/lepoint-actu.tg\/index.php\/2023\/01\/26\/le-plein-soutien-du-togo-au-processus-de-transition-au-burkina-faso-reaffirme-ce-mercredi-a-ouagadougou\/","article_published_time":"2023-01-26T03:21:51+00:00","article_modified_time":"2023-01-26T03:21:53+00:00","og_image":[{"width":640,"height":438,"url":"https:\/\/lepoint-actu.tg\/wp-content\/uploads\/2023\/01\/Ouagadougou.jpg","type":"image\/jpeg"}],"author":"La Redaction","twitter_card":"summary_large_image","twitter_misc":{"\u00c9crit par":"La Redaction","Dur\u00e9e de lecture estim\u00e9e":"3 minutes"},"schema":{"@context":"https:\/\/schema.org","@graph":[{"@type":"WebPage","@id":"https:\/\/lepoint-actu.tg\/index.php\/2023\/01\/26\/le-plein-soutien-du-togo-au-processus-de-transition-au-burkina-faso-reaffirme-ce-mercredi-a-ouagadougou\/","url":"https:\/\/lepoint-actu.tg\/index.php\/2023\/01\/26\/le-plein-soutien-du-togo-au-processus-de-transition-au-burkina-faso-reaffirme-ce-mercredi-a-ouagadougou\/","name":"Le plein soutien du Togo au processus de transition au Burkina Faso r\u00e9affirm\u00e9 ce mercredi \u00e0 Ouagadougou -","isPartOf":{"@id":"https:\/\/lepoint-actu.tg\/#website"},"primaryImageOfPage":{"@id":"https:\/\/lepoint-actu.tg\/index.php\/2023\/01\/26\/le-plein-soutien-du-togo-au-processus-de-transition-au-burkina-faso-reaffirme-ce-mercredi-a-ouagadougou\/#primaryimage"},"image":{"@id":"https:\/\/lepoint-actu.tg\/index.php\/2023\/01\/26\/le-plein-soutien-du-togo-au-processus-de-transition-au-burkina-faso-reaffirme-ce-mercredi-a-ouagadougou\/#primaryimage"},"thumbnailUrl":"https:\/\/lepoint-actu.tg\/wp-content\/uploads\/2023\/01\/Ouagadougou.jpg","datePublished":"2023-01-26T03:21:51+00:00","dateModified":"2023-01-26T03:21:53+00:00","author":{"@id":"https:\/\/lepoint-actu.tg\/#\/schema\/person\/e4026d66cbdc205cab83e169ab7eaca1"},"breadcrumb":{"@id":"https:\/\/lepoint-actu.tg\/index.php\/2023\/01\/26\/le-plein-soutien-du-togo-au-processus-de-transition-au-burkina-faso-reaffirme-ce-mercredi-a-ouagadougou\/#breadcrumb"},"inLanguage":"fr-FR","potentialAction":[{"@type":"ReadAction","target":["https:\/\/lepoint-actu.tg\/index.php\/2023\/01\/26\/le-plein-soutien-du-togo-au-processus-de-transition-au-burkina-faso-reaffirme-ce-mercredi-a-ouagadougou\/"]}]},{"@type":"ImageObject","inLanguage":"fr-FR","@id":"https:\/\/lepoint-actu.tg\/index.php\/2023\/01\/26\/le-plein-soutien-du-togo-au-processus-de-transition-au-burkina-faso-reaffirme-ce-mercredi-a-ouagadougou\/#primaryimage","url":"https:\/\/lepoint-actu.tg\/wp-content\/uploads\/2023\/01\/Ouagadougou.jpg","contentUrl":"https:\/\/lepoint-actu.tg\/wp-content\/uploads\/2023\/01\/Ouagadougou.jpg","width":640,"height":438},{"@type":"BreadcrumbList","@id":"https:\/\/lepoint-actu.tg\/index.php\/2023\/01\/26\/le-plein-soutien-du-togo-au-processus-de-transition-au-burkina-faso-reaffirme-ce-mercredi-a-ouagadougou\/#breadcrumb","itemListElement":[{"@type":"ListItem","position":1,"name":"Accueil","item":"https:\/\/lepoint-actu.tg\/"},{"@type":"ListItem","position":2,"name":"Le plein soutien du Togo au processus de transition au Burkina Faso r\u00e9affirm\u00e9 ce mercredi \u00e0 Ouagadougou"}]},{"@type":"WebSite","@id":"https:\/\/lepoint-actu.tg\/#website","url":"https:\/\/lepoint-actu.tg\/","name":"","description":"R\u00e9c\u00e9piss\u00e9 N\u00b00022\/HAAC\/12-2020\/pL\/P, lepointactu07@gmail.com","potentialAction":[{"@type":"SearchAction","target":{"@type":"EntryPoint","urlTemplate":"https:\/\/lepoint-actu.tg\/?s={search_term_string}"},"query-input":{"@type":"PropertyValueSpecification","valueRequired":true,"valueName":"search_term_string"}}],"inLanguage":"fr-FR"},{"@type":"Person","@id":"https:\/\/lepoint-actu.tg\/#\/schema\/person\/e4026d66cbdc205cab83e169ab7eaca1","name":"La Redaction","image":{"@type":"ImageObject","inLanguage":"fr-FR","@id":"https:\/\/lepoint-actu.tg\/#\/schema\/person\/image\/","url":"https:\/\/secure.gravatar.com\/avatar\/1682a0ff7e2c36efa51c5d262eea092000ec1ce420118e6261440956730308c2?s=96&d=mm&r=g","contentUrl":"https:\/\/secure.gravatar.com\/avatar\/1682a0ff7e2c36efa51c5d262eea092000ec1ce420118e6261440956730308c2?s=96&d=mm&r=g","caption":"La Redaction"},"url":"https:\/\/lepoint-actu.tg\/index.php\/author\/raymondsama\/"}]}},"_links":{"self":[{"href":"https:\/\/lepoint-actu.tg\/index.php\/wp-json\/wp\/v2\/posts\/1342","targetHints":{"allow":["GET"]}}],"collection":[{"href":"https:\/\/lepoint-actu.tg\/index.php\/wp-json\/wp\/v2\/posts"}],"about":[{"href":"https:\/\/lepoint-actu.tg\/index.php\/wp-json\/wp\/v2\/types\/post"}],"author":[{"embeddable":true,"href":"https:\/\/lepoint-actu.tg\/index.php\/wp-json\/wp\/v2\/users\/2"}],"replies":[{"embeddable":true,"href":"https:\/\/lepoint-actu.tg\/index.php\/wp-json\/wp\/v2\/comments?post=1342"}],"version-history":[{"count":1,"href":"https:\/\/lepoint-actu.tg\/index.php\/wp-json\/wp\/v2\/posts\/1342\/revisions"}],"predecessor-version":[{"id":1344,"href":"https:\/\/lepoint-actu.tg\/index.php\/wp-json\/wp\/v2\/posts\/1342\/revisions\/1344"}],"wp:featuredmedia":[{"embeddable":true,"href":"https:\/\/lepoint-actu.tg\/index.php\/wp-json\/wp\/v2\/media\/1343"}],"wp:attachment":[{"href":"https:\/\/lepoint-actu.tg\/index.php\/wp-json\/wp\/v2\/media?parent=1342"}],"wp:term":[{"taxonomy":"category","embeddable":true,"href":"https:\/\/lepoint-actu.tg\/index.php\/wp-json\/wp\/v2\/categories?post=1342"},{"taxonomy":"post_tag","embeddable":true,"href":"https:\/\/lepoint-actu.tg\/index.php\/wp-json\/wp\/v2\/tags?post=1342"}],"curies":[{"name":"wp","href":"https:\/\/api.w.org\/{rel}","templated":true}]}}