{"id":1361,"date":"2023-01-26T04:14:13","date_gmt":"2023-01-26T04:14:13","guid":{"rendered":"https:\/\/lepoint-actu.tg\/?p=1361"},"modified":"2023-01-26T04:18:12","modified_gmt":"2023-01-26T04:18:12","slug":"fiscca-rh-travail-bien-fait-fierte-partagee-a-coopec-ilema","status":"publish","type":"post","link":"https:\/\/lepoint-actu.tg\/index.php\/2023\/01\/26\/fiscca-rh-travail-bien-fait-fierte-partagee-a-coopec-ilema\/","title":{"rendered":"FISCCA-RH\u00a0: Travail bien fait, fiert\u00e9 partag\u00e9e \u00e0 la COOPEC ILEMA"},"content":{"rendered":"\n<p><\/p>\n\n\n\n<p>Le personnel de la Coop\u00e9rative d\u2019\u00e9pargne et de cr\u00e9dit ILEMA (COOPEC ILEMA) est d\u00e9sormais mieux outill\u00e9 pour plus de r\u00e9sultats.<\/p>\n\n\n\n<p>Ils sont, selon les informations, soixante-dix (70) agents qui sur dix (10) jours, ont \u00e9t\u00e9 form\u00e9s sur les capacit\u00e9s techniques et professionnelles. C\u2019est dans le cadre d\u2019un atelier d\u00e9marr\u00e9 lundi 16 janvier 2023, \u00e0 Atakpam\u00e9 (environ 165 km au nord de Lom\u00e9) par le g\u00e9ant cabinet FISCCA-RH sur l\u2019initiative de la COOPEC ILEMA qui a b\u00e9n\u00e9fici\u00e9 de l\u2019appui financier du Fonds national d\u2019apprentissage, de formation et de perfectionnement professionnels (FNAFPP).<\/p>\n\n\n\n<figure class=\"wp-block-image size-large\"><img loading=\"lazy\" decoding=\"async\" width=\"1024\" height=\"461\" src=\"https:\/\/lepoint-actu.tg\/wp-content\/uploads\/2023\/01\/IMG-20230123-WA0094-1024x461.jpg\" alt=\"\" class=\"wp-image-1366\" srcset=\"https:\/\/lepoint-actu.tg\/wp-content\/uploads\/2023\/01\/IMG-20230123-WA0094-1024x461.jpg 1024w, https:\/\/lepoint-actu.tg\/wp-content\/uploads\/2023\/01\/IMG-20230123-WA0094-300x135.jpg 300w, https:\/\/lepoint-actu.tg\/wp-content\/uploads\/2023\/01\/IMG-20230123-WA0094-768x346.jpg 768w, https:\/\/lepoint-actu.tg\/wp-content\/uploads\/2023\/01\/IMG-20230123-WA0094.jpg 1040w\" sizes=\"auto, (max-width: 1024px) 100vw, 1024px\" \/><figcaption class=\"wp-element-caption\"><strong><em>vue partielle des participants <\/em><\/strong><\/figcaption><\/figure>\n\n\n\n<p>Am\u00e9liorer les performances techniques et professionnelles des participants afin de les rendre plus professionnels, l\u2019humain donc au centre de tout pour un meilleur avancement&nbsp;; c\u2019est l\u2019objectif dudit atelier de 10 jours qui a pris fin ce mercredi 25 janvier avec une fiert\u00e9 totale partag\u00e9e.<br>Pour Kita Dossou, Directeur g\u00e9n\u00e9ral de cette coop\u00e9rative, il s\u2019agit de permettre aux agents \u00ab&nbsp;d\u2019\u00eatre plus efficaces dans l\u2019ex\u00e9cution des t\u00e2ches&nbsp;\u00bb compte tenu&nbsp;des d\u00e9fis et exigences du secteur de la microfinance. Un son de cloche que partage aussi Kossi Ogoubi, chef d\u2019antenne du FNAFPP r\u00e9gion des plateaux qui se dit \u00eatre heureux des dix jours de formation et invite chaque participant \u00e0 mettre en pratique les outils re\u00e7us.<br>Le Directeur g\u00e9n\u00e9ral de FISCCA-RH, Awali Pidassa, s\u2019est f\u00e9licit\u00e9 de l\u2019assiduit\u00e9 des uns et des autres durant tout le long de la formation et souligne que des formations pareilles sont essentielles pour plus de resultats.<\/p>\n\n\n\n<figure class=\"wp-block-image size-full\"><img loading=\"lazy\" decoding=\"async\" width=\"756\" height=\"1008\" src=\"https:\/\/lepoint-actu.tg\/wp-content\/uploads\/2023\/01\/IMG-20230126-WA0006-1.jpg\" alt=\"\" class=\"wp-image-1367\" srcset=\"https:\/\/lepoint-actu.tg\/wp-content\/uploads\/2023\/01\/IMG-20230126-WA0006-1.jpg 756w, https:\/\/lepoint-actu.tg\/wp-content\/uploads\/2023\/01\/IMG-20230126-WA0006-1-225x300.jpg 225w\" sizes=\"auto, (max-width: 756px) 100vw, 756px\" \/><figcaption class=\"wp-element-caption\"><em><strong>Awali Pidassa, DG FISCCA-RH<\/strong><\/em><\/figcaption><\/figure>\n\n\n\n<p>En cl\u00f4turant les travaux de cette formation, le secr\u00e9taire g\u00e9n\u00e9ral de la pr\u00e9fecture de l\u2019Ogou, Kondo Kpapou, a f\u00e9licit\u00e9 COOPEC ILEMA et ses partenaires pour la tenue de cette formation qui reste n\u00e9cessaire pour le bien de tous. Il dit esp\u00e9rer de la part des participants \u00e0 cette formation, plus de dynamique d\u00e9sormais et des propositions de produits nouveaux pour aider les populations surtout les populations les plus vuln\u00e9rables.<br>A Atakpam\u00e9, dans la ville des sept collines, cet atelier de renforcement de capacit\u00e9s du personnel de la COOPEC ILEMA est ax\u00e9 sur des th\u00e9matiques comme \u00ab accueil client, communication professionnelle, techniques de recouvrement \u00e0 l&rsquo;amiable et montage de dossiers de cr\u00e9dits, performance commerciale d&rsquo;une agence de microfinance et gestion de la relation client\u00e8le \u00bb.<\/p>\n\n\n\n<p><strong>Mieux conna\u00eetre COOPEC ILEMA<\/strong><\/p>\n\n\n\n<p>COOPEC ILEMA est une grande institution de microfinance dans la r\u00e9gion des plateaux et a son si\u00e8ge \u00e0 Atakpam\u00e9, dans le quartier populaire d\u2019Agbonou. Elle est partenaire de plusieurs institutions dont le Fonds national de la finance inclusive (FNFI).<\/p>\n\n\n\n<p><strong>FISCCA-RH<\/strong><\/p>\n\n\n\n<p>FISCCA-RH, cabinet de r\u00e9f\u00e9rence dans le domaine fiscal et de formation, a une longue exp\u00e9rience en peu d\u2019ann\u00e9es d\u2019existence (moins de 7 ans de vie), en t\u00e9moignent plusieurs de ses formations d\u00e9j\u00e0 donn\u00e9es aux op\u00e9rateurs \u00e9conomiques sur tout le territoire togolais, aux personnels de plusieurs structures \u00e9tatiques ou non, \u2026<br>\u00ab Notre ambition, votre croissance ! \u00bb&nbsp;; c\u2019est bien le slogan de FISCCA-RH S.A.R.L U (fiscalit\u00e9, comptabilit\u00e9, contr\u00f4le-Audit et management des ressources humaines), qui est un cabinet sp\u00e9cialis\u00e9 en gestion administrative, gestion de projets, conseils, \u00e9tudes et formation professionnelle. Il met \u00e0 disposition des Dirigeants de soci\u00e9t\u00e9s et des Gestionnaires de Projets un ensemble de curricula pour les outiller \u00e0 atteindre leurs objectifs dans le respect du temps et des proc\u00e9dures. Ledit cabinet a son si\u00e8ge \u00e0 Lom\u00e9. Disposant d\u2019une \u00e9quipe d\u2019experts qualifi\u00e9s et professionnels, compos\u00e9e de Coachs, Consultants, Formateurs sp\u00e9cialis\u00e9s, FISCCA-RH s\u2019engage toujours \u00e0 obtenir les meilleurs r\u00e9sultats pour satisfaire au mieux les attentes de ses clients ; la satisfaction de ces derniers constituant la r\u00e9ussite de ce jeune cabinet qui s\u2019impose partout besoin dans la rigueur de ses prestations. Aux commandes de ce distingu\u00e9 cabinet fourni en mati\u00e8re de connaissance, se trouve un jeune, Awali Pidassa, qui ne sait parler que travail bien fait.<br><strong><em>Valentine Bia<\/em><\/strong><\/p>\n","protected":false},"excerpt":{"rendered":"<p>Le personnel de la Coop\u00e9rative d\u2019\u00e9pargne et de cr\u00e9dit ILEMA (COOPEC ILEMA) est d\u00e9sormais mieux outill\u00e9 pour plus de r\u00e9sultats.<\/p>\n","protected":false},"author":2,"featured_media":1370,"comment_status":"open","ping_status":"closed","sticky":false,"template":"","format":"standard","meta":{"footnotes":""},"categories":[4],"tags":[],"class_list":["post-1361","post","type-post","status-publish","format-standard","has-post-thumbnail","hentry","category-economie"],"yoast_head":"<!-- This site is optimized with the Yoast SEO plugin v23.9 - https:\/\/yoast.com\/wordpress\/plugins\/seo\/ -->\n<title>FISCCA-RH\u00a0: Travail bien fait, fiert\u00e9 partag\u00e9e \u00e0 la COOPEC ILEMA -<\/title>\n<meta name=\"robots\" content=\"index, follow, max-snippet:-1, max-image-preview:large, max-video-preview:-1\" \/>\n<link rel=\"canonical\" href=\"https:\/\/lepoint-actu.tg\/index.php\/2023\/01\/26\/fiscca-rh-travail-bien-fait-fierte-partagee-a-coopec-ilema\/\" \/>\n<meta property=\"og:locale\" content=\"fr_FR\" \/>\n<meta property=\"og:type\" content=\"article\" \/>\n<meta property=\"og:title\" content=\"FISCCA-RH\u00a0: Travail bien fait, fiert\u00e9 partag\u00e9e \u00e0 la COOPEC ILEMA -\" \/>\n<meta property=\"og:description\" content=\"Le personnel de la Coop\u00e9rative d\u2019\u00e9pargne et de cr\u00e9dit ILEMA (COOPEC ILEMA) est d\u00e9sormais mieux outill\u00e9 pour plus de r\u00e9sultats.\" \/>\n<meta property=\"og:url\" content=\"https:\/\/lepoint-actu.tg\/index.php\/2023\/01\/26\/fiscca-rh-travail-bien-fait-fierte-partagee-a-coopec-ilema\/\" \/>\n<meta property=\"article:published_time\" content=\"2023-01-26T04:14:13+00:00\" \/>\n<meta property=\"article:modified_time\" content=\"2023-01-26T04:18:12+00:00\" \/>\n<meta property=\"og:image\" content=\"https:\/\/lepoint-actu.tg\/wp-content\/uploads\/2023\/01\/IMG-20230126-WA0007.jpg\" \/>\n\t<meta property=\"og:image:width\" content=\"1008\" \/>\n\t<meta property=\"og:image:height\" content=\"454\" \/>\n\t<meta property=\"og:image:type\" content=\"image\/jpeg\" \/>\n<meta name=\"author\" content=\"La Redaction\" \/>\n<meta name=\"twitter:card\" content=\"summary_large_image\" \/>\n<meta name=\"twitter:label1\" content=\"\u00c9crit par\" \/>\n\t<meta name=\"twitter:data1\" content=\"La Redaction\" \/>\n\t<meta name=\"twitter:label2\" content=\"Dur\u00e9e de lecture estim\u00e9e\" \/>\n\t<meta name=\"twitter:data2\" content=\"4 minutes\" \/>\n<script type=\"application\/ld+json\" class=\"yoast-schema-graph\">{\"@context\":\"https:\/\/schema.org\",\"@graph\":[{\"@type\":\"WebPage\",\"@id\":\"https:\/\/lepoint-actu.tg\/index.php\/2023\/01\/26\/fiscca-rh-travail-bien-fait-fierte-partagee-a-coopec-ilema\/\",\"url\":\"https:\/\/lepoint-actu.tg\/index.php\/2023\/01\/26\/fiscca-rh-travail-bien-fait-fierte-partagee-a-coopec-ilema\/\",\"name\":\"FISCCA-RH\u00a0: Travail bien fait, fiert\u00e9 partag\u00e9e \u00e0 la COOPEC ILEMA -\",\"isPartOf\":{\"@id\":\"https:\/\/lepoint-actu.tg\/#website\"},\"primaryImageOfPage\":{\"@id\":\"https:\/\/lepoint-actu.tg\/index.php\/2023\/01\/26\/fiscca-rh-travail-bien-fait-fierte-partagee-a-coopec-ilema\/#primaryimage\"},\"image\":{\"@id\":\"https:\/\/lepoint-actu.tg\/index.php\/2023\/01\/26\/fiscca-rh-travail-bien-fait-fierte-partagee-a-coopec-ilema\/#primaryimage\"},\"thumbnailUrl\":\"https:\/\/lepoint-actu.tg\/wp-content\/uploads\/2023\/01\/IMG-20230126-WA0007.jpg\",\"datePublished\":\"2023-01-26T04:14:13+00:00\",\"dateModified\":\"2023-01-26T04:18:12+00:00\",\"author\":{\"@id\":\"https:\/\/lepoint-actu.tg\/#\/schema\/person\/e4026d66cbdc205cab83e169ab7eaca1\"},\"breadcrumb\":{\"@id\":\"https:\/\/lepoint-actu.tg\/index.php\/2023\/01\/26\/fiscca-rh-travail-bien-fait-fierte-partagee-a-coopec-ilema\/#breadcrumb\"},\"inLanguage\":\"fr-FR\",\"potentialAction\":[{\"@type\":\"ReadAction\",\"target\":[\"https:\/\/lepoint-actu.tg\/index.php\/2023\/01\/26\/fiscca-rh-travail-bien-fait-fierte-partagee-a-coopec-ilema\/\"]}]},{\"@type\":\"ImageObject\",\"inLanguage\":\"fr-FR\",\"@id\":\"https:\/\/lepoint-actu.tg\/index.php\/2023\/01\/26\/fiscca-rh-travail-bien-fait-fierte-partagee-a-coopec-ilema\/#primaryimage\",\"url\":\"https:\/\/lepoint-actu.tg\/wp-content\/uploads\/2023\/01\/IMG-20230126-WA0007.jpg\",\"contentUrl\":\"https:\/\/lepoint-actu.tg\/wp-content\/uploads\/2023\/01\/IMG-20230126-WA0007.jpg\",\"width\":1008,\"height\":454},{\"@type\":\"BreadcrumbList\",\"@id\":\"https:\/\/lepoint-actu.tg\/index.php\/2023\/01\/26\/fiscca-rh-travail-bien-fait-fierte-partagee-a-coopec-ilema\/#breadcrumb\",\"itemListElement\":[{\"@type\":\"ListItem\",\"position\":1,\"name\":\"Accueil\",\"item\":\"https:\/\/lepoint-actu.tg\/\"},{\"@type\":\"ListItem\",\"position\":2,\"name\":\"FISCCA-RH\u00a0: Travail bien fait, fiert\u00e9 partag\u00e9e \u00e0 la COOPEC ILEMA\"}]},{\"@type\":\"WebSite\",\"@id\":\"https:\/\/lepoint-actu.tg\/#website\",\"url\":\"https:\/\/lepoint-actu.tg\/\",\"name\":\"\",\"description\":\"R\u00e9c\u00e9piss\u00e9 N\u00b00022\/HAAC\/12-2020\/pL\/P, lepointactu07@gmail.com\",\"potentialAction\":[{\"@type\":\"SearchAction\",\"target\":{\"@type\":\"EntryPoint\",\"urlTemplate\":\"https:\/\/lepoint-actu.tg\/?s={search_term_string}\"},\"query-input\":{\"@type\":\"PropertyValueSpecification\",\"valueRequired\":true,\"valueName\":\"search_term_string\"}}],\"inLanguage\":\"fr-FR\"},{\"@type\":\"Person\",\"@id\":\"https:\/\/lepoint-actu.tg\/#\/schema\/person\/e4026d66cbdc205cab83e169ab7eaca1\",\"name\":\"La Redaction\",\"image\":{\"@type\":\"ImageObject\",\"inLanguage\":\"fr-FR\",\"@id\":\"https:\/\/lepoint-actu.tg\/#\/schema\/person\/image\/\",\"url\":\"https:\/\/secure.gravatar.com\/avatar\/1682a0ff7e2c36efa51c5d262eea092000ec1ce420118e6261440956730308c2?s=96&d=mm&r=g\",\"contentUrl\":\"https:\/\/secure.gravatar.com\/avatar\/1682a0ff7e2c36efa51c5d262eea092000ec1ce420118e6261440956730308c2?s=96&d=mm&r=g\",\"caption\":\"La Redaction\"},\"url\":\"https:\/\/lepoint-actu.tg\/index.php\/author\/raymondsama\/\"}]}<\/script>\n<!-- \/ Yoast SEO plugin. -->","yoast_head_json":{"title":"FISCCA-RH\u00a0: Travail bien fait, fiert\u00e9 partag\u00e9e \u00e0 la COOPEC ILEMA -","robots":{"index":"index","follow":"follow","max-snippet":"max-snippet:-1","max-image-preview":"max-image-preview:large","max-video-preview":"max-video-preview:-1"},"canonical":"https:\/\/lepoint-actu.tg\/index.php\/2023\/01\/26\/fiscca-rh-travail-bien-fait-fierte-partagee-a-coopec-ilema\/","og_locale":"fr_FR","og_type":"article","og_title":"FISCCA-RH\u00a0: Travail bien fait, fiert\u00e9 partag\u00e9e \u00e0 la COOPEC ILEMA -","og_description":"Le personnel de la Coop\u00e9rative d\u2019\u00e9pargne et de cr\u00e9dit ILEMA (COOPEC ILEMA) est d\u00e9sormais mieux outill\u00e9 pour plus de r\u00e9sultats.","og_url":"https:\/\/lepoint-actu.tg\/index.php\/2023\/01\/26\/fiscca-rh-travail-bien-fait-fierte-partagee-a-coopec-ilema\/","article_published_time":"2023-01-26T04:14:13+00:00","article_modified_time":"2023-01-26T04:18:12+00:00","og_image":[{"width":1008,"height":454,"url":"https:\/\/lepoint-actu.tg\/wp-content\/uploads\/2023\/01\/IMG-20230126-WA0007.jpg","type":"image\/jpeg"}],"author":"La Redaction","twitter_card":"summary_large_image","twitter_misc":{"\u00c9crit par":"La Redaction","Dur\u00e9e de lecture estim\u00e9e":"4 minutes"},"schema":{"@context":"https:\/\/schema.org","@graph":[{"@type":"WebPage","@id":"https:\/\/lepoint-actu.tg\/index.php\/2023\/01\/26\/fiscca-rh-travail-bien-fait-fierte-partagee-a-coopec-ilema\/","url":"https:\/\/lepoint-actu.tg\/index.php\/2023\/01\/26\/fiscca-rh-travail-bien-fait-fierte-partagee-a-coopec-ilema\/","name":"FISCCA-RH\u00a0: Travail bien fait, fiert\u00e9 partag\u00e9e \u00e0 la COOPEC ILEMA -","isPartOf":{"@id":"https:\/\/lepoint-actu.tg\/#website"},"primaryImageOfPage":{"@id":"https:\/\/lepoint-actu.tg\/index.php\/2023\/01\/26\/fiscca-rh-travail-bien-fait-fierte-partagee-a-coopec-ilema\/#primaryimage"},"image":{"@id":"https:\/\/lepoint-actu.tg\/index.php\/2023\/01\/26\/fiscca-rh-travail-bien-fait-fierte-partagee-a-coopec-ilema\/#primaryimage"},"thumbnailUrl":"https:\/\/lepoint-actu.tg\/wp-content\/uploads\/2023\/01\/IMG-20230126-WA0007.jpg","datePublished":"2023-01-26T04:14:13+00:00","dateModified":"2023-01-26T04:18:12+00:00","author":{"@id":"https:\/\/lepoint-actu.tg\/#\/schema\/person\/e4026d66cbdc205cab83e169ab7eaca1"},"breadcrumb":{"@id":"https:\/\/lepoint-actu.tg\/index.php\/2023\/01\/26\/fiscca-rh-travail-bien-fait-fierte-partagee-a-coopec-ilema\/#breadcrumb"},"inLanguage":"fr-FR","potentialAction":[{"@type":"ReadAction","target":["https:\/\/lepoint-actu.tg\/index.php\/2023\/01\/26\/fiscca-rh-travail-bien-fait-fierte-partagee-a-coopec-ilema\/"]}]},{"@type":"ImageObject","inLanguage":"fr-FR","@id":"https:\/\/lepoint-actu.tg\/index.php\/2023\/01\/26\/fiscca-rh-travail-bien-fait-fierte-partagee-a-coopec-ilema\/#primaryimage","url":"https:\/\/lepoint-actu.tg\/wp-content\/uploads\/2023\/01\/IMG-20230126-WA0007.jpg","contentUrl":"https:\/\/lepoint-actu.tg\/wp-content\/uploads\/2023\/01\/IMG-20230126-WA0007.jpg","width":1008,"height":454},{"@type":"BreadcrumbList","@id":"https:\/\/lepoint-actu.tg\/index.php\/2023\/01\/26\/fiscca-rh-travail-bien-fait-fierte-partagee-a-coopec-ilema\/#breadcrumb","itemListElement":[{"@type":"ListItem","position":1,"name":"Accueil","item":"https:\/\/lepoint-actu.tg\/"},{"@type":"ListItem","position":2,"name":"FISCCA-RH\u00a0: Travail bien fait, fiert\u00e9 partag\u00e9e \u00e0 la COOPEC ILEMA"}]},{"@type":"WebSite","@id":"https:\/\/lepoint-actu.tg\/#website","url":"https:\/\/lepoint-actu.tg\/","name":"","description":"R\u00e9c\u00e9piss\u00e9 N\u00b00022\/HAAC\/12-2020\/pL\/P, lepointactu07@gmail.com","potentialAction":[{"@type":"SearchAction","target":{"@type":"EntryPoint","urlTemplate":"https:\/\/lepoint-actu.tg\/?s={search_term_string}"},"query-input":{"@type":"PropertyValueSpecification","valueRequired":true,"valueName":"search_term_string"}}],"inLanguage":"fr-FR"},{"@type":"Person","@id":"https:\/\/lepoint-actu.tg\/#\/schema\/person\/e4026d66cbdc205cab83e169ab7eaca1","name":"La Redaction","image":{"@type":"ImageObject","inLanguage":"fr-FR","@id":"https:\/\/lepoint-actu.tg\/#\/schema\/person\/image\/","url":"https:\/\/secure.gravatar.com\/avatar\/1682a0ff7e2c36efa51c5d262eea092000ec1ce420118e6261440956730308c2?s=96&d=mm&r=g","contentUrl":"https:\/\/secure.gravatar.com\/avatar\/1682a0ff7e2c36efa51c5d262eea092000ec1ce420118e6261440956730308c2?s=96&d=mm&r=g","caption":"La Redaction"},"url":"https:\/\/lepoint-actu.tg\/index.php\/author\/raymondsama\/"}]}},"_links":{"self":[{"href":"https:\/\/lepoint-actu.tg\/index.php\/wp-json\/wp\/v2\/posts\/1361","targetHints":{"allow":["GET"]}}],"collection":[{"href":"https:\/\/lepoint-actu.tg\/index.php\/wp-json\/wp\/v2\/posts"}],"about":[{"href":"https:\/\/lepoint-actu.tg\/index.php\/wp-json\/wp\/v2\/types\/post"}],"author":[{"embeddable":true,"href":"https:\/\/lepoint-actu.tg\/index.php\/wp-json\/wp\/v2\/users\/2"}],"replies":[{"embeddable":true,"href":"https:\/\/lepoint-actu.tg\/index.php\/wp-json\/wp\/v2\/comments?post=1361"}],"version-history":[{"count":2,"href":"https:\/\/lepoint-actu.tg\/index.php\/wp-json\/wp\/v2\/posts\/1361\/revisions"}],"predecessor-version":[{"id":1369,"href":"https:\/\/lepoint-actu.tg\/index.php\/wp-json\/wp\/v2\/posts\/1361\/revisions\/1369"}],"wp:featuredmedia":[{"embeddable":true,"href":"https:\/\/lepoint-actu.tg\/index.php\/wp-json\/wp\/v2\/media\/1370"}],"wp:attachment":[{"href":"https:\/\/lepoint-actu.tg\/index.php\/wp-json\/wp\/v2\/media?parent=1361"}],"wp:term":[{"taxonomy":"category","embeddable":true,"href":"https:\/\/lepoint-actu.tg\/index.php\/wp-json\/wp\/v2\/categories?post=1361"},{"taxonomy":"post_tag","embeddable":true,"href":"https:\/\/lepoint-actu.tg\/index.php\/wp-json\/wp\/v2\/tags?post=1361"}],"curies":[{"name":"wp","href":"https:\/\/api.w.org\/{rel}","templated":true}]}}