{"id":139,"date":"2022-04-12T08:46:00","date_gmt":"2022-04-12T08:46:00","guid":{"rendered":"https:\/\/lepoint-actu.tg\/?p=139"},"modified":"2022-06-15T08:48:43","modified_gmt":"2022-06-15T08:48:43","slug":"togo-le-lycee-ablogame-sacre-champion-de-la-premiere-edition-du-concours-de-sketch","status":"publish","type":"post","link":"https:\/\/lepoint-actu.tg\/index.php\/2022\/04\/12\/togo-le-lycee-ablogame-sacre-champion-de-la-premiere-edition-du-concours-de-sketch\/","title":{"rendered":"Togo: Le lyc\u00e9e Ablogam\u00e9 sacr\u00e9 champion de la premi\u00e8re \u00e9dition du concours de sketch"},"content":{"rendered":"\n<p><\/p>\n\n\n\n<p>La grande finale du concours de sketch organis\u00e9 par l\u2019ONG cadre d\u2019aide femme enfant (CAFE) \u00e0 l\u2019endroit des \u00e9tablissements scolaires a tenu toutes ses promesses ce vendredi 08 avril 2022 sur le terrain ASFOZA \u00e0 Lom\u00e9 en pr\u00e9sence de plusieurs personnalit\u00e9s.<\/p>\n\n\n\n<p>Sous le th\u00e8me \u00abstop aux grossesses pr\u00e9coces en mieu scolaire \u00bb , ce concours , le premier du genre dans la commune golfe 1 \u00e0 Lom\u00e9 , et qui a vu la participation de sept \u00e9tablissements scolaires de la commune, se veut un cadre sp\u00e9cifique pour sensibiliser les \u00e9l\u00e8ves, les enseignants et tous les acteurs du syst\u00e8me \u00e9ducatif sur les m\u00e9faits des grossesses non d\u00e9sir\u00e9es ou pr\u00e9coces en milieu scolaire.<\/p>\n\n\n\n<p>Au thermes d\u2019une soir\u00e9e riche en couleurs en plaine d\u2019enseignements, cest le lyc\u00e9e Ablogam\u00e9 qui repart avec le troph\u00e9e mis en jeu pour cette premi\u00e8re \u00e9dition, avec comme titre du sketch \u00bb les aventures d\u2019AYABA \u00bb.<\/p>\n\n\n\n<p>\u00ab On es fi\u00e8re, c\u2019est le fruit d\u2019un dur labeur parce que le lyc\u00e9e Ablogam\u00e9 a toujours \u00e9t\u00e9 aper\u00e7u comme un lyc\u00e9e non \u00e0 la hauteur, mais on remarque que nous avons des talents. On est fi\u00e8re de d\u00e9montrer ces talents aujourd\u2019hui, qu\u2019on ait d\u00e9montr\u00e9 aux yeux du monde entier que le lyc\u00e9e Ablogam\u00e9 a plus de talents que les autres lyc\u00e9es \u00bb, s\u2019est r\u00e9jouit Charles Awounyon, surveillant au lyc\u00e9e Ablogam\u00e9<\/p>\n\n\n\n<p>Selon la directrice ex\u00e9cutive de l\u2019ONG CAFE, Sonia MOKPOKPO, initiatrice de l\u2019\u00e9v\u00e9nement, la r\u00e9alisation de ce projet rel\u00e8ve du diagnostic selon lequel il y&rsquo;a trop de grossesses pr\u00e9coces en milieu scolaire.<\/p>\n\n\n\n<p>\u00ab faut le reconna\u00eetre que les grossesses pr\u00e9coces en milieu scolaire sont sont d\u2019actualit\u00e9. Selon une enqu\u00eate r\u00e9alis\u00e9e par le minist\u00e8re de l\u2019enseignement secondaire en collaboration avec la banque mondiale , s\u2019\u00e9tait r\u00e9v\u00e9l\u00e9e que en 2020-202, plus de mille grossesses ont \u00e9t\u00e9 enregistr\u00e9es. \u00c7a interpelle les organisations de la soci\u00e9t\u00e9 que nous sommes. C\u2019est vrai qu\u2019il y a des sensibilisations qui sont faites mais il faut que nous pensions \u00e0 d\u2019autres strat\u00e9gies. Aujourd\u2019hui tous nos enfants sont scotch\u00e9s au r\u00e9seaux sociaux et \u00e0 la t\u00e9l\u00e9vision par rapport aux feuilletons et autres. Donc au niveau de CAFE nous avons ce programme qui parle de la sant\u00e9 sexuelle et reproductive dans notre plan strat\u00e9gique et nous avons r\u00e9fl\u00e9chi et adopt\u00e9 la voix du rire pour sensibiliser nos jeunes soeurs pour voir ce que \u00e7a pourrait apporter. C\u2019est d\u2019o\u00f9 nous avons lanc\u00e9 ce projet et \u00e7a suscit\u00e9 beaucoup d\u2019engouement \u00bb, a d\u00e9clar\u00e9 Sonia MOKPOKPO , directrice ex\u00e9cutive de l\u2019ONG CAFE qui n&rsquo;a pas manqu\u00e9 de f\u00e9licite le gouvernement pour les efforts consenti pour lutter contre ce fl\u00e9au.<\/p>\n\n\n\n<p><\/p>\n\n\n\n<p><strong><em>Ali L.<\/em><\/strong><\/p>\n","protected":false},"excerpt":{"rendered":"<p>La grande finale du concours de sketch organis\u00e9 par l\u2019ONG cadre d\u2019aide femme enfant (CAFE) \u00e0 l\u2019endroit des \u00e9tablissements scolaires<\/p>\n","protected":false},"author":2,"featured_media":140,"comment_status":"open","ping_status":"closed","sticky":false,"template":"","format":"standard","meta":{"footnotes":""},"categories":[1],"tags":[],"class_list":["post-139","post","type-post","status-publish","format-standard","has-post-thumbnail","hentry","category-societe"],"yoast_head":"<!-- This site is optimized with the Yoast SEO plugin v23.9 - https:\/\/yoast.com\/wordpress\/plugins\/seo\/ -->\n<title>Togo: Le lyc\u00e9e Ablogam\u00e9 sacr\u00e9 champion de la premi\u00e8re \u00e9dition du concours de sketch -<\/title>\n<meta name=\"robots\" content=\"index, follow, max-snippet:-1, max-image-preview:large, max-video-preview:-1\" \/>\n<link rel=\"canonical\" href=\"https:\/\/lepoint-actu.tg\/index.php\/2022\/04\/12\/togo-le-lycee-ablogame-sacre-champion-de-la-premiere-edition-du-concours-de-sketch\/\" \/>\n<meta property=\"og:locale\" content=\"fr_FR\" \/>\n<meta property=\"og:type\" content=\"article\" \/>\n<meta property=\"og:title\" content=\"Togo: Le lyc\u00e9e Ablogam\u00e9 sacr\u00e9 champion de la premi\u00e8re \u00e9dition du concours de sketch -\" \/>\n<meta property=\"og:description\" content=\"La grande finale du concours de sketch organis\u00e9 par l\u2019ONG cadre d\u2019aide femme enfant (CAFE) \u00e0 l\u2019endroit des \u00e9tablissements scolaires\" \/>\n<meta property=\"og:url\" content=\"https:\/\/lepoint-actu.tg\/index.php\/2022\/04\/12\/togo-le-lycee-ablogame-sacre-champion-de-la-premiere-edition-du-concours-de-sketch\/\" \/>\n<meta property=\"article:published_time\" content=\"2022-04-12T08:46:00+00:00\" \/>\n<meta property=\"article:modified_time\" content=\"2022-06-15T08:48:43+00:00\" \/>\n<meta property=\"og:image\" content=\"https:\/\/lepoint-actu.tg\/wp-content\/uploads\/2022\/06\/IMG-20220411-WA0010-768x576-1.jpg\" \/>\n\t<meta property=\"og:image:width\" content=\"768\" \/>\n\t<meta property=\"og:image:height\" content=\"576\" \/>\n\t<meta property=\"og:image:type\" content=\"image\/jpeg\" \/>\n<meta name=\"author\" content=\"La Redaction\" \/>\n<meta name=\"twitter:card\" content=\"summary_large_image\" \/>\n<meta name=\"twitter:label1\" content=\"\u00c9crit par\" \/>\n\t<meta name=\"twitter:data1\" content=\"La Redaction\" \/>\n\t<meta name=\"twitter:label2\" content=\"Dur\u00e9e de lecture estim\u00e9e\" \/>\n\t<meta name=\"twitter:data2\" content=\"3 minutes\" \/>\n<script type=\"application\/ld+json\" class=\"yoast-schema-graph\">{\"@context\":\"https:\/\/schema.org\",\"@graph\":[{\"@type\":\"WebPage\",\"@id\":\"https:\/\/lepoint-actu.tg\/index.php\/2022\/04\/12\/togo-le-lycee-ablogame-sacre-champion-de-la-premiere-edition-du-concours-de-sketch\/\",\"url\":\"https:\/\/lepoint-actu.tg\/index.php\/2022\/04\/12\/togo-le-lycee-ablogame-sacre-champion-de-la-premiere-edition-du-concours-de-sketch\/\",\"name\":\"Togo: Le lyc\u00e9e Ablogam\u00e9 sacr\u00e9 champion de la premi\u00e8re \u00e9dition du concours de sketch -\",\"isPartOf\":{\"@id\":\"https:\/\/lepoint-actu.tg\/#website\"},\"primaryImageOfPage\":{\"@id\":\"https:\/\/lepoint-actu.tg\/index.php\/2022\/04\/12\/togo-le-lycee-ablogame-sacre-champion-de-la-premiere-edition-du-concours-de-sketch\/#primaryimage\"},\"image\":{\"@id\":\"https:\/\/lepoint-actu.tg\/index.php\/2022\/04\/12\/togo-le-lycee-ablogame-sacre-champion-de-la-premiere-edition-du-concours-de-sketch\/#primaryimage\"},\"thumbnailUrl\":\"https:\/\/lepoint-actu.tg\/wp-content\/uploads\/2022\/06\/IMG-20220411-WA0010-768x576-1.jpg\",\"datePublished\":\"2022-04-12T08:46:00+00:00\",\"dateModified\":\"2022-06-15T08:48:43+00:00\",\"author\":{\"@id\":\"https:\/\/lepoint-actu.tg\/#\/schema\/person\/e4026d66cbdc205cab83e169ab7eaca1\"},\"breadcrumb\":{\"@id\":\"https:\/\/lepoint-actu.tg\/index.php\/2022\/04\/12\/togo-le-lycee-ablogame-sacre-champion-de-la-premiere-edition-du-concours-de-sketch\/#breadcrumb\"},\"inLanguage\":\"fr-FR\",\"potentialAction\":[{\"@type\":\"ReadAction\",\"target\":[\"https:\/\/lepoint-actu.tg\/index.php\/2022\/04\/12\/togo-le-lycee-ablogame-sacre-champion-de-la-premiere-edition-du-concours-de-sketch\/\"]}]},{\"@type\":\"ImageObject\",\"inLanguage\":\"fr-FR\",\"@id\":\"https:\/\/lepoint-actu.tg\/index.php\/2022\/04\/12\/togo-le-lycee-ablogame-sacre-champion-de-la-premiere-edition-du-concours-de-sketch\/#primaryimage\",\"url\":\"https:\/\/lepoint-actu.tg\/wp-content\/uploads\/2022\/06\/IMG-20220411-WA0010-768x576-1.jpg\",\"contentUrl\":\"https:\/\/lepoint-actu.tg\/wp-content\/uploads\/2022\/06\/IMG-20220411-WA0010-768x576-1.jpg\",\"width\":768,\"height\":576},{\"@type\":\"BreadcrumbList\",\"@id\":\"https:\/\/lepoint-actu.tg\/index.php\/2022\/04\/12\/togo-le-lycee-ablogame-sacre-champion-de-la-premiere-edition-du-concours-de-sketch\/#breadcrumb\",\"itemListElement\":[{\"@type\":\"ListItem\",\"position\":1,\"name\":\"Accueil\",\"item\":\"https:\/\/lepoint-actu.tg\/\"},{\"@type\":\"ListItem\",\"position\":2,\"name\":\"Togo: Le lyc\u00e9e Ablogam\u00e9 sacr\u00e9 champion de la premi\u00e8re \u00e9dition du concours de sketch\"}]},{\"@type\":\"WebSite\",\"@id\":\"https:\/\/lepoint-actu.tg\/#website\",\"url\":\"https:\/\/lepoint-actu.tg\/\",\"name\":\"\",\"description\":\"R\u00e9c\u00e9piss\u00e9 N\u00b00022\/HAAC\/12-2020\/pL\/P, lepointactu07@gmail.com\",\"potentialAction\":[{\"@type\":\"SearchAction\",\"target\":{\"@type\":\"EntryPoint\",\"urlTemplate\":\"https:\/\/lepoint-actu.tg\/?s={search_term_string}\"},\"query-input\":{\"@type\":\"PropertyValueSpecification\",\"valueRequired\":true,\"valueName\":\"search_term_string\"}}],\"inLanguage\":\"fr-FR\"},{\"@type\":\"Person\",\"@id\":\"https:\/\/lepoint-actu.tg\/#\/schema\/person\/e4026d66cbdc205cab83e169ab7eaca1\",\"name\":\"La Redaction\",\"image\":{\"@type\":\"ImageObject\",\"inLanguage\":\"fr-FR\",\"@id\":\"https:\/\/lepoint-actu.tg\/#\/schema\/person\/image\/\",\"url\":\"https:\/\/secure.gravatar.com\/avatar\/1682a0ff7e2c36efa51c5d262eea092000ec1ce420118e6261440956730308c2?s=96&d=mm&r=g\",\"contentUrl\":\"https:\/\/secure.gravatar.com\/avatar\/1682a0ff7e2c36efa51c5d262eea092000ec1ce420118e6261440956730308c2?s=96&d=mm&r=g\",\"caption\":\"La Redaction\"},\"url\":\"https:\/\/lepoint-actu.tg\/index.php\/author\/raymondsama\/\"}]}<\/script>\n<!-- \/ Yoast SEO plugin. -->","yoast_head_json":{"title":"Togo: Le lyc\u00e9e Ablogam\u00e9 sacr\u00e9 champion de la premi\u00e8re \u00e9dition du concours de sketch -","robots":{"index":"index","follow":"follow","max-snippet":"max-snippet:-1","max-image-preview":"max-image-preview:large","max-video-preview":"max-video-preview:-1"},"canonical":"https:\/\/lepoint-actu.tg\/index.php\/2022\/04\/12\/togo-le-lycee-ablogame-sacre-champion-de-la-premiere-edition-du-concours-de-sketch\/","og_locale":"fr_FR","og_type":"article","og_title":"Togo: Le lyc\u00e9e Ablogam\u00e9 sacr\u00e9 champion de la premi\u00e8re \u00e9dition du concours de sketch -","og_description":"La grande finale du concours de sketch organis\u00e9 par l\u2019ONG cadre d\u2019aide femme enfant (CAFE) \u00e0 l\u2019endroit des \u00e9tablissements scolaires","og_url":"https:\/\/lepoint-actu.tg\/index.php\/2022\/04\/12\/togo-le-lycee-ablogame-sacre-champion-de-la-premiere-edition-du-concours-de-sketch\/","article_published_time":"2022-04-12T08:46:00+00:00","article_modified_time":"2022-06-15T08:48:43+00:00","og_image":[{"width":768,"height":576,"url":"https:\/\/lepoint-actu.tg\/wp-content\/uploads\/2022\/06\/IMG-20220411-WA0010-768x576-1.jpg","type":"image\/jpeg"}],"author":"La Redaction","twitter_card":"summary_large_image","twitter_misc":{"\u00c9crit par":"La Redaction","Dur\u00e9e de lecture estim\u00e9e":"3 minutes"},"schema":{"@context":"https:\/\/schema.org","@graph":[{"@type":"WebPage","@id":"https:\/\/lepoint-actu.tg\/index.php\/2022\/04\/12\/togo-le-lycee-ablogame-sacre-champion-de-la-premiere-edition-du-concours-de-sketch\/","url":"https:\/\/lepoint-actu.tg\/index.php\/2022\/04\/12\/togo-le-lycee-ablogame-sacre-champion-de-la-premiere-edition-du-concours-de-sketch\/","name":"Togo: Le lyc\u00e9e Ablogam\u00e9 sacr\u00e9 champion de la premi\u00e8re \u00e9dition du concours de sketch -","isPartOf":{"@id":"https:\/\/lepoint-actu.tg\/#website"},"primaryImageOfPage":{"@id":"https:\/\/lepoint-actu.tg\/index.php\/2022\/04\/12\/togo-le-lycee-ablogame-sacre-champion-de-la-premiere-edition-du-concours-de-sketch\/#primaryimage"},"image":{"@id":"https:\/\/lepoint-actu.tg\/index.php\/2022\/04\/12\/togo-le-lycee-ablogame-sacre-champion-de-la-premiere-edition-du-concours-de-sketch\/#primaryimage"},"thumbnailUrl":"https:\/\/lepoint-actu.tg\/wp-content\/uploads\/2022\/06\/IMG-20220411-WA0010-768x576-1.jpg","datePublished":"2022-04-12T08:46:00+00:00","dateModified":"2022-06-15T08:48:43+00:00","author":{"@id":"https:\/\/lepoint-actu.tg\/#\/schema\/person\/e4026d66cbdc205cab83e169ab7eaca1"},"breadcrumb":{"@id":"https:\/\/lepoint-actu.tg\/index.php\/2022\/04\/12\/togo-le-lycee-ablogame-sacre-champion-de-la-premiere-edition-du-concours-de-sketch\/#breadcrumb"},"inLanguage":"fr-FR","potentialAction":[{"@type":"ReadAction","target":["https:\/\/lepoint-actu.tg\/index.php\/2022\/04\/12\/togo-le-lycee-ablogame-sacre-champion-de-la-premiere-edition-du-concours-de-sketch\/"]}]},{"@type":"ImageObject","inLanguage":"fr-FR","@id":"https:\/\/lepoint-actu.tg\/index.php\/2022\/04\/12\/togo-le-lycee-ablogame-sacre-champion-de-la-premiere-edition-du-concours-de-sketch\/#primaryimage","url":"https:\/\/lepoint-actu.tg\/wp-content\/uploads\/2022\/06\/IMG-20220411-WA0010-768x576-1.jpg","contentUrl":"https:\/\/lepoint-actu.tg\/wp-content\/uploads\/2022\/06\/IMG-20220411-WA0010-768x576-1.jpg","width":768,"height":576},{"@type":"BreadcrumbList","@id":"https:\/\/lepoint-actu.tg\/index.php\/2022\/04\/12\/togo-le-lycee-ablogame-sacre-champion-de-la-premiere-edition-du-concours-de-sketch\/#breadcrumb","itemListElement":[{"@type":"ListItem","position":1,"name":"Accueil","item":"https:\/\/lepoint-actu.tg\/"},{"@type":"ListItem","position":2,"name":"Togo: Le lyc\u00e9e Ablogam\u00e9 sacr\u00e9 champion de la premi\u00e8re \u00e9dition du concours de sketch"}]},{"@type":"WebSite","@id":"https:\/\/lepoint-actu.tg\/#website","url":"https:\/\/lepoint-actu.tg\/","name":"","description":"R\u00e9c\u00e9piss\u00e9 N\u00b00022\/HAAC\/12-2020\/pL\/P, lepointactu07@gmail.com","potentialAction":[{"@type":"SearchAction","target":{"@type":"EntryPoint","urlTemplate":"https:\/\/lepoint-actu.tg\/?s={search_term_string}"},"query-input":{"@type":"PropertyValueSpecification","valueRequired":true,"valueName":"search_term_string"}}],"inLanguage":"fr-FR"},{"@type":"Person","@id":"https:\/\/lepoint-actu.tg\/#\/schema\/person\/e4026d66cbdc205cab83e169ab7eaca1","name":"La Redaction","image":{"@type":"ImageObject","inLanguage":"fr-FR","@id":"https:\/\/lepoint-actu.tg\/#\/schema\/person\/image\/","url":"https:\/\/secure.gravatar.com\/avatar\/1682a0ff7e2c36efa51c5d262eea092000ec1ce420118e6261440956730308c2?s=96&d=mm&r=g","contentUrl":"https:\/\/secure.gravatar.com\/avatar\/1682a0ff7e2c36efa51c5d262eea092000ec1ce420118e6261440956730308c2?s=96&d=mm&r=g","caption":"La Redaction"},"url":"https:\/\/lepoint-actu.tg\/index.php\/author\/raymondsama\/"}]}},"_links":{"self":[{"href":"https:\/\/lepoint-actu.tg\/index.php\/wp-json\/wp\/v2\/posts\/139","targetHints":{"allow":["GET"]}}],"collection":[{"href":"https:\/\/lepoint-actu.tg\/index.php\/wp-json\/wp\/v2\/posts"}],"about":[{"href":"https:\/\/lepoint-actu.tg\/index.php\/wp-json\/wp\/v2\/types\/post"}],"author":[{"embeddable":true,"href":"https:\/\/lepoint-actu.tg\/index.php\/wp-json\/wp\/v2\/users\/2"}],"replies":[{"embeddable":true,"href":"https:\/\/lepoint-actu.tg\/index.php\/wp-json\/wp\/v2\/comments?post=139"}],"version-history":[{"count":1,"href":"https:\/\/lepoint-actu.tg\/index.php\/wp-json\/wp\/v2\/posts\/139\/revisions"}],"predecessor-version":[{"id":141,"href":"https:\/\/lepoint-actu.tg\/index.php\/wp-json\/wp\/v2\/posts\/139\/revisions\/141"}],"wp:featuredmedia":[{"embeddable":true,"href":"https:\/\/lepoint-actu.tg\/index.php\/wp-json\/wp\/v2\/media\/140"}],"wp:attachment":[{"href":"https:\/\/lepoint-actu.tg\/index.php\/wp-json\/wp\/v2\/media?parent=139"}],"wp:term":[{"taxonomy":"category","embeddable":true,"href":"https:\/\/lepoint-actu.tg\/index.php\/wp-json\/wp\/v2\/categories?post=139"},{"taxonomy":"post_tag","embeddable":true,"href":"https:\/\/lepoint-actu.tg\/index.php\/wp-json\/wp\/v2\/tags?post=139"}],"curies":[{"name":"wp","href":"https:\/\/api.w.org\/{rel}","templated":true}]}}