{"id":1424,"date":"2023-02-06T14:47:51","date_gmt":"2023-02-06T14:47:51","guid":{"rendered":"https:\/\/lepoint-actu.tg\/?p=1424"},"modified":"2023-02-08T17:12:55","modified_gmt":"2023-02-08T17:12:55","slug":"2eme-edition-du-mipl-tendances-events-recidive-pour-la-bonne-cause","status":"publish","type":"post","link":"https:\/\/lepoint-actu.tg\/index.php\/2023\/02\/06\/2eme-edition-du-mipl-tendances-events-recidive-pour-la-bonne-cause\/","title":{"rendered":"2\u00e8me \u00e9dition du MIPL\u00a0: Tendances events r\u00e9cidive pour la bonne cause"},"content":{"rendered":"\n<p><br>L\u2019acte 02 du Marathon international de la paix de Lom\u00e9 (MIPL) a \u00e9t\u00e9 Lanc\u00e9 le 04 f\u00e9vrier dernier \u00e0 Kara (nord de Lom\u00e9). C\u2019Etait \u00e0 l\u2019occasion d\u2019une c\u00e9r\u00e9monie pr\u00e9sid\u00e9e par Dr Lidi Bessi Kama, ministre en charge des sports et des loisirs.<\/p>\n\n\n\n<figure class=\"wp-block-image size-large is-resized\"><img loading=\"lazy\" decoding=\"async\" src=\"https:\/\/lepoint-actu.tg\/wp-content\/uploads\/2023\/02\/IMG_20230204_153405_278-1024x768.jpg\" alt=\"\" class=\"wp-image-1426\" width=\"325\" height=\"243\" srcset=\"https:\/\/lepoint-actu.tg\/wp-content\/uploads\/2023\/02\/IMG_20230204_153405_278-1024x768.jpg 1024w, https:\/\/lepoint-actu.tg\/wp-content\/uploads\/2023\/02\/IMG_20230204_153405_278-300x225.jpg 300w, https:\/\/lepoint-actu.tg\/wp-content\/uploads\/2023\/02\/IMG_20230204_153405_278-768x576.jpg 768w, https:\/\/lepoint-actu.tg\/wp-content\/uploads\/2023\/02\/IMG_20230204_153405_278-1536x1152.jpg 1536w, https:\/\/lepoint-actu.tg\/wp-content\/uploads\/2023\/02\/IMG_20230204_153405_278-2048x1536.jpg 2048w\" sizes=\"auto, (max-width: 325px) 100vw, 325px\" \/><figcaption class=\"wp-element-caption\"><strong><em>Table d&rsquo;honneur au lancement <\/em><\/strong><\/figcaption><\/figure>\n\n\n\n<p><br>\u00ab&nbsp;Le climat, notre priorit\u00e9 \u00bb. C\u2019est le th\u00e8me autour duquel aura lieu l\u2019\u00e9dition 2023 du MIPL, une \u00e9dition dont une c\u00e9r\u00e9monie de lancement avec \u00e0 la cl\u00e9 une caravane coupl\u00e9e d\u2019une conf\u00e9rence de presse annonce les couleurs pour le 02 d\u00e9cembre prochain. Un th\u00e8me que justifie \u00ab&nbsp;Tendances events&nbsp;\u00bb, structure organisatrice dudit \u00e9v\u00e8nement, pour qui il est question \u00ab&nbsp;de consolider le climat de Paix et de Solidarit\u00e9 qui a toujours&nbsp;r\u00e9gn\u00e9&nbsp;\u00bb au Togo&nbsp;\u00ab&nbsp;et \u00e0 sensibiliser par la m\u00eame occasion sur les actions \u00e0 mener pour lutter contre les perturbations climatiques li\u00e9es aux actions humaines&nbsp;\u00bb.<\/p>\n\n\n\n<figure class=\"wp-block-image size-large\"><img loading=\"lazy\" decoding=\"async\" width=\"1024\" height=\"768\" src=\"https:\/\/lepoint-actu.tg\/wp-content\/uploads\/2023\/02\/IMG_20230204_145636_607-1024x768.jpg\" alt=\"\" class=\"wp-image-1427\" srcset=\"https:\/\/lepoint-actu.tg\/wp-content\/uploads\/2023\/02\/IMG_20230204_145636_607-1024x768.jpg 1024w, https:\/\/lepoint-actu.tg\/wp-content\/uploads\/2023\/02\/IMG_20230204_145636_607-300x225.jpg 300w, https:\/\/lepoint-actu.tg\/wp-content\/uploads\/2023\/02\/IMG_20230204_145636_607-768x576.jpg 768w, https:\/\/lepoint-actu.tg\/wp-content\/uploads\/2023\/02\/IMG_20230204_145636_607-1536x1152.jpg 1536w, https:\/\/lepoint-actu.tg\/wp-content\/uploads\/2023\/02\/IMG_20230204_145636_607-2048x1536.jpg 2048w\" sizes=\"auto, (max-width: 1024px) 100vw, 1024px\" \/><figcaption class=\"wp-element-caption\"><em><strong>vue partielle du public en salle de la conf\u00e9rence de presse <\/strong><\/em><\/figcaption><\/figure>\n\n\n\n<p><br>\u00ab&nbsp;Comme nous le savons tous, le monde est \u00e0 une \u00e9poque cruciale pour l\u2019avenir de la plan\u00e8te terre, caract\u00e9ris\u00e9e par le changement climatique et ses cons\u00e9quences n\u00e9gatives telles que la destruction de la biodiversit\u00e9, la d\u00e9t\u00e9rioration de la qualit\u00e9 de l&rsquo;\u00e9cosyst\u00e8me, les perturbations saisonni\u00e8res, l&rsquo;\u00e9rosion c\u00f4ti\u00e8re, etc. Pour relever ces d\u00e9fis, le gouvernement togolais prend des initiatives pour pr\u00e9server l&rsquo;environnement et le cadre de vie de ses citoyens, contribuant ainsi \u00e0 l\u2019effort mondial de la qu\u00eate d\u2019un d\u00e9veloppement durable. Nous devons tous soutenir les efforts du gouvernement dans ce sens&nbsp;\u00bb, a d\u00e9clar\u00e9 avec force Latif Marius Agoro K\u00e9rim-Dik\u00e9ni, Directeur g\u00e9n\u00e9ral de \u00ab Tendances Events \u00bb qui n\u2019a pas manqu\u00e9 de remercier, de manifester toute sa gratitude aux Plus hautes autorit\u00e9s togolaises \u00ab qui ne m\u00e9nagent aucun effort pour assurer la s\u00e9curit\u00e9 et la paix, gage de toute action de d\u00e9veloppement \u00bb.<br><strong>MIPL, un levier de d\u00e9veloppement<\/strong><br>Le sport dans son ensemble reste un secteur de d\u00e9veloppement et l\u2019on compte tout faire pour d\u00e9montrer cela par un \u00e9v\u00e9nement annuel de taille qu\u2019est le MIPL. \u00ab&nbsp;Tendance Events entend ainsi faire du Marathon International de la Paix de Lom\u00e9 l\u2019\u00e9v\u00e8nement annuel sportif tant attendu de tous et qui constitue un v\u00e9ritable levier de d\u00e9veloppement touristique, \u00e9conomique et social pour notre pays (le Togo&nbsp;: ndlr), a clarifi\u00e9 M. K\u00e9rim-Dik\u00e9ni.<\/p>\n\n\n\n<figure class=\"wp-block-image size-large is-resized\"><img loading=\"lazy\" decoding=\"async\" src=\"https:\/\/lepoint-actu.tg\/wp-content\/uploads\/2023\/02\/IMG_20230204_154947_119-1024x768.jpg\" alt=\"\" class=\"wp-image-1428\" width=\"281\" height=\"211\" srcset=\"https:\/\/lepoint-actu.tg\/wp-content\/uploads\/2023\/02\/IMG_20230204_154947_119-1024x768.jpg 1024w, https:\/\/lepoint-actu.tg\/wp-content\/uploads\/2023\/02\/IMG_20230204_154947_119-300x225.jpg 300w, https:\/\/lepoint-actu.tg\/wp-content\/uploads\/2023\/02\/IMG_20230204_154947_119-768x576.jpg 768w, https:\/\/lepoint-actu.tg\/wp-content\/uploads\/2023\/02\/IMG_20230204_154947_119-1536x1152.jpg 1536w, https:\/\/lepoint-actu.tg\/wp-content\/uploads\/2023\/02\/IMG_20230204_154947_119-2048x1536.jpg 2048w\" sizes=\"auto, (max-width: 281px) 100vw, 281px\" \/><figcaption class=\"wp-element-caption\"><em><strong>DG K\u00e9rim-Dik\u00e9ni<\/strong><\/em><\/figcaption><\/figure>\n\n\n\n<p><br>Selon lui, la premi\u00e8re \u00e9dition \u00e9tait d\u00e9j\u00e0 un coup d\u2019essai bien r\u00e9ussi mais l\u2019\u00e9dition suivante qui s\u2019annonce promet \u00e9norm\u00e9ment en termes d\u2019enjeux&nbsp;; il y a des athl\u00e8tes internationaux notamment Ethiopiens, K\u00e9nyan, qui ont annonc\u00e9 d\u00e9j\u00e0 leur arriv\u00e9e et m\u00eame veulent \u00eatre ambassadeurs de l\u2019\u00e9v\u00e8nement et qui comptent drainer suffisamment leurs coll\u00e8gues des diff\u00e9rents pays dans le monde.<br>Pour Dr Lidi Bessi Kama ministre en charge des sports et des loisirs qui, dans ses mots de circonstance, a salu\u00e9 les efforts du Chef de l\u2019Etat Faure Essozimna Gnassingb\u00e9 et lui a rendu un \u00ab&nbsp;hommage appuy\u00e9 pour sa politique qui vise \u00e0 ennoblir le sport togolais en g\u00e9n\u00e9ral et l\u2019athl\u00e9tisme en particulier&nbsp;\u00bb, le MIPL n\u2019est qu\u2019\u00e0 sa 1\u00e8me \u00e9dition, \u00ab&nbsp;mais d\u00e9j\u00e0, il se positionne comme l\u2019un des \u00e9v\u00e8nements sportifs de grande envergure et des mieux structur\u00e9s&nbsp;\u00bb. \u00ab&nbsp;La c\u00e9r\u00e9monie de cet apr\u00e8s-midi (apr\u00e8s-midi du samedi 04 f\u00e9vrier 2023&nbsp;: ndlr) donne la preuve irr\u00e9futable que le minist\u00e8re des sports et des loisirs et les organisateurs entendent jouer pleinement leur partition pour assurer sa post\u00e9rit\u00e9&nbsp;\u00bb, poursuit madame le ministre qui estime que ladite c\u00e9r\u00e9monie vient concr\u00e9tiser la volont\u00e9 affich\u00e9e du minist\u00e8re des sports et du directeur g\u00e9n\u00e9ral de l\u2019entreprise \u00ab Tendances Events \u00bb de se servir de l\u2019athl\u00e9tisme pour renforcer le vivre ensemble, la coh\u00e9sion sociale et b\u00e2tir une soci\u00e9t\u00e9 paisible.<\/p>\n\n\n\n<p><strong><em>Jules T\u00e9t\u00e9 <\/em><\/strong><\/p>\n","protected":false},"excerpt":{"rendered":"<p>L\u2019acte 02 du Marathon international de la paix de Lom\u00e9 (MIPL) a \u00e9t\u00e9 Lanc\u00e9 le 04 f\u00e9vrier dernier \u00e0 Kara<\/p>\n","protected":false},"author":2,"featured_media":1425,"comment_status":"open","ping_status":"closed","sticky":false,"template":"","format":"standard","meta":{"footnotes":""},"categories":[1],"tags":[],"class_list":["post-1424","post","type-post","status-publish","format-standard","has-post-thumbnail","hentry","category-societe"],"yoast_head":"<!-- This site is optimized with the Yoast SEO plugin v23.9 - https:\/\/yoast.com\/wordpress\/plugins\/seo\/ -->\n<title>2\u00e8me \u00e9dition du MIPL\u00a0: Tendances events r\u00e9cidive pour la bonne cause -<\/title>\n<meta name=\"robots\" content=\"index, follow, max-snippet:-1, max-image-preview:large, max-video-preview:-1\" \/>\n<link rel=\"canonical\" href=\"https:\/\/lepoint-actu.tg\/index.php\/2023\/02\/06\/2eme-edition-du-mipl-tendances-events-recidive-pour-la-bonne-cause\/\" \/>\n<meta property=\"og:locale\" content=\"fr_FR\" \/>\n<meta property=\"og:type\" content=\"article\" \/>\n<meta property=\"og:title\" content=\"2\u00e8me \u00e9dition du MIPL\u00a0: Tendances events r\u00e9cidive pour la bonne cause -\" \/>\n<meta property=\"og:description\" content=\"L\u2019acte 02 du Marathon international de la paix de Lom\u00e9 (MIPL) a \u00e9t\u00e9 Lanc\u00e9 le 04 f\u00e9vrier dernier \u00e0 Kara\" \/>\n<meta property=\"og:url\" content=\"https:\/\/lepoint-actu.tg\/index.php\/2023\/02\/06\/2eme-edition-du-mipl-tendances-events-recidive-pour-la-bonne-cause\/\" \/>\n<meta property=\"article:published_time\" content=\"2023-02-06T14:47:51+00:00\" \/>\n<meta property=\"article:modified_time\" content=\"2023-02-08T17:12:55+00:00\" \/>\n<meta property=\"og:image\" content=\"https:\/\/lepoint-actu.tg\/wp-content\/uploads\/2023\/02\/IMG-20230207-WA0084.jpg\" \/>\n\t<meta property=\"og:image:width\" content=\"1040\" \/>\n\t<meta property=\"og:image:height\" content=\"780\" \/>\n\t<meta property=\"og:image:type\" content=\"image\/jpeg\" \/>\n<meta name=\"author\" content=\"La Redaction\" \/>\n<meta name=\"twitter:card\" content=\"summary_large_image\" \/>\n<meta name=\"twitter:label1\" content=\"\u00c9crit par\" \/>\n\t<meta name=\"twitter:data1\" content=\"La Redaction\" \/>\n\t<meta name=\"twitter:label2\" content=\"Dur\u00e9e de lecture estim\u00e9e\" \/>\n\t<meta name=\"twitter:data2\" content=\"4 minutes\" \/>\n<script type=\"application\/ld+json\" class=\"yoast-schema-graph\">{\"@context\":\"https:\/\/schema.org\",\"@graph\":[{\"@type\":\"WebPage\",\"@id\":\"https:\/\/lepoint-actu.tg\/index.php\/2023\/02\/06\/2eme-edition-du-mipl-tendances-events-recidive-pour-la-bonne-cause\/\",\"url\":\"https:\/\/lepoint-actu.tg\/index.php\/2023\/02\/06\/2eme-edition-du-mipl-tendances-events-recidive-pour-la-bonne-cause\/\",\"name\":\"2\u00e8me \u00e9dition du MIPL\u00a0: Tendances events r\u00e9cidive pour la bonne cause -\",\"isPartOf\":{\"@id\":\"https:\/\/lepoint-actu.tg\/#website\"},\"primaryImageOfPage\":{\"@id\":\"https:\/\/lepoint-actu.tg\/index.php\/2023\/02\/06\/2eme-edition-du-mipl-tendances-events-recidive-pour-la-bonne-cause\/#primaryimage\"},\"image\":{\"@id\":\"https:\/\/lepoint-actu.tg\/index.php\/2023\/02\/06\/2eme-edition-du-mipl-tendances-events-recidive-pour-la-bonne-cause\/#primaryimage\"},\"thumbnailUrl\":\"https:\/\/lepoint-actu.tg\/wp-content\/uploads\/2023\/02\/IMG-20230207-WA0084.jpg\",\"datePublished\":\"2023-02-06T14:47:51+00:00\",\"dateModified\":\"2023-02-08T17:12:55+00:00\",\"author\":{\"@id\":\"https:\/\/lepoint-actu.tg\/#\/schema\/person\/e4026d66cbdc205cab83e169ab7eaca1\"},\"breadcrumb\":{\"@id\":\"https:\/\/lepoint-actu.tg\/index.php\/2023\/02\/06\/2eme-edition-du-mipl-tendances-events-recidive-pour-la-bonne-cause\/#breadcrumb\"},\"inLanguage\":\"fr-FR\",\"potentialAction\":[{\"@type\":\"ReadAction\",\"target\":[\"https:\/\/lepoint-actu.tg\/index.php\/2023\/02\/06\/2eme-edition-du-mipl-tendances-events-recidive-pour-la-bonne-cause\/\"]}]},{\"@type\":\"ImageObject\",\"inLanguage\":\"fr-FR\",\"@id\":\"https:\/\/lepoint-actu.tg\/index.php\/2023\/02\/06\/2eme-edition-du-mipl-tendances-events-recidive-pour-la-bonne-cause\/#primaryimage\",\"url\":\"https:\/\/lepoint-actu.tg\/wp-content\/uploads\/2023\/02\/IMG-20230207-WA0084.jpg\",\"contentUrl\":\"https:\/\/lepoint-actu.tg\/wp-content\/uploads\/2023\/02\/IMG-20230207-WA0084.jpg\",\"width\":1040,\"height\":780},{\"@type\":\"BreadcrumbList\",\"@id\":\"https:\/\/lepoint-actu.tg\/index.php\/2023\/02\/06\/2eme-edition-du-mipl-tendances-events-recidive-pour-la-bonne-cause\/#breadcrumb\",\"itemListElement\":[{\"@type\":\"ListItem\",\"position\":1,\"name\":\"Accueil\",\"item\":\"https:\/\/lepoint-actu.tg\/\"},{\"@type\":\"ListItem\",\"position\":2,\"name\":\"2\u00e8me \u00e9dition du MIPL\u00a0: Tendances events r\u00e9cidive pour la bonne cause\"}]},{\"@type\":\"WebSite\",\"@id\":\"https:\/\/lepoint-actu.tg\/#website\",\"url\":\"https:\/\/lepoint-actu.tg\/\",\"name\":\"\",\"description\":\"R\u00e9c\u00e9piss\u00e9 N\u00b00022\/HAAC\/12-2020\/pL\/P, lepointactu07@gmail.com\",\"potentialAction\":[{\"@type\":\"SearchAction\",\"target\":{\"@type\":\"EntryPoint\",\"urlTemplate\":\"https:\/\/lepoint-actu.tg\/?s={search_term_string}\"},\"query-input\":{\"@type\":\"PropertyValueSpecification\",\"valueRequired\":true,\"valueName\":\"search_term_string\"}}],\"inLanguage\":\"fr-FR\"},{\"@type\":\"Person\",\"@id\":\"https:\/\/lepoint-actu.tg\/#\/schema\/person\/e4026d66cbdc205cab83e169ab7eaca1\",\"name\":\"La Redaction\",\"image\":{\"@type\":\"ImageObject\",\"inLanguage\":\"fr-FR\",\"@id\":\"https:\/\/lepoint-actu.tg\/#\/schema\/person\/image\/\",\"url\":\"https:\/\/secure.gravatar.com\/avatar\/1682a0ff7e2c36efa51c5d262eea092000ec1ce420118e6261440956730308c2?s=96&d=mm&r=g\",\"contentUrl\":\"https:\/\/secure.gravatar.com\/avatar\/1682a0ff7e2c36efa51c5d262eea092000ec1ce420118e6261440956730308c2?s=96&d=mm&r=g\",\"caption\":\"La Redaction\"},\"url\":\"https:\/\/lepoint-actu.tg\/index.php\/author\/raymondsama\/\"}]}<\/script>\n<!-- \/ Yoast SEO plugin. -->","yoast_head_json":{"title":"2\u00e8me \u00e9dition du MIPL\u00a0: Tendances events r\u00e9cidive pour la bonne cause -","robots":{"index":"index","follow":"follow","max-snippet":"max-snippet:-1","max-image-preview":"max-image-preview:large","max-video-preview":"max-video-preview:-1"},"canonical":"https:\/\/lepoint-actu.tg\/index.php\/2023\/02\/06\/2eme-edition-du-mipl-tendances-events-recidive-pour-la-bonne-cause\/","og_locale":"fr_FR","og_type":"article","og_title":"2\u00e8me \u00e9dition du MIPL\u00a0: Tendances events r\u00e9cidive pour la bonne cause -","og_description":"L\u2019acte 02 du Marathon international de la paix de Lom\u00e9 (MIPL) a \u00e9t\u00e9 Lanc\u00e9 le 04 f\u00e9vrier dernier \u00e0 Kara","og_url":"https:\/\/lepoint-actu.tg\/index.php\/2023\/02\/06\/2eme-edition-du-mipl-tendances-events-recidive-pour-la-bonne-cause\/","article_published_time":"2023-02-06T14:47:51+00:00","article_modified_time":"2023-02-08T17:12:55+00:00","og_image":[{"width":1040,"height":780,"url":"https:\/\/lepoint-actu.tg\/wp-content\/uploads\/2023\/02\/IMG-20230207-WA0084.jpg","type":"image\/jpeg"}],"author":"La Redaction","twitter_card":"summary_large_image","twitter_misc":{"\u00c9crit par":"La Redaction","Dur\u00e9e de lecture estim\u00e9e":"4 minutes"},"schema":{"@context":"https:\/\/schema.org","@graph":[{"@type":"WebPage","@id":"https:\/\/lepoint-actu.tg\/index.php\/2023\/02\/06\/2eme-edition-du-mipl-tendances-events-recidive-pour-la-bonne-cause\/","url":"https:\/\/lepoint-actu.tg\/index.php\/2023\/02\/06\/2eme-edition-du-mipl-tendances-events-recidive-pour-la-bonne-cause\/","name":"2\u00e8me \u00e9dition du MIPL\u00a0: Tendances events r\u00e9cidive pour la bonne cause -","isPartOf":{"@id":"https:\/\/lepoint-actu.tg\/#website"},"primaryImageOfPage":{"@id":"https:\/\/lepoint-actu.tg\/index.php\/2023\/02\/06\/2eme-edition-du-mipl-tendances-events-recidive-pour-la-bonne-cause\/#primaryimage"},"image":{"@id":"https:\/\/lepoint-actu.tg\/index.php\/2023\/02\/06\/2eme-edition-du-mipl-tendances-events-recidive-pour-la-bonne-cause\/#primaryimage"},"thumbnailUrl":"https:\/\/lepoint-actu.tg\/wp-content\/uploads\/2023\/02\/IMG-20230207-WA0084.jpg","datePublished":"2023-02-06T14:47:51+00:00","dateModified":"2023-02-08T17:12:55+00:00","author":{"@id":"https:\/\/lepoint-actu.tg\/#\/schema\/person\/e4026d66cbdc205cab83e169ab7eaca1"},"breadcrumb":{"@id":"https:\/\/lepoint-actu.tg\/index.php\/2023\/02\/06\/2eme-edition-du-mipl-tendances-events-recidive-pour-la-bonne-cause\/#breadcrumb"},"inLanguage":"fr-FR","potentialAction":[{"@type":"ReadAction","target":["https:\/\/lepoint-actu.tg\/index.php\/2023\/02\/06\/2eme-edition-du-mipl-tendances-events-recidive-pour-la-bonne-cause\/"]}]},{"@type":"ImageObject","inLanguage":"fr-FR","@id":"https:\/\/lepoint-actu.tg\/index.php\/2023\/02\/06\/2eme-edition-du-mipl-tendances-events-recidive-pour-la-bonne-cause\/#primaryimage","url":"https:\/\/lepoint-actu.tg\/wp-content\/uploads\/2023\/02\/IMG-20230207-WA0084.jpg","contentUrl":"https:\/\/lepoint-actu.tg\/wp-content\/uploads\/2023\/02\/IMG-20230207-WA0084.jpg","width":1040,"height":780},{"@type":"BreadcrumbList","@id":"https:\/\/lepoint-actu.tg\/index.php\/2023\/02\/06\/2eme-edition-du-mipl-tendances-events-recidive-pour-la-bonne-cause\/#breadcrumb","itemListElement":[{"@type":"ListItem","position":1,"name":"Accueil","item":"https:\/\/lepoint-actu.tg\/"},{"@type":"ListItem","position":2,"name":"2\u00e8me \u00e9dition du MIPL\u00a0: Tendances events r\u00e9cidive pour la bonne cause"}]},{"@type":"WebSite","@id":"https:\/\/lepoint-actu.tg\/#website","url":"https:\/\/lepoint-actu.tg\/","name":"","description":"R\u00e9c\u00e9piss\u00e9 N\u00b00022\/HAAC\/12-2020\/pL\/P, lepointactu07@gmail.com","potentialAction":[{"@type":"SearchAction","target":{"@type":"EntryPoint","urlTemplate":"https:\/\/lepoint-actu.tg\/?s={search_term_string}"},"query-input":{"@type":"PropertyValueSpecification","valueRequired":true,"valueName":"search_term_string"}}],"inLanguage":"fr-FR"},{"@type":"Person","@id":"https:\/\/lepoint-actu.tg\/#\/schema\/person\/e4026d66cbdc205cab83e169ab7eaca1","name":"La Redaction","image":{"@type":"ImageObject","inLanguage":"fr-FR","@id":"https:\/\/lepoint-actu.tg\/#\/schema\/person\/image\/","url":"https:\/\/secure.gravatar.com\/avatar\/1682a0ff7e2c36efa51c5d262eea092000ec1ce420118e6261440956730308c2?s=96&d=mm&r=g","contentUrl":"https:\/\/secure.gravatar.com\/avatar\/1682a0ff7e2c36efa51c5d262eea092000ec1ce420118e6261440956730308c2?s=96&d=mm&r=g","caption":"La Redaction"},"url":"https:\/\/lepoint-actu.tg\/index.php\/author\/raymondsama\/"}]}},"_links":{"self":[{"href":"https:\/\/lepoint-actu.tg\/index.php\/wp-json\/wp\/v2\/posts\/1424","targetHints":{"allow":["GET"]}}],"collection":[{"href":"https:\/\/lepoint-actu.tg\/index.php\/wp-json\/wp\/v2\/posts"}],"about":[{"href":"https:\/\/lepoint-actu.tg\/index.php\/wp-json\/wp\/v2\/types\/post"}],"author":[{"embeddable":true,"href":"https:\/\/lepoint-actu.tg\/index.php\/wp-json\/wp\/v2\/users\/2"}],"replies":[{"embeddable":true,"href":"https:\/\/lepoint-actu.tg\/index.php\/wp-json\/wp\/v2\/comments?post=1424"}],"version-history":[{"count":2,"href":"https:\/\/lepoint-actu.tg\/index.php\/wp-json\/wp\/v2\/posts\/1424\/revisions"}],"predecessor-version":[{"id":1430,"href":"https:\/\/lepoint-actu.tg\/index.php\/wp-json\/wp\/v2\/posts\/1424\/revisions\/1430"}],"wp:featuredmedia":[{"embeddable":true,"href":"https:\/\/lepoint-actu.tg\/index.php\/wp-json\/wp\/v2\/media\/1425"}],"wp:attachment":[{"href":"https:\/\/lepoint-actu.tg\/index.php\/wp-json\/wp\/v2\/media?parent=1424"}],"wp:term":[{"taxonomy":"category","embeddable":true,"href":"https:\/\/lepoint-actu.tg\/index.php\/wp-json\/wp\/v2\/categories?post=1424"},{"taxonomy":"post_tag","embeddable":true,"href":"https:\/\/lepoint-actu.tg\/index.php\/wp-json\/wp\/v2\/tags?post=1424"}],"curies":[{"name":"wp","href":"https:\/\/api.w.org\/{rel}","templated":true}]}}