{"id":1454,"date":"2023-02-16T11:33:12","date_gmt":"2023-02-16T11:33:12","guid":{"rendered":"https:\/\/lepoint-actu.tg\/?p=1454"},"modified":"2023-02-16T11:33:14","modified_gmt":"2023-02-16T11:33:14","slug":"publicite-le-gouvernement-veut-mieux-reglementer-le-secteur","status":"publish","type":"post","link":"https:\/\/lepoint-actu.tg\/index.php\/2023\/02\/16\/publicite-le-gouvernement-veut-mieux-reglementer-le-secteur\/","title":{"rendered":"Publicit\u00e9\u00a0: Le gouvernement veut mieux r\u00e9glementer le secteur"},"content":{"rendered":"\n<p><br>Encadrer davantage le secteur de la communication et ses domaines connexes au Togo, le pouvoir de Lom\u00e9 continue ses reformes. Dans cet \u00e9lan, un avant-projet de loi portant sur la \u00ab\u00a0r\u00e9glementation de la publicit\u00e9 en R\u00e9publique togolaise\u00a0\u00bb a \u00e9t\u00e9 \u00e9tudi\u00e9, ce mercredi 15 f\u00e9vrier 2023, en Conseil des ministres.<br>Pour l\u2019essentiel, il s\u2019agit d\u2019am\u00e9liorer la r\u00e9glementation en mati\u00e8re de publicit\u00e9. \u00ab Ce texte a pour objet de fixer les r\u00e8gles relatives \u00e0 la communication publicitaire, aux professions publicitaires et aux op\u00e9rations de parrainage de programmes ou de services de m\u00e9dias audiovisuels dans notre pays. \u00bb, lit-on dans le communiqu\u00e9 du conseil des ministres.<br>L\u2019\u00e9tude de ce dossier sur la r\u00e9glementation de la publicit\u00e9 fait dire \u00e0 nombre d\u2019acteurs que le gouvernement reste dans la posture des r\u00e9formes\u00a0; l\u2019\u00e9tude de cet avant-projet de loi arrivant juste quelques semaines apr\u00e8s l&rsquo;entr\u00e9e en vigueur du nouveau code de la presse et de la communication.<br>Cette \u00e9tude sera poursuivie lors d\u2019un prochain conseil des ministres, indique-t-on.<\/p>\n\n\n\n<p><strong><em>Ali L.<\/em><\/strong><\/p>\n","protected":false},"excerpt":{"rendered":"<p>Encadrer davantage le secteur de la communication et ses domaines connexes au Togo, le pouvoir de Lom\u00e9 continue ses reformes.<\/p>\n","protected":false},"author":2,"featured_media":1455,"comment_status":"open","ping_status":"closed","sticky":false,"template":"","format":"standard","meta":{"footnotes":""},"categories":[1],"tags":[],"class_list":["post-1454","post","type-post","status-publish","format-standard","has-post-thumbnail","hentry","category-societe"],"yoast_head":"<!-- This site is optimized with the Yoast SEO plugin v23.9 - https:\/\/yoast.com\/wordpress\/plugins\/seo\/ -->\n<title>Publicit\u00e9\u00a0: Le gouvernement veut mieux r\u00e9glementer le secteur -<\/title>\n<meta name=\"robots\" content=\"index, follow, max-snippet:-1, max-image-preview:large, max-video-preview:-1\" \/>\n<link rel=\"canonical\" href=\"https:\/\/lepoint-actu.tg\/index.php\/2023\/02\/16\/publicite-le-gouvernement-veut-mieux-reglementer-le-secteur\/\" \/>\n<meta property=\"og:locale\" content=\"fr_FR\" \/>\n<meta property=\"og:type\" content=\"article\" \/>\n<meta property=\"og:title\" content=\"Publicit\u00e9\u00a0: Le gouvernement veut mieux r\u00e9glementer le secteur -\" \/>\n<meta property=\"og:description\" content=\"Encadrer davantage le secteur de la communication et ses domaines connexes au Togo, le pouvoir de Lom\u00e9 continue ses reformes.\" \/>\n<meta property=\"og:url\" content=\"https:\/\/lepoint-actu.tg\/index.php\/2023\/02\/16\/publicite-le-gouvernement-veut-mieux-reglementer-le-secteur\/\" \/>\n<meta property=\"article:published_time\" content=\"2023-02-16T11:33:12+00:00\" \/>\n<meta property=\"article:modified_time\" content=\"2023-02-16T11:33:14+00:00\" \/>\n<meta property=\"og:image\" content=\"https:\/\/lepoint-actu.tg\/wp-content\/uploads\/2023\/02\/TG-1.jpg\" \/>\n\t<meta property=\"og:image:width\" content=\"750\" \/>\n\t<meta property=\"og:image:height\" content=\"450\" \/>\n\t<meta property=\"og:image:type\" content=\"image\/jpeg\" \/>\n<meta name=\"author\" content=\"La Redaction\" \/>\n<meta name=\"twitter:card\" content=\"summary_large_image\" \/>\n<meta name=\"twitter:label1\" content=\"\u00c9crit par\" \/>\n\t<meta name=\"twitter:data1\" content=\"La Redaction\" \/>\n\t<meta name=\"twitter:label2\" content=\"Dur\u00e9e de lecture estim\u00e9e\" \/>\n\t<meta name=\"twitter:data2\" content=\"1 minute\" \/>\n<script type=\"application\/ld+json\" class=\"yoast-schema-graph\">{\"@context\":\"https:\/\/schema.org\",\"@graph\":[{\"@type\":\"WebPage\",\"@id\":\"https:\/\/lepoint-actu.tg\/index.php\/2023\/02\/16\/publicite-le-gouvernement-veut-mieux-reglementer-le-secteur\/\",\"url\":\"https:\/\/lepoint-actu.tg\/index.php\/2023\/02\/16\/publicite-le-gouvernement-veut-mieux-reglementer-le-secteur\/\",\"name\":\"Publicit\u00e9\u00a0: Le gouvernement veut mieux r\u00e9glementer le secteur -\",\"isPartOf\":{\"@id\":\"https:\/\/lepoint-actu.tg\/#website\"},\"primaryImageOfPage\":{\"@id\":\"https:\/\/lepoint-actu.tg\/index.php\/2023\/02\/16\/publicite-le-gouvernement-veut-mieux-reglementer-le-secteur\/#primaryimage\"},\"image\":{\"@id\":\"https:\/\/lepoint-actu.tg\/index.php\/2023\/02\/16\/publicite-le-gouvernement-veut-mieux-reglementer-le-secteur\/#primaryimage\"},\"thumbnailUrl\":\"https:\/\/lepoint-actu.tg\/wp-content\/uploads\/2023\/02\/TG-1.jpg\",\"datePublished\":\"2023-02-16T11:33:12+00:00\",\"dateModified\":\"2023-02-16T11:33:14+00:00\",\"author\":{\"@id\":\"https:\/\/lepoint-actu.tg\/#\/schema\/person\/e4026d66cbdc205cab83e169ab7eaca1\"},\"breadcrumb\":{\"@id\":\"https:\/\/lepoint-actu.tg\/index.php\/2023\/02\/16\/publicite-le-gouvernement-veut-mieux-reglementer-le-secteur\/#breadcrumb\"},\"inLanguage\":\"fr-FR\",\"potentialAction\":[{\"@type\":\"ReadAction\",\"target\":[\"https:\/\/lepoint-actu.tg\/index.php\/2023\/02\/16\/publicite-le-gouvernement-veut-mieux-reglementer-le-secteur\/\"]}]},{\"@type\":\"ImageObject\",\"inLanguage\":\"fr-FR\",\"@id\":\"https:\/\/lepoint-actu.tg\/index.php\/2023\/02\/16\/publicite-le-gouvernement-veut-mieux-reglementer-le-secteur\/#primaryimage\",\"url\":\"https:\/\/lepoint-actu.tg\/wp-content\/uploads\/2023\/02\/TG-1.jpg\",\"contentUrl\":\"https:\/\/lepoint-actu.tg\/wp-content\/uploads\/2023\/02\/TG-1.jpg\",\"width\":750,\"height\":450},{\"@type\":\"BreadcrumbList\",\"@id\":\"https:\/\/lepoint-actu.tg\/index.php\/2023\/02\/16\/publicite-le-gouvernement-veut-mieux-reglementer-le-secteur\/#breadcrumb\",\"itemListElement\":[{\"@type\":\"ListItem\",\"position\":1,\"name\":\"Accueil\",\"item\":\"https:\/\/lepoint-actu.tg\/\"},{\"@type\":\"ListItem\",\"position\":2,\"name\":\"Publicit\u00e9\u00a0: Le gouvernement veut mieux r\u00e9glementer le secteur\"}]},{\"@type\":\"WebSite\",\"@id\":\"https:\/\/lepoint-actu.tg\/#website\",\"url\":\"https:\/\/lepoint-actu.tg\/\",\"name\":\"\",\"description\":\"R\u00e9c\u00e9piss\u00e9 N\u00b00022\/HAAC\/12-2020\/pL\/P, lepointactu07@gmail.com\",\"potentialAction\":[{\"@type\":\"SearchAction\",\"target\":{\"@type\":\"EntryPoint\",\"urlTemplate\":\"https:\/\/lepoint-actu.tg\/?s={search_term_string}\"},\"query-input\":{\"@type\":\"PropertyValueSpecification\",\"valueRequired\":true,\"valueName\":\"search_term_string\"}}],\"inLanguage\":\"fr-FR\"},{\"@type\":\"Person\",\"@id\":\"https:\/\/lepoint-actu.tg\/#\/schema\/person\/e4026d66cbdc205cab83e169ab7eaca1\",\"name\":\"La Redaction\",\"image\":{\"@type\":\"ImageObject\",\"inLanguage\":\"fr-FR\",\"@id\":\"https:\/\/lepoint-actu.tg\/#\/schema\/person\/image\/\",\"url\":\"https:\/\/secure.gravatar.com\/avatar\/1682a0ff7e2c36efa51c5d262eea092000ec1ce420118e6261440956730308c2?s=96&d=mm&r=g\",\"contentUrl\":\"https:\/\/secure.gravatar.com\/avatar\/1682a0ff7e2c36efa51c5d262eea092000ec1ce420118e6261440956730308c2?s=96&d=mm&r=g\",\"caption\":\"La Redaction\"},\"url\":\"https:\/\/lepoint-actu.tg\/index.php\/author\/raymondsama\/\"}]}<\/script>\n<!-- \/ Yoast SEO plugin. -->","yoast_head_json":{"title":"Publicit\u00e9\u00a0: Le gouvernement veut mieux r\u00e9glementer le secteur -","robots":{"index":"index","follow":"follow","max-snippet":"max-snippet:-1","max-image-preview":"max-image-preview:large","max-video-preview":"max-video-preview:-1"},"canonical":"https:\/\/lepoint-actu.tg\/index.php\/2023\/02\/16\/publicite-le-gouvernement-veut-mieux-reglementer-le-secteur\/","og_locale":"fr_FR","og_type":"article","og_title":"Publicit\u00e9\u00a0: Le gouvernement veut mieux r\u00e9glementer le secteur -","og_description":"Encadrer davantage le secteur de la communication et ses domaines connexes au Togo, le pouvoir de Lom\u00e9 continue ses reformes.","og_url":"https:\/\/lepoint-actu.tg\/index.php\/2023\/02\/16\/publicite-le-gouvernement-veut-mieux-reglementer-le-secteur\/","article_published_time":"2023-02-16T11:33:12+00:00","article_modified_time":"2023-02-16T11:33:14+00:00","og_image":[{"width":750,"height":450,"url":"https:\/\/lepoint-actu.tg\/wp-content\/uploads\/2023\/02\/TG-1.jpg","type":"image\/jpeg"}],"author":"La Redaction","twitter_card":"summary_large_image","twitter_misc":{"\u00c9crit par":"La Redaction","Dur\u00e9e de lecture estim\u00e9e":"1 minute"},"schema":{"@context":"https:\/\/schema.org","@graph":[{"@type":"WebPage","@id":"https:\/\/lepoint-actu.tg\/index.php\/2023\/02\/16\/publicite-le-gouvernement-veut-mieux-reglementer-le-secteur\/","url":"https:\/\/lepoint-actu.tg\/index.php\/2023\/02\/16\/publicite-le-gouvernement-veut-mieux-reglementer-le-secteur\/","name":"Publicit\u00e9\u00a0: Le gouvernement veut mieux r\u00e9glementer le secteur -","isPartOf":{"@id":"https:\/\/lepoint-actu.tg\/#website"},"primaryImageOfPage":{"@id":"https:\/\/lepoint-actu.tg\/index.php\/2023\/02\/16\/publicite-le-gouvernement-veut-mieux-reglementer-le-secteur\/#primaryimage"},"image":{"@id":"https:\/\/lepoint-actu.tg\/index.php\/2023\/02\/16\/publicite-le-gouvernement-veut-mieux-reglementer-le-secteur\/#primaryimage"},"thumbnailUrl":"https:\/\/lepoint-actu.tg\/wp-content\/uploads\/2023\/02\/TG-1.jpg","datePublished":"2023-02-16T11:33:12+00:00","dateModified":"2023-02-16T11:33:14+00:00","author":{"@id":"https:\/\/lepoint-actu.tg\/#\/schema\/person\/e4026d66cbdc205cab83e169ab7eaca1"},"breadcrumb":{"@id":"https:\/\/lepoint-actu.tg\/index.php\/2023\/02\/16\/publicite-le-gouvernement-veut-mieux-reglementer-le-secteur\/#breadcrumb"},"inLanguage":"fr-FR","potentialAction":[{"@type":"ReadAction","target":["https:\/\/lepoint-actu.tg\/index.php\/2023\/02\/16\/publicite-le-gouvernement-veut-mieux-reglementer-le-secteur\/"]}]},{"@type":"ImageObject","inLanguage":"fr-FR","@id":"https:\/\/lepoint-actu.tg\/index.php\/2023\/02\/16\/publicite-le-gouvernement-veut-mieux-reglementer-le-secteur\/#primaryimage","url":"https:\/\/lepoint-actu.tg\/wp-content\/uploads\/2023\/02\/TG-1.jpg","contentUrl":"https:\/\/lepoint-actu.tg\/wp-content\/uploads\/2023\/02\/TG-1.jpg","width":750,"height":450},{"@type":"BreadcrumbList","@id":"https:\/\/lepoint-actu.tg\/index.php\/2023\/02\/16\/publicite-le-gouvernement-veut-mieux-reglementer-le-secteur\/#breadcrumb","itemListElement":[{"@type":"ListItem","position":1,"name":"Accueil","item":"https:\/\/lepoint-actu.tg\/"},{"@type":"ListItem","position":2,"name":"Publicit\u00e9\u00a0: Le gouvernement veut mieux r\u00e9glementer le secteur"}]},{"@type":"WebSite","@id":"https:\/\/lepoint-actu.tg\/#website","url":"https:\/\/lepoint-actu.tg\/","name":"","description":"R\u00e9c\u00e9piss\u00e9 N\u00b00022\/HAAC\/12-2020\/pL\/P, lepointactu07@gmail.com","potentialAction":[{"@type":"SearchAction","target":{"@type":"EntryPoint","urlTemplate":"https:\/\/lepoint-actu.tg\/?s={search_term_string}"},"query-input":{"@type":"PropertyValueSpecification","valueRequired":true,"valueName":"search_term_string"}}],"inLanguage":"fr-FR"},{"@type":"Person","@id":"https:\/\/lepoint-actu.tg\/#\/schema\/person\/e4026d66cbdc205cab83e169ab7eaca1","name":"La Redaction","image":{"@type":"ImageObject","inLanguage":"fr-FR","@id":"https:\/\/lepoint-actu.tg\/#\/schema\/person\/image\/","url":"https:\/\/secure.gravatar.com\/avatar\/1682a0ff7e2c36efa51c5d262eea092000ec1ce420118e6261440956730308c2?s=96&d=mm&r=g","contentUrl":"https:\/\/secure.gravatar.com\/avatar\/1682a0ff7e2c36efa51c5d262eea092000ec1ce420118e6261440956730308c2?s=96&d=mm&r=g","caption":"La Redaction"},"url":"https:\/\/lepoint-actu.tg\/index.php\/author\/raymondsama\/"}]}},"_links":{"self":[{"href":"https:\/\/lepoint-actu.tg\/index.php\/wp-json\/wp\/v2\/posts\/1454","targetHints":{"allow":["GET"]}}],"collection":[{"href":"https:\/\/lepoint-actu.tg\/index.php\/wp-json\/wp\/v2\/posts"}],"about":[{"href":"https:\/\/lepoint-actu.tg\/index.php\/wp-json\/wp\/v2\/types\/post"}],"author":[{"embeddable":true,"href":"https:\/\/lepoint-actu.tg\/index.php\/wp-json\/wp\/v2\/users\/2"}],"replies":[{"embeddable":true,"href":"https:\/\/lepoint-actu.tg\/index.php\/wp-json\/wp\/v2\/comments?post=1454"}],"version-history":[{"count":1,"href":"https:\/\/lepoint-actu.tg\/index.php\/wp-json\/wp\/v2\/posts\/1454\/revisions"}],"predecessor-version":[{"id":1456,"href":"https:\/\/lepoint-actu.tg\/index.php\/wp-json\/wp\/v2\/posts\/1454\/revisions\/1456"}],"wp:featuredmedia":[{"embeddable":true,"href":"https:\/\/lepoint-actu.tg\/index.php\/wp-json\/wp\/v2\/media\/1455"}],"wp:attachment":[{"href":"https:\/\/lepoint-actu.tg\/index.php\/wp-json\/wp\/v2\/media?parent=1454"}],"wp:term":[{"taxonomy":"category","embeddable":true,"href":"https:\/\/lepoint-actu.tg\/index.php\/wp-json\/wp\/v2\/categories?post=1454"},{"taxonomy":"post_tag","embeddable":true,"href":"https:\/\/lepoint-actu.tg\/index.php\/wp-json\/wp\/v2\/tags?post=1454"}],"curies":[{"name":"wp","href":"https:\/\/api.w.org\/{rel}","templated":true}]}}