{"id":1477,"date":"2023-03-01T10:08:27","date_gmt":"2023-03-01T10:08:27","guid":{"rendered":"https:\/\/lepoint-actu.tg\/?p=1477"},"modified":"2023-03-02T10:16:45","modified_gmt":"2023-03-02T10:16:45","slug":"libreville-capitale-de-la-protection-des-forets-tropicales","status":"publish","type":"post","link":"https:\/\/lepoint-actu.tg\/index.php\/2023\/03\/01\/libreville-capitale-de-la-protection-des-forets-tropicales\/","title":{"rendered":"Libreville\u00a0: Capitale de la protection des for\u00eats tropicales"},"content":{"rendered":"\n<p><\/p>\n\n\n\n<p><strong><em>Ce mercredi 1\u00e8r mars a \u00e9t\u00e9 ouvert le \u00ab\u00a0One Forest Summet\u00a0\u00bb \u00e0 Libreville, au Gabon. Sommet de haut niveau sur la protection des for\u00eats tropicales, organis\u00e9 sous l\u2019\u00e9gide du pr\u00e9sident de la R\u00e9publique gabonaise Ali Bongo Ondimba et du pr\u00e9sident fran\u00e7ais Emmanuel Macron, c\u2019est bien l\u2019\u00e9tape des ministres, experts, membres de la soci\u00e9t\u00e9 civile qui s\u2019est ouvert aujourd\u2019hui. Que peut-on en attendre\u00a0?<\/em><\/strong><br>Selon les informations, le but est de promouvoir la solidarit\u00e9 entre les trois grands bassins forestiers mondiaux &#8211; la for\u00eat amazonienne, le bassin du Congo et les for\u00eats tropicales d\u2019Asie du Sud-Est. En s\u00e9questrant des centaines de millions de tonnes de CO\u00b2, ces bassins forestiers jouent un r\u00f4le critique dans la r\u00e9gulation du climat. Par la faune et la flore exceptionnelles qu\u2019ils rec\u00e8lent, ils abritent des tr\u00e9sors de biodiversit\u00e9. Et en agissant comme tampons entre les soci\u00e9t\u00e9s humaines et les cycles microbiens des espaces sauvages, ils jouent un r\u00f4le cl\u00e9 pour pr\u00e9venir l\u2019apparition de nouvelles \u00e9pid\u00e9mies.<br><strong>Pourquoi un Sommet au Gabon\u00a0?<\/strong><br>Le Gabon, un pays o\u00f9 88% de son territoire est couvert par la for\u00eat \u00e9quatoriale, est en premi\u00e8re ligne pour lutter contre le r\u00e9chauffement climatique et prot\u00e9ger la biodiversit\u00e9. Le pays est un pr\u00e9curseur dans la protection de ses ressources naturelles en engageant volontairement \u00e0 prot\u00e9ger un tiers de ses espaces naturels, terrestres et marins. En pr\u00e9paration pour l\u2019apr\u00e8s-p\u00e9trole, le Gabon a adopt\u00e9 un mod\u00e8le \u00e9conomique alliant d\u00e9veloppement industriel et gestion durable de ses ressources naturelles.<br>Comme objectifs, le \u00ab\u00a0One Forest Summit\u00a0\u00bb veut d\u00e9boucher sur de nouveaux engagements et des initiatives concr\u00e8tes sur\u00a0diff\u00e9rents points notamment la progression des connaissances et la promotion de la coop\u00e9ration scientifique sur les \u00e9cosyst\u00e8mes forestiers, la promotion de cha\u00eenes de valeur durables dans le secteur forestier, le d\u00e9veloppement de sources de financement innovantes notamment en explorant les solutions de conservation de la biodiversit\u00e9 fond\u00e9es sur le march\u00e9.<br>Ce sommet, renseigne-ton, pourra \u00eatre \u00ab\u00a0l\u2019opportunit\u00e9 de faire progresser et renouveler\u00a0\u00bb l\u2019ambition collective concernant la pr\u00e9servation et la gestion durable des for\u00eats, qui sont essentielles pour relever les d\u00e9fis mondiaux interd\u00e9pendants, au premier plan desquels le changement climatique et la perte de biodiversit\u00e9. La promotion d\u2019une solidarit\u00e9 Nord-Sud, centrale pour la protection de ces r\u00e9serves vitales, sera \u00e9galement un \u00e9l\u00e9ment cl\u00e9.<br>D\u00e9roulement<br>Ce1er mars, 1\u00e8r jour dudit sommet r\u00e9unit, comme pr\u00e9vu, des membres de gouvernements et de la soci\u00e9t\u00e9 civile ainsi que des experts afin d\u2019avancer sur l\u2019ambition port\u00e9e par les trois principaux axes du One Forest Summit. <\/p>\n\n\n\n<figure class=\"wp-block-image size-full\"><img loading=\"lazy\" decoding=\"async\" width=\"750\" height=\"375\" src=\"https:\/\/lepoint-actu.tg\/wp-content\/uploads\/2023\/03\/one-summit-750x375-1.jpg\" alt=\"\" class=\"wp-image-1479\" srcset=\"https:\/\/lepoint-actu.tg\/wp-content\/uploads\/2023\/03\/one-summit-750x375-1.jpg 750w, https:\/\/lepoint-actu.tg\/wp-content\/uploads\/2023\/03\/one-summit-750x375-1-300x150.jpg 300w\" sizes=\"auto, (max-width: 750px) 100vw, 750px\" \/><figcaption class=\"wp-element-caption\"><strong><em>Photo de famille \u00e0 l&rsquo;ouverture<\/em><\/strong><\/figcaption><\/figure>\n\n\n\n<p>Les participants auront l\u2019opportunit\u00e9 de prendre part \u00e0 des \u00e9v\u00e9nements minist\u00e9riels et des sides events sur ces trois piliers du Sommet.<\/p>\n\n\n\n<p><br><strong>Un sommet critiqu\u00e9\u00a0: qu\u2019en attendre\u00a0?<\/strong><\/p>\n\n\n\n<p><br>Au menu de ce sommet, la protection des for\u00eats du bassin du Congo, en Afrique centrale, \u00e0 cheval sur le Congo-Brazzaville, la RDC, le Cameroun, la Centrafrique, la Guin\u00e9e \u00e9quatoriale et le Gabon. Ce \u00ab\u00a0One Forest Summit\u00a0\u00bb comme beaucoup d\u2019autres ne convainc pas tout le monde. \u00ab\u00a0On peut en attendre des annonces, mais ce sera toujours que des annonces\u00a0\u00bb, a expliqu\u00e9 un militant \u00e9cologiste pr\u00e9sent \u00e0 Libreville. Rien de nouveau concr\u00e8tement n\u2019y sortira, font savoir avec tout le lot de pessimisme des observateurs avertis.<br>Selon les informations, plusieurs chefs d\u2019Etats et de gouvernement sont attendus pour la seconde journ\u00e9e de ce sommet, jeudi. Le Fran\u00e7ais Emmanuel Macron, le Congolais Denis Sassou Nguesso, le Gabonais Ali Bongo \u00e9videmment, mais aussi l\u2019Angolais Jo\u00e3o Lourenzo et le Centrafricain Faustin-Archange Touad\u00e9ra doivent \u00eatre pr\u00e9sents.\u00a0<\/p>\n\n\n\n<p><strong><em>Nous contacter pour tout reportage, insertion publicitaire, publi-reportage&#8230;90 21 30 91\/mail: lepointactu07@gmail.com<\/em><\/strong><\/p>\n","protected":false},"excerpt":{"rendered":"<p>Ce mercredi 1\u00e8r mars a \u00e9t\u00e9 ouvert le \u00ab\u00a0One Forest Summet\u00a0\u00bb \u00e0 Libreville, au Gabon. Sommet de haut niveau sur<\/p>\n","protected":false},"author":2,"featured_media":1478,"comment_status":"open","ping_status":"closed","sticky":false,"template":"","format":"standard","meta":{"footnotes":""},"categories":[6],"tags":[],"class_list":["post-1477","post","type-post","status-publish","format-standard","has-post-thumbnail","hentry","category-environnement"],"yoast_head":"<!-- This site is optimized with the Yoast SEO plugin v23.9 - https:\/\/yoast.com\/wordpress\/plugins\/seo\/ -->\n<title>Libreville\u00a0: Capitale de la protection des for\u00eats tropicales -<\/title>\n<meta name=\"robots\" content=\"index, follow, max-snippet:-1, max-image-preview:large, max-video-preview:-1\" \/>\n<link rel=\"canonical\" href=\"https:\/\/lepoint-actu.tg\/index.php\/2023\/03\/01\/libreville-capitale-de-la-protection-des-forets-tropicales\/\" \/>\n<meta property=\"og:locale\" content=\"fr_FR\" \/>\n<meta property=\"og:type\" content=\"article\" \/>\n<meta property=\"og:title\" content=\"Libreville\u00a0: Capitale de la protection des for\u00eats tropicales -\" \/>\n<meta property=\"og:description\" content=\"Ce mercredi 1\u00e8r mars a \u00e9t\u00e9 ouvert le \u00ab\u00a0One Forest Summet\u00a0\u00bb \u00e0 Libreville, au Gabon. Sommet de haut niveau sur\" \/>\n<meta property=\"og:url\" content=\"https:\/\/lepoint-actu.tg\/index.php\/2023\/03\/01\/libreville-capitale-de-la-protection-des-forets-tropicales\/\" \/>\n<meta property=\"article:published_time\" content=\"2023-03-01T10:08:27+00:00\" \/>\n<meta property=\"article:modified_time\" content=\"2023-03-02T10:16:45+00:00\" \/>\n<meta property=\"og:image\" content=\"https:\/\/lepoint-actu.tg\/wp-content\/uploads\/2023\/03\/foret.jpg\" \/>\n\t<meta property=\"og:image:width\" content=\"275\" \/>\n\t<meta property=\"og:image:height\" content=\"183\" \/>\n\t<meta property=\"og:image:type\" content=\"image\/jpeg\" \/>\n<meta name=\"author\" content=\"La Redaction\" \/>\n<meta name=\"twitter:card\" content=\"summary_large_image\" \/>\n<meta name=\"twitter:label1\" content=\"\u00c9crit par\" \/>\n\t<meta name=\"twitter:data1\" content=\"La Redaction\" \/>\n\t<meta name=\"twitter:label2\" content=\"Dur\u00e9e de lecture estim\u00e9e\" \/>\n\t<meta name=\"twitter:data2\" content=\"4 minutes\" \/>\n<script type=\"application\/ld+json\" class=\"yoast-schema-graph\">{\"@context\":\"https:\/\/schema.org\",\"@graph\":[{\"@type\":\"WebPage\",\"@id\":\"https:\/\/lepoint-actu.tg\/index.php\/2023\/03\/01\/libreville-capitale-de-la-protection-des-forets-tropicales\/\",\"url\":\"https:\/\/lepoint-actu.tg\/index.php\/2023\/03\/01\/libreville-capitale-de-la-protection-des-forets-tropicales\/\",\"name\":\"Libreville\u00a0: Capitale de la protection des for\u00eats tropicales -\",\"isPartOf\":{\"@id\":\"https:\/\/lepoint-actu.tg\/#website\"},\"primaryImageOfPage\":{\"@id\":\"https:\/\/lepoint-actu.tg\/index.php\/2023\/03\/01\/libreville-capitale-de-la-protection-des-forets-tropicales\/#primaryimage\"},\"image\":{\"@id\":\"https:\/\/lepoint-actu.tg\/index.php\/2023\/03\/01\/libreville-capitale-de-la-protection-des-forets-tropicales\/#primaryimage\"},\"thumbnailUrl\":\"https:\/\/lepoint-actu.tg\/wp-content\/uploads\/2023\/03\/foret.jpg\",\"datePublished\":\"2023-03-01T10:08:27+00:00\",\"dateModified\":\"2023-03-02T10:16:45+00:00\",\"author\":{\"@id\":\"https:\/\/lepoint-actu.tg\/#\/schema\/person\/e4026d66cbdc205cab83e169ab7eaca1\"},\"breadcrumb\":{\"@id\":\"https:\/\/lepoint-actu.tg\/index.php\/2023\/03\/01\/libreville-capitale-de-la-protection-des-forets-tropicales\/#breadcrumb\"},\"inLanguage\":\"fr-FR\",\"potentialAction\":[{\"@type\":\"ReadAction\",\"target\":[\"https:\/\/lepoint-actu.tg\/index.php\/2023\/03\/01\/libreville-capitale-de-la-protection-des-forets-tropicales\/\"]}]},{\"@type\":\"ImageObject\",\"inLanguage\":\"fr-FR\",\"@id\":\"https:\/\/lepoint-actu.tg\/index.php\/2023\/03\/01\/libreville-capitale-de-la-protection-des-forets-tropicales\/#primaryimage\",\"url\":\"https:\/\/lepoint-actu.tg\/wp-content\/uploads\/2023\/03\/foret.jpg\",\"contentUrl\":\"https:\/\/lepoint-actu.tg\/wp-content\/uploads\/2023\/03\/foret.jpg\",\"width\":275,\"height\":183},{\"@type\":\"BreadcrumbList\",\"@id\":\"https:\/\/lepoint-actu.tg\/index.php\/2023\/03\/01\/libreville-capitale-de-la-protection-des-forets-tropicales\/#breadcrumb\",\"itemListElement\":[{\"@type\":\"ListItem\",\"position\":1,\"name\":\"Accueil\",\"item\":\"https:\/\/lepoint-actu.tg\/\"},{\"@type\":\"ListItem\",\"position\":2,\"name\":\"Libreville\u00a0: Capitale de la protection des for\u00eats tropicales\"}]},{\"@type\":\"WebSite\",\"@id\":\"https:\/\/lepoint-actu.tg\/#website\",\"url\":\"https:\/\/lepoint-actu.tg\/\",\"name\":\"\",\"description\":\"R\u00e9c\u00e9piss\u00e9 N\u00b00022\/HAAC\/12-2020\/pL\/P, lepointactu07@gmail.com\",\"potentialAction\":[{\"@type\":\"SearchAction\",\"target\":{\"@type\":\"EntryPoint\",\"urlTemplate\":\"https:\/\/lepoint-actu.tg\/?s={search_term_string}\"},\"query-input\":{\"@type\":\"PropertyValueSpecification\",\"valueRequired\":true,\"valueName\":\"search_term_string\"}}],\"inLanguage\":\"fr-FR\"},{\"@type\":\"Person\",\"@id\":\"https:\/\/lepoint-actu.tg\/#\/schema\/person\/e4026d66cbdc205cab83e169ab7eaca1\",\"name\":\"La Redaction\",\"image\":{\"@type\":\"ImageObject\",\"inLanguage\":\"fr-FR\",\"@id\":\"https:\/\/lepoint-actu.tg\/#\/schema\/person\/image\/\",\"url\":\"https:\/\/secure.gravatar.com\/avatar\/1682a0ff7e2c36efa51c5d262eea092000ec1ce420118e6261440956730308c2?s=96&d=mm&r=g\",\"contentUrl\":\"https:\/\/secure.gravatar.com\/avatar\/1682a0ff7e2c36efa51c5d262eea092000ec1ce420118e6261440956730308c2?s=96&d=mm&r=g\",\"caption\":\"La Redaction\"},\"url\":\"https:\/\/lepoint-actu.tg\/index.php\/author\/raymondsama\/\"}]}<\/script>\n<!-- \/ Yoast SEO plugin. -->","yoast_head_json":{"title":"Libreville\u00a0: Capitale de la protection des for\u00eats tropicales -","robots":{"index":"index","follow":"follow","max-snippet":"max-snippet:-1","max-image-preview":"max-image-preview:large","max-video-preview":"max-video-preview:-1"},"canonical":"https:\/\/lepoint-actu.tg\/index.php\/2023\/03\/01\/libreville-capitale-de-la-protection-des-forets-tropicales\/","og_locale":"fr_FR","og_type":"article","og_title":"Libreville\u00a0: Capitale de la protection des for\u00eats tropicales -","og_description":"Ce mercredi 1\u00e8r mars a \u00e9t\u00e9 ouvert le \u00ab\u00a0One Forest Summet\u00a0\u00bb \u00e0 Libreville, au Gabon. Sommet de haut niveau sur","og_url":"https:\/\/lepoint-actu.tg\/index.php\/2023\/03\/01\/libreville-capitale-de-la-protection-des-forets-tropicales\/","article_published_time":"2023-03-01T10:08:27+00:00","article_modified_time":"2023-03-02T10:16:45+00:00","og_image":[{"width":275,"height":183,"url":"https:\/\/lepoint-actu.tg\/wp-content\/uploads\/2023\/03\/foret.jpg","type":"image\/jpeg"}],"author":"La Redaction","twitter_card":"summary_large_image","twitter_misc":{"\u00c9crit par":"La Redaction","Dur\u00e9e de lecture estim\u00e9e":"4 minutes"},"schema":{"@context":"https:\/\/schema.org","@graph":[{"@type":"WebPage","@id":"https:\/\/lepoint-actu.tg\/index.php\/2023\/03\/01\/libreville-capitale-de-la-protection-des-forets-tropicales\/","url":"https:\/\/lepoint-actu.tg\/index.php\/2023\/03\/01\/libreville-capitale-de-la-protection-des-forets-tropicales\/","name":"Libreville\u00a0: Capitale de la protection des for\u00eats tropicales -","isPartOf":{"@id":"https:\/\/lepoint-actu.tg\/#website"},"primaryImageOfPage":{"@id":"https:\/\/lepoint-actu.tg\/index.php\/2023\/03\/01\/libreville-capitale-de-la-protection-des-forets-tropicales\/#primaryimage"},"image":{"@id":"https:\/\/lepoint-actu.tg\/index.php\/2023\/03\/01\/libreville-capitale-de-la-protection-des-forets-tropicales\/#primaryimage"},"thumbnailUrl":"https:\/\/lepoint-actu.tg\/wp-content\/uploads\/2023\/03\/foret.jpg","datePublished":"2023-03-01T10:08:27+00:00","dateModified":"2023-03-02T10:16:45+00:00","author":{"@id":"https:\/\/lepoint-actu.tg\/#\/schema\/person\/e4026d66cbdc205cab83e169ab7eaca1"},"breadcrumb":{"@id":"https:\/\/lepoint-actu.tg\/index.php\/2023\/03\/01\/libreville-capitale-de-la-protection-des-forets-tropicales\/#breadcrumb"},"inLanguage":"fr-FR","potentialAction":[{"@type":"ReadAction","target":["https:\/\/lepoint-actu.tg\/index.php\/2023\/03\/01\/libreville-capitale-de-la-protection-des-forets-tropicales\/"]}]},{"@type":"ImageObject","inLanguage":"fr-FR","@id":"https:\/\/lepoint-actu.tg\/index.php\/2023\/03\/01\/libreville-capitale-de-la-protection-des-forets-tropicales\/#primaryimage","url":"https:\/\/lepoint-actu.tg\/wp-content\/uploads\/2023\/03\/foret.jpg","contentUrl":"https:\/\/lepoint-actu.tg\/wp-content\/uploads\/2023\/03\/foret.jpg","width":275,"height":183},{"@type":"BreadcrumbList","@id":"https:\/\/lepoint-actu.tg\/index.php\/2023\/03\/01\/libreville-capitale-de-la-protection-des-forets-tropicales\/#breadcrumb","itemListElement":[{"@type":"ListItem","position":1,"name":"Accueil","item":"https:\/\/lepoint-actu.tg\/"},{"@type":"ListItem","position":2,"name":"Libreville\u00a0: Capitale de la protection des for\u00eats tropicales"}]},{"@type":"WebSite","@id":"https:\/\/lepoint-actu.tg\/#website","url":"https:\/\/lepoint-actu.tg\/","name":"","description":"R\u00e9c\u00e9piss\u00e9 N\u00b00022\/HAAC\/12-2020\/pL\/P, lepointactu07@gmail.com","potentialAction":[{"@type":"SearchAction","target":{"@type":"EntryPoint","urlTemplate":"https:\/\/lepoint-actu.tg\/?s={search_term_string}"},"query-input":{"@type":"PropertyValueSpecification","valueRequired":true,"valueName":"search_term_string"}}],"inLanguage":"fr-FR"},{"@type":"Person","@id":"https:\/\/lepoint-actu.tg\/#\/schema\/person\/e4026d66cbdc205cab83e169ab7eaca1","name":"La Redaction","image":{"@type":"ImageObject","inLanguage":"fr-FR","@id":"https:\/\/lepoint-actu.tg\/#\/schema\/person\/image\/","url":"https:\/\/secure.gravatar.com\/avatar\/1682a0ff7e2c36efa51c5d262eea092000ec1ce420118e6261440956730308c2?s=96&d=mm&r=g","contentUrl":"https:\/\/secure.gravatar.com\/avatar\/1682a0ff7e2c36efa51c5d262eea092000ec1ce420118e6261440956730308c2?s=96&d=mm&r=g","caption":"La Redaction"},"url":"https:\/\/lepoint-actu.tg\/index.php\/author\/raymondsama\/"}]}},"_links":{"self":[{"href":"https:\/\/lepoint-actu.tg\/index.php\/wp-json\/wp\/v2\/posts\/1477","targetHints":{"allow":["GET"]}}],"collection":[{"href":"https:\/\/lepoint-actu.tg\/index.php\/wp-json\/wp\/v2\/posts"}],"about":[{"href":"https:\/\/lepoint-actu.tg\/index.php\/wp-json\/wp\/v2\/types\/post"}],"author":[{"embeddable":true,"href":"https:\/\/lepoint-actu.tg\/index.php\/wp-json\/wp\/v2\/users\/2"}],"replies":[{"embeddable":true,"href":"https:\/\/lepoint-actu.tg\/index.php\/wp-json\/wp\/v2\/comments?post=1477"}],"version-history":[{"count":1,"href":"https:\/\/lepoint-actu.tg\/index.php\/wp-json\/wp\/v2\/posts\/1477\/revisions"}],"predecessor-version":[{"id":1480,"href":"https:\/\/lepoint-actu.tg\/index.php\/wp-json\/wp\/v2\/posts\/1477\/revisions\/1480"}],"wp:featuredmedia":[{"embeddable":true,"href":"https:\/\/lepoint-actu.tg\/index.php\/wp-json\/wp\/v2\/media\/1478"}],"wp:attachment":[{"href":"https:\/\/lepoint-actu.tg\/index.php\/wp-json\/wp\/v2\/media?parent=1477"}],"wp:term":[{"taxonomy":"category","embeddable":true,"href":"https:\/\/lepoint-actu.tg\/index.php\/wp-json\/wp\/v2\/categories?post=1477"},{"taxonomy":"post_tag","embeddable":true,"href":"https:\/\/lepoint-actu.tg\/index.php\/wp-json\/wp\/v2\/tags?post=1477"}],"curies":[{"name":"wp","href":"https:\/\/api.w.org\/{rel}","templated":true}]}}