{"id":1481,"date":"2023-03-02T10:47:11","date_gmt":"2023-03-02T10:47:11","guid":{"rendered":"https:\/\/lepoint-actu.tg\/?p=1481"},"modified":"2023-03-02T10:47:14","modified_gmt":"2023-03-02T10:47:14","slug":"ligue-universelle-du-bien-public-medaille-dor-pour-ablamba-johnson","status":"publish","type":"post","link":"https:\/\/lepoint-actu.tg\/index.php\/2023\/03\/02\/ligue-universelle-du-bien-public-medaille-dor-pour-ablamba-johnson\/","title":{"rendered":"Ligue universelle du bien public\u00a0: M\u00e9daille d\u2019Or pour \u00a0Ablamba Johnson"},"content":{"rendered":"\n<p><\/p>\n\n\n\n<p><strong><em>M\u00e9rites, distinctions se suivent\u00a0; logique du savoir-faire , de l\u2019efficacit\u00e9 dans les charges confi\u00e9es \u00e0 Sandra Ablamba Johnson, Ministre, Secr\u00e9taire g\u00e9n\u00e9rale de la Pr\u00e9sidence de la R\u00e9publique togolaise. En effet, le 17 f\u00e9vrier 2023 \u00e0 Paris en France, la jeune dame a \u00e9t\u00e9 honor\u00e9e\u00a0; la M\u00e9daille d\u2019Or de la \u00ab\u00a0Ligue universelle du bien public\u00a0\u00bb lui a \u00e9t\u00e9 d\u00e9cern\u00e9e.<\/em><\/strong><br>Cette toute derni\u00e8re distinction, renseigne-t-on, vient r\u00e9compenser \u00a0la \u00a0d\u00e9termination et le passage tr\u00e8s remarqu\u00e9 \u00a0de Mme Johnson \u00e0 la t\u00eate de la coordination de la cellule Climat des affaires au Togo. Prim\u00e9e pour sa contribution \u00ab\u00a0\u00e0 la cr\u00e9ation de valeurs positives li\u00e9es au travail ainsi qu\u2019\u00e0 l\u2019am\u00e9lioration des services publics\u00a0\u00bb, et \u00ab rendre le Togo attractif aux investissements \u00e9trangers ces derni\u00e8res ann\u00e9es\u00a0\u00bb\u00a0; l\u2019actuelle Ministre, Secr\u00e9taire g\u00e9n\u00e9rale de la Pr\u00e9sidence de la R\u00e9publique qui mesure le poids du travail et les d\u00e9fis qui l\u2019attendent suite \u00e0 ce prix veut mieux faire pour le bien de tous. \u00ab\u00a0Je comprends cette distinction comme un acte d\u2019encouragement \u00e0 encore plus d\u2019engagement, plus de disponibilit\u00e9 au service de mes concitoyens et de l\u2019humanit\u00e9 tout enti\u00e8re\u00a0\u00bb, a-t-elle d\u00e9clar\u00e9.<br>Cette m\u00e9daille d\u2019or, faut-il le relever, vient apr\u00e8s le \u00abPrix sp\u00e9cial pour le d\u00e9veloppement et la promotion de l\u2019investissement priv\u00e9 au Togo\u00bb et\u00a0 le \u00a0\u00ab Prix du leadership f\u00e9minin au Togo\u00bb qui ont \u00e9t\u00e9 r\u00e9cemment d\u00e9cern\u00e9s \u00e0 la m\u00eame autorit\u00e9.<br><strong>Mieux conna\u00eetre Dr Sandra Ablamba Johnson<\/strong><br>Discr\u00e9tion, travail bien, partage. Ces mots r\u00e9sument Mme Johnson selon nombre d\u2019observateurs pour qui si le Togo peut \u00eatre cit\u00e9 dans le Mill\u00e9nium Challenge des Etats Unis d\u2019Am\u00e9rique, le grand m\u00e9rite revient\u00a0 \u00e0 la Secr\u00e9taire g\u00e9n\u00e9rale de la Pr\u00e9sidence pour son travail abattu comme coordinatrice de la cellule climat des affaires au Togo. Et son travail a permis au Togo, d\u2019obtenir de r\u00e9sultats encourageants aux derniers classements Doing Business de la Banque Mondiale.<br>Nantie d\u2019un dipl\u00f4me d\u2019\u00e9tudes sup\u00e9rieures sp\u00e9cialis\u00e9es (DESS) en sciences \u00e9conomiques de l\u2019universit\u00e9 de Lom\u00e9, d\u2019un dipl\u00f4me de programmation et politiques financi\u00e8res de l\u2019institut du Fonds mon\u00e9taire international (FMI) \u00e0 Washington, et d\u2019un dipl\u00f4me de l\u2019\u00e9conomie de l\u2019emploi de l\u2019acad\u00e9mie du Bureau international du travail \u00e0 Turin, Dr Sandra Ablamba Johnson, faut-il le pr\u00e9ciser est \u00e9conomiste du d\u00e9veloppement et experte en d\u00e9veloppement du secteur priv\u00e9.<br>Discr\u00e8te, calme, elle a fait ses premiers pas au Togo comme conseill\u00e8re du pr\u00e9sident Faure Gnassingb\u00e9, charg\u00e9e de la cellule Climat des Affaires. A la t\u00eate de cette cellule, sa d\u00e9termination \u00e0 faire de cette cellule une r\u00e9alit\u00e9 vivante, a permis au Togo, d\u2019am\u00e9liorer r\u00e9ellement son climat des affaires. Si hier, les demandes de cr\u00e9ation d\u2019entreprises sur le sol togolais est une croix et la banni\u00e8re, gr\u00e2ce \u00e0 la cellule climat des affaires, les formalit\u00e9s de cr\u00e9ation d\u2019entreprises sont devenues tr\u00e8s souples et le temps totalement r\u00e9duit \u00e0 une question d\u2019heures. Dr Sandra Ablamba Johnson, faut-il le dire, a travaill\u00e9 sur plusieurs sujets d\u2019ordre \u00e9conomique dont l\u2019\u00e9valuation des politiques publiques, le partenariat Public-Priv\u00e9, la promotion de l\u2019investissement, le suivi strat\u00e9gique des r\u00e9formes pour l\u2019am\u00e9lioration du climat des affaires, allant de l\u2019institutionnel \u00e0 l\u2019op\u00e9rationnel y compris l\u2019accompagnement et l\u2019appui-conseil aux op\u00e9rateurs \u00e9conomiques. Elle proc\u00e8de \u00e9galement aux analyses de l\u2019environnement socio-\u00e9conomique et apporte des conseils strat\u00e9giques au Pr\u00e9sident Faure Gnassingb\u00e9 sur lesdits sujets.<br>Pour obtenir une meilleure croissance \u00e9conomique, deux grands axes d\u2019am\u00e9lioration ont \u00e9t\u00e9 prioris\u00e9s sous son magist\u00e8re:<br>\u2013 un soutien de la part du secteur priv\u00e9, partant du principe que le gouvernement ne peut pas tout faire.<br>\u2013 all\u00e8gement des proc\u00e9dures administratives en mettant l\u2019accent sur la digitalisation.<br>Elle a men\u00e9 une politique audacieuse et volontariste salutaire:<br>\u2013 la transformation num\u00e9rique r\u00e9cente du Togo s\u00e9duit les entreprises et les investisseurs. (E-Justice, E-Gouv.)<br>\u2013 les changements sont impressionnants et les r\u00e9sultats obtenus le sont tout autant : all\u00e8gement du transfert de propri\u00e9t\u00e9, am\u00e9lioration de la TCA ou Taxe sur le chiffre d\u2019affaires, d\u00e9claration et paiement des imp\u00f4ts en ligne, suppression de taxe et baisse des imp\u00f4ts pour les soci\u00e9t\u00e9s, baisse des frais de raccordement au r\u00e9seau \u00e9lectrique, d\u00e9mat\u00e9rialisation de la demande du permis de b\u00e2tir, num\u00e9risation compl\u00e8te du registre du commerce, possibilit\u00e9 de cr\u00e9er une entreprise en seulement 7 heures avec des co\u00fbts r\u00e9duits \u00e0 peau de chagrin, organisation r\u00e9ussie du premier Forum Economique Togo-Union Europ\u00e9enne, bond de 19 points au classement Doing Business et palmar\u00e8s du pays le plus r\u00e9formateur d\u2019Afrique, 5\u00e8me place du Togo en Afrique concernant la place de la femme dans l\u2019\u00e9conomie\u2026<\/p>\n\n\n\n<p><\/p>\n\n\n\n<p><strong><em>Nous contacter pour tout reportage, publi-reportage, insertion publicitaire, conseil en communication,&#8230;90 21 30 91\/e-mail: lepointactu07@gmail.com<\/em><\/strong><br>\u00a0<\/p>\n","protected":false},"excerpt":{"rendered":"<p>M\u00e9rites, distinctions se suivent\u00a0; logique du savoir-faire , de l\u2019efficacit\u00e9 dans les charges confi\u00e9es \u00e0 Sandra Ablamba Johnson, Ministre, Secr\u00e9taire<\/p>\n","protected":false},"author":2,"featured_media":1482,"comment_status":"open","ping_status":"closed","sticky":false,"template":"","format":"standard","meta":{"footnotes":""},"categories":[1],"tags":[],"class_list":["post-1481","post","type-post","status-publish","format-standard","has-post-thumbnail","hentry","category-societe"],"yoast_head":"<!-- This site is optimized with the Yoast SEO plugin v23.9 - https:\/\/yoast.com\/wordpress\/plugins\/seo\/ -->\n<title>Ligue universelle du bien public\u00a0: M\u00e9daille d\u2019Or pour \u00a0Ablamba Johnson -<\/title>\n<meta name=\"robots\" content=\"index, follow, max-snippet:-1, max-image-preview:large, max-video-preview:-1\" \/>\n<link rel=\"canonical\" href=\"https:\/\/lepoint-actu.tg\/index.php\/2023\/03\/02\/ligue-universelle-du-bien-public-medaille-dor-pour-ablamba-johnson\/\" \/>\n<meta property=\"og:locale\" content=\"fr_FR\" \/>\n<meta property=\"og:type\" content=\"article\" \/>\n<meta property=\"og:title\" content=\"Ligue universelle du bien public\u00a0: M\u00e9daille d\u2019Or pour \u00a0Ablamba Johnson -\" \/>\n<meta property=\"og:description\" content=\"M\u00e9rites, distinctions se suivent\u00a0; logique du savoir-faire , de l\u2019efficacit\u00e9 dans les charges confi\u00e9es \u00e0 Sandra Ablamba Johnson, Ministre, Secr\u00e9taire\" \/>\n<meta property=\"og:url\" content=\"https:\/\/lepoint-actu.tg\/index.php\/2023\/03\/02\/ligue-universelle-du-bien-public-medaille-dor-pour-ablamba-johnson\/\" \/>\n<meta property=\"article:published_time\" content=\"2023-03-02T10:47:11+00:00\" \/>\n<meta property=\"article:modified_time\" content=\"2023-03-02T10:47:14+00:00\" \/>\n<meta property=\"og:image\" content=\"https:\/\/lepoint-actu.tg\/wp-content\/uploads\/2023\/03\/IMG-20230302-WA0031.jpg\" \/>\n\t<meta property=\"og:image:width\" content=\"750\" \/>\n\t<meta property=\"og:image:height\" content=\"480\" \/>\n\t<meta property=\"og:image:type\" content=\"image\/jpeg\" \/>\n<meta name=\"author\" content=\"La Redaction\" \/>\n<meta name=\"twitter:card\" content=\"summary_large_image\" \/>\n<meta name=\"twitter:label1\" content=\"\u00c9crit par\" \/>\n\t<meta name=\"twitter:data1\" content=\"La Redaction\" \/>\n\t<meta name=\"twitter:label2\" content=\"Dur\u00e9e de lecture estim\u00e9e\" \/>\n\t<meta name=\"twitter:data2\" content=\"4 minutes\" \/>\n<script type=\"application\/ld+json\" class=\"yoast-schema-graph\">{\"@context\":\"https:\/\/schema.org\",\"@graph\":[{\"@type\":\"WebPage\",\"@id\":\"https:\/\/lepoint-actu.tg\/index.php\/2023\/03\/02\/ligue-universelle-du-bien-public-medaille-dor-pour-ablamba-johnson\/\",\"url\":\"https:\/\/lepoint-actu.tg\/index.php\/2023\/03\/02\/ligue-universelle-du-bien-public-medaille-dor-pour-ablamba-johnson\/\",\"name\":\"Ligue universelle du bien public\u00a0: M\u00e9daille d\u2019Or pour \u00a0Ablamba Johnson -\",\"isPartOf\":{\"@id\":\"https:\/\/lepoint-actu.tg\/#website\"},\"primaryImageOfPage\":{\"@id\":\"https:\/\/lepoint-actu.tg\/index.php\/2023\/03\/02\/ligue-universelle-du-bien-public-medaille-dor-pour-ablamba-johnson\/#primaryimage\"},\"image\":{\"@id\":\"https:\/\/lepoint-actu.tg\/index.php\/2023\/03\/02\/ligue-universelle-du-bien-public-medaille-dor-pour-ablamba-johnson\/#primaryimage\"},\"thumbnailUrl\":\"https:\/\/lepoint-actu.tg\/wp-content\/uploads\/2023\/03\/IMG-20230302-WA0031.jpg\",\"datePublished\":\"2023-03-02T10:47:11+00:00\",\"dateModified\":\"2023-03-02T10:47:14+00:00\",\"author\":{\"@id\":\"https:\/\/lepoint-actu.tg\/#\/schema\/person\/e4026d66cbdc205cab83e169ab7eaca1\"},\"breadcrumb\":{\"@id\":\"https:\/\/lepoint-actu.tg\/index.php\/2023\/03\/02\/ligue-universelle-du-bien-public-medaille-dor-pour-ablamba-johnson\/#breadcrumb\"},\"inLanguage\":\"fr-FR\",\"potentialAction\":[{\"@type\":\"ReadAction\",\"target\":[\"https:\/\/lepoint-actu.tg\/index.php\/2023\/03\/02\/ligue-universelle-du-bien-public-medaille-dor-pour-ablamba-johnson\/\"]}]},{\"@type\":\"ImageObject\",\"inLanguage\":\"fr-FR\",\"@id\":\"https:\/\/lepoint-actu.tg\/index.php\/2023\/03\/02\/ligue-universelle-du-bien-public-medaille-dor-pour-ablamba-johnson\/#primaryimage\",\"url\":\"https:\/\/lepoint-actu.tg\/wp-content\/uploads\/2023\/03\/IMG-20230302-WA0031.jpg\",\"contentUrl\":\"https:\/\/lepoint-actu.tg\/wp-content\/uploads\/2023\/03\/IMG-20230302-WA0031.jpg\",\"width\":750,\"height\":480},{\"@type\":\"BreadcrumbList\",\"@id\":\"https:\/\/lepoint-actu.tg\/index.php\/2023\/03\/02\/ligue-universelle-du-bien-public-medaille-dor-pour-ablamba-johnson\/#breadcrumb\",\"itemListElement\":[{\"@type\":\"ListItem\",\"position\":1,\"name\":\"Accueil\",\"item\":\"https:\/\/lepoint-actu.tg\/\"},{\"@type\":\"ListItem\",\"position\":2,\"name\":\"Ligue universelle du bien public\u00a0: M\u00e9daille d\u2019Or pour \u00a0Ablamba Johnson\"}]},{\"@type\":\"WebSite\",\"@id\":\"https:\/\/lepoint-actu.tg\/#website\",\"url\":\"https:\/\/lepoint-actu.tg\/\",\"name\":\"\",\"description\":\"R\u00e9c\u00e9piss\u00e9 N\u00b00022\/HAAC\/12-2020\/pL\/P, lepointactu07@gmail.com\",\"potentialAction\":[{\"@type\":\"SearchAction\",\"target\":{\"@type\":\"EntryPoint\",\"urlTemplate\":\"https:\/\/lepoint-actu.tg\/?s={search_term_string}\"},\"query-input\":{\"@type\":\"PropertyValueSpecification\",\"valueRequired\":true,\"valueName\":\"search_term_string\"}}],\"inLanguage\":\"fr-FR\"},{\"@type\":\"Person\",\"@id\":\"https:\/\/lepoint-actu.tg\/#\/schema\/person\/e4026d66cbdc205cab83e169ab7eaca1\",\"name\":\"La Redaction\",\"image\":{\"@type\":\"ImageObject\",\"inLanguage\":\"fr-FR\",\"@id\":\"https:\/\/lepoint-actu.tg\/#\/schema\/person\/image\/\",\"url\":\"https:\/\/secure.gravatar.com\/avatar\/1682a0ff7e2c36efa51c5d262eea092000ec1ce420118e6261440956730308c2?s=96&d=mm&r=g\",\"contentUrl\":\"https:\/\/secure.gravatar.com\/avatar\/1682a0ff7e2c36efa51c5d262eea092000ec1ce420118e6261440956730308c2?s=96&d=mm&r=g\",\"caption\":\"La Redaction\"},\"url\":\"https:\/\/lepoint-actu.tg\/index.php\/author\/raymondsama\/\"}]}<\/script>\n<!-- \/ Yoast SEO plugin. -->","yoast_head_json":{"title":"Ligue universelle du bien public\u00a0: M\u00e9daille d\u2019Or pour \u00a0Ablamba Johnson -","robots":{"index":"index","follow":"follow","max-snippet":"max-snippet:-1","max-image-preview":"max-image-preview:large","max-video-preview":"max-video-preview:-1"},"canonical":"https:\/\/lepoint-actu.tg\/index.php\/2023\/03\/02\/ligue-universelle-du-bien-public-medaille-dor-pour-ablamba-johnson\/","og_locale":"fr_FR","og_type":"article","og_title":"Ligue universelle du bien public\u00a0: M\u00e9daille d\u2019Or pour \u00a0Ablamba Johnson -","og_description":"M\u00e9rites, distinctions se suivent\u00a0; logique du savoir-faire , de l\u2019efficacit\u00e9 dans les charges confi\u00e9es \u00e0 Sandra Ablamba Johnson, Ministre, Secr\u00e9taire","og_url":"https:\/\/lepoint-actu.tg\/index.php\/2023\/03\/02\/ligue-universelle-du-bien-public-medaille-dor-pour-ablamba-johnson\/","article_published_time":"2023-03-02T10:47:11+00:00","article_modified_time":"2023-03-02T10:47:14+00:00","og_image":[{"width":750,"height":480,"url":"https:\/\/lepoint-actu.tg\/wp-content\/uploads\/2023\/03\/IMG-20230302-WA0031.jpg","type":"image\/jpeg"}],"author":"La Redaction","twitter_card":"summary_large_image","twitter_misc":{"\u00c9crit par":"La Redaction","Dur\u00e9e de lecture estim\u00e9e":"4 minutes"},"schema":{"@context":"https:\/\/schema.org","@graph":[{"@type":"WebPage","@id":"https:\/\/lepoint-actu.tg\/index.php\/2023\/03\/02\/ligue-universelle-du-bien-public-medaille-dor-pour-ablamba-johnson\/","url":"https:\/\/lepoint-actu.tg\/index.php\/2023\/03\/02\/ligue-universelle-du-bien-public-medaille-dor-pour-ablamba-johnson\/","name":"Ligue universelle du bien public\u00a0: M\u00e9daille d\u2019Or pour \u00a0Ablamba Johnson -","isPartOf":{"@id":"https:\/\/lepoint-actu.tg\/#website"},"primaryImageOfPage":{"@id":"https:\/\/lepoint-actu.tg\/index.php\/2023\/03\/02\/ligue-universelle-du-bien-public-medaille-dor-pour-ablamba-johnson\/#primaryimage"},"image":{"@id":"https:\/\/lepoint-actu.tg\/index.php\/2023\/03\/02\/ligue-universelle-du-bien-public-medaille-dor-pour-ablamba-johnson\/#primaryimage"},"thumbnailUrl":"https:\/\/lepoint-actu.tg\/wp-content\/uploads\/2023\/03\/IMG-20230302-WA0031.jpg","datePublished":"2023-03-02T10:47:11+00:00","dateModified":"2023-03-02T10:47:14+00:00","author":{"@id":"https:\/\/lepoint-actu.tg\/#\/schema\/person\/e4026d66cbdc205cab83e169ab7eaca1"},"breadcrumb":{"@id":"https:\/\/lepoint-actu.tg\/index.php\/2023\/03\/02\/ligue-universelle-du-bien-public-medaille-dor-pour-ablamba-johnson\/#breadcrumb"},"inLanguage":"fr-FR","potentialAction":[{"@type":"ReadAction","target":["https:\/\/lepoint-actu.tg\/index.php\/2023\/03\/02\/ligue-universelle-du-bien-public-medaille-dor-pour-ablamba-johnson\/"]}]},{"@type":"ImageObject","inLanguage":"fr-FR","@id":"https:\/\/lepoint-actu.tg\/index.php\/2023\/03\/02\/ligue-universelle-du-bien-public-medaille-dor-pour-ablamba-johnson\/#primaryimage","url":"https:\/\/lepoint-actu.tg\/wp-content\/uploads\/2023\/03\/IMG-20230302-WA0031.jpg","contentUrl":"https:\/\/lepoint-actu.tg\/wp-content\/uploads\/2023\/03\/IMG-20230302-WA0031.jpg","width":750,"height":480},{"@type":"BreadcrumbList","@id":"https:\/\/lepoint-actu.tg\/index.php\/2023\/03\/02\/ligue-universelle-du-bien-public-medaille-dor-pour-ablamba-johnson\/#breadcrumb","itemListElement":[{"@type":"ListItem","position":1,"name":"Accueil","item":"https:\/\/lepoint-actu.tg\/"},{"@type":"ListItem","position":2,"name":"Ligue universelle du bien public\u00a0: M\u00e9daille d\u2019Or pour \u00a0Ablamba Johnson"}]},{"@type":"WebSite","@id":"https:\/\/lepoint-actu.tg\/#website","url":"https:\/\/lepoint-actu.tg\/","name":"","description":"R\u00e9c\u00e9piss\u00e9 N\u00b00022\/HAAC\/12-2020\/pL\/P, lepointactu07@gmail.com","potentialAction":[{"@type":"SearchAction","target":{"@type":"EntryPoint","urlTemplate":"https:\/\/lepoint-actu.tg\/?s={search_term_string}"},"query-input":{"@type":"PropertyValueSpecification","valueRequired":true,"valueName":"search_term_string"}}],"inLanguage":"fr-FR"},{"@type":"Person","@id":"https:\/\/lepoint-actu.tg\/#\/schema\/person\/e4026d66cbdc205cab83e169ab7eaca1","name":"La Redaction","image":{"@type":"ImageObject","inLanguage":"fr-FR","@id":"https:\/\/lepoint-actu.tg\/#\/schema\/person\/image\/","url":"https:\/\/secure.gravatar.com\/avatar\/1682a0ff7e2c36efa51c5d262eea092000ec1ce420118e6261440956730308c2?s=96&d=mm&r=g","contentUrl":"https:\/\/secure.gravatar.com\/avatar\/1682a0ff7e2c36efa51c5d262eea092000ec1ce420118e6261440956730308c2?s=96&d=mm&r=g","caption":"La Redaction"},"url":"https:\/\/lepoint-actu.tg\/index.php\/author\/raymondsama\/"}]}},"_links":{"self":[{"href":"https:\/\/lepoint-actu.tg\/index.php\/wp-json\/wp\/v2\/posts\/1481","targetHints":{"allow":["GET"]}}],"collection":[{"href":"https:\/\/lepoint-actu.tg\/index.php\/wp-json\/wp\/v2\/posts"}],"about":[{"href":"https:\/\/lepoint-actu.tg\/index.php\/wp-json\/wp\/v2\/types\/post"}],"author":[{"embeddable":true,"href":"https:\/\/lepoint-actu.tg\/index.php\/wp-json\/wp\/v2\/users\/2"}],"replies":[{"embeddable":true,"href":"https:\/\/lepoint-actu.tg\/index.php\/wp-json\/wp\/v2\/comments?post=1481"}],"version-history":[{"count":1,"href":"https:\/\/lepoint-actu.tg\/index.php\/wp-json\/wp\/v2\/posts\/1481\/revisions"}],"predecessor-version":[{"id":1483,"href":"https:\/\/lepoint-actu.tg\/index.php\/wp-json\/wp\/v2\/posts\/1481\/revisions\/1483"}],"wp:featuredmedia":[{"embeddable":true,"href":"https:\/\/lepoint-actu.tg\/index.php\/wp-json\/wp\/v2\/media\/1482"}],"wp:attachment":[{"href":"https:\/\/lepoint-actu.tg\/index.php\/wp-json\/wp\/v2\/media?parent=1481"}],"wp:term":[{"taxonomy":"category","embeddable":true,"href":"https:\/\/lepoint-actu.tg\/index.php\/wp-json\/wp\/v2\/categories?post=1481"},{"taxonomy":"post_tag","embeddable":true,"href":"https:\/\/lepoint-actu.tg\/index.php\/wp-json\/wp\/v2\/tags?post=1481"}],"curies":[{"name":"wp","href":"https:\/\/api.w.org\/{rel}","templated":true}]}}