{"id":1499,"date":"2023-03-04T01:23:40","date_gmt":"2023-03-04T01:23:40","guid":{"rendered":"https:\/\/lepoint-actu.tg\/?p=1499"},"modified":"2023-03-04T01:23:42","modified_gmt":"2023-03-04T01:23:42","slug":"enseignement-les-eleves-professeurs-attendus-le-06-mars-prochain-dans-les-06-enfpe-du-togo","status":"publish","type":"post","link":"https:\/\/lepoint-actu.tg\/index.php\/2023\/03\/04\/enseignement-les-eleves-professeurs-attendus-le-06-mars-prochain-dans-les-06-enfpe-du-togo\/","title":{"rendered":"Enseignement\/Les \u00e9l\u00e8ves-professeurs attendus le 06 mars prochain dans les 06 ENFPE du Togo"},"content":{"rendered":"\n<p><br>La formation des \u00e9l\u00e8ves-professeurs d\u2019\u00e9cole d\u00e9butera le lundi 06 mars 2023 selon les informations. Au total 2\u00a0619 \u00e9l\u00e8ves-professeurs retenus \u00e0 l\u2019issue de la phase d\u2019entretien comptant pour la promotion 2023-2025 des \u00c9coles normales de formation des professeurs d\u2019\u00e9cole, ces candidats au concours d\u2019entr\u00e9e dans les \u00c9coles normales de formation des professeurs d\u2019\u00e9cole (ENFPE) sont convoqu\u00e9s lundi 6 mars prochain pour le d\u00e9but de la formation proprement dite.\u00a0<br>Dans les six ENFPE sur toute l\u2019\u00e9tendue du territoire, cette formation, dans la droite ligne des d\u00e9fis d\u2019un enseignement de qualit\u00e9 aura lieu. Le communiqu\u00e9 du minist\u00e8re des enseignements primaire, secondaire, technique et de l\u2019artisanat pr\u00e9cise que \u00ab\u00a0les frais d\u2019inscription et d\u2019\u00e9tudes doivent \u00eatre pay\u00e9s \u00e0 la comptabilit\u00e9 des ENFPE avant le d\u00e9but de la formation\u00a0\u00bb. <\/p>\n\n\n\n<figure class=\"wp-block-image size-full\"><img loading=\"lazy\" decoding=\"async\" width=\"360\" height=\"360\" src=\"https:\/\/lepoint-actu.tg\/wp-content\/uploads\/2023\/03\/Enseignement.jpg\" alt=\"\" class=\"wp-image-1501\" srcset=\"https:\/\/lepoint-actu.tg\/wp-content\/uploads\/2023\/03\/Enseignement.jpg 360w, https:\/\/lepoint-actu.tg\/wp-content\/uploads\/2023\/03\/Enseignement-300x300.jpg 300w, https:\/\/lepoint-actu.tg\/wp-content\/uploads\/2023\/03\/Enseignement-150x150.jpg 150w\" sizes=\"auto, (max-width: 360px) 100vw, 360px\" \/><\/figure>\n\n\n\n<p>Les candidats devront se pr\u00e9senter en uniforme, informe-t-on. \u00ab\u00a0Une chemise de couleur blanche avec un pantalon ou une jupe de couleur bleu marine\u00a0\u00bb, constitue essentiellement cet uniforme.\u00a0<br><strong><em>Pour tout besoin de reportage, insertion publicitaire, publi-reportage,\u2026 Merci de contacter 90 21 30 91\/93 85 04 63 ou via mail\u00a0: lepointactu07@gmail.com<\/em><\/strong><\/p>\n\n\n\n<p>.<\/p>\n","protected":false},"excerpt":{"rendered":"<p>La formation des \u00e9l\u00e8ves-professeurs d\u2019\u00e9cole d\u00e9butera le lundi 06 mars 2023 selon les informations. Au total 2\u00a0619 \u00e9l\u00e8ves-professeurs retenus \u00e0<\/p>\n","protected":false},"author":2,"featured_media":1500,"comment_status":"open","ping_status":"closed","sticky":false,"template":"","format":"standard","meta":{"footnotes":""},"categories":[1],"tags":[],"class_list":["post-1499","post","type-post","status-publish","format-standard","has-post-thumbnail","hentry","category-societe"],"yoast_head":"<!-- This site is optimized with the Yoast SEO plugin v23.9 - https:\/\/yoast.com\/wordpress\/plugins\/seo\/ -->\n<title>Enseignement\/Les \u00e9l\u00e8ves-professeurs attendus le 06 mars prochain dans les 06 ENFPE du Togo -<\/title>\n<meta name=\"robots\" content=\"index, follow, max-snippet:-1, max-image-preview:large, max-video-preview:-1\" \/>\n<link rel=\"canonical\" href=\"https:\/\/lepoint-actu.tg\/index.php\/2023\/03\/04\/enseignement-les-eleves-professeurs-attendus-le-06-mars-prochain-dans-les-06-enfpe-du-togo\/\" \/>\n<meta property=\"og:locale\" content=\"fr_FR\" \/>\n<meta property=\"og:type\" content=\"article\" \/>\n<meta property=\"og:title\" content=\"Enseignement\/Les \u00e9l\u00e8ves-professeurs attendus le 06 mars prochain dans les 06 ENFPE du Togo -\" \/>\n<meta property=\"og:description\" content=\"La formation des \u00e9l\u00e8ves-professeurs d\u2019\u00e9cole d\u00e9butera le lundi 06 mars 2023 selon les informations. Au total 2\u00a0619 \u00e9l\u00e8ves-professeurs retenus \u00e0\" \/>\n<meta property=\"og:url\" content=\"https:\/\/lepoint-actu.tg\/index.php\/2023\/03\/04\/enseignement-les-eleves-professeurs-attendus-le-06-mars-prochain-dans-les-06-enfpe-du-togo\/\" \/>\n<meta property=\"article:published_time\" content=\"2023-03-04T01:23:40+00:00\" \/>\n<meta property=\"article:modified_time\" content=\"2023-03-04T01:23:42+00:00\" \/>\n<meta property=\"og:image\" content=\"https:\/\/lepoint-actu.tg\/wp-content\/uploads\/2023\/03\/EnseignantsN.jpg\" \/>\n\t<meta property=\"og:image:width\" content=\"1200\" \/>\n\t<meta property=\"og:image:height\" content=\"900\" \/>\n\t<meta property=\"og:image:type\" content=\"image\/jpeg\" \/>\n<meta name=\"author\" content=\"La Redaction\" \/>\n<meta name=\"twitter:card\" content=\"summary_large_image\" \/>\n<meta name=\"twitter:label1\" content=\"\u00c9crit par\" \/>\n\t<meta name=\"twitter:data1\" content=\"La Redaction\" \/>\n\t<meta name=\"twitter:label2\" content=\"Dur\u00e9e de lecture estim\u00e9e\" \/>\n\t<meta name=\"twitter:data2\" content=\"2 minutes\" \/>\n<script type=\"application\/ld+json\" class=\"yoast-schema-graph\">{\"@context\":\"https:\/\/schema.org\",\"@graph\":[{\"@type\":\"WebPage\",\"@id\":\"https:\/\/lepoint-actu.tg\/index.php\/2023\/03\/04\/enseignement-les-eleves-professeurs-attendus-le-06-mars-prochain-dans-les-06-enfpe-du-togo\/\",\"url\":\"https:\/\/lepoint-actu.tg\/index.php\/2023\/03\/04\/enseignement-les-eleves-professeurs-attendus-le-06-mars-prochain-dans-les-06-enfpe-du-togo\/\",\"name\":\"Enseignement\/Les \u00e9l\u00e8ves-professeurs attendus le 06 mars prochain dans les 06 ENFPE du Togo -\",\"isPartOf\":{\"@id\":\"https:\/\/lepoint-actu.tg\/#website\"},\"primaryImageOfPage\":{\"@id\":\"https:\/\/lepoint-actu.tg\/index.php\/2023\/03\/04\/enseignement-les-eleves-professeurs-attendus-le-06-mars-prochain-dans-les-06-enfpe-du-togo\/#primaryimage\"},\"image\":{\"@id\":\"https:\/\/lepoint-actu.tg\/index.php\/2023\/03\/04\/enseignement-les-eleves-professeurs-attendus-le-06-mars-prochain-dans-les-06-enfpe-du-togo\/#primaryimage\"},\"thumbnailUrl\":\"https:\/\/lepoint-actu.tg\/wp-content\/uploads\/2023\/03\/EnseignantsN.jpg\",\"datePublished\":\"2023-03-04T01:23:40+00:00\",\"dateModified\":\"2023-03-04T01:23:42+00:00\",\"author\":{\"@id\":\"https:\/\/lepoint-actu.tg\/#\/schema\/person\/e4026d66cbdc205cab83e169ab7eaca1\"},\"breadcrumb\":{\"@id\":\"https:\/\/lepoint-actu.tg\/index.php\/2023\/03\/04\/enseignement-les-eleves-professeurs-attendus-le-06-mars-prochain-dans-les-06-enfpe-du-togo\/#breadcrumb\"},\"inLanguage\":\"fr-FR\",\"potentialAction\":[{\"@type\":\"ReadAction\",\"target\":[\"https:\/\/lepoint-actu.tg\/index.php\/2023\/03\/04\/enseignement-les-eleves-professeurs-attendus-le-06-mars-prochain-dans-les-06-enfpe-du-togo\/\"]}]},{\"@type\":\"ImageObject\",\"inLanguage\":\"fr-FR\",\"@id\":\"https:\/\/lepoint-actu.tg\/index.php\/2023\/03\/04\/enseignement-les-eleves-professeurs-attendus-le-06-mars-prochain-dans-les-06-enfpe-du-togo\/#primaryimage\",\"url\":\"https:\/\/lepoint-actu.tg\/wp-content\/uploads\/2023\/03\/EnseignantsN.jpg\",\"contentUrl\":\"https:\/\/lepoint-actu.tg\/wp-content\/uploads\/2023\/03\/EnseignantsN.jpg\",\"width\":1200,\"height\":900},{\"@type\":\"BreadcrumbList\",\"@id\":\"https:\/\/lepoint-actu.tg\/index.php\/2023\/03\/04\/enseignement-les-eleves-professeurs-attendus-le-06-mars-prochain-dans-les-06-enfpe-du-togo\/#breadcrumb\",\"itemListElement\":[{\"@type\":\"ListItem\",\"position\":1,\"name\":\"Accueil\",\"item\":\"https:\/\/lepoint-actu.tg\/\"},{\"@type\":\"ListItem\",\"position\":2,\"name\":\"Enseignement\/Les \u00e9l\u00e8ves-professeurs attendus le 06 mars prochain dans les 06 ENFPE du Togo\"}]},{\"@type\":\"WebSite\",\"@id\":\"https:\/\/lepoint-actu.tg\/#website\",\"url\":\"https:\/\/lepoint-actu.tg\/\",\"name\":\"\",\"description\":\"R\u00e9c\u00e9piss\u00e9 N\u00b00022\/HAAC\/12-2020\/pL\/P, lepointactu07@gmail.com\",\"potentialAction\":[{\"@type\":\"SearchAction\",\"target\":{\"@type\":\"EntryPoint\",\"urlTemplate\":\"https:\/\/lepoint-actu.tg\/?s={search_term_string}\"},\"query-input\":{\"@type\":\"PropertyValueSpecification\",\"valueRequired\":true,\"valueName\":\"search_term_string\"}}],\"inLanguage\":\"fr-FR\"},{\"@type\":\"Person\",\"@id\":\"https:\/\/lepoint-actu.tg\/#\/schema\/person\/e4026d66cbdc205cab83e169ab7eaca1\",\"name\":\"La Redaction\",\"image\":{\"@type\":\"ImageObject\",\"inLanguage\":\"fr-FR\",\"@id\":\"https:\/\/lepoint-actu.tg\/#\/schema\/person\/image\/\",\"url\":\"https:\/\/secure.gravatar.com\/avatar\/1682a0ff7e2c36efa51c5d262eea092000ec1ce420118e6261440956730308c2?s=96&d=mm&r=g\",\"contentUrl\":\"https:\/\/secure.gravatar.com\/avatar\/1682a0ff7e2c36efa51c5d262eea092000ec1ce420118e6261440956730308c2?s=96&d=mm&r=g\",\"caption\":\"La Redaction\"},\"url\":\"https:\/\/lepoint-actu.tg\/index.php\/author\/raymondsama\/\"}]}<\/script>\n<!-- \/ Yoast SEO plugin. -->","yoast_head_json":{"title":"Enseignement\/Les \u00e9l\u00e8ves-professeurs attendus le 06 mars prochain dans les 06 ENFPE du Togo -","robots":{"index":"index","follow":"follow","max-snippet":"max-snippet:-1","max-image-preview":"max-image-preview:large","max-video-preview":"max-video-preview:-1"},"canonical":"https:\/\/lepoint-actu.tg\/index.php\/2023\/03\/04\/enseignement-les-eleves-professeurs-attendus-le-06-mars-prochain-dans-les-06-enfpe-du-togo\/","og_locale":"fr_FR","og_type":"article","og_title":"Enseignement\/Les \u00e9l\u00e8ves-professeurs attendus le 06 mars prochain dans les 06 ENFPE du Togo -","og_description":"La formation des \u00e9l\u00e8ves-professeurs d\u2019\u00e9cole d\u00e9butera le lundi 06 mars 2023 selon les informations. Au total 2\u00a0619 \u00e9l\u00e8ves-professeurs retenus \u00e0","og_url":"https:\/\/lepoint-actu.tg\/index.php\/2023\/03\/04\/enseignement-les-eleves-professeurs-attendus-le-06-mars-prochain-dans-les-06-enfpe-du-togo\/","article_published_time":"2023-03-04T01:23:40+00:00","article_modified_time":"2023-03-04T01:23:42+00:00","og_image":[{"width":1200,"height":900,"url":"https:\/\/lepoint-actu.tg\/wp-content\/uploads\/2023\/03\/EnseignantsN.jpg","type":"image\/jpeg"}],"author":"La Redaction","twitter_card":"summary_large_image","twitter_misc":{"\u00c9crit par":"La Redaction","Dur\u00e9e de lecture estim\u00e9e":"2 minutes"},"schema":{"@context":"https:\/\/schema.org","@graph":[{"@type":"WebPage","@id":"https:\/\/lepoint-actu.tg\/index.php\/2023\/03\/04\/enseignement-les-eleves-professeurs-attendus-le-06-mars-prochain-dans-les-06-enfpe-du-togo\/","url":"https:\/\/lepoint-actu.tg\/index.php\/2023\/03\/04\/enseignement-les-eleves-professeurs-attendus-le-06-mars-prochain-dans-les-06-enfpe-du-togo\/","name":"Enseignement\/Les \u00e9l\u00e8ves-professeurs attendus le 06 mars prochain dans les 06 ENFPE du Togo -","isPartOf":{"@id":"https:\/\/lepoint-actu.tg\/#website"},"primaryImageOfPage":{"@id":"https:\/\/lepoint-actu.tg\/index.php\/2023\/03\/04\/enseignement-les-eleves-professeurs-attendus-le-06-mars-prochain-dans-les-06-enfpe-du-togo\/#primaryimage"},"image":{"@id":"https:\/\/lepoint-actu.tg\/index.php\/2023\/03\/04\/enseignement-les-eleves-professeurs-attendus-le-06-mars-prochain-dans-les-06-enfpe-du-togo\/#primaryimage"},"thumbnailUrl":"https:\/\/lepoint-actu.tg\/wp-content\/uploads\/2023\/03\/EnseignantsN.jpg","datePublished":"2023-03-04T01:23:40+00:00","dateModified":"2023-03-04T01:23:42+00:00","author":{"@id":"https:\/\/lepoint-actu.tg\/#\/schema\/person\/e4026d66cbdc205cab83e169ab7eaca1"},"breadcrumb":{"@id":"https:\/\/lepoint-actu.tg\/index.php\/2023\/03\/04\/enseignement-les-eleves-professeurs-attendus-le-06-mars-prochain-dans-les-06-enfpe-du-togo\/#breadcrumb"},"inLanguage":"fr-FR","potentialAction":[{"@type":"ReadAction","target":["https:\/\/lepoint-actu.tg\/index.php\/2023\/03\/04\/enseignement-les-eleves-professeurs-attendus-le-06-mars-prochain-dans-les-06-enfpe-du-togo\/"]}]},{"@type":"ImageObject","inLanguage":"fr-FR","@id":"https:\/\/lepoint-actu.tg\/index.php\/2023\/03\/04\/enseignement-les-eleves-professeurs-attendus-le-06-mars-prochain-dans-les-06-enfpe-du-togo\/#primaryimage","url":"https:\/\/lepoint-actu.tg\/wp-content\/uploads\/2023\/03\/EnseignantsN.jpg","contentUrl":"https:\/\/lepoint-actu.tg\/wp-content\/uploads\/2023\/03\/EnseignantsN.jpg","width":1200,"height":900},{"@type":"BreadcrumbList","@id":"https:\/\/lepoint-actu.tg\/index.php\/2023\/03\/04\/enseignement-les-eleves-professeurs-attendus-le-06-mars-prochain-dans-les-06-enfpe-du-togo\/#breadcrumb","itemListElement":[{"@type":"ListItem","position":1,"name":"Accueil","item":"https:\/\/lepoint-actu.tg\/"},{"@type":"ListItem","position":2,"name":"Enseignement\/Les \u00e9l\u00e8ves-professeurs attendus le 06 mars prochain dans les 06 ENFPE du Togo"}]},{"@type":"WebSite","@id":"https:\/\/lepoint-actu.tg\/#website","url":"https:\/\/lepoint-actu.tg\/","name":"","description":"R\u00e9c\u00e9piss\u00e9 N\u00b00022\/HAAC\/12-2020\/pL\/P, lepointactu07@gmail.com","potentialAction":[{"@type":"SearchAction","target":{"@type":"EntryPoint","urlTemplate":"https:\/\/lepoint-actu.tg\/?s={search_term_string}"},"query-input":{"@type":"PropertyValueSpecification","valueRequired":true,"valueName":"search_term_string"}}],"inLanguage":"fr-FR"},{"@type":"Person","@id":"https:\/\/lepoint-actu.tg\/#\/schema\/person\/e4026d66cbdc205cab83e169ab7eaca1","name":"La Redaction","image":{"@type":"ImageObject","inLanguage":"fr-FR","@id":"https:\/\/lepoint-actu.tg\/#\/schema\/person\/image\/","url":"https:\/\/secure.gravatar.com\/avatar\/1682a0ff7e2c36efa51c5d262eea092000ec1ce420118e6261440956730308c2?s=96&d=mm&r=g","contentUrl":"https:\/\/secure.gravatar.com\/avatar\/1682a0ff7e2c36efa51c5d262eea092000ec1ce420118e6261440956730308c2?s=96&d=mm&r=g","caption":"La Redaction"},"url":"https:\/\/lepoint-actu.tg\/index.php\/author\/raymondsama\/"}]}},"_links":{"self":[{"href":"https:\/\/lepoint-actu.tg\/index.php\/wp-json\/wp\/v2\/posts\/1499","targetHints":{"allow":["GET"]}}],"collection":[{"href":"https:\/\/lepoint-actu.tg\/index.php\/wp-json\/wp\/v2\/posts"}],"about":[{"href":"https:\/\/lepoint-actu.tg\/index.php\/wp-json\/wp\/v2\/types\/post"}],"author":[{"embeddable":true,"href":"https:\/\/lepoint-actu.tg\/index.php\/wp-json\/wp\/v2\/users\/2"}],"replies":[{"embeddable":true,"href":"https:\/\/lepoint-actu.tg\/index.php\/wp-json\/wp\/v2\/comments?post=1499"}],"version-history":[{"count":1,"href":"https:\/\/lepoint-actu.tg\/index.php\/wp-json\/wp\/v2\/posts\/1499\/revisions"}],"predecessor-version":[{"id":1502,"href":"https:\/\/lepoint-actu.tg\/index.php\/wp-json\/wp\/v2\/posts\/1499\/revisions\/1502"}],"wp:featuredmedia":[{"embeddable":true,"href":"https:\/\/lepoint-actu.tg\/index.php\/wp-json\/wp\/v2\/media\/1500"}],"wp:attachment":[{"href":"https:\/\/lepoint-actu.tg\/index.php\/wp-json\/wp\/v2\/media?parent=1499"}],"wp:term":[{"taxonomy":"category","embeddable":true,"href":"https:\/\/lepoint-actu.tg\/index.php\/wp-json\/wp\/v2\/categories?post=1499"},{"taxonomy":"post_tag","embeddable":true,"href":"https:\/\/lepoint-actu.tg\/index.php\/wp-json\/wp\/v2\/tags?post=1499"}],"curies":[{"name":"wp","href":"https:\/\/api.w.org\/{rel}","templated":true}]}}