{"id":1503,"date":"2023-03-04T01:28:26","date_gmt":"2023-03-04T01:28:26","guid":{"rendered":"https:\/\/lepoint-actu.tg\/?p=1503"},"modified":"2023-03-04T17:24:58","modified_gmt":"2023-03-04T17:24:58","slug":"100-millions-deuros-pour-les-pays-accelerateurs-de-strategies-de-protection-de-reserves-de-carbone","status":"publish","type":"post","link":"https:\/\/lepoint-actu.tg\/index.php\/2023\/03\/04\/100-millions-deuros-pour-les-pays-accelerateurs-de-strategies-de-protection-de-reserves-de-carbone\/","title":{"rendered":"100 millions d\u2019euros pour les pays acc\u00e9l\u00e9rateurs de strat\u00e9gies de protection de r\u00e9serves de carbone"},"content":{"rendered":"\n<p><\/p>\n\n\n\n<p>Diminution des pluies, r\u00e9chauffement climatique, les causes entre autres&nbsp;; tout est abord\u00e9 \u00e0 Libr\u00e9ville dans la capitale gabonaise \u00e0 l\u2019occasion du sommet international des 1er et 2 mars 2023 consacr\u00e9 \u00e0 la pr\u00e9servation des for\u00eats du bassin du Congo, \u00ab&nbsp;one forest summit&nbsp;\u00bb. A l\u2019issue, \u00ab&nbsp;le plan de Libreville&nbsp;\u00bb na\u00eet.<\/p>\n\n\n\n<figure class=\"wp-block-image size-full\"><img loading=\"lazy\" decoding=\"async\" width=\"299\" height=\"168\" src=\"https:\/\/lepoint-actu.tg\/wp-content\/uploads\/2023\/03\/carbone.jpg\" alt=\"\" class=\"wp-image-1504\"\/><\/figure>\n\n\n\n<p><br>Experts de diff\u00e9rents ordres venus de diff\u00e9rents pays du monde et les six chefs d\u2019\u00c9tat pr\u00e9sents \u00e0 cette r\u00e9union internationale&nbsp;sur la conservation des for\u00eats, la protection du climat et la biodiversit\u00e9&nbsp;ont adopt\u00e9 jeudi 2 mars un document baptis\u00e9 \u00ab le plan de Libreville \u00bb&nbsp;; document qui s&rsquo;inspire des principales r\u00e9solutions de la COP27 tenue il y a quelques mois en Egypte. Selon les informations, les politiques pr\u00e9sents au sommet se sont engag\u00e9s \u00e0 stopper la d\u00e9forestation comme solution efficace dans la lutte contre le changement climatique.<br>L\u2019on renseigne que la mesure phare de ce plan est la cr\u00e9ation d&rsquo;un fonds dot\u00e9 d&rsquo;une enveloppe de 100 millions d&rsquo;euros. \u00ab&nbsp;Nous allons mettre 100 millions d&rsquo;euros additionnels pour&nbsp;les pays qui souhaitent acc\u00e9l\u00e9rer leur strat\u00e9gie de protection des r\u00e9serves vitales de carbone et de biodiversit\u00e9 dans le cadre des partenariats&nbsp;\u00bb, a d\u00e9clar\u00e9 le pr\u00e9sident fran\u00e7ais Emmanuel Macron au sujet de partenariats de \u00ab&nbsp;conservation positive&nbsp;\u00bb. Selon le num\u00e9ro 1 fran\u00e7ais, dans le cadre de ce fonds, la Fondation Walton participera \u00e0 hauteur de 20 millions d&rsquo;euros, la Conservation international pour 30 millions d&rsquo;euros et la France met sur la table 50 millions d&rsquo;euros.<br>En substance, le fonds dont il s\u2019agit servira, selon les m\u00eames sources, \u00e0 financer un m\u00e9canisme de r\u00e9mun\u00e9ration des pays exemplaires dans la conservation des for\u00eats&nbsp;et la sauvegarde de leurs stocks vitaux de carbone et de biodiversit\u00e9,&nbsp;via des \u00ab&nbsp;certificats biodiversit\u00e9&nbsp;\u00bb.&nbsp;Ces certificats pourront \u00eatre \u00e9chang\u00e9s avec des \u00c9tats souverains ou avec le secteur priv\u00e9 \u00ab&nbsp;au titre de contribution \u00e0 la protection de la nature&nbsp;\u00bb.<br>L\u2019on mise, par ailleurs, sur la demande d&rsquo;un certain nombre d&rsquo;entreprises qui cherchent \u00e0 acheter des certificats&nbsp;; ce serait dans leur politique de responsabilit\u00e9 sociale de l&rsquo;entreprise &#8211; et ce faisant, elles vont financer des territoires dans les grands bassins forestiers qui prot\u00e8gent leur biodiversit\u00e9 et qui pour cela sont aussi en train de travailler au d\u00e9veloppement durable des populations indig\u00e8nes et des communaut\u00e9s locales. C&rsquo;est le m\u00eame principe que pour les cr\u00e9dits carbone, informe-t-on.<br><strong>Cartographier les puits de carbone verts<\/strong><br>Selon le confr\u00e8re rfi rapportant les d\u00e9clarations du Pr\u00e9sident Macron, ce m\u00e9canisme r\u00e9pond au \u00ab&nbsp;mod\u00e8le d\u00e9faillant&nbsp;\u00bb du march\u00e9 carbone qui a \u00ab&nbsp;d\u00e9riv\u00e9 ces derni\u00e8res ann\u00e9es sur un march\u00e9 volontaire&nbsp;\u00bb et \u00ab&nbsp;d\u00e9pr\u00e9ci\u00e9 le prix du carbone&nbsp;\u00bb avec des \u00ab&nbsp;ph\u00e9nom\u00e8nes de greenwashing&nbsp;\u00bb. Les chercheurs de leur c\u00f4t\u00e9 ont lanc\u00e9 le projet One Forest Vision qui ambitionne de mieux conna\u00eetre la valeur des trois grands bassins forestiers du monde en les cartographiant et mesurant leurs r\u00e9serves de carbone et de biodiversit\u00e9 dans les prochaines ann\u00e9es&nbsp;: la for\u00eat amazonienne, le bassin du Congo et les for\u00eats tropicales d&rsquo;Asie du Sud-Est.<br>Pour leur part, les chefs d&rsquo;entreprises, r\u00e9unis dans un One Forest Business Forum, ont lanc\u00e9 une initiative qui vise \u00e0 cr\u00e9er dix millions d&#8217;emplois dans les activit\u00e9s li\u00e9es \u00e0 la gestion durable des for\u00eats d&rsquo;ici 2030. Le plan de Libreville est volontariste et met au c\u0153ur de toutes ces actions les populations locales qui vivent autour des for\u00eats. Enfin, le Gabon, la France et le Canada ont lanc\u00e9 une plateforme intergouvernementale sur l&rsquo;utilisation durable du bois dans la construction.<br>L\u2019on informe aussi qu\u2019il est important que le \u00ab&nbsp;One Forest Summit&nbsp;\u00bb devienne une rencontre annuelle, soit dans un pays africain, soit sur un autre continent pour \u00e9valuer les engagements pris et les r\u00e9sultats obtenus.<\/p>\n\n\n\n<p><br><strong><em>Pour tout besoin de reportage, insertion publicitaire, publi-reportage, conseil\u2026 Merci de contacter 90 21 30 91\/93 85 04 63 ou via mail&nbsp;: lepointactu07@gmail.com<\/em><\/strong><\/p>\n","protected":false},"excerpt":{"rendered":"<p>Diminution des pluies, r\u00e9chauffement climatique, les causes entre autres&nbsp;; tout est abord\u00e9 \u00e0 Libr\u00e9ville dans la capitale gabonaise \u00e0 l\u2019occasion<\/p>\n","protected":false},"author":2,"featured_media":1509,"comment_status":"open","ping_status":"closed","sticky":false,"template":"","format":"standard","meta":{"footnotes":""},"categories":[6],"tags":[],"class_list":["post-1503","post","type-post","status-publish","format-standard","has-post-thumbnail","hentry","category-environnement"],"yoast_head":"<!-- This site is optimized with the Yoast SEO plugin v23.9 - https:\/\/yoast.com\/wordpress\/plugins\/seo\/ -->\n<title>100 millions d\u2019euros pour les pays acc\u00e9l\u00e9rateurs de strat\u00e9gies de protection de r\u00e9serves de carbone -<\/title>\n<meta name=\"robots\" content=\"index, follow, max-snippet:-1, max-image-preview:large, max-video-preview:-1\" \/>\n<link rel=\"canonical\" href=\"https:\/\/lepoint-actu.tg\/index.php\/2023\/03\/04\/100-millions-deuros-pour-les-pays-accelerateurs-de-strategies-de-protection-de-reserves-de-carbone\/\" \/>\n<meta property=\"og:locale\" content=\"fr_FR\" \/>\n<meta property=\"og:type\" content=\"article\" \/>\n<meta property=\"og:title\" content=\"100 millions d\u2019euros pour les pays acc\u00e9l\u00e9rateurs de strat\u00e9gies de protection de r\u00e9serves de carbone -\" \/>\n<meta property=\"og:description\" content=\"Diminution des pluies, r\u00e9chauffement climatique, les causes entre autres&nbsp;; tout est abord\u00e9 \u00e0 Libr\u00e9ville dans la capitale gabonaise \u00e0 l\u2019occasion\" \/>\n<meta property=\"og:url\" content=\"https:\/\/lepoint-actu.tg\/index.php\/2023\/03\/04\/100-millions-deuros-pour-les-pays-accelerateurs-de-strategies-de-protection-de-reserves-de-carbone\/\" \/>\n<meta property=\"article:published_time\" content=\"2023-03-04T01:28:26+00:00\" \/>\n<meta property=\"article:modified_time\" content=\"2023-03-04T17:24:58+00:00\" \/>\n<meta property=\"og:image\" content=\"https:\/\/lepoint-actu.tg\/wp-content\/uploads\/2023\/03\/summit-696x464-1.jpg\" \/>\n\t<meta property=\"og:image:width\" content=\"696\" \/>\n\t<meta property=\"og:image:height\" content=\"464\" \/>\n\t<meta property=\"og:image:type\" content=\"image\/jpeg\" \/>\n<meta name=\"author\" content=\"La Redaction\" \/>\n<meta name=\"twitter:card\" content=\"summary_large_image\" \/>\n<meta name=\"twitter:label1\" content=\"\u00c9crit par\" \/>\n\t<meta name=\"twitter:data1\" content=\"La Redaction\" \/>\n\t<meta name=\"twitter:label2\" content=\"Dur\u00e9e de lecture estim\u00e9e\" \/>\n\t<meta name=\"twitter:data2\" content=\"4 minutes\" \/>\n<script type=\"application\/ld+json\" class=\"yoast-schema-graph\">{\"@context\":\"https:\/\/schema.org\",\"@graph\":[{\"@type\":\"WebPage\",\"@id\":\"https:\/\/lepoint-actu.tg\/index.php\/2023\/03\/04\/100-millions-deuros-pour-les-pays-accelerateurs-de-strategies-de-protection-de-reserves-de-carbone\/\",\"url\":\"https:\/\/lepoint-actu.tg\/index.php\/2023\/03\/04\/100-millions-deuros-pour-les-pays-accelerateurs-de-strategies-de-protection-de-reserves-de-carbone\/\",\"name\":\"100 millions d\u2019euros pour les pays acc\u00e9l\u00e9rateurs de strat\u00e9gies de protection de r\u00e9serves de carbone -\",\"isPartOf\":{\"@id\":\"https:\/\/lepoint-actu.tg\/#website\"},\"primaryImageOfPage\":{\"@id\":\"https:\/\/lepoint-actu.tg\/index.php\/2023\/03\/04\/100-millions-deuros-pour-les-pays-accelerateurs-de-strategies-de-protection-de-reserves-de-carbone\/#primaryimage\"},\"image\":{\"@id\":\"https:\/\/lepoint-actu.tg\/index.php\/2023\/03\/04\/100-millions-deuros-pour-les-pays-accelerateurs-de-strategies-de-protection-de-reserves-de-carbone\/#primaryimage\"},\"thumbnailUrl\":\"https:\/\/lepoint-actu.tg\/wp-content\/uploads\/2023\/03\/summit-696x464-1.jpg\",\"datePublished\":\"2023-03-04T01:28:26+00:00\",\"dateModified\":\"2023-03-04T17:24:58+00:00\",\"author\":{\"@id\":\"https:\/\/lepoint-actu.tg\/#\/schema\/person\/e4026d66cbdc205cab83e169ab7eaca1\"},\"breadcrumb\":{\"@id\":\"https:\/\/lepoint-actu.tg\/index.php\/2023\/03\/04\/100-millions-deuros-pour-les-pays-accelerateurs-de-strategies-de-protection-de-reserves-de-carbone\/#breadcrumb\"},\"inLanguage\":\"fr-FR\",\"potentialAction\":[{\"@type\":\"ReadAction\",\"target\":[\"https:\/\/lepoint-actu.tg\/index.php\/2023\/03\/04\/100-millions-deuros-pour-les-pays-accelerateurs-de-strategies-de-protection-de-reserves-de-carbone\/\"]}]},{\"@type\":\"ImageObject\",\"inLanguage\":\"fr-FR\",\"@id\":\"https:\/\/lepoint-actu.tg\/index.php\/2023\/03\/04\/100-millions-deuros-pour-les-pays-accelerateurs-de-strategies-de-protection-de-reserves-de-carbone\/#primaryimage\",\"url\":\"https:\/\/lepoint-actu.tg\/wp-content\/uploads\/2023\/03\/summit-696x464-1.jpg\",\"contentUrl\":\"https:\/\/lepoint-actu.tg\/wp-content\/uploads\/2023\/03\/summit-696x464-1.jpg\",\"width\":696,\"height\":464},{\"@type\":\"BreadcrumbList\",\"@id\":\"https:\/\/lepoint-actu.tg\/index.php\/2023\/03\/04\/100-millions-deuros-pour-les-pays-accelerateurs-de-strategies-de-protection-de-reserves-de-carbone\/#breadcrumb\",\"itemListElement\":[{\"@type\":\"ListItem\",\"position\":1,\"name\":\"Accueil\",\"item\":\"https:\/\/lepoint-actu.tg\/\"},{\"@type\":\"ListItem\",\"position\":2,\"name\":\"100 millions d\u2019euros pour les pays acc\u00e9l\u00e9rateurs de strat\u00e9gies de protection de r\u00e9serves de carbone\"}]},{\"@type\":\"WebSite\",\"@id\":\"https:\/\/lepoint-actu.tg\/#website\",\"url\":\"https:\/\/lepoint-actu.tg\/\",\"name\":\"\",\"description\":\"R\u00e9c\u00e9piss\u00e9 N\u00b00022\/HAAC\/12-2020\/pL\/P, lepointactu07@gmail.com\",\"potentialAction\":[{\"@type\":\"SearchAction\",\"target\":{\"@type\":\"EntryPoint\",\"urlTemplate\":\"https:\/\/lepoint-actu.tg\/?s={search_term_string}\"},\"query-input\":{\"@type\":\"PropertyValueSpecification\",\"valueRequired\":true,\"valueName\":\"search_term_string\"}}],\"inLanguage\":\"fr-FR\"},{\"@type\":\"Person\",\"@id\":\"https:\/\/lepoint-actu.tg\/#\/schema\/person\/e4026d66cbdc205cab83e169ab7eaca1\",\"name\":\"La Redaction\",\"image\":{\"@type\":\"ImageObject\",\"inLanguage\":\"fr-FR\",\"@id\":\"https:\/\/lepoint-actu.tg\/#\/schema\/person\/image\/\",\"url\":\"https:\/\/secure.gravatar.com\/avatar\/1682a0ff7e2c36efa51c5d262eea092000ec1ce420118e6261440956730308c2?s=96&d=mm&r=g\",\"contentUrl\":\"https:\/\/secure.gravatar.com\/avatar\/1682a0ff7e2c36efa51c5d262eea092000ec1ce420118e6261440956730308c2?s=96&d=mm&r=g\",\"caption\":\"La Redaction\"},\"url\":\"https:\/\/lepoint-actu.tg\/index.php\/author\/raymondsama\/\"}]}<\/script>\n<!-- \/ Yoast SEO plugin. -->","yoast_head_json":{"title":"100 millions d\u2019euros pour les pays acc\u00e9l\u00e9rateurs de strat\u00e9gies de protection de r\u00e9serves de carbone -","robots":{"index":"index","follow":"follow","max-snippet":"max-snippet:-1","max-image-preview":"max-image-preview:large","max-video-preview":"max-video-preview:-1"},"canonical":"https:\/\/lepoint-actu.tg\/index.php\/2023\/03\/04\/100-millions-deuros-pour-les-pays-accelerateurs-de-strategies-de-protection-de-reserves-de-carbone\/","og_locale":"fr_FR","og_type":"article","og_title":"100 millions d\u2019euros pour les pays acc\u00e9l\u00e9rateurs de strat\u00e9gies de protection de r\u00e9serves de carbone -","og_description":"Diminution des pluies, r\u00e9chauffement climatique, les causes entre autres&nbsp;; tout est abord\u00e9 \u00e0 Libr\u00e9ville dans la capitale gabonaise \u00e0 l\u2019occasion","og_url":"https:\/\/lepoint-actu.tg\/index.php\/2023\/03\/04\/100-millions-deuros-pour-les-pays-accelerateurs-de-strategies-de-protection-de-reserves-de-carbone\/","article_published_time":"2023-03-04T01:28:26+00:00","article_modified_time":"2023-03-04T17:24:58+00:00","og_image":[{"width":696,"height":464,"url":"https:\/\/lepoint-actu.tg\/wp-content\/uploads\/2023\/03\/summit-696x464-1.jpg","type":"image\/jpeg"}],"author":"La Redaction","twitter_card":"summary_large_image","twitter_misc":{"\u00c9crit par":"La Redaction","Dur\u00e9e de lecture estim\u00e9e":"4 minutes"},"schema":{"@context":"https:\/\/schema.org","@graph":[{"@type":"WebPage","@id":"https:\/\/lepoint-actu.tg\/index.php\/2023\/03\/04\/100-millions-deuros-pour-les-pays-accelerateurs-de-strategies-de-protection-de-reserves-de-carbone\/","url":"https:\/\/lepoint-actu.tg\/index.php\/2023\/03\/04\/100-millions-deuros-pour-les-pays-accelerateurs-de-strategies-de-protection-de-reserves-de-carbone\/","name":"100 millions d\u2019euros pour les pays acc\u00e9l\u00e9rateurs de strat\u00e9gies de protection de r\u00e9serves de carbone -","isPartOf":{"@id":"https:\/\/lepoint-actu.tg\/#website"},"primaryImageOfPage":{"@id":"https:\/\/lepoint-actu.tg\/index.php\/2023\/03\/04\/100-millions-deuros-pour-les-pays-accelerateurs-de-strategies-de-protection-de-reserves-de-carbone\/#primaryimage"},"image":{"@id":"https:\/\/lepoint-actu.tg\/index.php\/2023\/03\/04\/100-millions-deuros-pour-les-pays-accelerateurs-de-strategies-de-protection-de-reserves-de-carbone\/#primaryimage"},"thumbnailUrl":"https:\/\/lepoint-actu.tg\/wp-content\/uploads\/2023\/03\/summit-696x464-1.jpg","datePublished":"2023-03-04T01:28:26+00:00","dateModified":"2023-03-04T17:24:58+00:00","author":{"@id":"https:\/\/lepoint-actu.tg\/#\/schema\/person\/e4026d66cbdc205cab83e169ab7eaca1"},"breadcrumb":{"@id":"https:\/\/lepoint-actu.tg\/index.php\/2023\/03\/04\/100-millions-deuros-pour-les-pays-accelerateurs-de-strategies-de-protection-de-reserves-de-carbone\/#breadcrumb"},"inLanguage":"fr-FR","potentialAction":[{"@type":"ReadAction","target":["https:\/\/lepoint-actu.tg\/index.php\/2023\/03\/04\/100-millions-deuros-pour-les-pays-accelerateurs-de-strategies-de-protection-de-reserves-de-carbone\/"]}]},{"@type":"ImageObject","inLanguage":"fr-FR","@id":"https:\/\/lepoint-actu.tg\/index.php\/2023\/03\/04\/100-millions-deuros-pour-les-pays-accelerateurs-de-strategies-de-protection-de-reserves-de-carbone\/#primaryimage","url":"https:\/\/lepoint-actu.tg\/wp-content\/uploads\/2023\/03\/summit-696x464-1.jpg","contentUrl":"https:\/\/lepoint-actu.tg\/wp-content\/uploads\/2023\/03\/summit-696x464-1.jpg","width":696,"height":464},{"@type":"BreadcrumbList","@id":"https:\/\/lepoint-actu.tg\/index.php\/2023\/03\/04\/100-millions-deuros-pour-les-pays-accelerateurs-de-strategies-de-protection-de-reserves-de-carbone\/#breadcrumb","itemListElement":[{"@type":"ListItem","position":1,"name":"Accueil","item":"https:\/\/lepoint-actu.tg\/"},{"@type":"ListItem","position":2,"name":"100 millions d\u2019euros pour les pays acc\u00e9l\u00e9rateurs de strat\u00e9gies de protection de r\u00e9serves de carbone"}]},{"@type":"WebSite","@id":"https:\/\/lepoint-actu.tg\/#website","url":"https:\/\/lepoint-actu.tg\/","name":"","description":"R\u00e9c\u00e9piss\u00e9 N\u00b00022\/HAAC\/12-2020\/pL\/P, lepointactu07@gmail.com","potentialAction":[{"@type":"SearchAction","target":{"@type":"EntryPoint","urlTemplate":"https:\/\/lepoint-actu.tg\/?s={search_term_string}"},"query-input":{"@type":"PropertyValueSpecification","valueRequired":true,"valueName":"search_term_string"}}],"inLanguage":"fr-FR"},{"@type":"Person","@id":"https:\/\/lepoint-actu.tg\/#\/schema\/person\/e4026d66cbdc205cab83e169ab7eaca1","name":"La Redaction","image":{"@type":"ImageObject","inLanguage":"fr-FR","@id":"https:\/\/lepoint-actu.tg\/#\/schema\/person\/image\/","url":"https:\/\/secure.gravatar.com\/avatar\/1682a0ff7e2c36efa51c5d262eea092000ec1ce420118e6261440956730308c2?s=96&d=mm&r=g","contentUrl":"https:\/\/secure.gravatar.com\/avatar\/1682a0ff7e2c36efa51c5d262eea092000ec1ce420118e6261440956730308c2?s=96&d=mm&r=g","caption":"La Redaction"},"url":"https:\/\/lepoint-actu.tg\/index.php\/author\/raymondsama\/"}]}},"_links":{"self":[{"href":"https:\/\/lepoint-actu.tg\/index.php\/wp-json\/wp\/v2\/posts\/1503","targetHints":{"allow":["GET"]}}],"collection":[{"href":"https:\/\/lepoint-actu.tg\/index.php\/wp-json\/wp\/v2\/posts"}],"about":[{"href":"https:\/\/lepoint-actu.tg\/index.php\/wp-json\/wp\/v2\/types\/post"}],"author":[{"embeddable":true,"href":"https:\/\/lepoint-actu.tg\/index.php\/wp-json\/wp\/v2\/users\/2"}],"replies":[{"embeddable":true,"href":"https:\/\/lepoint-actu.tg\/index.php\/wp-json\/wp\/v2\/comments?post=1503"}],"version-history":[{"count":5,"href":"https:\/\/lepoint-actu.tg\/index.php\/wp-json\/wp\/v2\/posts\/1503\/revisions"}],"predecessor-version":[{"id":1516,"href":"https:\/\/lepoint-actu.tg\/index.php\/wp-json\/wp\/v2\/posts\/1503\/revisions\/1516"}],"wp:featuredmedia":[{"embeddable":true,"href":"https:\/\/lepoint-actu.tg\/index.php\/wp-json\/wp\/v2\/media\/1509"}],"wp:attachment":[{"href":"https:\/\/lepoint-actu.tg\/index.php\/wp-json\/wp\/v2\/media?parent=1503"}],"wp:term":[{"taxonomy":"category","embeddable":true,"href":"https:\/\/lepoint-actu.tg\/index.php\/wp-json\/wp\/v2\/categories?post=1503"},{"taxonomy":"post_tag","embeddable":true,"href":"https:\/\/lepoint-actu.tg\/index.php\/wp-json\/wp\/v2\/tags?post=1503"}],"curies":[{"name":"wp","href":"https:\/\/api.w.org\/{rel}","templated":true}]}}