{"id":1526,"date":"2023-03-07T08:06:30","date_gmt":"2023-03-07T08:06:30","guid":{"rendered":"https:\/\/lepoint-actu.tg\/?p=1526"},"modified":"2023-03-09T08:08:04","modified_gmt":"2023-03-09T08:08:04","slug":"elections-2023-au-togo-les-presidents-de-celi-connus","status":"publish","type":"post","link":"https:\/\/lepoint-actu.tg\/index.php\/2023\/03\/07\/elections-2023-au-togo-les-presidents-de-celi-connus\/","title":{"rendered":"\u00c9lections 2023 au Togo: Les pr\u00e9sidents de CELI connus"},"content":{"rendered":"\n<p><br>Les grandes \u00e9tapes pour la tenue des \u00e9lections r\u00e9gionales et l\u00e9gislatives sont amorc\u00e9es. En effet, un pas de plus vient d\u2019\u00eatre franchi dans l\u2019organisation des prochaines \u00e9lections l\u00e9gislatives et r\u00e9gionales. Ce double scrutin est pr\u00e9vu pour cette ann\u00e9e 2023. C\u2019est dans le cadre des pr\u00e9paratifs de ces \u00e9lections que le pr\u00e9sident de l\u2019institution en charge de l\u2019organisation de ces \u00e9lections, Dago YABRE, a proc\u00e9d\u00e9 \u00e0 la nomination des pr\u00e9sident des Commissions \u00c9lectorales Locales Ind\u00e9pendantes (CELI).<\/p>\n\n\n\n<p>En effet, la nomination de ces pr\u00e9sidents des CELI, rentre dans le cadre de la phase active des pr\u00e9paratifs de la tenue de ce double scrutin r\u00e9gional et l\u00e9gislatif. Ainsi c\u2019est \u00e0 travers l\u2019arr\u00eat\u00e9 N\u00b0 01\/2023\/P\/CENI, sign\u00e9 du pr\u00e9sident de la CENI ( Commission Nationale \u00c9lectorale Ind\u00e9pendante), Dago Yabre en date du 6 mars 2023 que ces pr\u00e9sidents des CELI ont \u00e9t\u00e9 nomm\u00e9s.<\/p>\n\n\n\n<p>Et ceci conform\u00e9ment \u00e0 la d\u00e9cision du 21 d\u00e9cembre 2022 portant cr\u00e9ant des commissions \u00e9lectorales locales ind\u00e9pendantes (CELI). Ce sont donc 56 magistrats qui sont appel\u00e9s \u00e0 pr\u00e9sider l\u2019organisation de ces \u00e9lections sur l\u2019ensemble du pays.<\/p>\n\n\n\n<figure class=\"wp-block-image size-full\"><img loading=\"lazy\" decoding=\"async\" width=\"500\" height=\"338\" src=\"https:\/\/lepoint-actu.tg\/wp-content\/uploads\/2023\/03\/164ee9e13779991f53bd1f9e15f55ae5_L.jpg\" alt=\"\" class=\"wp-image-1527\" srcset=\"https:\/\/lepoint-actu.tg\/wp-content\/uploads\/2023\/03\/164ee9e13779991f53bd1f9e15f55ae5_L.jpg 500w, https:\/\/lepoint-actu.tg\/wp-content\/uploads\/2023\/03\/164ee9e13779991f53bd1f9e15f55ae5_L-300x203.jpg 300w\" sizes=\"auto, (max-width: 500px) 100vw, 500px\" \/><\/figure>\n\n\n\n<p>Voici la liste des pr\u00e9sidents<\/p>\n\n\n\n<figure class=\"wp-block-image size-full is-resized\"><img loading=\"lazy\" decoding=\"async\" src=\"https:\/\/lepoint-actu.tg\/wp-content\/uploads\/2023\/03\/Screenshot_20230307-131736.png\" alt=\"\" class=\"wp-image-1528\" width=\"330\" height=\"253\" srcset=\"https:\/\/lepoint-actu.tg\/wp-content\/uploads\/2023\/03\/Screenshot_20230307-131736.png 720w, https:\/\/lepoint-actu.tg\/wp-content\/uploads\/2023\/03\/Screenshot_20230307-131736-300x230.png 300w\" sizes=\"auto, (max-width: 330px) 100vw, 330px\" \/><figcaption class=\"wp-element-caption\"><em><strong>liste 1<\/strong><\/em><\/figcaption><\/figure>\n\n\n\n<p><\/p>\n\n\n\n<figure class=\"wp-block-image size-full\"><img loading=\"lazy\" decoding=\"async\" width=\"720\" height=\"1024\" src=\"https:\/\/lepoint-actu.tg\/wp-content\/uploads\/2023\/03\/Screenshot_20230307-131718.png\" alt=\"\" class=\"wp-image-1530\" srcset=\"https:\/\/lepoint-actu.tg\/wp-content\/uploads\/2023\/03\/Screenshot_20230307-131718.png 720w, https:\/\/lepoint-actu.tg\/wp-content\/uploads\/2023\/03\/Screenshot_20230307-131718-211x300.png 211w\" sizes=\"auto, (max-width: 720px) 100vw, 720px\" \/><figcaption class=\"wp-element-caption\"><em><strong>Suite<\/strong><\/em> <\/figcaption><\/figure>\n\n\n\n<figure class=\"wp-block-image size-full\"><img loading=\"lazy\" decoding=\"async\" width=\"720\" height=\"1022\" src=\"https:\/\/lepoint-actu.tg\/wp-content\/uploads\/2023\/03\/Screenshot_20230307-131750-1.png\" alt=\"\" class=\"wp-image-1531\" srcset=\"https:\/\/lepoint-actu.tg\/wp-content\/uploads\/2023\/03\/Screenshot_20230307-131750-1.png 720w, https:\/\/lepoint-actu.tg\/wp-content\/uploads\/2023\/03\/Screenshot_20230307-131750-1-211x300.png 211w\" sizes=\"auto, (max-width: 720px) 100vw, 720px\" \/><figcaption class=\"wp-element-caption\"><em><strong>Fin<\/strong><\/em><\/figcaption><\/figure>\n\n\n\n<p><\/p>\n","protected":false},"excerpt":{"rendered":"<p>Les grandes \u00e9tapes pour la tenue des \u00e9lections r\u00e9gionales et l\u00e9gislatives sont amorc\u00e9es. En effet, un pas de plus vient<\/p>\n","protected":false},"author":2,"featured_media":1527,"comment_status":"open","ping_status":"closed","sticky":false,"template":"","format":"standard","meta":{"footnotes":""},"categories":[3],"tags":[],"class_list":["post-1526","post","type-post","status-publish","format-standard","has-post-thumbnail","hentry","category-politique"],"yoast_head":"<!-- This site is optimized with the Yoast SEO plugin v23.9 - https:\/\/yoast.com\/wordpress\/plugins\/seo\/ -->\n<title>\u00c9lections 2023 au Togo: Les pr\u00e9sidents de CELI connus -<\/title>\n<meta name=\"robots\" content=\"index, follow, max-snippet:-1, max-image-preview:large, max-video-preview:-1\" \/>\n<link rel=\"canonical\" href=\"https:\/\/lepoint-actu.tg\/index.php\/2023\/03\/07\/elections-2023-au-togo-les-presidents-de-celi-connus\/\" \/>\n<meta property=\"og:locale\" content=\"fr_FR\" \/>\n<meta property=\"og:type\" content=\"article\" \/>\n<meta property=\"og:title\" content=\"\u00c9lections 2023 au Togo: Les pr\u00e9sidents de CELI connus -\" \/>\n<meta property=\"og:description\" content=\"Les grandes \u00e9tapes pour la tenue des \u00e9lections r\u00e9gionales et l\u00e9gislatives sont amorc\u00e9es. En effet, un pas de plus vient\" \/>\n<meta property=\"og:url\" content=\"https:\/\/lepoint-actu.tg\/index.php\/2023\/03\/07\/elections-2023-au-togo-les-presidents-de-celi-connus\/\" \/>\n<meta property=\"article:published_time\" content=\"2023-03-07T08:06:30+00:00\" \/>\n<meta property=\"article:modified_time\" content=\"2023-03-09T08:08:04+00:00\" \/>\n<meta property=\"og:image\" content=\"https:\/\/lepoint-actu.tg\/wp-content\/uploads\/2023\/03\/164ee9e13779991f53bd1f9e15f55ae5_L.jpg\" \/>\n\t<meta property=\"og:image:width\" content=\"500\" \/>\n\t<meta property=\"og:image:height\" content=\"338\" \/>\n\t<meta property=\"og:image:type\" content=\"image\/jpeg\" \/>\n<meta name=\"author\" content=\"La Redaction\" \/>\n<meta name=\"twitter:card\" content=\"summary_large_image\" \/>\n<meta name=\"twitter:label1\" content=\"\u00c9crit par\" \/>\n\t<meta name=\"twitter:data1\" content=\"La Redaction\" \/>\n<script type=\"application\/ld+json\" class=\"yoast-schema-graph\">{\"@context\":\"https:\/\/schema.org\",\"@graph\":[{\"@type\":\"WebPage\",\"@id\":\"https:\/\/lepoint-actu.tg\/index.php\/2023\/03\/07\/elections-2023-au-togo-les-presidents-de-celi-connus\/\",\"url\":\"https:\/\/lepoint-actu.tg\/index.php\/2023\/03\/07\/elections-2023-au-togo-les-presidents-de-celi-connus\/\",\"name\":\"\u00c9lections 2023 au Togo: Les pr\u00e9sidents de CELI connus -\",\"isPartOf\":{\"@id\":\"https:\/\/lepoint-actu.tg\/#website\"},\"primaryImageOfPage\":{\"@id\":\"https:\/\/lepoint-actu.tg\/index.php\/2023\/03\/07\/elections-2023-au-togo-les-presidents-de-celi-connus\/#primaryimage\"},\"image\":{\"@id\":\"https:\/\/lepoint-actu.tg\/index.php\/2023\/03\/07\/elections-2023-au-togo-les-presidents-de-celi-connus\/#primaryimage\"},\"thumbnailUrl\":\"https:\/\/lepoint-actu.tg\/wp-content\/uploads\/2023\/03\/164ee9e13779991f53bd1f9e15f55ae5_L.jpg\",\"datePublished\":\"2023-03-07T08:06:30+00:00\",\"dateModified\":\"2023-03-09T08:08:04+00:00\",\"author\":{\"@id\":\"https:\/\/lepoint-actu.tg\/#\/schema\/person\/e4026d66cbdc205cab83e169ab7eaca1\"},\"breadcrumb\":{\"@id\":\"https:\/\/lepoint-actu.tg\/index.php\/2023\/03\/07\/elections-2023-au-togo-les-presidents-de-celi-connus\/#breadcrumb\"},\"inLanguage\":\"fr-FR\",\"potentialAction\":[{\"@type\":\"ReadAction\",\"target\":[\"https:\/\/lepoint-actu.tg\/index.php\/2023\/03\/07\/elections-2023-au-togo-les-presidents-de-celi-connus\/\"]}]},{\"@type\":\"ImageObject\",\"inLanguage\":\"fr-FR\",\"@id\":\"https:\/\/lepoint-actu.tg\/index.php\/2023\/03\/07\/elections-2023-au-togo-les-presidents-de-celi-connus\/#primaryimage\",\"url\":\"https:\/\/lepoint-actu.tg\/wp-content\/uploads\/2023\/03\/164ee9e13779991f53bd1f9e15f55ae5_L.jpg\",\"contentUrl\":\"https:\/\/lepoint-actu.tg\/wp-content\/uploads\/2023\/03\/164ee9e13779991f53bd1f9e15f55ae5_L.jpg\",\"width\":500,\"height\":338},{\"@type\":\"BreadcrumbList\",\"@id\":\"https:\/\/lepoint-actu.tg\/index.php\/2023\/03\/07\/elections-2023-au-togo-les-presidents-de-celi-connus\/#breadcrumb\",\"itemListElement\":[{\"@type\":\"ListItem\",\"position\":1,\"name\":\"Accueil\",\"item\":\"https:\/\/lepoint-actu.tg\/\"},{\"@type\":\"ListItem\",\"position\":2,\"name\":\"\u00c9lections 2023 au Togo: Les pr\u00e9sidents de CELI connus\"}]},{\"@type\":\"WebSite\",\"@id\":\"https:\/\/lepoint-actu.tg\/#website\",\"url\":\"https:\/\/lepoint-actu.tg\/\",\"name\":\"\",\"description\":\"R\u00e9c\u00e9piss\u00e9 N\u00b00022\/HAAC\/12-2020\/pL\/P, lepointactu07@gmail.com\",\"potentialAction\":[{\"@type\":\"SearchAction\",\"target\":{\"@type\":\"EntryPoint\",\"urlTemplate\":\"https:\/\/lepoint-actu.tg\/?s={search_term_string}\"},\"query-input\":{\"@type\":\"PropertyValueSpecification\",\"valueRequired\":true,\"valueName\":\"search_term_string\"}}],\"inLanguage\":\"fr-FR\"},{\"@type\":\"Person\",\"@id\":\"https:\/\/lepoint-actu.tg\/#\/schema\/person\/e4026d66cbdc205cab83e169ab7eaca1\",\"name\":\"La Redaction\",\"image\":{\"@type\":\"ImageObject\",\"inLanguage\":\"fr-FR\",\"@id\":\"https:\/\/lepoint-actu.tg\/#\/schema\/person\/image\/\",\"url\":\"https:\/\/secure.gravatar.com\/avatar\/1682a0ff7e2c36efa51c5d262eea092000ec1ce420118e6261440956730308c2?s=96&d=mm&r=g\",\"contentUrl\":\"https:\/\/secure.gravatar.com\/avatar\/1682a0ff7e2c36efa51c5d262eea092000ec1ce420118e6261440956730308c2?s=96&d=mm&r=g\",\"caption\":\"La Redaction\"},\"url\":\"https:\/\/lepoint-actu.tg\/index.php\/author\/raymondsama\/\"}]}<\/script>\n<!-- \/ Yoast SEO plugin. -->","yoast_head_json":{"title":"\u00c9lections 2023 au Togo: Les pr\u00e9sidents de CELI connus -","robots":{"index":"index","follow":"follow","max-snippet":"max-snippet:-1","max-image-preview":"max-image-preview:large","max-video-preview":"max-video-preview:-1"},"canonical":"https:\/\/lepoint-actu.tg\/index.php\/2023\/03\/07\/elections-2023-au-togo-les-presidents-de-celi-connus\/","og_locale":"fr_FR","og_type":"article","og_title":"\u00c9lections 2023 au Togo: Les pr\u00e9sidents de CELI connus -","og_description":"Les grandes \u00e9tapes pour la tenue des \u00e9lections r\u00e9gionales et l\u00e9gislatives sont amorc\u00e9es. En effet, un pas de plus vient","og_url":"https:\/\/lepoint-actu.tg\/index.php\/2023\/03\/07\/elections-2023-au-togo-les-presidents-de-celi-connus\/","article_published_time":"2023-03-07T08:06:30+00:00","article_modified_time":"2023-03-09T08:08:04+00:00","og_image":[{"width":500,"height":338,"url":"https:\/\/lepoint-actu.tg\/wp-content\/uploads\/2023\/03\/164ee9e13779991f53bd1f9e15f55ae5_L.jpg","type":"image\/jpeg"}],"author":"La Redaction","twitter_card":"summary_large_image","twitter_misc":{"\u00c9crit par":"La Redaction"},"schema":{"@context":"https:\/\/schema.org","@graph":[{"@type":"WebPage","@id":"https:\/\/lepoint-actu.tg\/index.php\/2023\/03\/07\/elections-2023-au-togo-les-presidents-de-celi-connus\/","url":"https:\/\/lepoint-actu.tg\/index.php\/2023\/03\/07\/elections-2023-au-togo-les-presidents-de-celi-connus\/","name":"\u00c9lections 2023 au Togo: Les pr\u00e9sidents de CELI connus -","isPartOf":{"@id":"https:\/\/lepoint-actu.tg\/#website"},"primaryImageOfPage":{"@id":"https:\/\/lepoint-actu.tg\/index.php\/2023\/03\/07\/elections-2023-au-togo-les-presidents-de-celi-connus\/#primaryimage"},"image":{"@id":"https:\/\/lepoint-actu.tg\/index.php\/2023\/03\/07\/elections-2023-au-togo-les-presidents-de-celi-connus\/#primaryimage"},"thumbnailUrl":"https:\/\/lepoint-actu.tg\/wp-content\/uploads\/2023\/03\/164ee9e13779991f53bd1f9e15f55ae5_L.jpg","datePublished":"2023-03-07T08:06:30+00:00","dateModified":"2023-03-09T08:08:04+00:00","author":{"@id":"https:\/\/lepoint-actu.tg\/#\/schema\/person\/e4026d66cbdc205cab83e169ab7eaca1"},"breadcrumb":{"@id":"https:\/\/lepoint-actu.tg\/index.php\/2023\/03\/07\/elections-2023-au-togo-les-presidents-de-celi-connus\/#breadcrumb"},"inLanguage":"fr-FR","potentialAction":[{"@type":"ReadAction","target":["https:\/\/lepoint-actu.tg\/index.php\/2023\/03\/07\/elections-2023-au-togo-les-presidents-de-celi-connus\/"]}]},{"@type":"ImageObject","inLanguage":"fr-FR","@id":"https:\/\/lepoint-actu.tg\/index.php\/2023\/03\/07\/elections-2023-au-togo-les-presidents-de-celi-connus\/#primaryimage","url":"https:\/\/lepoint-actu.tg\/wp-content\/uploads\/2023\/03\/164ee9e13779991f53bd1f9e15f55ae5_L.jpg","contentUrl":"https:\/\/lepoint-actu.tg\/wp-content\/uploads\/2023\/03\/164ee9e13779991f53bd1f9e15f55ae5_L.jpg","width":500,"height":338},{"@type":"BreadcrumbList","@id":"https:\/\/lepoint-actu.tg\/index.php\/2023\/03\/07\/elections-2023-au-togo-les-presidents-de-celi-connus\/#breadcrumb","itemListElement":[{"@type":"ListItem","position":1,"name":"Accueil","item":"https:\/\/lepoint-actu.tg\/"},{"@type":"ListItem","position":2,"name":"\u00c9lections 2023 au Togo: Les pr\u00e9sidents de CELI connus"}]},{"@type":"WebSite","@id":"https:\/\/lepoint-actu.tg\/#website","url":"https:\/\/lepoint-actu.tg\/","name":"","description":"R\u00e9c\u00e9piss\u00e9 N\u00b00022\/HAAC\/12-2020\/pL\/P, lepointactu07@gmail.com","potentialAction":[{"@type":"SearchAction","target":{"@type":"EntryPoint","urlTemplate":"https:\/\/lepoint-actu.tg\/?s={search_term_string}"},"query-input":{"@type":"PropertyValueSpecification","valueRequired":true,"valueName":"search_term_string"}}],"inLanguage":"fr-FR"},{"@type":"Person","@id":"https:\/\/lepoint-actu.tg\/#\/schema\/person\/e4026d66cbdc205cab83e169ab7eaca1","name":"La Redaction","image":{"@type":"ImageObject","inLanguage":"fr-FR","@id":"https:\/\/lepoint-actu.tg\/#\/schema\/person\/image\/","url":"https:\/\/secure.gravatar.com\/avatar\/1682a0ff7e2c36efa51c5d262eea092000ec1ce420118e6261440956730308c2?s=96&d=mm&r=g","contentUrl":"https:\/\/secure.gravatar.com\/avatar\/1682a0ff7e2c36efa51c5d262eea092000ec1ce420118e6261440956730308c2?s=96&d=mm&r=g","caption":"La Redaction"},"url":"https:\/\/lepoint-actu.tg\/index.php\/author\/raymondsama\/"}]}},"_links":{"self":[{"href":"https:\/\/lepoint-actu.tg\/index.php\/wp-json\/wp\/v2\/posts\/1526","targetHints":{"allow":["GET"]}}],"collection":[{"href":"https:\/\/lepoint-actu.tg\/index.php\/wp-json\/wp\/v2\/posts"}],"about":[{"href":"https:\/\/lepoint-actu.tg\/index.php\/wp-json\/wp\/v2\/types\/post"}],"author":[{"embeddable":true,"href":"https:\/\/lepoint-actu.tg\/index.php\/wp-json\/wp\/v2\/users\/2"}],"replies":[{"embeddable":true,"href":"https:\/\/lepoint-actu.tg\/index.php\/wp-json\/wp\/v2\/comments?post=1526"}],"version-history":[{"count":1,"href":"https:\/\/lepoint-actu.tg\/index.php\/wp-json\/wp\/v2\/posts\/1526\/revisions"}],"predecessor-version":[{"id":1532,"href":"https:\/\/lepoint-actu.tg\/index.php\/wp-json\/wp\/v2\/posts\/1526\/revisions\/1532"}],"wp:featuredmedia":[{"embeddable":true,"href":"https:\/\/lepoint-actu.tg\/index.php\/wp-json\/wp\/v2\/media\/1527"}],"wp:attachment":[{"href":"https:\/\/lepoint-actu.tg\/index.php\/wp-json\/wp\/v2\/media?parent=1526"}],"wp:term":[{"taxonomy":"category","embeddable":true,"href":"https:\/\/lepoint-actu.tg\/index.php\/wp-json\/wp\/v2\/categories?post=1526"},{"taxonomy":"post_tag","embeddable":true,"href":"https:\/\/lepoint-actu.tg\/index.php\/wp-json\/wp\/v2\/tags?post=1526"}],"curies":[{"name":"wp","href":"https:\/\/api.w.org\/{rel}","templated":true}]}}