{"id":1547,"date":"2023-03-14T12:54:42","date_gmt":"2023-03-14T12:54:42","guid":{"rendered":"https:\/\/lepoint-actu.tg\/?p=1547"},"modified":"2023-03-17T12:57:17","modified_gmt":"2023-03-17T12:57:17","slug":"a-la-decouverte-des-mesures-dallegements-fiscaux-pour-2023","status":"publish","type":"post","link":"https:\/\/lepoint-actu.tg\/index.php\/2023\/03\/14\/a-la-decouverte-des-mesures-dallegements-fiscaux-pour-2023\/","title":{"rendered":"A la d\u00e9couverte des mesures d\u2019all\u00e8gements fiscaux pour 2023"},"content":{"rendered":"\n<p><\/p>\n\n\n\n<p>Les all\u00e8gements fiscaux sont bien inscrits parmi les mesures prises par le gouvernement pour soulager les populations suite \u00e0 la pand\u00e9mie de la maladie \u00e0 coronavirus. Malgr\u00e9 le recul de la maladie et la lev\u00e9e de la plupart des restrictions, les contribuables continuent de b\u00e9n\u00e9ficier de ces all\u00e8gements qui leur facilitent la vie.<\/p>\n\n\n\n<p>Dans le cadre de cette ann\u00e9e 2023, plusieurs mesures d\u2019all\u00e8gements fiscaux sont pr\u00e9vues. Elles sont contenues dans la loi de finances 2023. Ces mesures concernent l\u2019Imp\u00f4t sur le revenu des personnes physiques (IRPP), les cantines universitaires et d\u2019entreprises, la Taxe sur la valeur ajout\u00e9e (TVA), la Taxe sur les v\u00e9hicules \u00e0 moteurs (TVM), etc. Les pouvoirs publics tendent ainsi une main solidaire aux op\u00e9rateurs \u00e9conomiques, comme toujours.<\/p>\n\n\n\n<p>L\u2019Imp\u00f4t sur le revenu des personnes physiques est suspendu pour les tranches de salaires inf\u00e9rieures \u00e0 900 000 francs CFA. Pour les autres tranches, l\u2019IRPP n\u2019est pas suspendu mais diminu\u00e9. La cons\u00e9quence imm\u00e9diate de cette mesure applicable en 2023 est qu\u2019elle va augmenter le revenu des salari\u00e9s.<\/p>\n\n\n\n<p>Dans le secteur de la restauration, la Taxe sur la valeur ajout\u00e9e (TVA) est supprim\u00e9e pour les cantines universitaires (\u00e9tudiants) et d\u2019entreprises (salari\u00e9s). Cette mesure s\u2019ajoute \u00e0 celle de l\u2019exon\u00e9ration des cantines scolaires d\u00e9j\u00e0 effective, comme l\u2019a r\u00e9capitul\u00e9 l\u2019Office togolais des recettes (OTR).<\/p>\n\n\n\n<p>La Taxe sur les v\u00e9hicules \u00e0 moteurs (TVM) reste suspendue pour les v\u00e9hicules \u00e0 usage commercial. C\u2019est un ouf de soulagement pour les populations concern\u00e9es par cette mesure, et elles sont justement nombreuses. Par ailleurs, une suspension du paiement des acomptes en cours d\u2019ann\u00e9e a \u00e9t\u00e9 d\u00e9cid\u00e9e mais soumise \u00e0 une condition : si l\u2019acompte vers\u00e9 est \u00e9gal ou sup\u00e9rieur au montant d\u00fb.<\/p>\n\n\n\n<p>En outre, le taux des droits d\u2019enregistrement des sentences arbitrales est r\u00e9duit de 5 \u00e0 2%. Les mat\u00e9riels et engins des entreprises de BTP sont exon\u00e9r\u00e9s des droits de taxes et de douanes. Sans oublier que la patente est aussi r\u00e9duite de 60% pour permettre aux revendeurs de tissus et pagnes de faire face \u00e0 la concurrence.<\/p>\n\n\n\n<p><strong><em>Pour tout conseil, insertion publicitaire, publi-reportage, \u2026 contactez-nous :tel. 90213091\/e-mail lepointactu07@gmail.com<\/em><\/strong><\/p>\n","protected":false},"excerpt":{"rendered":"<p>Les all\u00e8gements fiscaux sont bien inscrits parmi les mesures prises par le gouvernement pour soulager les populations suite \u00e0 la<\/p>\n","protected":false},"author":2,"featured_media":1519,"comment_status":"open","ping_status":"closed","sticky":false,"template":"","format":"standard","meta":{"footnotes":""},"categories":[4],"tags":[],"class_list":["post-1547","post","type-post","status-publish","format-standard","has-post-thumbnail","hentry","category-economie"],"yoast_head":"<!-- This site is optimized with the Yoast SEO plugin v23.9 - https:\/\/yoast.com\/wordpress\/plugins\/seo\/ -->\n<title>A la d\u00e9couverte des mesures d\u2019all\u00e8gements fiscaux pour 2023 -<\/title>\n<meta name=\"robots\" content=\"index, follow, max-snippet:-1, max-image-preview:large, max-video-preview:-1\" \/>\n<link rel=\"canonical\" href=\"https:\/\/lepoint-actu.tg\/index.php\/2023\/03\/14\/a-la-decouverte-des-mesures-dallegements-fiscaux-pour-2023\/\" \/>\n<meta property=\"og:locale\" content=\"fr_FR\" \/>\n<meta property=\"og:type\" content=\"article\" \/>\n<meta property=\"og:title\" content=\"A la d\u00e9couverte des mesures d\u2019all\u00e8gements fiscaux pour 2023 -\" \/>\n<meta property=\"og:description\" content=\"Les all\u00e8gements fiscaux sont bien inscrits parmi les mesures prises par le gouvernement pour soulager les populations suite \u00e0 la\" \/>\n<meta property=\"og:url\" content=\"https:\/\/lepoint-actu.tg\/index.php\/2023\/03\/14\/a-la-decouverte-des-mesures-dallegements-fiscaux-pour-2023\/\" \/>\n<meta property=\"article:published_time\" content=\"2023-03-14T12:54:42+00:00\" \/>\n<meta property=\"article:modified_time\" content=\"2023-03-17T12:57:17+00:00\" \/>\n<meta property=\"og:image\" content=\"https:\/\/lepoint-actu.tg\/wp-content\/uploads\/2023\/03\/otr-banque-mondiale.jpg\" \/>\n\t<meta property=\"og:image:width\" content=\"1280\" \/>\n\t<meta property=\"og:image:height\" content=\"800\" \/>\n\t<meta property=\"og:image:type\" content=\"image\/jpeg\" \/>\n<meta name=\"author\" content=\"La Redaction\" \/>\n<meta name=\"twitter:card\" content=\"summary_large_image\" \/>\n<meta name=\"twitter:label1\" content=\"\u00c9crit par\" \/>\n\t<meta name=\"twitter:data1\" content=\"La Redaction\" \/>\n\t<meta name=\"twitter:label2\" content=\"Dur\u00e9e de lecture estim\u00e9e\" \/>\n\t<meta name=\"twitter:data2\" content=\"2 minutes\" \/>\n<script type=\"application\/ld+json\" class=\"yoast-schema-graph\">{\"@context\":\"https:\/\/schema.org\",\"@graph\":[{\"@type\":\"WebPage\",\"@id\":\"https:\/\/lepoint-actu.tg\/index.php\/2023\/03\/14\/a-la-decouverte-des-mesures-dallegements-fiscaux-pour-2023\/\",\"url\":\"https:\/\/lepoint-actu.tg\/index.php\/2023\/03\/14\/a-la-decouverte-des-mesures-dallegements-fiscaux-pour-2023\/\",\"name\":\"A la d\u00e9couverte des mesures d\u2019all\u00e8gements fiscaux pour 2023 -\",\"isPartOf\":{\"@id\":\"https:\/\/lepoint-actu.tg\/#website\"},\"primaryImageOfPage\":{\"@id\":\"https:\/\/lepoint-actu.tg\/index.php\/2023\/03\/14\/a-la-decouverte-des-mesures-dallegements-fiscaux-pour-2023\/#primaryimage\"},\"image\":{\"@id\":\"https:\/\/lepoint-actu.tg\/index.php\/2023\/03\/14\/a-la-decouverte-des-mesures-dallegements-fiscaux-pour-2023\/#primaryimage\"},\"thumbnailUrl\":\"https:\/\/lepoint-actu.tg\/wp-content\/uploads\/2023\/03\/otr-banque-mondiale.jpg\",\"datePublished\":\"2023-03-14T12:54:42+00:00\",\"dateModified\":\"2023-03-17T12:57:17+00:00\",\"author\":{\"@id\":\"https:\/\/lepoint-actu.tg\/#\/schema\/person\/e4026d66cbdc205cab83e169ab7eaca1\"},\"breadcrumb\":{\"@id\":\"https:\/\/lepoint-actu.tg\/index.php\/2023\/03\/14\/a-la-decouverte-des-mesures-dallegements-fiscaux-pour-2023\/#breadcrumb\"},\"inLanguage\":\"fr-FR\",\"potentialAction\":[{\"@type\":\"ReadAction\",\"target\":[\"https:\/\/lepoint-actu.tg\/index.php\/2023\/03\/14\/a-la-decouverte-des-mesures-dallegements-fiscaux-pour-2023\/\"]}]},{\"@type\":\"ImageObject\",\"inLanguage\":\"fr-FR\",\"@id\":\"https:\/\/lepoint-actu.tg\/index.php\/2023\/03\/14\/a-la-decouverte-des-mesures-dallegements-fiscaux-pour-2023\/#primaryimage\",\"url\":\"https:\/\/lepoint-actu.tg\/wp-content\/uploads\/2023\/03\/otr-banque-mondiale.jpg\",\"contentUrl\":\"https:\/\/lepoint-actu.tg\/wp-content\/uploads\/2023\/03\/otr-banque-mondiale.jpg\",\"width\":1280,\"height\":800},{\"@type\":\"BreadcrumbList\",\"@id\":\"https:\/\/lepoint-actu.tg\/index.php\/2023\/03\/14\/a-la-decouverte-des-mesures-dallegements-fiscaux-pour-2023\/#breadcrumb\",\"itemListElement\":[{\"@type\":\"ListItem\",\"position\":1,\"name\":\"Accueil\",\"item\":\"https:\/\/lepoint-actu.tg\/\"},{\"@type\":\"ListItem\",\"position\":2,\"name\":\"A la d\u00e9couverte des mesures d\u2019all\u00e8gements fiscaux pour 2023\"}]},{\"@type\":\"WebSite\",\"@id\":\"https:\/\/lepoint-actu.tg\/#website\",\"url\":\"https:\/\/lepoint-actu.tg\/\",\"name\":\"\",\"description\":\"R\u00e9c\u00e9piss\u00e9 N\u00b00022\/HAAC\/12-2020\/pL\/P, lepointactu07@gmail.com\",\"potentialAction\":[{\"@type\":\"SearchAction\",\"target\":{\"@type\":\"EntryPoint\",\"urlTemplate\":\"https:\/\/lepoint-actu.tg\/?s={search_term_string}\"},\"query-input\":{\"@type\":\"PropertyValueSpecification\",\"valueRequired\":true,\"valueName\":\"search_term_string\"}}],\"inLanguage\":\"fr-FR\"},{\"@type\":\"Person\",\"@id\":\"https:\/\/lepoint-actu.tg\/#\/schema\/person\/e4026d66cbdc205cab83e169ab7eaca1\",\"name\":\"La Redaction\",\"image\":{\"@type\":\"ImageObject\",\"inLanguage\":\"fr-FR\",\"@id\":\"https:\/\/lepoint-actu.tg\/#\/schema\/person\/image\/\",\"url\":\"https:\/\/secure.gravatar.com\/avatar\/1682a0ff7e2c36efa51c5d262eea092000ec1ce420118e6261440956730308c2?s=96&d=mm&r=g\",\"contentUrl\":\"https:\/\/secure.gravatar.com\/avatar\/1682a0ff7e2c36efa51c5d262eea092000ec1ce420118e6261440956730308c2?s=96&d=mm&r=g\",\"caption\":\"La Redaction\"},\"url\":\"https:\/\/lepoint-actu.tg\/index.php\/author\/raymondsama\/\"}]}<\/script>\n<!-- \/ Yoast SEO plugin. -->","yoast_head_json":{"title":"A la d\u00e9couverte des mesures d\u2019all\u00e8gements fiscaux pour 2023 -","robots":{"index":"index","follow":"follow","max-snippet":"max-snippet:-1","max-image-preview":"max-image-preview:large","max-video-preview":"max-video-preview:-1"},"canonical":"https:\/\/lepoint-actu.tg\/index.php\/2023\/03\/14\/a-la-decouverte-des-mesures-dallegements-fiscaux-pour-2023\/","og_locale":"fr_FR","og_type":"article","og_title":"A la d\u00e9couverte des mesures d\u2019all\u00e8gements fiscaux pour 2023 -","og_description":"Les all\u00e8gements fiscaux sont bien inscrits parmi les mesures prises par le gouvernement pour soulager les populations suite \u00e0 la","og_url":"https:\/\/lepoint-actu.tg\/index.php\/2023\/03\/14\/a-la-decouverte-des-mesures-dallegements-fiscaux-pour-2023\/","article_published_time":"2023-03-14T12:54:42+00:00","article_modified_time":"2023-03-17T12:57:17+00:00","og_image":[{"width":1280,"height":800,"url":"https:\/\/lepoint-actu.tg\/wp-content\/uploads\/2023\/03\/otr-banque-mondiale.jpg","type":"image\/jpeg"}],"author":"La Redaction","twitter_card":"summary_large_image","twitter_misc":{"\u00c9crit par":"La Redaction","Dur\u00e9e de lecture estim\u00e9e":"2 minutes"},"schema":{"@context":"https:\/\/schema.org","@graph":[{"@type":"WebPage","@id":"https:\/\/lepoint-actu.tg\/index.php\/2023\/03\/14\/a-la-decouverte-des-mesures-dallegements-fiscaux-pour-2023\/","url":"https:\/\/lepoint-actu.tg\/index.php\/2023\/03\/14\/a-la-decouverte-des-mesures-dallegements-fiscaux-pour-2023\/","name":"A la d\u00e9couverte des mesures d\u2019all\u00e8gements fiscaux pour 2023 -","isPartOf":{"@id":"https:\/\/lepoint-actu.tg\/#website"},"primaryImageOfPage":{"@id":"https:\/\/lepoint-actu.tg\/index.php\/2023\/03\/14\/a-la-decouverte-des-mesures-dallegements-fiscaux-pour-2023\/#primaryimage"},"image":{"@id":"https:\/\/lepoint-actu.tg\/index.php\/2023\/03\/14\/a-la-decouverte-des-mesures-dallegements-fiscaux-pour-2023\/#primaryimage"},"thumbnailUrl":"https:\/\/lepoint-actu.tg\/wp-content\/uploads\/2023\/03\/otr-banque-mondiale.jpg","datePublished":"2023-03-14T12:54:42+00:00","dateModified":"2023-03-17T12:57:17+00:00","author":{"@id":"https:\/\/lepoint-actu.tg\/#\/schema\/person\/e4026d66cbdc205cab83e169ab7eaca1"},"breadcrumb":{"@id":"https:\/\/lepoint-actu.tg\/index.php\/2023\/03\/14\/a-la-decouverte-des-mesures-dallegements-fiscaux-pour-2023\/#breadcrumb"},"inLanguage":"fr-FR","potentialAction":[{"@type":"ReadAction","target":["https:\/\/lepoint-actu.tg\/index.php\/2023\/03\/14\/a-la-decouverte-des-mesures-dallegements-fiscaux-pour-2023\/"]}]},{"@type":"ImageObject","inLanguage":"fr-FR","@id":"https:\/\/lepoint-actu.tg\/index.php\/2023\/03\/14\/a-la-decouverte-des-mesures-dallegements-fiscaux-pour-2023\/#primaryimage","url":"https:\/\/lepoint-actu.tg\/wp-content\/uploads\/2023\/03\/otr-banque-mondiale.jpg","contentUrl":"https:\/\/lepoint-actu.tg\/wp-content\/uploads\/2023\/03\/otr-banque-mondiale.jpg","width":1280,"height":800},{"@type":"BreadcrumbList","@id":"https:\/\/lepoint-actu.tg\/index.php\/2023\/03\/14\/a-la-decouverte-des-mesures-dallegements-fiscaux-pour-2023\/#breadcrumb","itemListElement":[{"@type":"ListItem","position":1,"name":"Accueil","item":"https:\/\/lepoint-actu.tg\/"},{"@type":"ListItem","position":2,"name":"A la d\u00e9couverte des mesures d\u2019all\u00e8gements fiscaux pour 2023"}]},{"@type":"WebSite","@id":"https:\/\/lepoint-actu.tg\/#website","url":"https:\/\/lepoint-actu.tg\/","name":"","description":"R\u00e9c\u00e9piss\u00e9 N\u00b00022\/HAAC\/12-2020\/pL\/P, lepointactu07@gmail.com","potentialAction":[{"@type":"SearchAction","target":{"@type":"EntryPoint","urlTemplate":"https:\/\/lepoint-actu.tg\/?s={search_term_string}"},"query-input":{"@type":"PropertyValueSpecification","valueRequired":true,"valueName":"search_term_string"}}],"inLanguage":"fr-FR"},{"@type":"Person","@id":"https:\/\/lepoint-actu.tg\/#\/schema\/person\/e4026d66cbdc205cab83e169ab7eaca1","name":"La Redaction","image":{"@type":"ImageObject","inLanguage":"fr-FR","@id":"https:\/\/lepoint-actu.tg\/#\/schema\/person\/image\/","url":"https:\/\/secure.gravatar.com\/avatar\/1682a0ff7e2c36efa51c5d262eea092000ec1ce420118e6261440956730308c2?s=96&d=mm&r=g","contentUrl":"https:\/\/secure.gravatar.com\/avatar\/1682a0ff7e2c36efa51c5d262eea092000ec1ce420118e6261440956730308c2?s=96&d=mm&r=g","caption":"La Redaction"},"url":"https:\/\/lepoint-actu.tg\/index.php\/author\/raymondsama\/"}]}},"_links":{"self":[{"href":"https:\/\/lepoint-actu.tg\/index.php\/wp-json\/wp\/v2\/posts\/1547","targetHints":{"allow":["GET"]}}],"collection":[{"href":"https:\/\/lepoint-actu.tg\/index.php\/wp-json\/wp\/v2\/posts"}],"about":[{"href":"https:\/\/lepoint-actu.tg\/index.php\/wp-json\/wp\/v2\/types\/post"}],"author":[{"embeddable":true,"href":"https:\/\/lepoint-actu.tg\/index.php\/wp-json\/wp\/v2\/users\/2"}],"replies":[{"embeddable":true,"href":"https:\/\/lepoint-actu.tg\/index.php\/wp-json\/wp\/v2\/comments?post=1547"}],"version-history":[{"count":1,"href":"https:\/\/lepoint-actu.tg\/index.php\/wp-json\/wp\/v2\/posts\/1547\/revisions"}],"predecessor-version":[{"id":1548,"href":"https:\/\/lepoint-actu.tg\/index.php\/wp-json\/wp\/v2\/posts\/1547\/revisions\/1548"}],"wp:featuredmedia":[{"embeddable":true,"href":"https:\/\/lepoint-actu.tg\/index.php\/wp-json\/wp\/v2\/media\/1519"}],"wp:attachment":[{"href":"https:\/\/lepoint-actu.tg\/index.php\/wp-json\/wp\/v2\/media?parent=1547"}],"wp:term":[{"taxonomy":"category","embeddable":true,"href":"https:\/\/lepoint-actu.tg\/index.php\/wp-json\/wp\/v2\/categories?post=1547"},{"taxonomy":"post_tag","embeddable":true,"href":"https:\/\/lepoint-actu.tg\/index.php\/wp-json\/wp\/v2\/tags?post=1547"}],"curies":[{"name":"wp","href":"https:\/\/api.w.org\/{rel}","templated":true}]}}