{"id":159,"date":"2022-04-14T08:45:00","date_gmt":"2022-04-14T08:45:00","guid":{"rendered":"https:\/\/lepoint-actu.tg\/?p=159"},"modified":"2022-06-16T08:50:21","modified_gmt":"2022-06-16T08:50:21","slug":"unir-en-pleine-fete-de-ses-10-ans-a-atakpame","status":"publish","type":"post","link":"https:\/\/lepoint-actu.tg\/index.php\/2022\/04\/14\/unir-en-pleine-fete-de-ses-10-ans-a-atakpame\/","title":{"rendered":"UNIR en pleine f\u00eate de ses 10 ans \u00e0 Atakpam\u00e9"},"content":{"rendered":"\n<p><\/p>\n\n\n\n<p>Militants et sympathisants du parti au pouvoir au Togo sont en f\u00eate. En effet, il y a dix ans que le parti pr\u00e9sidentiel Union pour la R\u00e9publique (UNIR) a \u00e9t\u00e9 cr\u00e9\u00e9 dans la ville des sept collines, \u00e0 Atakpam\u00e9.<\/p>\n\n\n\n<p>Les festivit\u00e9s marquant les dix ans d\u2019existence du parti Union pour la r\u00e9publique (UNIR) n\u00e9 sur les cendres du Rassemblement du peuple togolais (RPT) a \u00e9t\u00e9 c\u00e9l\u00e9br\u00e9 ce jeudi 14 avril 2022.<\/p>\n\n\n\n<p>\u00ab 24heuresinfo \u00bb rel\u00e8ve que les activit\u00e9s ont \u00e9t\u00e9 lanc\u00e9es par une op\u00e9ration de salubrit\u00e9 dans les villes du pays.<\/p>\n\n\n\n<p>Les activit\u00e9s se poursuivent \u00e0 Atakapam\u00e9, ce jeudi eti marque la date de sa cr\u00e9ation. Apr\u00e8s un point de presse anim\u00e9 \u00e0 l\u2019affaire sociale de la ville, s\u2019est ensuite tenue une messe \u0153cum\u00e9nique au centre culturel.<\/p>\n\n\n\n<p>Selon le secr\u00e9taire ex\u00e9cutif du parti Atchol\u00e9 Aklesso, \u00ab On se rappelle que c\u2019est le 14 avril 2012, que nous avons ensemble dit OUI \u00e0 la vision propos\u00e9e par le pr\u00e9sident de notre cher grand parti, celle de reconstruire un Togo Unir et prosp\u00e8re fond\u00e9e entre autres sur des valeurs de paix de justice et du vivre ensemble \u00bb.<\/p>\n\n\n\n<p>Au niveau du parti, cette dixi\u00e8me c\u00e9l\u00e9bration est plac\u00e9e sous le signe de la paix, de la coh\u00e9sion nationale, du vivre ensemble, d\u2019engagement renouvel\u00e9 et d\u2019abn\u00e9gation au service des populations.<\/p>\n\n\n\n<p>\u00abEn portant sur les fonds baptismaux, Union pour la R\u00e9publique, nous avons pris l\u2019engagement d\u2019\u0153uvrer \u00e0 la satisfaction des aspirations profondes du peuple togolais, de combattre l\u2019injustice, de prot\u00e9ger les couches vuln\u00e9rables, de promouvoir la d\u00e9mocratie, l\u2019Etat de droit, la transparence et l\u2019\u00e9quit\u00e9 \u00bb, pr\u00e9cise M. Atchol\u00e9 ce 14 avril 2022 \u00e0 Atakpam\u00e9. Des propos soutenus par plusieurs autres intervenants dont Charles Kondi Agba, responsables de l&rsquo;union des sages de ce parti.<\/p>\n\n\n\n<p><strong><em>Ali Legrand<\/em><\/strong><\/p>\n","protected":false},"excerpt":{"rendered":"<p>Militants et sympathisants du parti au pouvoir au Togo sont en f\u00eate. En effet, il y a dix ans que<\/p>\n","protected":false},"author":2,"featured_media":160,"comment_status":"open","ping_status":"closed","sticky":false,"template":"","format":"standard","meta":{"footnotes":""},"categories":[3],"tags":[],"class_list":["post-159","post","type-post","status-publish","format-standard","has-post-thumbnail","hentry","category-politique"],"yoast_head":"<!-- This site is optimized with the Yoast SEO plugin v23.9 - https:\/\/yoast.com\/wordpress\/plugins\/seo\/ -->\n<title>UNIR en pleine f\u00eate de ses 10 ans \u00e0 Atakpam\u00e9 -<\/title>\n<meta name=\"robots\" content=\"index, follow, max-snippet:-1, max-image-preview:large, max-video-preview:-1\" \/>\n<link rel=\"canonical\" href=\"https:\/\/lepoint-actu.tg\/index.php\/2022\/04\/14\/unir-en-pleine-fete-de-ses-10-ans-a-atakpame\/\" \/>\n<meta property=\"og:locale\" content=\"fr_FR\" \/>\n<meta property=\"og:type\" content=\"article\" \/>\n<meta property=\"og:title\" content=\"UNIR en pleine f\u00eate de ses 10 ans \u00e0 Atakpam\u00e9 -\" \/>\n<meta property=\"og:description\" content=\"Militants et sympathisants du parti au pouvoir au Togo sont en f\u00eate. En effet, il y a dix ans que\" \/>\n<meta property=\"og:url\" content=\"https:\/\/lepoint-actu.tg\/index.php\/2022\/04\/14\/unir-en-pleine-fete-de-ses-10-ans-a-atakpame\/\" \/>\n<meta property=\"article:published_time\" content=\"2022-04-14T08:45:00+00:00\" \/>\n<meta property=\"article:modified_time\" content=\"2022-06-16T08:50:21+00:00\" \/>\n<meta property=\"og:image\" content=\"https:\/\/lepoint-actu.tg\/wp-content\/uploads\/2022\/06\/IMG_20220414_090524_370-750x375-1.jpg\" \/>\n\t<meta property=\"og:image:width\" content=\"750\" \/>\n\t<meta property=\"og:image:height\" content=\"375\" \/>\n\t<meta property=\"og:image:type\" content=\"image\/jpeg\" \/>\n<meta name=\"author\" content=\"La Redaction\" \/>\n<meta name=\"twitter:card\" content=\"summary_large_image\" \/>\n<meta name=\"twitter:label1\" content=\"\u00c9crit par\" \/>\n\t<meta name=\"twitter:data1\" content=\"La Redaction\" \/>\n\t<meta name=\"twitter:label2\" content=\"Dur\u00e9e de lecture estim\u00e9e\" \/>\n\t<meta name=\"twitter:data2\" content=\"2 minutes\" \/>\n<script type=\"application\/ld+json\" class=\"yoast-schema-graph\">{\"@context\":\"https:\/\/schema.org\",\"@graph\":[{\"@type\":\"WebPage\",\"@id\":\"https:\/\/lepoint-actu.tg\/index.php\/2022\/04\/14\/unir-en-pleine-fete-de-ses-10-ans-a-atakpame\/\",\"url\":\"https:\/\/lepoint-actu.tg\/index.php\/2022\/04\/14\/unir-en-pleine-fete-de-ses-10-ans-a-atakpame\/\",\"name\":\"UNIR en pleine f\u00eate de ses 10 ans \u00e0 Atakpam\u00e9 -\",\"isPartOf\":{\"@id\":\"https:\/\/lepoint-actu.tg\/#website\"},\"primaryImageOfPage\":{\"@id\":\"https:\/\/lepoint-actu.tg\/index.php\/2022\/04\/14\/unir-en-pleine-fete-de-ses-10-ans-a-atakpame\/#primaryimage\"},\"image\":{\"@id\":\"https:\/\/lepoint-actu.tg\/index.php\/2022\/04\/14\/unir-en-pleine-fete-de-ses-10-ans-a-atakpame\/#primaryimage\"},\"thumbnailUrl\":\"https:\/\/lepoint-actu.tg\/wp-content\/uploads\/2022\/06\/IMG_20220414_090524_370-750x375-1.jpg\",\"datePublished\":\"2022-04-14T08:45:00+00:00\",\"dateModified\":\"2022-06-16T08:50:21+00:00\",\"author\":{\"@id\":\"https:\/\/lepoint-actu.tg\/#\/schema\/person\/e4026d66cbdc205cab83e169ab7eaca1\"},\"breadcrumb\":{\"@id\":\"https:\/\/lepoint-actu.tg\/index.php\/2022\/04\/14\/unir-en-pleine-fete-de-ses-10-ans-a-atakpame\/#breadcrumb\"},\"inLanguage\":\"fr-FR\",\"potentialAction\":[{\"@type\":\"ReadAction\",\"target\":[\"https:\/\/lepoint-actu.tg\/index.php\/2022\/04\/14\/unir-en-pleine-fete-de-ses-10-ans-a-atakpame\/\"]}]},{\"@type\":\"ImageObject\",\"inLanguage\":\"fr-FR\",\"@id\":\"https:\/\/lepoint-actu.tg\/index.php\/2022\/04\/14\/unir-en-pleine-fete-de-ses-10-ans-a-atakpame\/#primaryimage\",\"url\":\"https:\/\/lepoint-actu.tg\/wp-content\/uploads\/2022\/06\/IMG_20220414_090524_370-750x375-1.jpg\",\"contentUrl\":\"https:\/\/lepoint-actu.tg\/wp-content\/uploads\/2022\/06\/IMG_20220414_090524_370-750x375-1.jpg\",\"width\":750,\"height\":375},{\"@type\":\"BreadcrumbList\",\"@id\":\"https:\/\/lepoint-actu.tg\/index.php\/2022\/04\/14\/unir-en-pleine-fete-de-ses-10-ans-a-atakpame\/#breadcrumb\",\"itemListElement\":[{\"@type\":\"ListItem\",\"position\":1,\"name\":\"Accueil\",\"item\":\"https:\/\/lepoint-actu.tg\/\"},{\"@type\":\"ListItem\",\"position\":2,\"name\":\"UNIR en pleine f\u00eate de ses 10 ans \u00e0 Atakpam\u00e9\"}]},{\"@type\":\"WebSite\",\"@id\":\"https:\/\/lepoint-actu.tg\/#website\",\"url\":\"https:\/\/lepoint-actu.tg\/\",\"name\":\"\",\"description\":\"R\u00e9c\u00e9piss\u00e9 N\u00b00022\/HAAC\/12-2020\/pL\/P, lepointactu07@gmail.com\",\"potentialAction\":[{\"@type\":\"SearchAction\",\"target\":{\"@type\":\"EntryPoint\",\"urlTemplate\":\"https:\/\/lepoint-actu.tg\/?s={search_term_string}\"},\"query-input\":{\"@type\":\"PropertyValueSpecification\",\"valueRequired\":true,\"valueName\":\"search_term_string\"}}],\"inLanguage\":\"fr-FR\"},{\"@type\":\"Person\",\"@id\":\"https:\/\/lepoint-actu.tg\/#\/schema\/person\/e4026d66cbdc205cab83e169ab7eaca1\",\"name\":\"La Redaction\",\"image\":{\"@type\":\"ImageObject\",\"inLanguage\":\"fr-FR\",\"@id\":\"https:\/\/lepoint-actu.tg\/#\/schema\/person\/image\/\",\"url\":\"https:\/\/secure.gravatar.com\/avatar\/1682a0ff7e2c36efa51c5d262eea092000ec1ce420118e6261440956730308c2?s=96&d=mm&r=g\",\"contentUrl\":\"https:\/\/secure.gravatar.com\/avatar\/1682a0ff7e2c36efa51c5d262eea092000ec1ce420118e6261440956730308c2?s=96&d=mm&r=g\",\"caption\":\"La Redaction\"},\"url\":\"https:\/\/lepoint-actu.tg\/index.php\/author\/raymondsama\/\"}]}<\/script>\n<!-- \/ Yoast SEO plugin. -->","yoast_head_json":{"title":"UNIR en pleine f\u00eate de ses 10 ans \u00e0 Atakpam\u00e9 -","robots":{"index":"index","follow":"follow","max-snippet":"max-snippet:-1","max-image-preview":"max-image-preview:large","max-video-preview":"max-video-preview:-1"},"canonical":"https:\/\/lepoint-actu.tg\/index.php\/2022\/04\/14\/unir-en-pleine-fete-de-ses-10-ans-a-atakpame\/","og_locale":"fr_FR","og_type":"article","og_title":"UNIR en pleine f\u00eate de ses 10 ans \u00e0 Atakpam\u00e9 -","og_description":"Militants et sympathisants du parti au pouvoir au Togo sont en f\u00eate. En effet, il y a dix ans que","og_url":"https:\/\/lepoint-actu.tg\/index.php\/2022\/04\/14\/unir-en-pleine-fete-de-ses-10-ans-a-atakpame\/","article_published_time":"2022-04-14T08:45:00+00:00","article_modified_time":"2022-06-16T08:50:21+00:00","og_image":[{"width":750,"height":375,"url":"https:\/\/lepoint-actu.tg\/wp-content\/uploads\/2022\/06\/IMG_20220414_090524_370-750x375-1.jpg","type":"image\/jpeg"}],"author":"La Redaction","twitter_card":"summary_large_image","twitter_misc":{"\u00c9crit par":"La Redaction","Dur\u00e9e de lecture estim\u00e9e":"2 minutes"},"schema":{"@context":"https:\/\/schema.org","@graph":[{"@type":"WebPage","@id":"https:\/\/lepoint-actu.tg\/index.php\/2022\/04\/14\/unir-en-pleine-fete-de-ses-10-ans-a-atakpame\/","url":"https:\/\/lepoint-actu.tg\/index.php\/2022\/04\/14\/unir-en-pleine-fete-de-ses-10-ans-a-atakpame\/","name":"UNIR en pleine f\u00eate de ses 10 ans \u00e0 Atakpam\u00e9 -","isPartOf":{"@id":"https:\/\/lepoint-actu.tg\/#website"},"primaryImageOfPage":{"@id":"https:\/\/lepoint-actu.tg\/index.php\/2022\/04\/14\/unir-en-pleine-fete-de-ses-10-ans-a-atakpame\/#primaryimage"},"image":{"@id":"https:\/\/lepoint-actu.tg\/index.php\/2022\/04\/14\/unir-en-pleine-fete-de-ses-10-ans-a-atakpame\/#primaryimage"},"thumbnailUrl":"https:\/\/lepoint-actu.tg\/wp-content\/uploads\/2022\/06\/IMG_20220414_090524_370-750x375-1.jpg","datePublished":"2022-04-14T08:45:00+00:00","dateModified":"2022-06-16T08:50:21+00:00","author":{"@id":"https:\/\/lepoint-actu.tg\/#\/schema\/person\/e4026d66cbdc205cab83e169ab7eaca1"},"breadcrumb":{"@id":"https:\/\/lepoint-actu.tg\/index.php\/2022\/04\/14\/unir-en-pleine-fete-de-ses-10-ans-a-atakpame\/#breadcrumb"},"inLanguage":"fr-FR","potentialAction":[{"@type":"ReadAction","target":["https:\/\/lepoint-actu.tg\/index.php\/2022\/04\/14\/unir-en-pleine-fete-de-ses-10-ans-a-atakpame\/"]}]},{"@type":"ImageObject","inLanguage":"fr-FR","@id":"https:\/\/lepoint-actu.tg\/index.php\/2022\/04\/14\/unir-en-pleine-fete-de-ses-10-ans-a-atakpame\/#primaryimage","url":"https:\/\/lepoint-actu.tg\/wp-content\/uploads\/2022\/06\/IMG_20220414_090524_370-750x375-1.jpg","contentUrl":"https:\/\/lepoint-actu.tg\/wp-content\/uploads\/2022\/06\/IMG_20220414_090524_370-750x375-1.jpg","width":750,"height":375},{"@type":"BreadcrumbList","@id":"https:\/\/lepoint-actu.tg\/index.php\/2022\/04\/14\/unir-en-pleine-fete-de-ses-10-ans-a-atakpame\/#breadcrumb","itemListElement":[{"@type":"ListItem","position":1,"name":"Accueil","item":"https:\/\/lepoint-actu.tg\/"},{"@type":"ListItem","position":2,"name":"UNIR en pleine f\u00eate de ses 10 ans \u00e0 Atakpam\u00e9"}]},{"@type":"WebSite","@id":"https:\/\/lepoint-actu.tg\/#website","url":"https:\/\/lepoint-actu.tg\/","name":"","description":"R\u00e9c\u00e9piss\u00e9 N\u00b00022\/HAAC\/12-2020\/pL\/P, lepointactu07@gmail.com","potentialAction":[{"@type":"SearchAction","target":{"@type":"EntryPoint","urlTemplate":"https:\/\/lepoint-actu.tg\/?s={search_term_string}"},"query-input":{"@type":"PropertyValueSpecification","valueRequired":true,"valueName":"search_term_string"}}],"inLanguage":"fr-FR"},{"@type":"Person","@id":"https:\/\/lepoint-actu.tg\/#\/schema\/person\/e4026d66cbdc205cab83e169ab7eaca1","name":"La Redaction","image":{"@type":"ImageObject","inLanguage":"fr-FR","@id":"https:\/\/lepoint-actu.tg\/#\/schema\/person\/image\/","url":"https:\/\/secure.gravatar.com\/avatar\/1682a0ff7e2c36efa51c5d262eea092000ec1ce420118e6261440956730308c2?s=96&d=mm&r=g","contentUrl":"https:\/\/secure.gravatar.com\/avatar\/1682a0ff7e2c36efa51c5d262eea092000ec1ce420118e6261440956730308c2?s=96&d=mm&r=g","caption":"La Redaction"},"url":"https:\/\/lepoint-actu.tg\/index.php\/author\/raymondsama\/"}]}},"_links":{"self":[{"href":"https:\/\/lepoint-actu.tg\/index.php\/wp-json\/wp\/v2\/posts\/159","targetHints":{"allow":["GET"]}}],"collection":[{"href":"https:\/\/lepoint-actu.tg\/index.php\/wp-json\/wp\/v2\/posts"}],"about":[{"href":"https:\/\/lepoint-actu.tg\/index.php\/wp-json\/wp\/v2\/types\/post"}],"author":[{"embeddable":true,"href":"https:\/\/lepoint-actu.tg\/index.php\/wp-json\/wp\/v2\/users\/2"}],"replies":[{"embeddable":true,"href":"https:\/\/lepoint-actu.tg\/index.php\/wp-json\/wp\/v2\/comments?post=159"}],"version-history":[{"count":1,"href":"https:\/\/lepoint-actu.tg\/index.php\/wp-json\/wp\/v2\/posts\/159\/revisions"}],"predecessor-version":[{"id":161,"href":"https:\/\/lepoint-actu.tg\/index.php\/wp-json\/wp\/v2\/posts\/159\/revisions\/161"}],"wp:featuredmedia":[{"embeddable":true,"href":"https:\/\/lepoint-actu.tg\/index.php\/wp-json\/wp\/v2\/media\/160"}],"wp:attachment":[{"href":"https:\/\/lepoint-actu.tg\/index.php\/wp-json\/wp\/v2\/media?parent=159"}],"wp:term":[{"taxonomy":"category","embeddable":true,"href":"https:\/\/lepoint-actu.tg\/index.php\/wp-json\/wp\/v2\/categories?post=159"},{"taxonomy":"post_tag","embeddable":true,"href":"https:\/\/lepoint-actu.tg\/index.php\/wp-json\/wp\/v2\/tags?post=159"}],"curies":[{"name":"wp","href":"https:\/\/api.w.org\/{rel}","templated":true}]}}