{"id":162,"date":"2022-04-13T09:23:00","date_gmt":"2022-04-13T09:23:00","guid":{"rendered":"https:\/\/lepoint-actu.tg\/?p=162"},"modified":"2022-06-16T09:27:53","modified_gmt":"2022-06-16T09:27:53","slug":"le-togo-et-la-bidc-soudes-pour-un-meilleur-developpement","status":"publish","type":"post","link":"https:\/\/lepoint-actu.tg\/index.php\/2022\/04\/13\/le-togo-et-la-bidc-soudes-pour-un-meilleur-developpement\/","title":{"rendered":"Le Togo et la BIDC soud\u00e9s pour un meilleur d\u00e9veloppement"},"content":{"rendered":"\n<p><\/p>\n\n\n\n<p>Victoire Tom\u00e9gah-Dogb\u00e9, Premier ministre du Togo, a conf\u00e9r\u00e9 le mardi 12 avril 2022 \u00e0 la Primature, avec le pr\u00e9sident de la Banque d\u2019investissement et de d\u00e9veloppement de la CEDEAO (BIDC), George Agyekum Donkor. Les \u00e9changes ont port\u00e9 sur la coop\u00e9ration entre la Banque et le Togo, pays h\u00f4te.<\/p>\n\n\n\n<p>\u00ab Ce type de rencontre est n\u00e9cessaire pour renforcer les relations entre le Togo, pays h\u00f4te et la BIDC. Et pour f\u00e9liciter \u00e9galement le gouvernement togolais pour les r\u00e9alisations remarquables mises en place sous le leadership de son Pr\u00e9sident. Et les mesures prises en faveur des populations pour att\u00e9nuer l\u2019impact de la Covid-19.<br>Il y a aussi, le PIB r\u00e9el positif du Togo qui est l\u2019une des r\u00e9alisations les plus remarquables qu\u2019on a pu constater dans la sous-r\u00e9gion en termes de PIB r\u00e9el positif.<br>Il faut reconna\u00eetre le leadership du Pr\u00e9sident togolais. \u00bb, a d\u00e9clar\u00e9 \u00e0 la t\u00e9l\u00e9vision nationale George Agyekum Donkor, Pr\u00e9sident de la BIDC . Selon son pr\u00e9sident, les initiatives de la BIDC s\u2019alignent parfaitement avec les objectifs du gouvernement togolais contenus dans la feuille de route 2020-2025 en termes de financements.<br>La BIDC compte poursuivre son soutien au Togo dans ses initiatives comme les \u00e9nergies renouvelables, la digitalisation et l\u2019\u00e9nergie.<\/p>\n\n\n\n<p><strong><em>Valentine Bia<\/em><\/strong><\/p>\n","protected":false},"excerpt":{"rendered":"<p>Victoire Tom\u00e9gah-Dogb\u00e9, Premier ministre du Togo, a conf\u00e9r\u00e9 le mardi 12 avril 2022 \u00e0 la Primature, avec le pr\u00e9sident de<\/p>\n","protected":false},"author":2,"featured_media":163,"comment_status":"open","ping_status":"closed","sticky":false,"template":"","format":"standard","meta":{"footnotes":""},"categories":[5],"tags":[],"class_list":["post-162","post","type-post","status-publish","format-standard","has-post-thumbnail","hentry","category-diplomatie"],"yoast_head":"<!-- This site is optimized with the Yoast SEO plugin v23.9 - https:\/\/yoast.com\/wordpress\/plugins\/seo\/ -->\n<title>Le Togo et la BIDC soud\u00e9s pour un meilleur d\u00e9veloppement -<\/title>\n<meta name=\"robots\" content=\"index, follow, max-snippet:-1, max-image-preview:large, max-video-preview:-1\" \/>\n<link rel=\"canonical\" href=\"https:\/\/lepoint-actu.tg\/index.php\/2022\/04\/13\/le-togo-et-la-bidc-soudes-pour-un-meilleur-developpement\/\" \/>\n<meta property=\"og:locale\" content=\"fr_FR\" \/>\n<meta property=\"og:type\" content=\"article\" \/>\n<meta property=\"og:title\" content=\"Le Togo et la BIDC soud\u00e9s pour un meilleur d\u00e9veloppement -\" \/>\n<meta property=\"og:description\" content=\"Victoire Tom\u00e9gah-Dogb\u00e9, Premier ministre du Togo, a conf\u00e9r\u00e9 le mardi 12 avril 2022 \u00e0 la Primature, avec le pr\u00e9sident de\" \/>\n<meta property=\"og:url\" content=\"https:\/\/lepoint-actu.tg\/index.php\/2022\/04\/13\/le-togo-et-la-bidc-soudes-pour-un-meilleur-developpement\/\" \/>\n<meta property=\"article:published_time\" content=\"2022-04-13T09:23:00+00:00\" \/>\n<meta property=\"article:modified_time\" content=\"2022-06-16T09:27:53+00:00\" \/>\n<meta property=\"og:image\" content=\"https:\/\/lepoint-actu.tg\/wp-content\/uploads\/2022\/06\/IMG-20220615-WA0098.jpg\" \/>\n\t<meta property=\"og:image:width\" content=\"492\" \/>\n\t<meta property=\"og:image:height\" content=\"326\" \/>\n\t<meta property=\"og:image:type\" content=\"image\/jpeg\" \/>\n<meta name=\"author\" content=\"La Redaction\" \/>\n<meta name=\"twitter:card\" content=\"summary_large_image\" \/>\n<meta name=\"twitter:label1\" content=\"\u00c9crit par\" \/>\n\t<meta name=\"twitter:data1\" content=\"La Redaction\" \/>\n\t<meta name=\"twitter:label2\" content=\"Dur\u00e9e de lecture estim\u00e9e\" \/>\n\t<meta name=\"twitter:data2\" content=\"2 minutes\" \/>\n<script type=\"application\/ld+json\" class=\"yoast-schema-graph\">{\"@context\":\"https:\/\/schema.org\",\"@graph\":[{\"@type\":\"WebPage\",\"@id\":\"https:\/\/lepoint-actu.tg\/index.php\/2022\/04\/13\/le-togo-et-la-bidc-soudes-pour-un-meilleur-developpement\/\",\"url\":\"https:\/\/lepoint-actu.tg\/index.php\/2022\/04\/13\/le-togo-et-la-bidc-soudes-pour-un-meilleur-developpement\/\",\"name\":\"Le Togo et la BIDC soud\u00e9s pour un meilleur d\u00e9veloppement -\",\"isPartOf\":{\"@id\":\"https:\/\/lepoint-actu.tg\/#website\"},\"primaryImageOfPage\":{\"@id\":\"https:\/\/lepoint-actu.tg\/index.php\/2022\/04\/13\/le-togo-et-la-bidc-soudes-pour-un-meilleur-developpement\/#primaryimage\"},\"image\":{\"@id\":\"https:\/\/lepoint-actu.tg\/index.php\/2022\/04\/13\/le-togo-et-la-bidc-soudes-pour-un-meilleur-developpement\/#primaryimage\"},\"thumbnailUrl\":\"https:\/\/lepoint-actu.tg\/wp-content\/uploads\/2022\/06\/IMG-20220615-WA0098.jpg\",\"datePublished\":\"2022-04-13T09:23:00+00:00\",\"dateModified\":\"2022-06-16T09:27:53+00:00\",\"author\":{\"@id\":\"https:\/\/lepoint-actu.tg\/#\/schema\/person\/e4026d66cbdc205cab83e169ab7eaca1\"},\"breadcrumb\":{\"@id\":\"https:\/\/lepoint-actu.tg\/index.php\/2022\/04\/13\/le-togo-et-la-bidc-soudes-pour-un-meilleur-developpement\/#breadcrumb\"},\"inLanguage\":\"fr-FR\",\"potentialAction\":[{\"@type\":\"ReadAction\",\"target\":[\"https:\/\/lepoint-actu.tg\/index.php\/2022\/04\/13\/le-togo-et-la-bidc-soudes-pour-un-meilleur-developpement\/\"]}]},{\"@type\":\"ImageObject\",\"inLanguage\":\"fr-FR\",\"@id\":\"https:\/\/lepoint-actu.tg\/index.php\/2022\/04\/13\/le-togo-et-la-bidc-soudes-pour-un-meilleur-developpement\/#primaryimage\",\"url\":\"https:\/\/lepoint-actu.tg\/wp-content\/uploads\/2022\/06\/IMG-20220615-WA0098.jpg\",\"contentUrl\":\"https:\/\/lepoint-actu.tg\/wp-content\/uploads\/2022\/06\/IMG-20220615-WA0098.jpg\",\"width\":492,\"height\":326},{\"@type\":\"BreadcrumbList\",\"@id\":\"https:\/\/lepoint-actu.tg\/index.php\/2022\/04\/13\/le-togo-et-la-bidc-soudes-pour-un-meilleur-developpement\/#breadcrumb\",\"itemListElement\":[{\"@type\":\"ListItem\",\"position\":1,\"name\":\"Accueil\",\"item\":\"https:\/\/lepoint-actu.tg\/\"},{\"@type\":\"ListItem\",\"position\":2,\"name\":\"Le Togo et la BIDC soud\u00e9s pour un meilleur d\u00e9veloppement\"}]},{\"@type\":\"WebSite\",\"@id\":\"https:\/\/lepoint-actu.tg\/#website\",\"url\":\"https:\/\/lepoint-actu.tg\/\",\"name\":\"\",\"description\":\"R\u00e9c\u00e9piss\u00e9 N\u00b00022\/HAAC\/12-2020\/pL\/P, lepointactu07@gmail.com\",\"potentialAction\":[{\"@type\":\"SearchAction\",\"target\":{\"@type\":\"EntryPoint\",\"urlTemplate\":\"https:\/\/lepoint-actu.tg\/?s={search_term_string}\"},\"query-input\":{\"@type\":\"PropertyValueSpecification\",\"valueRequired\":true,\"valueName\":\"search_term_string\"}}],\"inLanguage\":\"fr-FR\"},{\"@type\":\"Person\",\"@id\":\"https:\/\/lepoint-actu.tg\/#\/schema\/person\/e4026d66cbdc205cab83e169ab7eaca1\",\"name\":\"La Redaction\",\"image\":{\"@type\":\"ImageObject\",\"inLanguage\":\"fr-FR\",\"@id\":\"https:\/\/lepoint-actu.tg\/#\/schema\/person\/image\/\",\"url\":\"https:\/\/secure.gravatar.com\/avatar\/1682a0ff7e2c36efa51c5d262eea092000ec1ce420118e6261440956730308c2?s=96&d=mm&r=g\",\"contentUrl\":\"https:\/\/secure.gravatar.com\/avatar\/1682a0ff7e2c36efa51c5d262eea092000ec1ce420118e6261440956730308c2?s=96&d=mm&r=g\",\"caption\":\"La Redaction\"},\"url\":\"https:\/\/lepoint-actu.tg\/index.php\/author\/raymondsama\/\"}]}<\/script>\n<!-- \/ Yoast SEO plugin. -->","yoast_head_json":{"title":"Le Togo et la BIDC soud\u00e9s pour un meilleur d\u00e9veloppement -","robots":{"index":"index","follow":"follow","max-snippet":"max-snippet:-1","max-image-preview":"max-image-preview:large","max-video-preview":"max-video-preview:-1"},"canonical":"https:\/\/lepoint-actu.tg\/index.php\/2022\/04\/13\/le-togo-et-la-bidc-soudes-pour-un-meilleur-developpement\/","og_locale":"fr_FR","og_type":"article","og_title":"Le Togo et la BIDC soud\u00e9s pour un meilleur d\u00e9veloppement -","og_description":"Victoire Tom\u00e9gah-Dogb\u00e9, Premier ministre du Togo, a conf\u00e9r\u00e9 le mardi 12 avril 2022 \u00e0 la Primature, avec le pr\u00e9sident de","og_url":"https:\/\/lepoint-actu.tg\/index.php\/2022\/04\/13\/le-togo-et-la-bidc-soudes-pour-un-meilleur-developpement\/","article_published_time":"2022-04-13T09:23:00+00:00","article_modified_time":"2022-06-16T09:27:53+00:00","og_image":[{"width":492,"height":326,"url":"https:\/\/lepoint-actu.tg\/wp-content\/uploads\/2022\/06\/IMG-20220615-WA0098.jpg","type":"image\/jpeg"}],"author":"La Redaction","twitter_card":"summary_large_image","twitter_misc":{"\u00c9crit par":"La Redaction","Dur\u00e9e de lecture estim\u00e9e":"2 minutes"},"schema":{"@context":"https:\/\/schema.org","@graph":[{"@type":"WebPage","@id":"https:\/\/lepoint-actu.tg\/index.php\/2022\/04\/13\/le-togo-et-la-bidc-soudes-pour-un-meilleur-developpement\/","url":"https:\/\/lepoint-actu.tg\/index.php\/2022\/04\/13\/le-togo-et-la-bidc-soudes-pour-un-meilleur-developpement\/","name":"Le Togo et la BIDC soud\u00e9s pour un meilleur d\u00e9veloppement -","isPartOf":{"@id":"https:\/\/lepoint-actu.tg\/#website"},"primaryImageOfPage":{"@id":"https:\/\/lepoint-actu.tg\/index.php\/2022\/04\/13\/le-togo-et-la-bidc-soudes-pour-un-meilleur-developpement\/#primaryimage"},"image":{"@id":"https:\/\/lepoint-actu.tg\/index.php\/2022\/04\/13\/le-togo-et-la-bidc-soudes-pour-un-meilleur-developpement\/#primaryimage"},"thumbnailUrl":"https:\/\/lepoint-actu.tg\/wp-content\/uploads\/2022\/06\/IMG-20220615-WA0098.jpg","datePublished":"2022-04-13T09:23:00+00:00","dateModified":"2022-06-16T09:27:53+00:00","author":{"@id":"https:\/\/lepoint-actu.tg\/#\/schema\/person\/e4026d66cbdc205cab83e169ab7eaca1"},"breadcrumb":{"@id":"https:\/\/lepoint-actu.tg\/index.php\/2022\/04\/13\/le-togo-et-la-bidc-soudes-pour-un-meilleur-developpement\/#breadcrumb"},"inLanguage":"fr-FR","potentialAction":[{"@type":"ReadAction","target":["https:\/\/lepoint-actu.tg\/index.php\/2022\/04\/13\/le-togo-et-la-bidc-soudes-pour-un-meilleur-developpement\/"]}]},{"@type":"ImageObject","inLanguage":"fr-FR","@id":"https:\/\/lepoint-actu.tg\/index.php\/2022\/04\/13\/le-togo-et-la-bidc-soudes-pour-un-meilleur-developpement\/#primaryimage","url":"https:\/\/lepoint-actu.tg\/wp-content\/uploads\/2022\/06\/IMG-20220615-WA0098.jpg","contentUrl":"https:\/\/lepoint-actu.tg\/wp-content\/uploads\/2022\/06\/IMG-20220615-WA0098.jpg","width":492,"height":326},{"@type":"BreadcrumbList","@id":"https:\/\/lepoint-actu.tg\/index.php\/2022\/04\/13\/le-togo-et-la-bidc-soudes-pour-un-meilleur-developpement\/#breadcrumb","itemListElement":[{"@type":"ListItem","position":1,"name":"Accueil","item":"https:\/\/lepoint-actu.tg\/"},{"@type":"ListItem","position":2,"name":"Le Togo et la BIDC soud\u00e9s pour un meilleur d\u00e9veloppement"}]},{"@type":"WebSite","@id":"https:\/\/lepoint-actu.tg\/#website","url":"https:\/\/lepoint-actu.tg\/","name":"","description":"R\u00e9c\u00e9piss\u00e9 N\u00b00022\/HAAC\/12-2020\/pL\/P, lepointactu07@gmail.com","potentialAction":[{"@type":"SearchAction","target":{"@type":"EntryPoint","urlTemplate":"https:\/\/lepoint-actu.tg\/?s={search_term_string}"},"query-input":{"@type":"PropertyValueSpecification","valueRequired":true,"valueName":"search_term_string"}}],"inLanguage":"fr-FR"},{"@type":"Person","@id":"https:\/\/lepoint-actu.tg\/#\/schema\/person\/e4026d66cbdc205cab83e169ab7eaca1","name":"La Redaction","image":{"@type":"ImageObject","inLanguage":"fr-FR","@id":"https:\/\/lepoint-actu.tg\/#\/schema\/person\/image\/","url":"https:\/\/secure.gravatar.com\/avatar\/1682a0ff7e2c36efa51c5d262eea092000ec1ce420118e6261440956730308c2?s=96&d=mm&r=g","contentUrl":"https:\/\/secure.gravatar.com\/avatar\/1682a0ff7e2c36efa51c5d262eea092000ec1ce420118e6261440956730308c2?s=96&d=mm&r=g","caption":"La Redaction"},"url":"https:\/\/lepoint-actu.tg\/index.php\/author\/raymondsama\/"}]}},"_links":{"self":[{"href":"https:\/\/lepoint-actu.tg\/index.php\/wp-json\/wp\/v2\/posts\/162","targetHints":{"allow":["GET"]}}],"collection":[{"href":"https:\/\/lepoint-actu.tg\/index.php\/wp-json\/wp\/v2\/posts"}],"about":[{"href":"https:\/\/lepoint-actu.tg\/index.php\/wp-json\/wp\/v2\/types\/post"}],"author":[{"embeddable":true,"href":"https:\/\/lepoint-actu.tg\/index.php\/wp-json\/wp\/v2\/users\/2"}],"replies":[{"embeddable":true,"href":"https:\/\/lepoint-actu.tg\/index.php\/wp-json\/wp\/v2\/comments?post=162"}],"version-history":[{"count":1,"href":"https:\/\/lepoint-actu.tg\/index.php\/wp-json\/wp\/v2\/posts\/162\/revisions"}],"predecessor-version":[{"id":164,"href":"https:\/\/lepoint-actu.tg\/index.php\/wp-json\/wp\/v2\/posts\/162\/revisions\/164"}],"wp:featuredmedia":[{"embeddable":true,"href":"https:\/\/lepoint-actu.tg\/index.php\/wp-json\/wp\/v2\/media\/163"}],"wp:attachment":[{"href":"https:\/\/lepoint-actu.tg\/index.php\/wp-json\/wp\/v2\/media?parent=162"}],"wp:term":[{"taxonomy":"category","embeddable":true,"href":"https:\/\/lepoint-actu.tg\/index.php\/wp-json\/wp\/v2\/categories?post=162"},{"taxonomy":"post_tag","embeddable":true,"href":"https:\/\/lepoint-actu.tg\/index.php\/wp-json\/wp\/v2\/tags?post=162"}],"curies":[{"name":"wp","href":"https:\/\/api.w.org\/{rel}","templated":true}]}}