{"id":1625,"date":"2023-03-13T18:51:57","date_gmt":"2023-03-13T18:51:57","guid":{"rendered":"https:\/\/lepoint-actu.tg\/?p=1625"},"modified":"2023-03-31T18:58:52","modified_gmt":"2023-03-31T18:58:52","slug":"togo-le-journaliste-michel-takpa-la-menace-de-trop","status":"publish","type":"post","link":"https:\/\/lepoint-actu.tg\/index.php\/2023\/03\/13\/togo-le-journaliste-michel-takpa-la-menace-de-trop\/","title":{"rendered":"Togo\u00a0: le journaliste Michel Takpa, la menace de trop ?"},"content":{"rendered":"\n<p><br><br>Michel Takpa, journaliste togolais fait l\u2019objet de menace depuis quelques temps par des individus non identifi\u00e9s.<br>En effet, l&rsquo;animateur vedette, il y a un peu plus de deux ans des \u00e9missions \u00ab&nbsp;Regards crois\u00e9s&nbsp;\u00bb et \u00ab&nbsp;l\u2019Invit\u00e9&nbsp;\u00bb, sur la cha\u00eene de t\u00e9l\u00e9vision New World tv, ferait l\u2019objet de menaces de tous genres, rapporte une source. Le journaliste en question re\u00e7oit sans cesse depuis d\u00e9but 2022 des appels anonymes o\u00f9 l\u2019on lui fait comprendre clairement qu\u2019il risque sa vie compte tenu de ses propos et de ses positions non clairement explicites lors des \u00e9missions qu\u2019il anime.<\/p>\n\n\n\n<figure class=\"wp-block-image size-large\"><img loading=\"lazy\" decoding=\"async\" width=\"768\" height=\"1024\" src=\"https:\/\/lepoint-actu.tg\/wp-content\/uploads\/2023\/03\/IMG-20230317-WA0138-1-768x1024.jpg\" alt=\"\" class=\"wp-image-1629\" srcset=\"https:\/\/lepoint-actu.tg\/wp-content\/uploads\/2023\/03\/IMG-20230317-WA0138-1-768x1024.jpg 768w, https:\/\/lepoint-actu.tg\/wp-content\/uploads\/2023\/03\/IMG-20230317-WA0138-1-225x300.jpg 225w, https:\/\/lepoint-actu.tg\/wp-content\/uploads\/2023\/03\/IMG-20230317-WA0138-1.jpg 810w\" sizes=\"auto, (max-width: 768px) 100vw, 768px\" \/><\/figure>\n\n\n\n<p><strong><em>Michel Takpa <\/em><\/strong><\/p>\n\n\n\n<p><br>Dans les d\u00e9tails, en mars de l&rsquo;ann\u00e9e 2022, vers z\u00e9ro heure alors m\u00eame qu\u2019il rentrait chez lui apr\u00e8s le service, le journaliste a \u00e9t\u00e9 interpell\u00e9 par des individus non identifi\u00e9s commun\u00e9ment appel\u00e9s \u00ab\u00a0gros bras\u00a0\u00bb qui l\u2019on soumit \u00e0 des interrogatoires pendant des heures \u00e0 300 m\u00e8tres environ de son domicile dans une rue obscure. Ces m\u00eames individus l\u2019on d\u00e9pouill\u00e9 de son t\u00e9l\u00e9phone portable et lui ont intim\u00e9 l&rsquo;ordre de ne pas en parler et de ne plus faire ces \u00e9missions s\u2019il veut continuer de vivre. Quelques jours apr\u00e8s, un groupe similaire l\u2019a arr\u00eat\u00e9 et l\u2019a fait agenouiller pendant environ 2 heures de temps avant de le laisser avec des coups de gifles, selon les propos du journaliste lui-m\u00eame, (Komits\u00e8 TAKPA) qui s\u2019est confi\u00e9 \u00e0 la r\u00e9daction de www.lepoint-actu.tg.<br>La situation est grave, car la libert\u00e9 de la presse et d\u2019expression est en danger au Togo. Si depuis des ann\u00e9es, des journalistes sont menac\u00e9s, poursuivis et jet\u00e9s en prison avec des fortunes diverses par la suite, ces derniers temps sont encore alarmants vu qu\u2019un journaliste comme Jo\u00ebl Egah de l\u2019hebdomadaire FRATERNITE a perdu sa vie apr\u00e8s s\u2019\u00eatre lib\u00e9r\u00e9 de prison en d\u00e9cembre dernier avec Ferdinand Ayit\u00e9 du journal L\u2019ALTERNATIVE.<br>Vivement que les autorit\u00e9s du pays prennent \u00e0 bras le corps de telle situations pour ramener la qui\u00e9tude au sein des populations.<\/p>\n","protected":false},"excerpt":{"rendered":"<p>Michel Takpa, journaliste togolais fait l\u2019objet de menace depuis quelques temps par des individus non identifi\u00e9s.En effet, l&rsquo;animateur vedette, il<\/p>\n","protected":false},"author":2,"featured_media":1626,"comment_status":"open","ping_status":"closed","sticky":false,"template":"","format":"standard","meta":{"footnotes":""},"categories":[1],"tags":[],"class_list":["post-1625","post","type-post","status-publish","format-standard","has-post-thumbnail","hentry","category-societe"],"yoast_head":"<!-- This site is optimized with the Yoast SEO plugin v23.9 - https:\/\/yoast.com\/wordpress\/plugins\/seo\/ -->\n<title>Togo\u00a0: le journaliste Michel Takpa, la menace de trop ? -<\/title>\n<meta name=\"robots\" content=\"index, follow, max-snippet:-1, max-image-preview:large, max-video-preview:-1\" \/>\n<link rel=\"canonical\" href=\"https:\/\/lepoint-actu.tg\/index.php\/2023\/03\/13\/togo-le-journaliste-michel-takpa-la-menace-de-trop\/\" \/>\n<meta property=\"og:locale\" content=\"fr_FR\" \/>\n<meta property=\"og:type\" content=\"article\" \/>\n<meta property=\"og:title\" content=\"Togo\u00a0: le journaliste Michel Takpa, la menace de trop ? -\" \/>\n<meta property=\"og:description\" content=\"Michel Takpa, journaliste togolais fait l\u2019objet de menace depuis quelques temps par des individus non identifi\u00e9s.En effet, l&rsquo;animateur vedette, il\" \/>\n<meta property=\"og:url\" content=\"https:\/\/lepoint-actu.tg\/index.php\/2023\/03\/13\/togo-le-journaliste-michel-takpa-la-menace-de-trop\/\" \/>\n<meta property=\"article:published_time\" content=\"2023-03-13T18:51:57+00:00\" \/>\n<meta property=\"article:modified_time\" content=\"2023-03-31T18:58:52+00:00\" \/>\n<meta property=\"og:image\" content=\"https:\/\/lepoint-actu.tg\/wp-content\/uploads\/2023\/03\/IMG-20230317-WA0138.jpg\" \/>\n\t<meta property=\"og:image:width\" content=\"810\" \/>\n\t<meta property=\"og:image:height\" content=\"1080\" \/>\n\t<meta property=\"og:image:type\" content=\"image\/jpeg\" \/>\n<meta name=\"author\" content=\"La Redaction\" \/>\n<meta name=\"twitter:card\" content=\"summary_large_image\" \/>\n<meta name=\"twitter:label1\" content=\"\u00c9crit par\" \/>\n\t<meta name=\"twitter:data1\" content=\"La Redaction\" \/>\n\t<meta name=\"twitter:label2\" content=\"Dur\u00e9e de lecture estim\u00e9e\" \/>\n\t<meta name=\"twitter:data2\" content=\"2 minutes\" \/>\n<script type=\"application\/ld+json\" class=\"yoast-schema-graph\">{\"@context\":\"https:\/\/schema.org\",\"@graph\":[{\"@type\":\"WebPage\",\"@id\":\"https:\/\/lepoint-actu.tg\/index.php\/2023\/03\/13\/togo-le-journaliste-michel-takpa-la-menace-de-trop\/\",\"url\":\"https:\/\/lepoint-actu.tg\/index.php\/2023\/03\/13\/togo-le-journaliste-michel-takpa-la-menace-de-trop\/\",\"name\":\"Togo\u00a0: le journaliste Michel Takpa, la menace de trop ? -\",\"isPartOf\":{\"@id\":\"https:\/\/lepoint-actu.tg\/#website\"},\"primaryImageOfPage\":{\"@id\":\"https:\/\/lepoint-actu.tg\/index.php\/2023\/03\/13\/togo-le-journaliste-michel-takpa-la-menace-de-trop\/#primaryimage\"},\"image\":{\"@id\":\"https:\/\/lepoint-actu.tg\/index.php\/2023\/03\/13\/togo-le-journaliste-michel-takpa-la-menace-de-trop\/#primaryimage\"},\"thumbnailUrl\":\"https:\/\/lepoint-actu.tg\/wp-content\/uploads\/2023\/03\/IMG-20230317-WA0138.jpg\",\"datePublished\":\"2023-03-13T18:51:57+00:00\",\"dateModified\":\"2023-03-31T18:58:52+00:00\",\"author\":{\"@id\":\"https:\/\/lepoint-actu.tg\/#\/schema\/person\/e4026d66cbdc205cab83e169ab7eaca1\"},\"breadcrumb\":{\"@id\":\"https:\/\/lepoint-actu.tg\/index.php\/2023\/03\/13\/togo-le-journaliste-michel-takpa-la-menace-de-trop\/#breadcrumb\"},\"inLanguage\":\"fr-FR\",\"potentialAction\":[{\"@type\":\"ReadAction\",\"target\":[\"https:\/\/lepoint-actu.tg\/index.php\/2023\/03\/13\/togo-le-journaliste-michel-takpa-la-menace-de-trop\/\"]}]},{\"@type\":\"ImageObject\",\"inLanguage\":\"fr-FR\",\"@id\":\"https:\/\/lepoint-actu.tg\/index.php\/2023\/03\/13\/togo-le-journaliste-michel-takpa-la-menace-de-trop\/#primaryimage\",\"url\":\"https:\/\/lepoint-actu.tg\/wp-content\/uploads\/2023\/03\/IMG-20230317-WA0138.jpg\",\"contentUrl\":\"https:\/\/lepoint-actu.tg\/wp-content\/uploads\/2023\/03\/IMG-20230317-WA0138.jpg\",\"width\":810,\"height\":1080},{\"@type\":\"BreadcrumbList\",\"@id\":\"https:\/\/lepoint-actu.tg\/index.php\/2023\/03\/13\/togo-le-journaliste-michel-takpa-la-menace-de-trop\/#breadcrumb\",\"itemListElement\":[{\"@type\":\"ListItem\",\"position\":1,\"name\":\"Accueil\",\"item\":\"https:\/\/lepoint-actu.tg\/\"},{\"@type\":\"ListItem\",\"position\":2,\"name\":\"Togo\u00a0: le journaliste Michel Takpa, la menace de trop ?\"}]},{\"@type\":\"WebSite\",\"@id\":\"https:\/\/lepoint-actu.tg\/#website\",\"url\":\"https:\/\/lepoint-actu.tg\/\",\"name\":\"\",\"description\":\"R\u00e9c\u00e9piss\u00e9 N\u00b00022\/HAAC\/12-2020\/pL\/P, lepointactu07@gmail.com\",\"potentialAction\":[{\"@type\":\"SearchAction\",\"target\":{\"@type\":\"EntryPoint\",\"urlTemplate\":\"https:\/\/lepoint-actu.tg\/?s={search_term_string}\"},\"query-input\":{\"@type\":\"PropertyValueSpecification\",\"valueRequired\":true,\"valueName\":\"search_term_string\"}}],\"inLanguage\":\"fr-FR\"},{\"@type\":\"Person\",\"@id\":\"https:\/\/lepoint-actu.tg\/#\/schema\/person\/e4026d66cbdc205cab83e169ab7eaca1\",\"name\":\"La Redaction\",\"image\":{\"@type\":\"ImageObject\",\"inLanguage\":\"fr-FR\",\"@id\":\"https:\/\/lepoint-actu.tg\/#\/schema\/person\/image\/\",\"url\":\"https:\/\/secure.gravatar.com\/avatar\/1682a0ff7e2c36efa51c5d262eea092000ec1ce420118e6261440956730308c2?s=96&d=mm&r=g\",\"contentUrl\":\"https:\/\/secure.gravatar.com\/avatar\/1682a0ff7e2c36efa51c5d262eea092000ec1ce420118e6261440956730308c2?s=96&d=mm&r=g\",\"caption\":\"La Redaction\"},\"url\":\"https:\/\/lepoint-actu.tg\/index.php\/author\/raymondsama\/\"}]}<\/script>\n<!-- \/ Yoast SEO plugin. -->","yoast_head_json":{"title":"Togo\u00a0: le journaliste Michel Takpa, la menace de trop ? -","robots":{"index":"index","follow":"follow","max-snippet":"max-snippet:-1","max-image-preview":"max-image-preview:large","max-video-preview":"max-video-preview:-1"},"canonical":"https:\/\/lepoint-actu.tg\/index.php\/2023\/03\/13\/togo-le-journaliste-michel-takpa-la-menace-de-trop\/","og_locale":"fr_FR","og_type":"article","og_title":"Togo\u00a0: le journaliste Michel Takpa, la menace de trop ? -","og_description":"Michel Takpa, journaliste togolais fait l\u2019objet de menace depuis quelques temps par des individus non identifi\u00e9s.En effet, l&rsquo;animateur vedette, il","og_url":"https:\/\/lepoint-actu.tg\/index.php\/2023\/03\/13\/togo-le-journaliste-michel-takpa-la-menace-de-trop\/","article_published_time":"2023-03-13T18:51:57+00:00","article_modified_time":"2023-03-31T18:58:52+00:00","og_image":[{"width":810,"height":1080,"url":"https:\/\/lepoint-actu.tg\/wp-content\/uploads\/2023\/03\/IMG-20230317-WA0138.jpg","type":"image\/jpeg"}],"author":"La Redaction","twitter_card":"summary_large_image","twitter_misc":{"\u00c9crit par":"La Redaction","Dur\u00e9e de lecture estim\u00e9e":"2 minutes"},"schema":{"@context":"https:\/\/schema.org","@graph":[{"@type":"WebPage","@id":"https:\/\/lepoint-actu.tg\/index.php\/2023\/03\/13\/togo-le-journaliste-michel-takpa-la-menace-de-trop\/","url":"https:\/\/lepoint-actu.tg\/index.php\/2023\/03\/13\/togo-le-journaliste-michel-takpa-la-menace-de-trop\/","name":"Togo\u00a0: le journaliste Michel Takpa, la menace de trop ? -","isPartOf":{"@id":"https:\/\/lepoint-actu.tg\/#website"},"primaryImageOfPage":{"@id":"https:\/\/lepoint-actu.tg\/index.php\/2023\/03\/13\/togo-le-journaliste-michel-takpa-la-menace-de-trop\/#primaryimage"},"image":{"@id":"https:\/\/lepoint-actu.tg\/index.php\/2023\/03\/13\/togo-le-journaliste-michel-takpa-la-menace-de-trop\/#primaryimage"},"thumbnailUrl":"https:\/\/lepoint-actu.tg\/wp-content\/uploads\/2023\/03\/IMG-20230317-WA0138.jpg","datePublished":"2023-03-13T18:51:57+00:00","dateModified":"2023-03-31T18:58:52+00:00","author":{"@id":"https:\/\/lepoint-actu.tg\/#\/schema\/person\/e4026d66cbdc205cab83e169ab7eaca1"},"breadcrumb":{"@id":"https:\/\/lepoint-actu.tg\/index.php\/2023\/03\/13\/togo-le-journaliste-michel-takpa-la-menace-de-trop\/#breadcrumb"},"inLanguage":"fr-FR","potentialAction":[{"@type":"ReadAction","target":["https:\/\/lepoint-actu.tg\/index.php\/2023\/03\/13\/togo-le-journaliste-michel-takpa-la-menace-de-trop\/"]}]},{"@type":"ImageObject","inLanguage":"fr-FR","@id":"https:\/\/lepoint-actu.tg\/index.php\/2023\/03\/13\/togo-le-journaliste-michel-takpa-la-menace-de-trop\/#primaryimage","url":"https:\/\/lepoint-actu.tg\/wp-content\/uploads\/2023\/03\/IMG-20230317-WA0138.jpg","contentUrl":"https:\/\/lepoint-actu.tg\/wp-content\/uploads\/2023\/03\/IMG-20230317-WA0138.jpg","width":810,"height":1080},{"@type":"BreadcrumbList","@id":"https:\/\/lepoint-actu.tg\/index.php\/2023\/03\/13\/togo-le-journaliste-michel-takpa-la-menace-de-trop\/#breadcrumb","itemListElement":[{"@type":"ListItem","position":1,"name":"Accueil","item":"https:\/\/lepoint-actu.tg\/"},{"@type":"ListItem","position":2,"name":"Togo\u00a0: le journaliste Michel Takpa, la menace de trop ?"}]},{"@type":"WebSite","@id":"https:\/\/lepoint-actu.tg\/#website","url":"https:\/\/lepoint-actu.tg\/","name":"","description":"R\u00e9c\u00e9piss\u00e9 N\u00b00022\/HAAC\/12-2020\/pL\/P, lepointactu07@gmail.com","potentialAction":[{"@type":"SearchAction","target":{"@type":"EntryPoint","urlTemplate":"https:\/\/lepoint-actu.tg\/?s={search_term_string}"},"query-input":{"@type":"PropertyValueSpecification","valueRequired":true,"valueName":"search_term_string"}}],"inLanguage":"fr-FR"},{"@type":"Person","@id":"https:\/\/lepoint-actu.tg\/#\/schema\/person\/e4026d66cbdc205cab83e169ab7eaca1","name":"La Redaction","image":{"@type":"ImageObject","inLanguage":"fr-FR","@id":"https:\/\/lepoint-actu.tg\/#\/schema\/person\/image\/","url":"https:\/\/secure.gravatar.com\/avatar\/1682a0ff7e2c36efa51c5d262eea092000ec1ce420118e6261440956730308c2?s=96&d=mm&r=g","contentUrl":"https:\/\/secure.gravatar.com\/avatar\/1682a0ff7e2c36efa51c5d262eea092000ec1ce420118e6261440956730308c2?s=96&d=mm&r=g","caption":"La Redaction"},"url":"https:\/\/lepoint-actu.tg\/index.php\/author\/raymondsama\/"}]}},"_links":{"self":[{"href":"https:\/\/lepoint-actu.tg\/index.php\/wp-json\/wp\/v2\/posts\/1625","targetHints":{"allow":["GET"]}}],"collection":[{"href":"https:\/\/lepoint-actu.tg\/index.php\/wp-json\/wp\/v2\/posts"}],"about":[{"href":"https:\/\/lepoint-actu.tg\/index.php\/wp-json\/wp\/v2\/types\/post"}],"author":[{"embeddable":true,"href":"https:\/\/lepoint-actu.tg\/index.php\/wp-json\/wp\/v2\/users\/2"}],"replies":[{"embeddable":true,"href":"https:\/\/lepoint-actu.tg\/index.php\/wp-json\/wp\/v2\/comments?post=1625"}],"version-history":[{"count":3,"href":"https:\/\/lepoint-actu.tg\/index.php\/wp-json\/wp\/v2\/posts\/1625\/revisions"}],"predecessor-version":[{"id":1631,"href":"https:\/\/lepoint-actu.tg\/index.php\/wp-json\/wp\/v2\/posts\/1625\/revisions\/1631"}],"wp:featuredmedia":[{"embeddable":true,"href":"https:\/\/lepoint-actu.tg\/index.php\/wp-json\/wp\/v2\/media\/1626"}],"wp:attachment":[{"href":"https:\/\/lepoint-actu.tg\/index.php\/wp-json\/wp\/v2\/media?parent=1625"}],"wp:term":[{"taxonomy":"category","embeddable":true,"href":"https:\/\/lepoint-actu.tg\/index.php\/wp-json\/wp\/v2\/categories?post=1625"},{"taxonomy":"post_tag","embeddable":true,"href":"https:\/\/lepoint-actu.tg\/index.php\/wp-json\/wp\/v2\/tags?post=1625"}],"curies":[{"name":"wp","href":"https:\/\/api.w.org\/{rel}","templated":true}]}}