{"id":171,"date":"2022-06-14T11:20:00","date_gmt":"2022-06-14T11:20:00","guid":{"rendered":"https:\/\/lepoint-actu.tg\/?p=171"},"modified":"2022-06-17T11:24:46","modified_gmt":"2022-06-17T11:24:46","slug":"togo-nouvelle-campagne-de-recrutement-des-apprenants-lancee-pour-le-compte-de-lannee-2022-2023-dans-les-3-ifad","status":"publish","type":"post","link":"https:\/\/lepoint-actu.tg\/index.php\/2022\/06\/14\/togo-nouvelle-campagne-de-recrutement-des-apprenants-lancee-pour-le-compte-de-lannee-2022-2023-dans-les-3-ifad\/","title":{"rendered":"Togo\/:Nouvelle campagne de recrutement des apprenants lanc\u00e9e pour le compte de l&rsquo;ann\u00e9e 2022-2023 dans les 3 IFAD"},"content":{"rendered":"\n<p><\/p>\n\n\n\n<p>Les premiers responsables de l\u2019Agence Education D\u00e9veloppement (AED) ont lanc\u00e9 un nouveau recrutement d\u2019apprenants dans les 3 IFAD, a savoir IFAD-Batiment (Lom\u00e9); IFAD-Aquaculture d&rsquo;Elavagnon et IFAD-Elevage de Barkoissi pour la rentr\u00e9e 2022-2023, c&rsquo;est l&rsquo;essentiel de l&rsquo;information rendue publique ce lundi 13 juin 2022 au cours d&rsquo;une conf\u00e9rence de presse tenue \u00e0 Lom\u00e9.<\/p>\n\n\n\n<p>Selon Nassini Commi, le Directeur g\u00e9n\u00e9ral adjoint de l\u2019AED, la premi\u00e8re condition de s\u00e9lection est bas\u00e9e est bas\u00e9e sur la motivation de l\u2019\u00e9tudiant.<\/p>\n\n\n\n<p>\u201cLa formation donn\u00e9e dans les IFAD est une formation professionnalisante, organis\u00e9e sur la base d\u2019un partenariat public priv\u00e9 \u00e9troit, impliquant ainsi les professionnels \u00e0 toutes les \u00e9tapes de la formation, de sa conception \u00e0 l\u2019\u00e9valuation des jeunes en passant par la mise en \u0153uvre de la formation. La professionnalisation de la formation est une priorit\u00e9 danses IFAD, ce qui permet de garantir aux jeunes leur insertion sociale au terme de leur formation. Pour ce faire, cette formation est b\u00e2tie sur l\u2019approche par comp\u00e9tence. Les jeunes sont form\u00e9s entre les classes et les ateliers ou fermes des IFAD\u201d, a indiqu\u00e9 Nassini Commi, le DGA de AED<\/p>\n\n\n\n<p>\u00ab\u00a0Chaque apprenant \u00e9tant unique et consid\u00e9r\u00e9 comme tel avec son projet professionnel, ses aptitudes et ses difficult\u00e9s, un accent particulier est mis sur l\u2019individualisation de sa formation et sur son accompagnement\u00a0\u00bb, a-t-il ajout\u00e9.<\/p>\n\n\n\n<p>L&rsquo;homme n&rsquo;a pas manqu\u00e9 de pr\u00e9ciser que le nouveau recrutement et les domaines concern\u00e9s. Pour IFAD-Batiment, 06 formations sont concern\u00e9es \u00e0 savoir Bac Pro Organisation et r\u00e9alisation du gros \u0153uvre ; Bac Pro Froid et Conditionnement de l\u2019Air; Bac Pro Am\u00e9nagement et Finition de B\u00e2timent ; Bac Pro M\u00e9tiers de l\u2019\u00e9lectricit\u00e9 et de ses environnements connect\u00e9s ; CAP Menuisier Fabricant Installateur et CAP Charpentier Couvreur. Quant \u00e0 IFAD-Elevage, il s\u2019agira du recrutement pour la formation au Bac Pro conduite et gestion d\u2019une exploitation agricole (option \u00e9levage) et enfin IFAD-Aquaculture recrutera pour la formation au Bac Pro Aquaculture.<\/p>\n\n\n\n<p><strong>Voici les conditions des 3 IFAD<\/strong><\/p>\n\n\n\n<p>Pour le BAC pro, les candidats doivent apporter : le dipl\u00f4me ou copie du relev\u00e9 de note du BEPC, une fiche d\u2019inscription \u00e0 retirer aux centres de d\u00e9p\u00f4t, une copie de naissance. Pour le CAP, en plus de la copie de naissance et la fiche d\u2019inscription, il faut que l\u2019apprenant ait une fois fait la classe de 4\u00e8me. Et donc il doit pr\u00e9senter ses bulletins de note de la 4\u00e8me. Ouvert ce lundi 13 juin 2022, les d\u00e9p\u00f4ts de dossiers prennent fin le 8 juillet prochain.<\/p>\n\n\n\n<p>Notons que les d\u00e9p\u00f4ts physiques se font dans les 3 IFAD, aux CRTFP Dapaong et au Coll\u00e8ge militaire de Kara. Quant au num\u00e9riques, les candidats sont pri\u00e9s de passer par mails :<\/p>\n\n\n\n<p>ifadbatiment@aed-ifad.tg, ifadelevage@aed-ifad.tg et ifadaquaculture@aed-ifad.tg et sur le site de l\u2019AED.<\/p>\n\n\n\n<p><\/p>\n\n\n\n<p><\/p>\n","protected":false},"excerpt":{"rendered":"<p>Les premiers responsables de l\u2019Agence Education D\u00e9veloppement (AED) ont lanc\u00e9 un nouveau recrutement d\u2019apprenants dans les 3 IFAD, a savoir<\/p>\n","protected":false},"author":2,"featured_media":172,"comment_status":"open","ping_status":"closed","sticky":false,"template":"","format":"standard","meta":{"footnotes":""},"categories":[1],"tags":[],"class_list":["post-171","post","type-post","status-publish","format-standard","has-post-thumbnail","hentry","category-societe"],"yoast_head":"<!-- This site is optimized with the Yoast SEO plugin v23.9 - https:\/\/yoast.com\/wordpress\/plugins\/seo\/ -->\n<title>Togo\/:Nouvelle campagne de recrutement des apprenants lanc\u00e9e pour le compte de l&#039;ann\u00e9e 2022-2023 dans les 3 IFAD -<\/title>\n<meta name=\"robots\" content=\"index, follow, max-snippet:-1, max-image-preview:large, max-video-preview:-1\" \/>\n<link rel=\"canonical\" href=\"https:\/\/lepoint-actu.tg\/index.php\/2022\/06\/14\/togo-nouvelle-campagne-de-recrutement-des-apprenants-lancee-pour-le-compte-de-lannee-2022-2023-dans-les-3-ifad\/\" \/>\n<meta property=\"og:locale\" content=\"fr_FR\" \/>\n<meta property=\"og:type\" content=\"article\" \/>\n<meta property=\"og:title\" content=\"Togo\/:Nouvelle campagne de recrutement des apprenants lanc\u00e9e pour le compte de l&#039;ann\u00e9e 2022-2023 dans les 3 IFAD -\" \/>\n<meta property=\"og:description\" content=\"Les premiers responsables de l\u2019Agence Education D\u00e9veloppement (AED) ont lanc\u00e9 un nouveau recrutement d\u2019apprenants dans les 3 IFAD, a savoir\" \/>\n<meta property=\"og:url\" content=\"https:\/\/lepoint-actu.tg\/index.php\/2022\/06\/14\/togo-nouvelle-campagne-de-recrutement-des-apprenants-lancee-pour-le-compte-de-lannee-2022-2023-dans-les-3-ifad\/\" \/>\n<meta property=\"article:published_time\" content=\"2022-06-14T11:20:00+00:00\" \/>\n<meta property=\"article:modified_time\" content=\"2022-06-17T11:24:46+00:00\" \/>\n<meta property=\"og:image\" content=\"https:\/\/lepoint-actu.tg\/wp-content\/uploads\/2022\/06\/IMG-20220617-WA0043.jpg\" \/>\n\t<meta property=\"og:image:width\" content=\"1024\" \/>\n\t<meta property=\"og:image:height\" content=\"768\" \/>\n\t<meta property=\"og:image:type\" content=\"image\/jpeg\" \/>\n<meta name=\"author\" content=\"La Redaction\" \/>\n<meta name=\"twitter:card\" content=\"summary_large_image\" \/>\n<meta name=\"twitter:label1\" content=\"\u00c9crit par\" \/>\n\t<meta name=\"twitter:data1\" content=\"La Redaction\" \/>\n\t<meta name=\"twitter:label2\" content=\"Dur\u00e9e de lecture estim\u00e9e\" \/>\n\t<meta name=\"twitter:data2\" content=\"3 minutes\" \/>\n<script type=\"application\/ld+json\" class=\"yoast-schema-graph\">{\"@context\":\"https:\/\/schema.org\",\"@graph\":[{\"@type\":\"WebPage\",\"@id\":\"https:\/\/lepoint-actu.tg\/index.php\/2022\/06\/14\/togo-nouvelle-campagne-de-recrutement-des-apprenants-lancee-pour-le-compte-de-lannee-2022-2023-dans-les-3-ifad\/\",\"url\":\"https:\/\/lepoint-actu.tg\/index.php\/2022\/06\/14\/togo-nouvelle-campagne-de-recrutement-des-apprenants-lancee-pour-le-compte-de-lannee-2022-2023-dans-les-3-ifad\/\",\"name\":\"Togo\/:Nouvelle campagne de recrutement des apprenants lanc\u00e9e pour le compte de l'ann\u00e9e 2022-2023 dans les 3 IFAD -\",\"isPartOf\":{\"@id\":\"https:\/\/lepoint-actu.tg\/#website\"},\"primaryImageOfPage\":{\"@id\":\"https:\/\/lepoint-actu.tg\/index.php\/2022\/06\/14\/togo-nouvelle-campagne-de-recrutement-des-apprenants-lancee-pour-le-compte-de-lannee-2022-2023-dans-les-3-ifad\/#primaryimage\"},\"image\":{\"@id\":\"https:\/\/lepoint-actu.tg\/index.php\/2022\/06\/14\/togo-nouvelle-campagne-de-recrutement-des-apprenants-lancee-pour-le-compte-de-lannee-2022-2023-dans-les-3-ifad\/#primaryimage\"},\"thumbnailUrl\":\"https:\/\/lepoint-actu.tg\/wp-content\/uploads\/2022\/06\/IMG-20220617-WA0043.jpg\",\"datePublished\":\"2022-06-14T11:20:00+00:00\",\"dateModified\":\"2022-06-17T11:24:46+00:00\",\"author\":{\"@id\":\"https:\/\/lepoint-actu.tg\/#\/schema\/person\/e4026d66cbdc205cab83e169ab7eaca1\"},\"breadcrumb\":{\"@id\":\"https:\/\/lepoint-actu.tg\/index.php\/2022\/06\/14\/togo-nouvelle-campagne-de-recrutement-des-apprenants-lancee-pour-le-compte-de-lannee-2022-2023-dans-les-3-ifad\/#breadcrumb\"},\"inLanguage\":\"fr-FR\",\"potentialAction\":[{\"@type\":\"ReadAction\",\"target\":[\"https:\/\/lepoint-actu.tg\/index.php\/2022\/06\/14\/togo-nouvelle-campagne-de-recrutement-des-apprenants-lancee-pour-le-compte-de-lannee-2022-2023-dans-les-3-ifad\/\"]}]},{\"@type\":\"ImageObject\",\"inLanguage\":\"fr-FR\",\"@id\":\"https:\/\/lepoint-actu.tg\/index.php\/2022\/06\/14\/togo-nouvelle-campagne-de-recrutement-des-apprenants-lancee-pour-le-compte-de-lannee-2022-2023-dans-les-3-ifad\/#primaryimage\",\"url\":\"https:\/\/lepoint-actu.tg\/wp-content\/uploads\/2022\/06\/IMG-20220617-WA0043.jpg\",\"contentUrl\":\"https:\/\/lepoint-actu.tg\/wp-content\/uploads\/2022\/06\/IMG-20220617-WA0043.jpg\",\"width\":1024,\"height\":768},{\"@type\":\"BreadcrumbList\",\"@id\":\"https:\/\/lepoint-actu.tg\/index.php\/2022\/06\/14\/togo-nouvelle-campagne-de-recrutement-des-apprenants-lancee-pour-le-compte-de-lannee-2022-2023-dans-les-3-ifad\/#breadcrumb\",\"itemListElement\":[{\"@type\":\"ListItem\",\"position\":1,\"name\":\"Accueil\",\"item\":\"https:\/\/lepoint-actu.tg\/\"},{\"@type\":\"ListItem\",\"position\":2,\"name\":\"Togo\/:Nouvelle campagne de recrutement des apprenants lanc\u00e9e pour le compte de l&rsquo;ann\u00e9e 2022-2023 dans les 3 IFAD\"}]},{\"@type\":\"WebSite\",\"@id\":\"https:\/\/lepoint-actu.tg\/#website\",\"url\":\"https:\/\/lepoint-actu.tg\/\",\"name\":\"\",\"description\":\"R\u00e9c\u00e9piss\u00e9 N\u00b00022\/HAAC\/12-2020\/pL\/P, lepointactu07@gmail.com\",\"potentialAction\":[{\"@type\":\"SearchAction\",\"target\":{\"@type\":\"EntryPoint\",\"urlTemplate\":\"https:\/\/lepoint-actu.tg\/?s={search_term_string}\"},\"query-input\":{\"@type\":\"PropertyValueSpecification\",\"valueRequired\":true,\"valueName\":\"search_term_string\"}}],\"inLanguage\":\"fr-FR\"},{\"@type\":\"Person\",\"@id\":\"https:\/\/lepoint-actu.tg\/#\/schema\/person\/e4026d66cbdc205cab83e169ab7eaca1\",\"name\":\"La Redaction\",\"image\":{\"@type\":\"ImageObject\",\"inLanguage\":\"fr-FR\",\"@id\":\"https:\/\/lepoint-actu.tg\/#\/schema\/person\/image\/\",\"url\":\"https:\/\/secure.gravatar.com\/avatar\/1682a0ff7e2c36efa51c5d262eea092000ec1ce420118e6261440956730308c2?s=96&d=mm&r=g\",\"contentUrl\":\"https:\/\/secure.gravatar.com\/avatar\/1682a0ff7e2c36efa51c5d262eea092000ec1ce420118e6261440956730308c2?s=96&d=mm&r=g\",\"caption\":\"La Redaction\"},\"url\":\"https:\/\/lepoint-actu.tg\/index.php\/author\/raymondsama\/\"}]}<\/script>\n<!-- \/ Yoast SEO plugin. -->","yoast_head_json":{"title":"Togo\/:Nouvelle campagne de recrutement des apprenants lanc\u00e9e pour le compte de l'ann\u00e9e 2022-2023 dans les 3 IFAD -","robots":{"index":"index","follow":"follow","max-snippet":"max-snippet:-1","max-image-preview":"max-image-preview:large","max-video-preview":"max-video-preview:-1"},"canonical":"https:\/\/lepoint-actu.tg\/index.php\/2022\/06\/14\/togo-nouvelle-campagne-de-recrutement-des-apprenants-lancee-pour-le-compte-de-lannee-2022-2023-dans-les-3-ifad\/","og_locale":"fr_FR","og_type":"article","og_title":"Togo\/:Nouvelle campagne de recrutement des apprenants lanc\u00e9e pour le compte de l'ann\u00e9e 2022-2023 dans les 3 IFAD -","og_description":"Les premiers responsables de l\u2019Agence Education D\u00e9veloppement (AED) ont lanc\u00e9 un nouveau recrutement d\u2019apprenants dans les 3 IFAD, a savoir","og_url":"https:\/\/lepoint-actu.tg\/index.php\/2022\/06\/14\/togo-nouvelle-campagne-de-recrutement-des-apprenants-lancee-pour-le-compte-de-lannee-2022-2023-dans-les-3-ifad\/","article_published_time":"2022-06-14T11:20:00+00:00","article_modified_time":"2022-06-17T11:24:46+00:00","og_image":[{"width":1024,"height":768,"url":"https:\/\/lepoint-actu.tg\/wp-content\/uploads\/2022\/06\/IMG-20220617-WA0043.jpg","type":"image\/jpeg"}],"author":"La Redaction","twitter_card":"summary_large_image","twitter_misc":{"\u00c9crit par":"La Redaction","Dur\u00e9e de lecture estim\u00e9e":"3 minutes"},"schema":{"@context":"https:\/\/schema.org","@graph":[{"@type":"WebPage","@id":"https:\/\/lepoint-actu.tg\/index.php\/2022\/06\/14\/togo-nouvelle-campagne-de-recrutement-des-apprenants-lancee-pour-le-compte-de-lannee-2022-2023-dans-les-3-ifad\/","url":"https:\/\/lepoint-actu.tg\/index.php\/2022\/06\/14\/togo-nouvelle-campagne-de-recrutement-des-apprenants-lancee-pour-le-compte-de-lannee-2022-2023-dans-les-3-ifad\/","name":"Togo\/:Nouvelle campagne de recrutement des apprenants lanc\u00e9e pour le compte de l'ann\u00e9e 2022-2023 dans les 3 IFAD -","isPartOf":{"@id":"https:\/\/lepoint-actu.tg\/#website"},"primaryImageOfPage":{"@id":"https:\/\/lepoint-actu.tg\/index.php\/2022\/06\/14\/togo-nouvelle-campagne-de-recrutement-des-apprenants-lancee-pour-le-compte-de-lannee-2022-2023-dans-les-3-ifad\/#primaryimage"},"image":{"@id":"https:\/\/lepoint-actu.tg\/index.php\/2022\/06\/14\/togo-nouvelle-campagne-de-recrutement-des-apprenants-lancee-pour-le-compte-de-lannee-2022-2023-dans-les-3-ifad\/#primaryimage"},"thumbnailUrl":"https:\/\/lepoint-actu.tg\/wp-content\/uploads\/2022\/06\/IMG-20220617-WA0043.jpg","datePublished":"2022-06-14T11:20:00+00:00","dateModified":"2022-06-17T11:24:46+00:00","author":{"@id":"https:\/\/lepoint-actu.tg\/#\/schema\/person\/e4026d66cbdc205cab83e169ab7eaca1"},"breadcrumb":{"@id":"https:\/\/lepoint-actu.tg\/index.php\/2022\/06\/14\/togo-nouvelle-campagne-de-recrutement-des-apprenants-lancee-pour-le-compte-de-lannee-2022-2023-dans-les-3-ifad\/#breadcrumb"},"inLanguage":"fr-FR","potentialAction":[{"@type":"ReadAction","target":["https:\/\/lepoint-actu.tg\/index.php\/2022\/06\/14\/togo-nouvelle-campagne-de-recrutement-des-apprenants-lancee-pour-le-compte-de-lannee-2022-2023-dans-les-3-ifad\/"]}]},{"@type":"ImageObject","inLanguage":"fr-FR","@id":"https:\/\/lepoint-actu.tg\/index.php\/2022\/06\/14\/togo-nouvelle-campagne-de-recrutement-des-apprenants-lancee-pour-le-compte-de-lannee-2022-2023-dans-les-3-ifad\/#primaryimage","url":"https:\/\/lepoint-actu.tg\/wp-content\/uploads\/2022\/06\/IMG-20220617-WA0043.jpg","contentUrl":"https:\/\/lepoint-actu.tg\/wp-content\/uploads\/2022\/06\/IMG-20220617-WA0043.jpg","width":1024,"height":768},{"@type":"BreadcrumbList","@id":"https:\/\/lepoint-actu.tg\/index.php\/2022\/06\/14\/togo-nouvelle-campagne-de-recrutement-des-apprenants-lancee-pour-le-compte-de-lannee-2022-2023-dans-les-3-ifad\/#breadcrumb","itemListElement":[{"@type":"ListItem","position":1,"name":"Accueil","item":"https:\/\/lepoint-actu.tg\/"},{"@type":"ListItem","position":2,"name":"Togo\/:Nouvelle campagne de recrutement des apprenants lanc\u00e9e pour le compte de l&rsquo;ann\u00e9e 2022-2023 dans les 3 IFAD"}]},{"@type":"WebSite","@id":"https:\/\/lepoint-actu.tg\/#website","url":"https:\/\/lepoint-actu.tg\/","name":"","description":"R\u00e9c\u00e9piss\u00e9 N\u00b00022\/HAAC\/12-2020\/pL\/P, lepointactu07@gmail.com","potentialAction":[{"@type":"SearchAction","target":{"@type":"EntryPoint","urlTemplate":"https:\/\/lepoint-actu.tg\/?s={search_term_string}"},"query-input":{"@type":"PropertyValueSpecification","valueRequired":true,"valueName":"search_term_string"}}],"inLanguage":"fr-FR"},{"@type":"Person","@id":"https:\/\/lepoint-actu.tg\/#\/schema\/person\/e4026d66cbdc205cab83e169ab7eaca1","name":"La Redaction","image":{"@type":"ImageObject","inLanguage":"fr-FR","@id":"https:\/\/lepoint-actu.tg\/#\/schema\/person\/image\/","url":"https:\/\/secure.gravatar.com\/avatar\/1682a0ff7e2c36efa51c5d262eea092000ec1ce420118e6261440956730308c2?s=96&d=mm&r=g","contentUrl":"https:\/\/secure.gravatar.com\/avatar\/1682a0ff7e2c36efa51c5d262eea092000ec1ce420118e6261440956730308c2?s=96&d=mm&r=g","caption":"La Redaction"},"url":"https:\/\/lepoint-actu.tg\/index.php\/author\/raymondsama\/"}]}},"_links":{"self":[{"href":"https:\/\/lepoint-actu.tg\/index.php\/wp-json\/wp\/v2\/posts\/171","targetHints":{"allow":["GET"]}}],"collection":[{"href":"https:\/\/lepoint-actu.tg\/index.php\/wp-json\/wp\/v2\/posts"}],"about":[{"href":"https:\/\/lepoint-actu.tg\/index.php\/wp-json\/wp\/v2\/types\/post"}],"author":[{"embeddable":true,"href":"https:\/\/lepoint-actu.tg\/index.php\/wp-json\/wp\/v2\/users\/2"}],"replies":[{"embeddable":true,"href":"https:\/\/lepoint-actu.tg\/index.php\/wp-json\/wp\/v2\/comments?post=171"}],"version-history":[{"count":1,"href":"https:\/\/lepoint-actu.tg\/index.php\/wp-json\/wp\/v2\/posts\/171\/revisions"}],"predecessor-version":[{"id":173,"href":"https:\/\/lepoint-actu.tg\/index.php\/wp-json\/wp\/v2\/posts\/171\/revisions\/173"}],"wp:featuredmedia":[{"embeddable":true,"href":"https:\/\/lepoint-actu.tg\/index.php\/wp-json\/wp\/v2\/media\/172"}],"wp:attachment":[{"href":"https:\/\/lepoint-actu.tg\/index.php\/wp-json\/wp\/v2\/media?parent=171"}],"wp:term":[{"taxonomy":"category","embeddable":true,"href":"https:\/\/lepoint-actu.tg\/index.php\/wp-json\/wp\/v2\/categories?post=171"},{"taxonomy":"post_tag","embeddable":true,"href":"https:\/\/lepoint-actu.tg\/index.php\/wp-json\/wp\/v2\/tags?post=171"}],"curies":[{"name":"wp","href":"https:\/\/api.w.org\/{rel}","templated":true}]}}