{"id":1715,"date":"2023-04-18T20:23:29","date_gmt":"2023-04-18T20:23:29","guid":{"rendered":"https:\/\/lepoint-actu.tg\/?p=1715"},"modified":"2023-04-18T20:23:41","modified_gmt":"2023-04-18T20:23:41","slug":"togo-le-cetef-a-officiellement-un-nouveau-dg","status":"publish","type":"post","link":"https:\/\/lepoint-actu.tg\/index.php\/2023\/04\/18\/togo-le-cetef-a-officiellement-un-nouveau-dg\/","title":{"rendered":"Togo: Le CETEF a officiellement un nouveau DG"},"content":{"rendered":"\n<p><\/p>\n\n\n\n<p>Alexandre de Souza est celui dont le dossier, le parcours a \u00e9t\u00e9 plus convainquant, \u00e0 l&rsquo;issue d&rsquo;un avis de recrutement lanc\u00e9 par le minist\u00e8re en charge du commerce courant ann\u00e9e 2022 pour diriger le CETEF. La d\u00e9cision vient d&rsquo;\u00eatre rendue publique. G\u00e9r\u00e9 de main de ma\u00eetre jusqu&rsquo;en d\u00e9but d&rsquo;ann\u00e9e 2022, par Ku\u00e9ku-Banka Johnson, le Centre Togolais des Expositions et Foires (CETEF) de Lom\u00e9, passe ainsi prochainement aux mains d\u2019un nouveau directeur g\u00e9n\u00e9ral apr\u00e8s quelques mois de gestion int\u00e9rimaire par l&rsquo;actuel Secr\u00e9taire g\u00e9n\u00e9ral du minist\u00e8re de tutelle.<\/p>\n\n\n\n<figure class=\"wp-block-image size-large\"><img loading=\"lazy\" decoding=\"async\" width=\"1024\" height=\"668\" src=\"https:\/\/lepoint-actu.tg\/wp-content\/uploads\/2023\/04\/cetef-1024x668.jpg\" alt=\"\" class=\"wp-image-1717\" srcset=\"https:\/\/lepoint-actu.tg\/wp-content\/uploads\/2023\/04\/cetef-1024x668.jpg 1024w, https:\/\/lepoint-actu.tg\/wp-content\/uploads\/2023\/04\/cetef-300x196.jpg 300w, https:\/\/lepoint-actu.tg\/wp-content\/uploads\/2023\/04\/cetef-768x501.jpg 768w, https:\/\/lepoint-actu.tg\/wp-content\/uploads\/2023\/04\/cetef.jpg 1080w\" sizes=\"auto, (max-width: 1024px) 100vw, 1024px\" \/><\/figure>\n\n\n\n<p><em><strong>Alexandre de Souza, nouveau DG CETEF<\/strong><\/em><\/p>\n\n\n\n<p><\/p>\n\n\n\n<p>Le nouveau Directeur g\u00e9n\u00e9ral aura, comme son pr\u00e9d\u00e9cesseur, pour mission de coordonner et diriger l\u2019ensemble des activit\u00e9s du CETEF, informe-t-on.<\/p>\n\n\n\n<p>Le profil recherch\u00e9 au lancement du recrutement , selon le minist\u00e8re dirig\u00e9 par Kodjo Adedze, est celui d\u2019un titulaire d\u2019un dipl\u00f4me BAC+5 en Gestion, Management, Marketing, Commerce, Ing\u00e9nierie avec une dizaine d\u2019ann\u00e9es d\u2019exp\u00e9riences professionnelles \u00e0 un poste de direction dans une fonction de management de foires et salons ainsi que l\u2019organisation de grands \u00e9v\u00e8nements.<br>Bon vent au nouveau DG !<\/p>\n\n\n\n<p><strong><em>Nous contacter pour toutes commandes, publi-reportages, insertions, conseils \u2026tel.90213091\/93850463\/e-mail : lepointactu07@gmail.com<\/em><\/strong><\/p>\n","protected":false},"excerpt":{"rendered":"<p>Alexandre de Souza est celui dont le dossier, le parcours a \u00e9t\u00e9 plus convainquant, \u00e0 l&rsquo;issue d&rsquo;un avis de recrutement<\/p>\n","protected":false},"author":2,"featured_media":1716,"comment_status":"open","ping_status":"closed","sticky":false,"template":"","format":"standard","meta":{"footnotes":""},"categories":[4],"tags":[],"class_list":["post-1715","post","type-post","status-publish","format-standard","has-post-thumbnail","hentry","category-economie"],"yoast_head":"<!-- This site is optimized with the Yoast SEO plugin v23.9 - https:\/\/yoast.com\/wordpress\/plugins\/seo\/ -->\n<title>Togo: Le CETEF a officiellement un nouveau DG -<\/title>\n<meta name=\"robots\" content=\"index, follow, max-snippet:-1, max-image-preview:large, max-video-preview:-1\" \/>\n<link rel=\"canonical\" href=\"https:\/\/lepoint-actu.tg\/index.php\/2023\/04\/18\/togo-le-cetef-a-officiellement-un-nouveau-dg\/\" \/>\n<meta property=\"og:locale\" content=\"fr_FR\" \/>\n<meta property=\"og:type\" content=\"article\" \/>\n<meta property=\"og:title\" content=\"Togo: Le CETEF a officiellement un nouveau DG -\" \/>\n<meta property=\"og:description\" content=\"Alexandre de Souza est celui dont le dossier, le parcours a \u00e9t\u00e9 plus convainquant, \u00e0 l&rsquo;issue d&rsquo;un avis de recrutement\" \/>\n<meta property=\"og:url\" content=\"https:\/\/lepoint-actu.tg\/index.php\/2023\/04\/18\/togo-le-cetef-a-officiellement-un-nouveau-dg\/\" \/>\n<meta property=\"article:published_time\" content=\"2023-04-18T20:23:29+00:00\" \/>\n<meta property=\"article:modified_time\" content=\"2023-04-18T20:23:41+00:00\" \/>\n<meta property=\"og:image\" content=\"https:\/\/lepoint-actu.tg\/wp-content\/uploads\/2023\/04\/art.-CETEF1.jpg\" \/>\n\t<meta property=\"og:image:width\" content=\"1200\" \/>\n\t<meta property=\"og:image:height\" content=\"800\" \/>\n\t<meta property=\"og:image:type\" content=\"image\/jpeg\" \/>\n<meta name=\"author\" content=\"La Redaction\" \/>\n<meta name=\"twitter:card\" content=\"summary_large_image\" \/>\n<meta name=\"twitter:label1\" content=\"\u00c9crit par\" \/>\n\t<meta name=\"twitter:data1\" content=\"La Redaction\" \/>\n\t<meta name=\"twitter:label2\" content=\"Dur\u00e9e de lecture estim\u00e9e\" \/>\n\t<meta name=\"twitter:data2\" content=\"1 minute\" \/>\n<script type=\"application\/ld+json\" class=\"yoast-schema-graph\">{\"@context\":\"https:\/\/schema.org\",\"@graph\":[{\"@type\":\"WebPage\",\"@id\":\"https:\/\/lepoint-actu.tg\/index.php\/2023\/04\/18\/togo-le-cetef-a-officiellement-un-nouveau-dg\/\",\"url\":\"https:\/\/lepoint-actu.tg\/index.php\/2023\/04\/18\/togo-le-cetef-a-officiellement-un-nouveau-dg\/\",\"name\":\"Togo: Le CETEF a officiellement un nouveau DG -\",\"isPartOf\":{\"@id\":\"https:\/\/lepoint-actu.tg\/#website\"},\"primaryImageOfPage\":{\"@id\":\"https:\/\/lepoint-actu.tg\/index.php\/2023\/04\/18\/togo-le-cetef-a-officiellement-un-nouveau-dg\/#primaryimage\"},\"image\":{\"@id\":\"https:\/\/lepoint-actu.tg\/index.php\/2023\/04\/18\/togo-le-cetef-a-officiellement-un-nouveau-dg\/#primaryimage\"},\"thumbnailUrl\":\"https:\/\/lepoint-actu.tg\/wp-content\/uploads\/2023\/04\/art.-CETEF1.jpg\",\"datePublished\":\"2023-04-18T20:23:29+00:00\",\"dateModified\":\"2023-04-18T20:23:41+00:00\",\"author\":{\"@id\":\"https:\/\/lepoint-actu.tg\/#\/schema\/person\/e4026d66cbdc205cab83e169ab7eaca1\"},\"breadcrumb\":{\"@id\":\"https:\/\/lepoint-actu.tg\/index.php\/2023\/04\/18\/togo-le-cetef-a-officiellement-un-nouveau-dg\/#breadcrumb\"},\"inLanguage\":\"fr-FR\",\"potentialAction\":[{\"@type\":\"ReadAction\",\"target\":[\"https:\/\/lepoint-actu.tg\/index.php\/2023\/04\/18\/togo-le-cetef-a-officiellement-un-nouveau-dg\/\"]}]},{\"@type\":\"ImageObject\",\"inLanguage\":\"fr-FR\",\"@id\":\"https:\/\/lepoint-actu.tg\/index.php\/2023\/04\/18\/togo-le-cetef-a-officiellement-un-nouveau-dg\/#primaryimage\",\"url\":\"https:\/\/lepoint-actu.tg\/wp-content\/uploads\/2023\/04\/art.-CETEF1.jpg\",\"contentUrl\":\"https:\/\/lepoint-actu.tg\/wp-content\/uploads\/2023\/04\/art.-CETEF1.jpg\",\"width\":1200,\"height\":800},{\"@type\":\"BreadcrumbList\",\"@id\":\"https:\/\/lepoint-actu.tg\/index.php\/2023\/04\/18\/togo-le-cetef-a-officiellement-un-nouveau-dg\/#breadcrumb\",\"itemListElement\":[{\"@type\":\"ListItem\",\"position\":1,\"name\":\"Accueil\",\"item\":\"https:\/\/lepoint-actu.tg\/\"},{\"@type\":\"ListItem\",\"position\":2,\"name\":\"Togo: Le CETEF a officiellement un nouveau DG\"}]},{\"@type\":\"WebSite\",\"@id\":\"https:\/\/lepoint-actu.tg\/#website\",\"url\":\"https:\/\/lepoint-actu.tg\/\",\"name\":\"\",\"description\":\"R\u00e9c\u00e9piss\u00e9 N\u00b00022\/HAAC\/12-2020\/pL\/P, lepointactu07@gmail.com\",\"potentialAction\":[{\"@type\":\"SearchAction\",\"target\":{\"@type\":\"EntryPoint\",\"urlTemplate\":\"https:\/\/lepoint-actu.tg\/?s={search_term_string}\"},\"query-input\":{\"@type\":\"PropertyValueSpecification\",\"valueRequired\":true,\"valueName\":\"search_term_string\"}}],\"inLanguage\":\"fr-FR\"},{\"@type\":\"Person\",\"@id\":\"https:\/\/lepoint-actu.tg\/#\/schema\/person\/e4026d66cbdc205cab83e169ab7eaca1\",\"name\":\"La Redaction\",\"image\":{\"@type\":\"ImageObject\",\"inLanguage\":\"fr-FR\",\"@id\":\"https:\/\/lepoint-actu.tg\/#\/schema\/person\/image\/\",\"url\":\"https:\/\/secure.gravatar.com\/avatar\/1682a0ff7e2c36efa51c5d262eea092000ec1ce420118e6261440956730308c2?s=96&d=mm&r=g\",\"contentUrl\":\"https:\/\/secure.gravatar.com\/avatar\/1682a0ff7e2c36efa51c5d262eea092000ec1ce420118e6261440956730308c2?s=96&d=mm&r=g\",\"caption\":\"La Redaction\"},\"url\":\"https:\/\/lepoint-actu.tg\/index.php\/author\/raymondsama\/\"}]}<\/script>\n<!-- \/ Yoast SEO plugin. -->","yoast_head_json":{"title":"Togo: Le CETEF a officiellement un nouveau DG -","robots":{"index":"index","follow":"follow","max-snippet":"max-snippet:-1","max-image-preview":"max-image-preview:large","max-video-preview":"max-video-preview:-1"},"canonical":"https:\/\/lepoint-actu.tg\/index.php\/2023\/04\/18\/togo-le-cetef-a-officiellement-un-nouveau-dg\/","og_locale":"fr_FR","og_type":"article","og_title":"Togo: Le CETEF a officiellement un nouveau DG -","og_description":"Alexandre de Souza est celui dont le dossier, le parcours a \u00e9t\u00e9 plus convainquant, \u00e0 l&rsquo;issue d&rsquo;un avis de recrutement","og_url":"https:\/\/lepoint-actu.tg\/index.php\/2023\/04\/18\/togo-le-cetef-a-officiellement-un-nouveau-dg\/","article_published_time":"2023-04-18T20:23:29+00:00","article_modified_time":"2023-04-18T20:23:41+00:00","og_image":[{"width":1200,"height":800,"url":"https:\/\/lepoint-actu.tg\/wp-content\/uploads\/2023\/04\/art.-CETEF1.jpg","type":"image\/jpeg"}],"author":"La Redaction","twitter_card":"summary_large_image","twitter_misc":{"\u00c9crit par":"La Redaction","Dur\u00e9e de lecture estim\u00e9e":"1 minute"},"schema":{"@context":"https:\/\/schema.org","@graph":[{"@type":"WebPage","@id":"https:\/\/lepoint-actu.tg\/index.php\/2023\/04\/18\/togo-le-cetef-a-officiellement-un-nouveau-dg\/","url":"https:\/\/lepoint-actu.tg\/index.php\/2023\/04\/18\/togo-le-cetef-a-officiellement-un-nouveau-dg\/","name":"Togo: Le CETEF a officiellement un nouveau DG -","isPartOf":{"@id":"https:\/\/lepoint-actu.tg\/#website"},"primaryImageOfPage":{"@id":"https:\/\/lepoint-actu.tg\/index.php\/2023\/04\/18\/togo-le-cetef-a-officiellement-un-nouveau-dg\/#primaryimage"},"image":{"@id":"https:\/\/lepoint-actu.tg\/index.php\/2023\/04\/18\/togo-le-cetef-a-officiellement-un-nouveau-dg\/#primaryimage"},"thumbnailUrl":"https:\/\/lepoint-actu.tg\/wp-content\/uploads\/2023\/04\/art.-CETEF1.jpg","datePublished":"2023-04-18T20:23:29+00:00","dateModified":"2023-04-18T20:23:41+00:00","author":{"@id":"https:\/\/lepoint-actu.tg\/#\/schema\/person\/e4026d66cbdc205cab83e169ab7eaca1"},"breadcrumb":{"@id":"https:\/\/lepoint-actu.tg\/index.php\/2023\/04\/18\/togo-le-cetef-a-officiellement-un-nouveau-dg\/#breadcrumb"},"inLanguage":"fr-FR","potentialAction":[{"@type":"ReadAction","target":["https:\/\/lepoint-actu.tg\/index.php\/2023\/04\/18\/togo-le-cetef-a-officiellement-un-nouveau-dg\/"]}]},{"@type":"ImageObject","inLanguage":"fr-FR","@id":"https:\/\/lepoint-actu.tg\/index.php\/2023\/04\/18\/togo-le-cetef-a-officiellement-un-nouveau-dg\/#primaryimage","url":"https:\/\/lepoint-actu.tg\/wp-content\/uploads\/2023\/04\/art.-CETEF1.jpg","contentUrl":"https:\/\/lepoint-actu.tg\/wp-content\/uploads\/2023\/04\/art.-CETEF1.jpg","width":1200,"height":800},{"@type":"BreadcrumbList","@id":"https:\/\/lepoint-actu.tg\/index.php\/2023\/04\/18\/togo-le-cetef-a-officiellement-un-nouveau-dg\/#breadcrumb","itemListElement":[{"@type":"ListItem","position":1,"name":"Accueil","item":"https:\/\/lepoint-actu.tg\/"},{"@type":"ListItem","position":2,"name":"Togo: Le CETEF a officiellement un nouveau DG"}]},{"@type":"WebSite","@id":"https:\/\/lepoint-actu.tg\/#website","url":"https:\/\/lepoint-actu.tg\/","name":"","description":"R\u00e9c\u00e9piss\u00e9 N\u00b00022\/HAAC\/12-2020\/pL\/P, lepointactu07@gmail.com","potentialAction":[{"@type":"SearchAction","target":{"@type":"EntryPoint","urlTemplate":"https:\/\/lepoint-actu.tg\/?s={search_term_string}"},"query-input":{"@type":"PropertyValueSpecification","valueRequired":true,"valueName":"search_term_string"}}],"inLanguage":"fr-FR"},{"@type":"Person","@id":"https:\/\/lepoint-actu.tg\/#\/schema\/person\/e4026d66cbdc205cab83e169ab7eaca1","name":"La Redaction","image":{"@type":"ImageObject","inLanguage":"fr-FR","@id":"https:\/\/lepoint-actu.tg\/#\/schema\/person\/image\/","url":"https:\/\/secure.gravatar.com\/avatar\/1682a0ff7e2c36efa51c5d262eea092000ec1ce420118e6261440956730308c2?s=96&d=mm&r=g","contentUrl":"https:\/\/secure.gravatar.com\/avatar\/1682a0ff7e2c36efa51c5d262eea092000ec1ce420118e6261440956730308c2?s=96&d=mm&r=g","caption":"La Redaction"},"url":"https:\/\/lepoint-actu.tg\/index.php\/author\/raymondsama\/"}]}},"_links":{"self":[{"href":"https:\/\/lepoint-actu.tg\/index.php\/wp-json\/wp\/v2\/posts\/1715","targetHints":{"allow":["GET"]}}],"collection":[{"href":"https:\/\/lepoint-actu.tg\/index.php\/wp-json\/wp\/v2\/posts"}],"about":[{"href":"https:\/\/lepoint-actu.tg\/index.php\/wp-json\/wp\/v2\/types\/post"}],"author":[{"embeddable":true,"href":"https:\/\/lepoint-actu.tg\/index.php\/wp-json\/wp\/v2\/users\/2"}],"replies":[{"embeddable":true,"href":"https:\/\/lepoint-actu.tg\/index.php\/wp-json\/wp\/v2\/comments?post=1715"}],"version-history":[{"count":1,"href":"https:\/\/lepoint-actu.tg\/index.php\/wp-json\/wp\/v2\/posts\/1715\/revisions"}],"predecessor-version":[{"id":1718,"href":"https:\/\/lepoint-actu.tg\/index.php\/wp-json\/wp\/v2\/posts\/1715\/revisions\/1718"}],"wp:featuredmedia":[{"embeddable":true,"href":"https:\/\/lepoint-actu.tg\/index.php\/wp-json\/wp\/v2\/media\/1716"}],"wp:attachment":[{"href":"https:\/\/lepoint-actu.tg\/index.php\/wp-json\/wp\/v2\/media?parent=1715"}],"wp:term":[{"taxonomy":"category","embeddable":true,"href":"https:\/\/lepoint-actu.tg\/index.php\/wp-json\/wp\/v2\/categories?post=1715"},{"taxonomy":"post_tag","embeddable":true,"href":"https:\/\/lepoint-actu.tg\/index.php\/wp-json\/wp\/v2\/tags?post=1715"}],"curies":[{"name":"wp","href":"https:\/\/api.w.org\/{rel}","templated":true}]}}