{"id":1745,"date":"2023-05-09T09:34:10","date_gmt":"2023-05-09T09:34:10","guid":{"rendered":"https:\/\/lepoint-actu.tg\/?p=1745"},"modified":"2023-05-09T09:34:22","modified_gmt":"2023-05-09T09:34:22","slug":"togo-points-phares-du-conseil-des-ministres-de-ce-lundi","status":"publish","type":"post","link":"https:\/\/lepoint-actu.tg\/index.php\/2023\/05\/09\/togo-points-phares-du-conseil-des-ministres-de-ce-lundi\/","title":{"rendered":"Togo: Points phares du Conseil des ministres de ce lundi"},"content":{"rendered":"\n<p><\/p>\n\n\n\n<p><\/p>\n\n\n\n<p>R\u00e9vision du cadre juridique et institutionnel de la fonction publique, r\u00e9sultats du recensement des Togolais de l&rsquo;ext\u00e9rieur,\u2026(Conseil des ministres du 8 mai 2023 )<\/p>\n\n\n\n<p><strong>Communiqu\u00e9 du Conseil des Ministres \u2013 Lom\u00e9, lundi 8mai 2023<\/strong><\/p>\n\n\n\n<ol class=\"wp-block-list\">\n<li>Le conseil des ministres s\u2019est r\u00e9uni ce lundi 08 mai 2023 sous la pr\u00e9sidence de Son Excellence Monsieur Faure Essozimna GNASSINGBE, Pr\u00e9sident de la R\u00e9publique.<\/li>\n\n\n\n<li>Le conseil a examin\u00e9 un (01) avant-projet de loi, \u00e9cout\u00e9 trois (03) communications et suivi un s\u00e9minaire gouvernemental.<\/li>\n<\/ol>\n\n\n\n<p>I. Au titre de l\u2019avant-projet de loi,<\/p>\n\n\n\n<ol class=\"wp-block-list\" start=\"3\">\n<li>Le conseil a examin\u00e9 et adopt\u00e9 l\u2019avant-projet de loi portant lutte contre les changements climatiques.<\/li>\n\n\n\n<li>Le contexte mondial est marqu\u00e9 par l\u2019accentuation de l\u2019impact des changements climatiques avec des effets et cons\u00e9quences n\u00e9gatifs pour l\u2019environnement et le d\u00e9veloppement socio-\u00e9conomique de la plupart des pays, en l\u2019occurrence les pays en d\u00e9veloppement.<\/li>\n\n\n\n<li>A cet effet, il est apparu n\u00e9cessaire de prendre des mesures visant \u00e0 renforcer la mise en \u0153uvre des activit\u00e9s \u00e0 fort potentiel de r\u00e9duction des gaz \u00e0 effet de serre ainsi que la promotion du d\u00e9veloppement des technologies innovantes en la mati\u00e8re.<\/li>\n\n\n\n<li>C\u2019est dans cette dynamique que s\u2019inscrit le pr\u00e9sent avant-projet de loi qui permettra au Togo d\u2019encadrer toutes les actions et mesures prises \u00e0 travers l\u2019int\u00e9gration des questions de changements climatiques dans l\u2019ordonnancement juridique national.<\/li>\n\n\n\n<li>Son adoption s\u2019inscrit dans le cadre des r\u00e9formes prioritaires inscrites dans la feuille de route gouvernementale notamment celle relative \u00e0 la l\u00e9gislation environnementale, conform\u00e9ment aux ambitions de renforcement des structures de l\u2019Etat.<\/li>\n<\/ol>\n\n\n\n<p>II. Au titre des communications,<\/p>\n\n\n\n<ol class=\"wp-block-list\" start=\"8\">\n<li>Le conseil a \u00e9cout\u00e9 une premi\u00e8re communication relative \u00e0 la gestion, exercice 2022, de la Soci\u00e9t\u00e9 autonome de financement de l\u2019entretien routier (SAFER) ; pr\u00e9sent\u00e9e par le ministre des travaux publics.<\/li>\n\n\n\n<li>Cette communication pr\u00e9sente au conseil, le rapport d\u2019ex\u00e9cution financi\u00e8re de la SAFER, au titre de l\u2019ann\u00e9e 2022.<\/li>\n\n\n\n<li>En effet, le d\u00e9veloppement et la modernisation des infrastructures de transports routiers occupent une place pr\u00e9pond\u00e9rante dans notre pays et constituent un des leviers de la croissance \u00e9conomique et sociale. Aujourd\u2019hui, le r\u00e9seau routier national s\u2019agrandit et la mise en \u0153uvre des grands projets d\u2019infrastructures suit son cours.<\/li>\n\n\n\n<li>Afin de pr\u00e9server les acquis et renforcer davantage la s\u00e9curit\u00e9 routi\u00e8re ainsi que la praticabilit\u00e9 du r\u00e9seau national en toute saison, il importe de veiller \u00e0 son entretien courant et p\u00e9riodique.<\/li>\n\n\n\n<li>C\u2019est dans ce cadre que la Soci\u00e9t\u00e9 Autonome de Financement de l\u2019Entretien Routier (SAFER) a, pour l\u2019exercice 2022, mobilis\u00e9 30 459 978 106 francs CFA contre une pr\u00e9vision de 32 838 749 000 francs CFA soit un taux de r\u00e9alisation de 92,7 %, pour le financement de l\u2019entretien routier et pour garantir \u00e0 la route une durabilit\u00e9 dans le temps.<\/li>\n\n\n\n<li>Le conseil a \u00e9cout\u00e9 une deuxi\u00e8me communication relative au projet de r\u00e9vision et de modernisation du cadre juridique et institutionnel de la fonction publique ; pr\u00e9sent\u00e9e par le ministre de la fonction publique, du travail et du dialogue social.<\/li>\n\n\n\n<li>La pr\u00e9sente communication vise \u00e0 rendre compte au conseil de l\u2019\u00e9tat d\u2019avancement du processus de r\u00e9forme du cadre juridique et institutionnel de la fonction publique, en vue de recueillir les contributions et orientations pour sa poursuite et sa mise en \u0153uvre.<\/li>\n\n\n\n<li>La r\u00e9vision du statut g\u00e9n\u00e9ral de la fonction publique vise \u00e0 doter l\u2019administration publique togolaise d\u2019un nouveau cadre juridique et institutionnel moderne et flexible.<\/li>\n\n\n\n<li>Ce nouveau cadre constituera un soubassement pour la mise en place de ressources humaines de qualit\u00e9, plus performantes et mieux g\u00e9r\u00e9es, en lien avec les objectifs et priorit\u00e9s de d\u00e9veloppement national.<\/li>\n\n\n\n<li>Le conseil a \u00e9cout\u00e9 une derni\u00e8re communication relative aux r\u00e9sultats du recensement des Togolais de l\u2019ext\u00e9rieur ; pr\u00e9sent\u00e9e par le ministre des affaires \u00e9trang\u00e8res, de l\u2019int\u00e9gration r\u00e9gionale et des Togolais de l\u2019ext\u00e9rieur.<\/li>\n\n\n\n<li>Ledit recensement a permis de d\u00e9nombrer les Togolais de la diaspora afin de mieux les conna\u00eetre quantitativement et qualitativement, de ma\u00eetriser leur r\u00e9partition dans le monde et d\u2019identifier leur profil de comp\u00e9tence.<\/li>\n\n\n\n<li>La campagne de recensement a eu lieu du 08 mars au 30 juin 2022. Les r\u00e9sultats du premier recensement de la diaspora estiment le nombre de Togolais vivant \u00e0 l\u2019\u00e9tranger en 2022 \u00e0 950.436 personnes, se r\u00e9partissant par sexe comme suit : 44,18% de femmes et 55,82% d\u2019hommes.<\/li>\n\n\n\n<li>A partir de ces r\u00e9sultats, le gouvernement pourra mieux adapter les diff\u00e9rentes politiques publiques de d\u00e9veloppement, affiner les orientations strat\u00e9giques en<br>mati\u00e8re de gouvernance des relations avec la diaspora et amplifier les initiatives, en vue de les rendre encore plus inclusives et plus participatives.<\/li>\n<\/ol>\n\n\n\n<p>III. Au titre du s\u00e9minaire gouvernemental,<\/p>\n\n\n\n<ol class=\"wp-block-list\" start=\"21\">\n<li>Le conseil a suivi un s\u00e9minaire gouvernemental sur le programme national de protection sociale non contributive ; pr\u00e9sent\u00e9 par le ministre de la fonction publique, du travail et du dialogue social.<\/li>\n\n\n\n<li>Ce programme s\u2019inscrit dans la vision de Son Excellence Monsieur le Pr\u00e9sident de la R\u00e9publique traduite dans l\u2019axe 1 de la feuille de route gouvernementale et ambitionne de r\u00e9aliser l\u2019inclusion totale des populations, en particulier des plus vuln\u00e9rables.<\/li>\n\n\n\n<li>Il vise \u00e0 d\u00e9finir les modalit\u00e9s pour l\u2019extension des programmes de protection sociale afin de renforcer notre r\u00e9ponse face aux chocs. Ceci en faisant face aux d\u00e9fis<br>que connait la protection sociale dans notre pays : la coordination, la mobilisation des ressources et le ciblage efficient des b\u00e9n\u00e9ficiaires.<\/li>\n\n\n\n<li>Le conseil a instruit pour que le programme soit finalis\u00e9 dans les plus brefs d\u00e9lais afin d\u2019assurer sa mise en \u0153uvre efficace avec l\u2019appui des partenaires pour le bien-\u00eatre des<br>populations.<\/li>\n<\/ol>\n\n\n\n<p>IV. Au titre des divers,<\/p>\n\n\n\n<ol class=\"wp-block-list\" start=\"25\">\n<li>Le ministre d\u2019Etat, ministre charg\u00e9 de l\u2019administration territoriale, a rendu compte au conseil du d\u00e9roulement du recensement \u00e9lectoral d\u00e9marr\u00e9 depuis le 29 avril 2023.<\/li>\n\n\n\n<li>Le gouvernement saluant la mobilisation de la population a d\u00e9plor\u00e9 les dysfonctionnements et difficult\u00e9s et a appel\u00e9 les acteurs \u00e0 tout mettre en \u0153uvre pour<br>apporter des solutions afin que la suite du processus se d\u00e9roule dans la s\u00e9r\u00e9nit\u00e9.<\/li>\n<\/ol>\n\n\n\n<p><strong>Fait \u00e0 Lom\u00e9, le 08 mai 2023<br>Le Conseil des Ministres<\/strong><\/p>\n","protected":false},"excerpt":{"rendered":"<p>R\u00e9vision du cadre juridique et institutionnel de la fonction publique, r\u00e9sultats du recensement des Togolais de l&rsquo;ext\u00e9rieur,\u2026(Conseil des ministres du<\/p>\n","protected":false},"author":2,"featured_media":1746,"comment_status":"open","ping_status":"closed","sticky":false,"template":"","format":"standard","meta":{"footnotes":""},"categories":[1],"tags":[],"class_list":["post-1745","post","type-post","status-publish","format-standard","has-post-thumbnail","hentry","category-societe"],"yoast_head":"<!-- This site is optimized with the Yoast SEO plugin v23.9 - https:\/\/yoast.com\/wordpress\/plugins\/seo\/ -->\n<title>Togo: Points phares du Conseil des ministres de ce lundi -<\/title>\n<meta name=\"robots\" content=\"index, follow, max-snippet:-1, max-image-preview:large, max-video-preview:-1\" \/>\n<link rel=\"canonical\" href=\"https:\/\/lepoint-actu.tg\/index.php\/2023\/05\/09\/togo-points-phares-du-conseil-des-ministres-de-ce-lundi\/\" \/>\n<meta property=\"og:locale\" content=\"fr_FR\" \/>\n<meta property=\"og:type\" content=\"article\" \/>\n<meta property=\"og:title\" content=\"Togo: Points phares du Conseil des ministres de ce lundi -\" \/>\n<meta property=\"og:description\" content=\"R\u00e9vision du cadre juridique et institutionnel de la fonction publique, r\u00e9sultats du recensement des Togolais de l&rsquo;ext\u00e9rieur,\u2026(Conseil des ministres du\" \/>\n<meta property=\"og:url\" content=\"https:\/\/lepoint-actu.tg\/index.php\/2023\/05\/09\/togo-points-phares-du-conseil-des-ministres-de-ce-lundi\/\" \/>\n<meta property=\"article:published_time\" content=\"2023-05-09T09:34:10+00:00\" \/>\n<meta property=\"article:modified_time\" content=\"2023-05-09T09:34:22+00:00\" \/>\n<meta property=\"og:image\" content=\"https:\/\/lepoint-actu.tg\/wp-content\/uploads\/2023\/05\/IMG-20230118-WA0052-730x487-1.jpg\" \/>\n\t<meta property=\"og:image:width\" content=\"730\" \/>\n\t<meta property=\"og:image:height\" content=\"487\" \/>\n\t<meta property=\"og:image:type\" content=\"image\/jpeg\" \/>\n<meta name=\"author\" content=\"La Redaction\" \/>\n<meta name=\"twitter:card\" content=\"summary_large_image\" \/>\n<meta name=\"twitter:label1\" content=\"\u00c9crit par\" \/>\n\t<meta name=\"twitter:data1\" content=\"La Redaction\" \/>\n\t<meta name=\"twitter:label2\" content=\"Dur\u00e9e de lecture estim\u00e9e\" \/>\n\t<meta name=\"twitter:data2\" content=\"5 minutes\" \/>\n<script type=\"application\/ld+json\" class=\"yoast-schema-graph\">{\"@context\":\"https:\/\/schema.org\",\"@graph\":[{\"@type\":\"WebPage\",\"@id\":\"https:\/\/lepoint-actu.tg\/index.php\/2023\/05\/09\/togo-points-phares-du-conseil-des-ministres-de-ce-lundi\/\",\"url\":\"https:\/\/lepoint-actu.tg\/index.php\/2023\/05\/09\/togo-points-phares-du-conseil-des-ministres-de-ce-lundi\/\",\"name\":\"Togo: Points phares du Conseil des ministres de ce lundi -\",\"isPartOf\":{\"@id\":\"https:\/\/lepoint-actu.tg\/#website\"},\"primaryImageOfPage\":{\"@id\":\"https:\/\/lepoint-actu.tg\/index.php\/2023\/05\/09\/togo-points-phares-du-conseil-des-ministres-de-ce-lundi\/#primaryimage\"},\"image\":{\"@id\":\"https:\/\/lepoint-actu.tg\/index.php\/2023\/05\/09\/togo-points-phares-du-conseil-des-ministres-de-ce-lundi\/#primaryimage\"},\"thumbnailUrl\":\"https:\/\/lepoint-actu.tg\/wp-content\/uploads\/2023\/05\/IMG-20230118-WA0052-730x487-1.jpg\",\"datePublished\":\"2023-05-09T09:34:10+00:00\",\"dateModified\":\"2023-05-09T09:34:22+00:00\",\"author\":{\"@id\":\"https:\/\/lepoint-actu.tg\/#\/schema\/person\/e4026d66cbdc205cab83e169ab7eaca1\"},\"breadcrumb\":{\"@id\":\"https:\/\/lepoint-actu.tg\/index.php\/2023\/05\/09\/togo-points-phares-du-conseil-des-ministres-de-ce-lundi\/#breadcrumb\"},\"inLanguage\":\"fr-FR\",\"potentialAction\":[{\"@type\":\"ReadAction\",\"target\":[\"https:\/\/lepoint-actu.tg\/index.php\/2023\/05\/09\/togo-points-phares-du-conseil-des-ministres-de-ce-lundi\/\"]}]},{\"@type\":\"ImageObject\",\"inLanguage\":\"fr-FR\",\"@id\":\"https:\/\/lepoint-actu.tg\/index.php\/2023\/05\/09\/togo-points-phares-du-conseil-des-ministres-de-ce-lundi\/#primaryimage\",\"url\":\"https:\/\/lepoint-actu.tg\/wp-content\/uploads\/2023\/05\/IMG-20230118-WA0052-730x487-1.jpg\",\"contentUrl\":\"https:\/\/lepoint-actu.tg\/wp-content\/uploads\/2023\/05\/IMG-20230118-WA0052-730x487-1.jpg\",\"width\":730,\"height\":487},{\"@type\":\"BreadcrumbList\",\"@id\":\"https:\/\/lepoint-actu.tg\/index.php\/2023\/05\/09\/togo-points-phares-du-conseil-des-ministres-de-ce-lundi\/#breadcrumb\",\"itemListElement\":[{\"@type\":\"ListItem\",\"position\":1,\"name\":\"Accueil\",\"item\":\"https:\/\/lepoint-actu.tg\/\"},{\"@type\":\"ListItem\",\"position\":2,\"name\":\"Togo: Points phares du Conseil des ministres de ce lundi\"}]},{\"@type\":\"WebSite\",\"@id\":\"https:\/\/lepoint-actu.tg\/#website\",\"url\":\"https:\/\/lepoint-actu.tg\/\",\"name\":\"\",\"description\":\"R\u00e9c\u00e9piss\u00e9 N\u00b00022\/HAAC\/12-2020\/pL\/P, lepointactu07@gmail.com\",\"potentialAction\":[{\"@type\":\"SearchAction\",\"target\":{\"@type\":\"EntryPoint\",\"urlTemplate\":\"https:\/\/lepoint-actu.tg\/?s={search_term_string}\"},\"query-input\":{\"@type\":\"PropertyValueSpecification\",\"valueRequired\":true,\"valueName\":\"search_term_string\"}}],\"inLanguage\":\"fr-FR\"},{\"@type\":\"Person\",\"@id\":\"https:\/\/lepoint-actu.tg\/#\/schema\/person\/e4026d66cbdc205cab83e169ab7eaca1\",\"name\":\"La Redaction\",\"image\":{\"@type\":\"ImageObject\",\"inLanguage\":\"fr-FR\",\"@id\":\"https:\/\/lepoint-actu.tg\/#\/schema\/person\/image\/\",\"url\":\"https:\/\/secure.gravatar.com\/avatar\/1682a0ff7e2c36efa51c5d262eea092000ec1ce420118e6261440956730308c2?s=96&d=mm&r=g\",\"contentUrl\":\"https:\/\/secure.gravatar.com\/avatar\/1682a0ff7e2c36efa51c5d262eea092000ec1ce420118e6261440956730308c2?s=96&d=mm&r=g\",\"caption\":\"La Redaction\"},\"url\":\"https:\/\/lepoint-actu.tg\/index.php\/author\/raymondsama\/\"}]}<\/script>\n<!-- \/ Yoast SEO plugin. -->","yoast_head_json":{"title":"Togo: Points phares du Conseil des ministres de ce lundi -","robots":{"index":"index","follow":"follow","max-snippet":"max-snippet:-1","max-image-preview":"max-image-preview:large","max-video-preview":"max-video-preview:-1"},"canonical":"https:\/\/lepoint-actu.tg\/index.php\/2023\/05\/09\/togo-points-phares-du-conseil-des-ministres-de-ce-lundi\/","og_locale":"fr_FR","og_type":"article","og_title":"Togo: Points phares du Conseil des ministres de ce lundi -","og_description":"R\u00e9vision du cadre juridique et institutionnel de la fonction publique, r\u00e9sultats du recensement des Togolais de l&rsquo;ext\u00e9rieur,\u2026(Conseil des ministres du","og_url":"https:\/\/lepoint-actu.tg\/index.php\/2023\/05\/09\/togo-points-phares-du-conseil-des-ministres-de-ce-lundi\/","article_published_time":"2023-05-09T09:34:10+00:00","article_modified_time":"2023-05-09T09:34:22+00:00","og_image":[{"width":730,"height":487,"url":"https:\/\/lepoint-actu.tg\/wp-content\/uploads\/2023\/05\/IMG-20230118-WA0052-730x487-1.jpg","type":"image\/jpeg"}],"author":"La Redaction","twitter_card":"summary_large_image","twitter_misc":{"\u00c9crit par":"La Redaction","Dur\u00e9e de lecture estim\u00e9e":"5 minutes"},"schema":{"@context":"https:\/\/schema.org","@graph":[{"@type":"WebPage","@id":"https:\/\/lepoint-actu.tg\/index.php\/2023\/05\/09\/togo-points-phares-du-conseil-des-ministres-de-ce-lundi\/","url":"https:\/\/lepoint-actu.tg\/index.php\/2023\/05\/09\/togo-points-phares-du-conseil-des-ministres-de-ce-lundi\/","name":"Togo: Points phares du Conseil des ministres de ce lundi -","isPartOf":{"@id":"https:\/\/lepoint-actu.tg\/#website"},"primaryImageOfPage":{"@id":"https:\/\/lepoint-actu.tg\/index.php\/2023\/05\/09\/togo-points-phares-du-conseil-des-ministres-de-ce-lundi\/#primaryimage"},"image":{"@id":"https:\/\/lepoint-actu.tg\/index.php\/2023\/05\/09\/togo-points-phares-du-conseil-des-ministres-de-ce-lundi\/#primaryimage"},"thumbnailUrl":"https:\/\/lepoint-actu.tg\/wp-content\/uploads\/2023\/05\/IMG-20230118-WA0052-730x487-1.jpg","datePublished":"2023-05-09T09:34:10+00:00","dateModified":"2023-05-09T09:34:22+00:00","author":{"@id":"https:\/\/lepoint-actu.tg\/#\/schema\/person\/e4026d66cbdc205cab83e169ab7eaca1"},"breadcrumb":{"@id":"https:\/\/lepoint-actu.tg\/index.php\/2023\/05\/09\/togo-points-phares-du-conseil-des-ministres-de-ce-lundi\/#breadcrumb"},"inLanguage":"fr-FR","potentialAction":[{"@type":"ReadAction","target":["https:\/\/lepoint-actu.tg\/index.php\/2023\/05\/09\/togo-points-phares-du-conseil-des-ministres-de-ce-lundi\/"]}]},{"@type":"ImageObject","inLanguage":"fr-FR","@id":"https:\/\/lepoint-actu.tg\/index.php\/2023\/05\/09\/togo-points-phares-du-conseil-des-ministres-de-ce-lundi\/#primaryimage","url":"https:\/\/lepoint-actu.tg\/wp-content\/uploads\/2023\/05\/IMG-20230118-WA0052-730x487-1.jpg","contentUrl":"https:\/\/lepoint-actu.tg\/wp-content\/uploads\/2023\/05\/IMG-20230118-WA0052-730x487-1.jpg","width":730,"height":487},{"@type":"BreadcrumbList","@id":"https:\/\/lepoint-actu.tg\/index.php\/2023\/05\/09\/togo-points-phares-du-conseil-des-ministres-de-ce-lundi\/#breadcrumb","itemListElement":[{"@type":"ListItem","position":1,"name":"Accueil","item":"https:\/\/lepoint-actu.tg\/"},{"@type":"ListItem","position":2,"name":"Togo: Points phares du Conseil des ministres de ce lundi"}]},{"@type":"WebSite","@id":"https:\/\/lepoint-actu.tg\/#website","url":"https:\/\/lepoint-actu.tg\/","name":"","description":"R\u00e9c\u00e9piss\u00e9 N\u00b00022\/HAAC\/12-2020\/pL\/P, lepointactu07@gmail.com","potentialAction":[{"@type":"SearchAction","target":{"@type":"EntryPoint","urlTemplate":"https:\/\/lepoint-actu.tg\/?s={search_term_string}"},"query-input":{"@type":"PropertyValueSpecification","valueRequired":true,"valueName":"search_term_string"}}],"inLanguage":"fr-FR"},{"@type":"Person","@id":"https:\/\/lepoint-actu.tg\/#\/schema\/person\/e4026d66cbdc205cab83e169ab7eaca1","name":"La Redaction","image":{"@type":"ImageObject","inLanguage":"fr-FR","@id":"https:\/\/lepoint-actu.tg\/#\/schema\/person\/image\/","url":"https:\/\/secure.gravatar.com\/avatar\/1682a0ff7e2c36efa51c5d262eea092000ec1ce420118e6261440956730308c2?s=96&d=mm&r=g","contentUrl":"https:\/\/secure.gravatar.com\/avatar\/1682a0ff7e2c36efa51c5d262eea092000ec1ce420118e6261440956730308c2?s=96&d=mm&r=g","caption":"La Redaction"},"url":"https:\/\/lepoint-actu.tg\/index.php\/author\/raymondsama\/"}]}},"_links":{"self":[{"href":"https:\/\/lepoint-actu.tg\/index.php\/wp-json\/wp\/v2\/posts\/1745","targetHints":{"allow":["GET"]}}],"collection":[{"href":"https:\/\/lepoint-actu.tg\/index.php\/wp-json\/wp\/v2\/posts"}],"about":[{"href":"https:\/\/lepoint-actu.tg\/index.php\/wp-json\/wp\/v2\/types\/post"}],"author":[{"embeddable":true,"href":"https:\/\/lepoint-actu.tg\/index.php\/wp-json\/wp\/v2\/users\/2"}],"replies":[{"embeddable":true,"href":"https:\/\/lepoint-actu.tg\/index.php\/wp-json\/wp\/v2\/comments?post=1745"}],"version-history":[{"count":1,"href":"https:\/\/lepoint-actu.tg\/index.php\/wp-json\/wp\/v2\/posts\/1745\/revisions"}],"predecessor-version":[{"id":1747,"href":"https:\/\/lepoint-actu.tg\/index.php\/wp-json\/wp\/v2\/posts\/1745\/revisions\/1747"}],"wp:featuredmedia":[{"embeddable":true,"href":"https:\/\/lepoint-actu.tg\/index.php\/wp-json\/wp\/v2\/media\/1746"}],"wp:attachment":[{"href":"https:\/\/lepoint-actu.tg\/index.php\/wp-json\/wp\/v2\/media?parent=1745"}],"wp:term":[{"taxonomy":"category","embeddable":true,"href":"https:\/\/lepoint-actu.tg\/index.php\/wp-json\/wp\/v2\/categories?post=1745"},{"taxonomy":"post_tag","embeddable":true,"href":"https:\/\/lepoint-actu.tg\/index.php\/wp-json\/wp\/v2\/tags?post=1745"}],"curies":[{"name":"wp","href":"https:\/\/api.w.org\/{rel}","templated":true}]}}