{"id":1749,"date":"2023-05-08T12:45:54","date_gmt":"2023-05-08T12:45:54","guid":{"rendered":"https:\/\/lepoint-actu.tg\/?p=1749"},"modified":"2023-05-09T12:49:21","modified_gmt":"2023-05-09T12:49:21","slug":"a-abobo-prefecture-de-zio-fawe-togo-vent-debout-contre-les-pratiques-qui-decouragent-leducation-des-jeunes-filles","status":"publish","type":"post","link":"https:\/\/lepoint-actu.tg\/index.php\/2023\/05\/08\/a-abobo-prefecture-de-zio-fawe-togo-vent-debout-contre-les-pratiques-qui-decouragent-leducation-des-jeunes-filles\/","title":{"rendered":"\u00c0 Abobo\/pr\u00e9fecture de Zio: FAWE-TOGO vent d\u00e9bout contre les Pratiques Qui D\u00e9couragent L\u2019\u00e9ducation Des Jeunes Filles"},"content":{"rendered":"\n<p><\/p>\n\n\n\n<p>Au coeur du micro-projet intitul\u00e9 : projet d\u2019appui au leadership, au maintien et au succ\u00e8s de la jeune fille dans le syst\u00e8me \u00e9ducatif dans la pr\u00e9fecture de zio afin de sensibiliser ceux-ci \u00e0 am\u00e9liorer l\u2019acc\u00e8s aux filles \u00e0 l\u2019\u00e9ducation, FAWE-TOGO se veut cat\u00e9gorique dans sa strat\u00e9gie pour un meilleur devenir de la gent f\u00e9minine.<\/p>\n\n\n\n<p>Dans cet \u00e9lan, le vendredi 5 mai 2023, les responsables de cette organisation \u00e9taient devant la presse pour expliquer le projet qui se d\u00e9roulera dans la pr\u00e9fecture de Zio dans le village d\u2019Abobo.<br>Essentiellement, il s&rsquo;agit de lutter aux niveaux continental, national et des communaut\u00e9s locales pour susciter des attitudes sociales positives et d\u00e9velopper des pratiques d\u00e9terminantes dans le renforcement de l\u2019\u00e9quit\u00e9 en faveur des filles, s\u2019agissant notamment de l\u2019acc\u00e8s \u00e0 l\u2019\u00e9ducation, du maintien dans le cycle scolaire, de la r\u00e9ussite acad\u00e9mique et de l\u2019am\u00e9lioration de la qualit\u00e9 de l\u2019enseignement, en passant sur la transformation des syst\u00e8mes \u00e9ducatifs en Afrique.<\/p>\n\n\n\n<figure class=\"wp-block-image size-full\"><img loading=\"lazy\" decoding=\"async\" width=\"1024\" height=\"1024\" src=\"https:\/\/lepoint-actu.tg\/wp-content\/uploads\/2023\/05\/IMG-20230506-WA0018-1.jpg\" alt=\"\" class=\"wp-image-1751\" srcset=\"https:\/\/lepoint-actu.tg\/wp-content\/uploads\/2023\/05\/IMG-20230506-WA0018-1.jpg 1024w, https:\/\/lepoint-actu.tg\/wp-content\/uploads\/2023\/05\/IMG-20230506-WA0018-1-300x300.jpg 300w, https:\/\/lepoint-actu.tg\/wp-content\/uploads\/2023\/05\/IMG-20230506-WA0018-1-150x150.jpg 150w, https:\/\/lepoint-actu.tg\/wp-content\/uploads\/2023\/05\/IMG-20230506-WA0018-1-768x768.jpg 768w\" sizes=\"auto, (max-width: 1024px) 100vw, 1024px\" \/><\/figure>\n\n\n\n<p><\/p>\n\n\n\n<p>Au Togo, FAWE a mis en \u0153uvre son approche dans 4 \u00e9tablissements et compte l\u2019\u00e9tendre dans d\u2019autres pr\u00e9fectures. La pr\u00e9fecture de ZIO et plus pr\u00e9cis\u00e9ment dans le lyc\u00e9e d\u2019Abobo qui abritera le projet, nombreuses filles n\u2019ach\u00e8vent pas leurs cursus scolaires. Selon les coutumes locales, la jeune fille est toujours sollicit\u00e9e en priorit\u00e9 pour les corv\u00e9es m\u00e9nag\u00e8res par exemple. Son \u00e9ducation n\u2019est pas con\u00e7ue comme une priorit\u00e9. Le lyc\u00e9e d\u2019Abobo compte plus de 500 \u00e9l\u00e8ves dont 35% de filles.<\/p>\n\n\n\n<p>Ce micro-projet vise essentiellement \u00e0 encourager toutes les parties prenantes \u00e0 \u0153uvrer pour le maintien et le succ\u00e8s de la jeune \u00e9l\u00e8ve.<\/p>\n\n\n\n<p>Concr\u00e8tement, il s\u2019agira dans le cadre de ce projet de renforcer les comp\u00e9tences des 20 enseignants et encadreurs du lyc\u00e9e d\u2019Abobo au travers d\u2019un parcours de formation sur l\u2019int\u00e9gration du genre dans leur m\u00e9thodologie d\u2019enseignement afin de cr\u00e9er un cadre plus favorable \u00e0 l\u2019\u00e9ducation de la jeune fille, sensibiliser la collectivit\u00e9 villageoise sur la n\u00e9cessit\u00e9 d\u2019\u0153uvrer pour la r\u00e9ussite scolaire de leurs enfants, particuli\u00e8rement des jeunes filles au travers de trois ateliers de 25 personnes et cr\u00e9er par la suite un comit\u00e9 de suivi constitu\u00e9 de leaders d\u2019opinion et de parents d\u2019\u00e9l\u00e8ves.<\/p>\n\n\n\n<p>Le projet qui va durer cinq mois a b\u00e9n\u00e9fici\u00e9 d\u2019un financement du programme CLE (Programme Comp\u00e9tence, Leadership, Education) et va permettre aussi de sensibiliser les \u00e9l\u00e8ves sur les questions de genre, de leadership f\u00e9minin, de sant\u00e9 sexuelle et sur la n\u00e9cessit\u00e9 de se maintenir dans le cursus scolaire \u00e0 travers 3 grandes campagnes de sensibilisation grand public. Aussi un club de leadership de 100 \u00e9l\u00e8ves dont 70 filles sera cr\u00e9\u00e9 et qui se r\u00e9unira une fois par semaine afin de r\u00e9aliser ensemble des actions de formation et de sensibilisation aupr\u00e8s de leurs camarades et de la communaut\u00e9.<\/p>\n\n\n\n<p>Cette ONG a pour vision de r\u00e9duire des disparit\u00e9s sur l\u2019appartenance sexuelle dans le domaine de l\u2019\u00e9ducation et permettre \u00e0 un nombre plus important de filles d\u2019acc\u00e9der \u00e0 l\u2019instruction, \u00e0 achever leur cycle acad\u00e9mique et faire montre de comp\u00e9tence \u00e0 tous les niveaux de l\u2019\u00e9chelle.<\/p>\n\n\n\n<p>Selon une enqu\u00eate r\u00e9alis\u00e9e par la direction de la Planification de l\u2019\u00e9ducation en collaboration avec l\u2019UNICEF et la Banque mondiale, on d\u00e9nombre au total 1220 cas de filles enceintes entre 2020 et mars 2021 dans les \u00e9coles du Togo. Ainsi pour cette ONG il est primordiale de lutter pour le maintien et le succ\u00e8s des filles \u00e0 l\u2019\u00e9cole. Ceci revient \u00e0 lutter contre les grossesses non d\u00e9sir\u00e9es, les mariages forc\u00e9s, le harc\u00e8lement sous plusieurs formes, les violences sexuelles et tout ce qui freinent l\u2019\u00e9volution de la jeune fille dans ses \u00e9tudes.<\/p>\n\n\n\n<p>\u201cCe probl\u00e8me est encore plus accru dans les zones rurales ou les pratiques coutumi\u00e8res encouragent la d\u00e9scolarisation de la jeune fille. FAWE dans sa strat\u00e9gie de lutte pour l\u2019\u00e9ducation de la jeune fille a d\u00e9velopp\u00e9 dans plusieurs pays une approche qui prend en compte les \u00e9l\u00e8ves, les encadreurs ainsi que la communaut\u00e9\u201d Aime Kossi TSENOU, coordonnateur du projet.<\/p>\n\n\n\n<p>Repr\u00e9sent\u00e9 dans 33 pays africains par des Antennes Nationales comme le FAWE-TOGO, le FAWE est une ONG panafricaine compos\u00e9e de femmes africaines, ministre de l\u2019\u00e9ducation, Recteurs, Vice-recteurs, et de hauts responsables femmes de l\u2019\u00e9ducation.<\/p>\n\n\n\n<p>Par ailleurs, le forum des Educatrices Africaines d\u00e9nomm\u00e9 Forum of Africa Women Educationalists est une organisation \u00e0 but non lucratif cr\u00e9\u00e9e en 1992 et dont le si\u00e8ge est \u00e0 Nairobi au Kenya. Il lutte efficacement contre les pratiques ancestrales qui d\u00e9couragent l\u2019\u00e9ducation des jeunes filles.<\/p>\n\n\n\n<p><strong><em>Pour tous besoins, nous contacter au tel.90213091\/e-mail: lepointactu07@gmail.com<\/em><\/strong><\/p>\n","protected":false},"excerpt":{"rendered":"<p>Au coeur du micro-projet intitul\u00e9 : projet d\u2019appui au leadership, au maintien et au succ\u00e8s de la jeune fille dans<\/p>\n","protected":false},"author":2,"featured_media":1750,"comment_status":"open","ping_status":"closed","sticky":false,"template":"","format":"standard","meta":{"footnotes":""},"categories":[1],"tags":[],"class_list":["post-1749","post","type-post","status-publish","format-standard","has-post-thumbnail","hentry","category-societe"],"yoast_head":"<!-- This site is optimized with the Yoast SEO plugin v23.9 - https:\/\/yoast.com\/wordpress\/plugins\/seo\/ -->\n<title>\u00c0 Abobo\/pr\u00e9fecture de Zio: FAWE-TOGO vent d\u00e9bout contre les Pratiques Qui D\u00e9couragent L\u2019\u00e9ducation Des Jeunes Filles -<\/title>\n<meta name=\"robots\" content=\"index, follow, max-snippet:-1, max-image-preview:large, max-video-preview:-1\" \/>\n<link rel=\"canonical\" href=\"https:\/\/lepoint-actu.tg\/index.php\/2023\/05\/08\/a-abobo-prefecture-de-zio-fawe-togo-vent-debout-contre-les-pratiques-qui-decouragent-leducation-des-jeunes-filles\/\" \/>\n<meta property=\"og:locale\" content=\"fr_FR\" \/>\n<meta property=\"og:type\" content=\"article\" \/>\n<meta property=\"og:title\" content=\"\u00c0 Abobo\/pr\u00e9fecture de Zio: FAWE-TOGO vent d\u00e9bout contre les Pratiques Qui D\u00e9couragent L\u2019\u00e9ducation Des Jeunes Filles -\" \/>\n<meta property=\"og:description\" content=\"Au coeur du micro-projet intitul\u00e9 : projet d\u2019appui au leadership, au maintien et au succ\u00e8s de la jeune fille dans\" \/>\n<meta property=\"og:url\" content=\"https:\/\/lepoint-actu.tg\/index.php\/2023\/05\/08\/a-abobo-prefecture-de-zio-fawe-togo-vent-debout-contre-les-pratiques-qui-decouragent-leducation-des-jeunes-filles\/\" \/>\n<meta property=\"article:published_time\" content=\"2023-05-08T12:45:54+00:00\" \/>\n<meta property=\"article:modified_time\" content=\"2023-05-09T12:49:21+00:00\" \/>\n<meta property=\"og:image\" content=\"https:\/\/lepoint-actu.tg\/wp-content\/uploads\/2023\/05\/IMG-20230505-WA0053-768x456-1.jpg\" \/>\n\t<meta property=\"og:image:width\" content=\"768\" \/>\n\t<meta property=\"og:image:height\" content=\"456\" \/>\n\t<meta property=\"og:image:type\" content=\"image\/jpeg\" \/>\n<meta name=\"author\" content=\"La Redaction\" \/>\n<meta name=\"twitter:card\" content=\"summary_large_image\" \/>\n<meta name=\"twitter:label1\" content=\"\u00c9crit par\" \/>\n\t<meta name=\"twitter:data1\" content=\"La Redaction\" \/>\n\t<meta name=\"twitter:label2\" content=\"Dur\u00e9e de lecture estim\u00e9e\" \/>\n\t<meta name=\"twitter:data2\" content=\"4 minutes\" \/>\n<script type=\"application\/ld+json\" class=\"yoast-schema-graph\">{\"@context\":\"https:\/\/schema.org\",\"@graph\":[{\"@type\":\"WebPage\",\"@id\":\"https:\/\/lepoint-actu.tg\/index.php\/2023\/05\/08\/a-abobo-prefecture-de-zio-fawe-togo-vent-debout-contre-les-pratiques-qui-decouragent-leducation-des-jeunes-filles\/\",\"url\":\"https:\/\/lepoint-actu.tg\/index.php\/2023\/05\/08\/a-abobo-prefecture-de-zio-fawe-togo-vent-debout-contre-les-pratiques-qui-decouragent-leducation-des-jeunes-filles\/\",\"name\":\"\u00c0 Abobo\/pr\u00e9fecture de Zio: FAWE-TOGO vent d\u00e9bout contre les Pratiques Qui D\u00e9couragent L\u2019\u00e9ducation Des Jeunes Filles -\",\"isPartOf\":{\"@id\":\"https:\/\/lepoint-actu.tg\/#website\"},\"primaryImageOfPage\":{\"@id\":\"https:\/\/lepoint-actu.tg\/index.php\/2023\/05\/08\/a-abobo-prefecture-de-zio-fawe-togo-vent-debout-contre-les-pratiques-qui-decouragent-leducation-des-jeunes-filles\/#primaryimage\"},\"image\":{\"@id\":\"https:\/\/lepoint-actu.tg\/index.php\/2023\/05\/08\/a-abobo-prefecture-de-zio-fawe-togo-vent-debout-contre-les-pratiques-qui-decouragent-leducation-des-jeunes-filles\/#primaryimage\"},\"thumbnailUrl\":\"https:\/\/lepoint-actu.tg\/wp-content\/uploads\/2023\/05\/IMG-20230505-WA0053-768x456-1.jpg\",\"datePublished\":\"2023-05-08T12:45:54+00:00\",\"dateModified\":\"2023-05-09T12:49:21+00:00\",\"author\":{\"@id\":\"https:\/\/lepoint-actu.tg\/#\/schema\/person\/e4026d66cbdc205cab83e169ab7eaca1\"},\"breadcrumb\":{\"@id\":\"https:\/\/lepoint-actu.tg\/index.php\/2023\/05\/08\/a-abobo-prefecture-de-zio-fawe-togo-vent-debout-contre-les-pratiques-qui-decouragent-leducation-des-jeunes-filles\/#breadcrumb\"},\"inLanguage\":\"fr-FR\",\"potentialAction\":[{\"@type\":\"ReadAction\",\"target\":[\"https:\/\/lepoint-actu.tg\/index.php\/2023\/05\/08\/a-abobo-prefecture-de-zio-fawe-togo-vent-debout-contre-les-pratiques-qui-decouragent-leducation-des-jeunes-filles\/\"]}]},{\"@type\":\"ImageObject\",\"inLanguage\":\"fr-FR\",\"@id\":\"https:\/\/lepoint-actu.tg\/index.php\/2023\/05\/08\/a-abobo-prefecture-de-zio-fawe-togo-vent-debout-contre-les-pratiques-qui-decouragent-leducation-des-jeunes-filles\/#primaryimage\",\"url\":\"https:\/\/lepoint-actu.tg\/wp-content\/uploads\/2023\/05\/IMG-20230505-WA0053-768x456-1.jpg\",\"contentUrl\":\"https:\/\/lepoint-actu.tg\/wp-content\/uploads\/2023\/05\/IMG-20230505-WA0053-768x456-1.jpg\",\"width\":768,\"height\":456},{\"@type\":\"BreadcrumbList\",\"@id\":\"https:\/\/lepoint-actu.tg\/index.php\/2023\/05\/08\/a-abobo-prefecture-de-zio-fawe-togo-vent-debout-contre-les-pratiques-qui-decouragent-leducation-des-jeunes-filles\/#breadcrumb\",\"itemListElement\":[{\"@type\":\"ListItem\",\"position\":1,\"name\":\"Accueil\",\"item\":\"https:\/\/lepoint-actu.tg\/\"},{\"@type\":\"ListItem\",\"position\":2,\"name\":\"\u00c0 Abobo\/pr\u00e9fecture de Zio: FAWE-TOGO vent d\u00e9bout contre les Pratiques Qui D\u00e9couragent L\u2019\u00e9ducation Des Jeunes Filles\"}]},{\"@type\":\"WebSite\",\"@id\":\"https:\/\/lepoint-actu.tg\/#website\",\"url\":\"https:\/\/lepoint-actu.tg\/\",\"name\":\"\",\"description\":\"R\u00e9c\u00e9piss\u00e9 N\u00b00022\/HAAC\/12-2020\/pL\/P, lepointactu07@gmail.com\",\"potentialAction\":[{\"@type\":\"SearchAction\",\"target\":{\"@type\":\"EntryPoint\",\"urlTemplate\":\"https:\/\/lepoint-actu.tg\/?s={search_term_string}\"},\"query-input\":{\"@type\":\"PropertyValueSpecification\",\"valueRequired\":true,\"valueName\":\"search_term_string\"}}],\"inLanguage\":\"fr-FR\"},{\"@type\":\"Person\",\"@id\":\"https:\/\/lepoint-actu.tg\/#\/schema\/person\/e4026d66cbdc205cab83e169ab7eaca1\",\"name\":\"La Redaction\",\"image\":{\"@type\":\"ImageObject\",\"inLanguage\":\"fr-FR\",\"@id\":\"https:\/\/lepoint-actu.tg\/#\/schema\/person\/image\/\",\"url\":\"https:\/\/secure.gravatar.com\/avatar\/1682a0ff7e2c36efa51c5d262eea092000ec1ce420118e6261440956730308c2?s=96&d=mm&r=g\",\"contentUrl\":\"https:\/\/secure.gravatar.com\/avatar\/1682a0ff7e2c36efa51c5d262eea092000ec1ce420118e6261440956730308c2?s=96&d=mm&r=g\",\"caption\":\"La Redaction\"},\"url\":\"https:\/\/lepoint-actu.tg\/index.php\/author\/raymondsama\/\"}]}<\/script>\n<!-- \/ Yoast SEO plugin. -->","yoast_head_json":{"title":"\u00c0 Abobo\/pr\u00e9fecture de Zio: FAWE-TOGO vent d\u00e9bout contre les Pratiques Qui D\u00e9couragent L\u2019\u00e9ducation Des Jeunes Filles -","robots":{"index":"index","follow":"follow","max-snippet":"max-snippet:-1","max-image-preview":"max-image-preview:large","max-video-preview":"max-video-preview:-1"},"canonical":"https:\/\/lepoint-actu.tg\/index.php\/2023\/05\/08\/a-abobo-prefecture-de-zio-fawe-togo-vent-debout-contre-les-pratiques-qui-decouragent-leducation-des-jeunes-filles\/","og_locale":"fr_FR","og_type":"article","og_title":"\u00c0 Abobo\/pr\u00e9fecture de Zio: FAWE-TOGO vent d\u00e9bout contre les Pratiques Qui D\u00e9couragent L\u2019\u00e9ducation Des Jeunes Filles -","og_description":"Au coeur du micro-projet intitul\u00e9 : projet d\u2019appui au leadership, au maintien et au succ\u00e8s de la jeune fille dans","og_url":"https:\/\/lepoint-actu.tg\/index.php\/2023\/05\/08\/a-abobo-prefecture-de-zio-fawe-togo-vent-debout-contre-les-pratiques-qui-decouragent-leducation-des-jeunes-filles\/","article_published_time":"2023-05-08T12:45:54+00:00","article_modified_time":"2023-05-09T12:49:21+00:00","og_image":[{"width":768,"height":456,"url":"https:\/\/lepoint-actu.tg\/wp-content\/uploads\/2023\/05\/IMG-20230505-WA0053-768x456-1.jpg","type":"image\/jpeg"}],"author":"La Redaction","twitter_card":"summary_large_image","twitter_misc":{"\u00c9crit par":"La Redaction","Dur\u00e9e de lecture estim\u00e9e":"4 minutes"},"schema":{"@context":"https:\/\/schema.org","@graph":[{"@type":"WebPage","@id":"https:\/\/lepoint-actu.tg\/index.php\/2023\/05\/08\/a-abobo-prefecture-de-zio-fawe-togo-vent-debout-contre-les-pratiques-qui-decouragent-leducation-des-jeunes-filles\/","url":"https:\/\/lepoint-actu.tg\/index.php\/2023\/05\/08\/a-abobo-prefecture-de-zio-fawe-togo-vent-debout-contre-les-pratiques-qui-decouragent-leducation-des-jeunes-filles\/","name":"\u00c0 Abobo\/pr\u00e9fecture de Zio: FAWE-TOGO vent d\u00e9bout contre les Pratiques Qui D\u00e9couragent L\u2019\u00e9ducation Des Jeunes Filles -","isPartOf":{"@id":"https:\/\/lepoint-actu.tg\/#website"},"primaryImageOfPage":{"@id":"https:\/\/lepoint-actu.tg\/index.php\/2023\/05\/08\/a-abobo-prefecture-de-zio-fawe-togo-vent-debout-contre-les-pratiques-qui-decouragent-leducation-des-jeunes-filles\/#primaryimage"},"image":{"@id":"https:\/\/lepoint-actu.tg\/index.php\/2023\/05\/08\/a-abobo-prefecture-de-zio-fawe-togo-vent-debout-contre-les-pratiques-qui-decouragent-leducation-des-jeunes-filles\/#primaryimage"},"thumbnailUrl":"https:\/\/lepoint-actu.tg\/wp-content\/uploads\/2023\/05\/IMG-20230505-WA0053-768x456-1.jpg","datePublished":"2023-05-08T12:45:54+00:00","dateModified":"2023-05-09T12:49:21+00:00","author":{"@id":"https:\/\/lepoint-actu.tg\/#\/schema\/person\/e4026d66cbdc205cab83e169ab7eaca1"},"breadcrumb":{"@id":"https:\/\/lepoint-actu.tg\/index.php\/2023\/05\/08\/a-abobo-prefecture-de-zio-fawe-togo-vent-debout-contre-les-pratiques-qui-decouragent-leducation-des-jeunes-filles\/#breadcrumb"},"inLanguage":"fr-FR","potentialAction":[{"@type":"ReadAction","target":["https:\/\/lepoint-actu.tg\/index.php\/2023\/05\/08\/a-abobo-prefecture-de-zio-fawe-togo-vent-debout-contre-les-pratiques-qui-decouragent-leducation-des-jeunes-filles\/"]}]},{"@type":"ImageObject","inLanguage":"fr-FR","@id":"https:\/\/lepoint-actu.tg\/index.php\/2023\/05\/08\/a-abobo-prefecture-de-zio-fawe-togo-vent-debout-contre-les-pratiques-qui-decouragent-leducation-des-jeunes-filles\/#primaryimage","url":"https:\/\/lepoint-actu.tg\/wp-content\/uploads\/2023\/05\/IMG-20230505-WA0053-768x456-1.jpg","contentUrl":"https:\/\/lepoint-actu.tg\/wp-content\/uploads\/2023\/05\/IMG-20230505-WA0053-768x456-1.jpg","width":768,"height":456},{"@type":"BreadcrumbList","@id":"https:\/\/lepoint-actu.tg\/index.php\/2023\/05\/08\/a-abobo-prefecture-de-zio-fawe-togo-vent-debout-contre-les-pratiques-qui-decouragent-leducation-des-jeunes-filles\/#breadcrumb","itemListElement":[{"@type":"ListItem","position":1,"name":"Accueil","item":"https:\/\/lepoint-actu.tg\/"},{"@type":"ListItem","position":2,"name":"\u00c0 Abobo\/pr\u00e9fecture de Zio: FAWE-TOGO vent d\u00e9bout contre les Pratiques Qui D\u00e9couragent L\u2019\u00e9ducation Des Jeunes Filles"}]},{"@type":"WebSite","@id":"https:\/\/lepoint-actu.tg\/#website","url":"https:\/\/lepoint-actu.tg\/","name":"","description":"R\u00e9c\u00e9piss\u00e9 N\u00b00022\/HAAC\/12-2020\/pL\/P, lepointactu07@gmail.com","potentialAction":[{"@type":"SearchAction","target":{"@type":"EntryPoint","urlTemplate":"https:\/\/lepoint-actu.tg\/?s={search_term_string}"},"query-input":{"@type":"PropertyValueSpecification","valueRequired":true,"valueName":"search_term_string"}}],"inLanguage":"fr-FR"},{"@type":"Person","@id":"https:\/\/lepoint-actu.tg\/#\/schema\/person\/e4026d66cbdc205cab83e169ab7eaca1","name":"La Redaction","image":{"@type":"ImageObject","inLanguage":"fr-FR","@id":"https:\/\/lepoint-actu.tg\/#\/schema\/person\/image\/","url":"https:\/\/secure.gravatar.com\/avatar\/1682a0ff7e2c36efa51c5d262eea092000ec1ce420118e6261440956730308c2?s=96&d=mm&r=g","contentUrl":"https:\/\/secure.gravatar.com\/avatar\/1682a0ff7e2c36efa51c5d262eea092000ec1ce420118e6261440956730308c2?s=96&d=mm&r=g","caption":"La Redaction"},"url":"https:\/\/lepoint-actu.tg\/index.php\/author\/raymondsama\/"}]}},"_links":{"self":[{"href":"https:\/\/lepoint-actu.tg\/index.php\/wp-json\/wp\/v2\/posts\/1749","targetHints":{"allow":["GET"]}}],"collection":[{"href":"https:\/\/lepoint-actu.tg\/index.php\/wp-json\/wp\/v2\/posts"}],"about":[{"href":"https:\/\/lepoint-actu.tg\/index.php\/wp-json\/wp\/v2\/types\/post"}],"author":[{"embeddable":true,"href":"https:\/\/lepoint-actu.tg\/index.php\/wp-json\/wp\/v2\/users\/2"}],"replies":[{"embeddable":true,"href":"https:\/\/lepoint-actu.tg\/index.php\/wp-json\/wp\/v2\/comments?post=1749"}],"version-history":[{"count":1,"href":"https:\/\/lepoint-actu.tg\/index.php\/wp-json\/wp\/v2\/posts\/1749\/revisions"}],"predecessor-version":[{"id":1752,"href":"https:\/\/lepoint-actu.tg\/index.php\/wp-json\/wp\/v2\/posts\/1749\/revisions\/1752"}],"wp:featuredmedia":[{"embeddable":true,"href":"https:\/\/lepoint-actu.tg\/index.php\/wp-json\/wp\/v2\/media\/1750"}],"wp:attachment":[{"href":"https:\/\/lepoint-actu.tg\/index.php\/wp-json\/wp\/v2\/media?parent=1749"}],"wp:term":[{"taxonomy":"category","embeddable":true,"href":"https:\/\/lepoint-actu.tg\/index.php\/wp-json\/wp\/v2\/categories?post=1749"},{"taxonomy":"post_tag","embeddable":true,"href":"https:\/\/lepoint-actu.tg\/index.php\/wp-json\/wp\/v2\/tags?post=1749"}],"curies":[{"name":"wp","href":"https:\/\/api.w.org\/{rel}","templated":true}]}}