{"id":1758,"date":"2023-04-26T07:58:00","date_gmt":"2023-04-26T07:58:00","guid":{"rendered":"https:\/\/lepoint-actu.tg\/?p=1758"},"modified":"2023-05-19T08:00:39","modified_gmt":"2023-05-19T08:00:39","slug":"togo-skills-for-young-professionals-face-au-probleme-dexperiences-professionnelles","status":"publish","type":"post","link":"https:\/\/lepoint-actu.tg\/index.php\/2023\/04\/26\/togo-skills-for-young-professionals-face-au-probleme-dexperiences-professionnelles\/","title":{"rendered":"Togo: Skills for Young Professionals face au probl\u00e8me d\u2019exp\u00e9riences professionnelles"},"content":{"rendered":"\n<p><br>Les initiatives en mati\u00e8re d&rsquo;exp\u00e9rience professionnelle et d&#8217;emplois dignes ne manquent pas. Dans cet \u00e9lan, l&rsquo;association \u2018\u2019Youth for Youth\u2019\u2019, en partenariat avec la Coalition Nationale pour l\u2019Emploi des Jeunes (CNEJ) et l\u2019Universit\u00e9 de Lom\u00e9, a proc\u00e9d\u00e9, mercredi 26 avril 2023, au lancement d\u2019un nouveau programme de formation d\u00e9nomm\u00e9 : \u00ab Skills for Young Professionals \u00bb d\u00e9di\u00e9 aux jeunes professionnels de moins de 5 ans d\u2019exp\u00e9rience.<\/p>\n\n\n\n<p>Le choix de cette cible est motiv\u00e9, justifie-t-on, par le besoin d\u2019am\u00e9liorer la productivit\u00e9 et l\u2019agilit\u00e9 des jeunes professionnels en vue de leur permettre de r\u00e9duire le temps d\u2019apprentissage des codes et ded processus du monde professionnel.<\/p>\n\n\n\n<p>Selon les informations, ce programme \u00ab Skills for Young Professionals\u00bb vise un partage d\u2019outils, de savoir-faire pour le d\u00e9veloppement de comp\u00e9tences et de connaissances n\u00e9cessaires \u00e0 des jeunes professionnels afin de les aider \u00e0 s\u2019adapter rapidement aux exigences du monde du travail, \u00e0 acc\u00e9l\u00e9rer leur courbe d\u2019apprentissage et am\u00e9liorer leur performance.<\/p>\n\n\n\n<p>\u00ab Concr\u00e8tement, les b\u00e9n\u00e9ficiaires suivront des modules portant sur le \u00ab Problem solving \u00bb, le design thinking, la culture du feedback, la Deliverology, le travail en \u00e9quipe, la gestion de projet, le slide making, le storytelling, la r\u00e9daction administrative, le Professional branding, la communication strat\u00e9gique\u2026 En addition \u00e0 ces sessions, les b\u00e9n\u00e9ficiaires seront entretenus par des personnalit\u00e9s justifiant d\u2019exp\u00e9riences av\u00e9r\u00e9es \u00e0 \u00e9changer sous forme de partage d\u2019exp\u00e9riences \u00bb, souligne les premiers responsables du Youth for Youth.<\/p>\n\n\n\n<p>Pour information, cette association avait d\u00e9j\u00e0 lanc\u00e9 le programme Skills For Youth qui visait \u00e0 former les \u00e9tudiants sur les softs skills afin de booster leur comp\u00e9titivit\u00e9 sur le march\u00e9 de l\u2019emploi. Puis, pour booster les jeunes femmes inscrites dans les fili\u00e8res STEM et inciter les autres \u00e0 s\u2019orienter vers ces fili\u00e8res. L\u2019association a lanc\u00e9 ensuite le Skills For Young STEM Ladies, deux programmes en partenariat avec l\u2019Universit\u00e9 de Lom\u00e9. En partenariat avec l\u2019\u00c9cole Nationale d\u2019Administration, la m\u00eame formation en soft skills a \u00e9t\u00e9 organis\u00e9e pour les \u00e9tudiants de ladite \u00e9cole et par ailleurs, ce programme a le potentiel de devenir un cadre d\u2019\u00e9changes, de r\u00e9seautage, de partage d\u2019exp\u00e9riences et de bonnes pratiques pour et entre les jeunes.<\/p>\n\n\n\n<p><strong><em>Pour tous besoins\/conseils, nous contacter au tel.90213091\/e-mail: lepointactu07@gmail.com<\/em><\/strong><\/p>\n","protected":false},"excerpt":{"rendered":"<p>Les initiatives en mati\u00e8re d&rsquo;exp\u00e9rience professionnelle et d&#8217;emplois dignes ne manquent pas. Dans cet \u00e9lan, l&rsquo;association \u2018\u2019Youth for Youth\u2019\u2019, en<\/p>\n","protected":false},"author":2,"featured_media":1759,"comment_status":"open","ping_status":"closed","sticky":false,"template":"","format":"standard","meta":{"footnotes":""},"categories":[1],"tags":[],"class_list":["post-1758","post","type-post","status-publish","format-standard","has-post-thumbnail","hentry","category-societe"],"yoast_head":"<!-- This site is optimized with the Yoast SEO plugin v23.9 - https:\/\/yoast.com\/wordpress\/plugins\/seo\/ -->\n<title>Togo: Skills for Young Professionals face au probl\u00e8me d\u2019exp\u00e9riences professionnelles -<\/title>\n<meta name=\"robots\" content=\"index, follow, max-snippet:-1, max-image-preview:large, max-video-preview:-1\" \/>\n<link rel=\"canonical\" href=\"https:\/\/lepoint-actu.tg\/index.php\/2023\/04\/26\/togo-skills-for-young-professionals-face-au-probleme-dexperiences-professionnelles\/\" \/>\n<meta property=\"og:locale\" content=\"fr_FR\" \/>\n<meta property=\"og:type\" content=\"article\" \/>\n<meta property=\"og:title\" content=\"Togo: Skills for Young Professionals face au probl\u00e8me d\u2019exp\u00e9riences professionnelles -\" \/>\n<meta property=\"og:description\" content=\"Les initiatives en mati\u00e8re d&rsquo;exp\u00e9rience professionnelle et d&#8217;emplois dignes ne manquent pas. Dans cet \u00e9lan, l&rsquo;association \u2018\u2019Youth for Youth\u2019\u2019, en\" \/>\n<meta property=\"og:url\" content=\"https:\/\/lepoint-actu.tg\/index.php\/2023\/04\/26\/togo-skills-for-young-professionals-face-au-probleme-dexperiences-professionnelles\/\" \/>\n<meta property=\"article:published_time\" content=\"2023-04-26T07:58:00+00:00\" \/>\n<meta property=\"article:modified_time\" content=\"2023-05-19T08:00:39+00:00\" \/>\n<meta property=\"og:image\" content=\"https:\/\/lepoint-actu.tg\/wp-content\/uploads\/2023\/05\/delegue.jpg\" \/>\n\t<meta property=\"og:image:width\" content=\"965\" \/>\n\t<meta property=\"og:image:height\" content=\"699\" \/>\n\t<meta property=\"og:image:type\" content=\"image\/jpeg\" \/>\n<meta name=\"author\" content=\"La Redaction\" \/>\n<meta name=\"twitter:card\" content=\"summary_large_image\" \/>\n<meta name=\"twitter:label1\" content=\"\u00c9crit par\" \/>\n\t<meta name=\"twitter:data1\" content=\"La Redaction\" \/>\n\t<meta name=\"twitter:label2\" content=\"Dur\u00e9e de lecture estim\u00e9e\" \/>\n\t<meta name=\"twitter:data2\" content=\"2 minutes\" \/>\n<script type=\"application\/ld+json\" class=\"yoast-schema-graph\">{\"@context\":\"https:\/\/schema.org\",\"@graph\":[{\"@type\":\"WebPage\",\"@id\":\"https:\/\/lepoint-actu.tg\/index.php\/2023\/04\/26\/togo-skills-for-young-professionals-face-au-probleme-dexperiences-professionnelles\/\",\"url\":\"https:\/\/lepoint-actu.tg\/index.php\/2023\/04\/26\/togo-skills-for-young-professionals-face-au-probleme-dexperiences-professionnelles\/\",\"name\":\"Togo: Skills for Young Professionals face au probl\u00e8me d\u2019exp\u00e9riences professionnelles -\",\"isPartOf\":{\"@id\":\"https:\/\/lepoint-actu.tg\/#website\"},\"primaryImageOfPage\":{\"@id\":\"https:\/\/lepoint-actu.tg\/index.php\/2023\/04\/26\/togo-skills-for-young-professionals-face-au-probleme-dexperiences-professionnelles\/#primaryimage\"},\"image\":{\"@id\":\"https:\/\/lepoint-actu.tg\/index.php\/2023\/04\/26\/togo-skills-for-young-professionals-face-au-probleme-dexperiences-professionnelles\/#primaryimage\"},\"thumbnailUrl\":\"https:\/\/lepoint-actu.tg\/wp-content\/uploads\/2023\/05\/delegue.jpg\",\"datePublished\":\"2023-04-26T07:58:00+00:00\",\"dateModified\":\"2023-05-19T08:00:39+00:00\",\"author\":{\"@id\":\"https:\/\/lepoint-actu.tg\/#\/schema\/person\/e4026d66cbdc205cab83e169ab7eaca1\"},\"breadcrumb\":{\"@id\":\"https:\/\/lepoint-actu.tg\/index.php\/2023\/04\/26\/togo-skills-for-young-professionals-face-au-probleme-dexperiences-professionnelles\/#breadcrumb\"},\"inLanguage\":\"fr-FR\",\"potentialAction\":[{\"@type\":\"ReadAction\",\"target\":[\"https:\/\/lepoint-actu.tg\/index.php\/2023\/04\/26\/togo-skills-for-young-professionals-face-au-probleme-dexperiences-professionnelles\/\"]}]},{\"@type\":\"ImageObject\",\"inLanguage\":\"fr-FR\",\"@id\":\"https:\/\/lepoint-actu.tg\/index.php\/2023\/04\/26\/togo-skills-for-young-professionals-face-au-probleme-dexperiences-professionnelles\/#primaryimage\",\"url\":\"https:\/\/lepoint-actu.tg\/wp-content\/uploads\/2023\/05\/delegue.jpg\",\"contentUrl\":\"https:\/\/lepoint-actu.tg\/wp-content\/uploads\/2023\/05\/delegue.jpg\",\"width\":965,\"height\":699},{\"@type\":\"BreadcrumbList\",\"@id\":\"https:\/\/lepoint-actu.tg\/index.php\/2023\/04\/26\/togo-skills-for-young-professionals-face-au-probleme-dexperiences-professionnelles\/#breadcrumb\",\"itemListElement\":[{\"@type\":\"ListItem\",\"position\":1,\"name\":\"Accueil\",\"item\":\"https:\/\/lepoint-actu.tg\/\"},{\"@type\":\"ListItem\",\"position\":2,\"name\":\"Togo: Skills for Young Professionals face au probl\u00e8me d\u2019exp\u00e9riences professionnelles\"}]},{\"@type\":\"WebSite\",\"@id\":\"https:\/\/lepoint-actu.tg\/#website\",\"url\":\"https:\/\/lepoint-actu.tg\/\",\"name\":\"\",\"description\":\"R\u00e9c\u00e9piss\u00e9 N\u00b00022\/HAAC\/12-2020\/pL\/P, lepointactu07@gmail.com\",\"potentialAction\":[{\"@type\":\"SearchAction\",\"target\":{\"@type\":\"EntryPoint\",\"urlTemplate\":\"https:\/\/lepoint-actu.tg\/?s={search_term_string}\"},\"query-input\":{\"@type\":\"PropertyValueSpecification\",\"valueRequired\":true,\"valueName\":\"search_term_string\"}}],\"inLanguage\":\"fr-FR\"},{\"@type\":\"Person\",\"@id\":\"https:\/\/lepoint-actu.tg\/#\/schema\/person\/e4026d66cbdc205cab83e169ab7eaca1\",\"name\":\"La Redaction\",\"image\":{\"@type\":\"ImageObject\",\"inLanguage\":\"fr-FR\",\"@id\":\"https:\/\/lepoint-actu.tg\/#\/schema\/person\/image\/\",\"url\":\"https:\/\/secure.gravatar.com\/avatar\/1682a0ff7e2c36efa51c5d262eea092000ec1ce420118e6261440956730308c2?s=96&d=mm&r=g\",\"contentUrl\":\"https:\/\/secure.gravatar.com\/avatar\/1682a0ff7e2c36efa51c5d262eea092000ec1ce420118e6261440956730308c2?s=96&d=mm&r=g\",\"caption\":\"La Redaction\"},\"url\":\"https:\/\/lepoint-actu.tg\/index.php\/author\/raymondsama\/\"}]}<\/script>\n<!-- \/ Yoast SEO plugin. -->","yoast_head_json":{"title":"Togo: Skills for Young Professionals face au probl\u00e8me d\u2019exp\u00e9riences professionnelles -","robots":{"index":"index","follow":"follow","max-snippet":"max-snippet:-1","max-image-preview":"max-image-preview:large","max-video-preview":"max-video-preview:-1"},"canonical":"https:\/\/lepoint-actu.tg\/index.php\/2023\/04\/26\/togo-skills-for-young-professionals-face-au-probleme-dexperiences-professionnelles\/","og_locale":"fr_FR","og_type":"article","og_title":"Togo: Skills for Young Professionals face au probl\u00e8me d\u2019exp\u00e9riences professionnelles -","og_description":"Les initiatives en mati\u00e8re d&rsquo;exp\u00e9rience professionnelle et d&#8217;emplois dignes ne manquent pas. Dans cet \u00e9lan, l&rsquo;association \u2018\u2019Youth for Youth\u2019\u2019, en","og_url":"https:\/\/lepoint-actu.tg\/index.php\/2023\/04\/26\/togo-skills-for-young-professionals-face-au-probleme-dexperiences-professionnelles\/","article_published_time":"2023-04-26T07:58:00+00:00","article_modified_time":"2023-05-19T08:00:39+00:00","og_image":[{"width":965,"height":699,"url":"https:\/\/lepoint-actu.tg\/wp-content\/uploads\/2023\/05\/delegue.jpg","type":"image\/jpeg"}],"author":"La Redaction","twitter_card":"summary_large_image","twitter_misc":{"\u00c9crit par":"La Redaction","Dur\u00e9e de lecture estim\u00e9e":"2 minutes"},"schema":{"@context":"https:\/\/schema.org","@graph":[{"@type":"WebPage","@id":"https:\/\/lepoint-actu.tg\/index.php\/2023\/04\/26\/togo-skills-for-young-professionals-face-au-probleme-dexperiences-professionnelles\/","url":"https:\/\/lepoint-actu.tg\/index.php\/2023\/04\/26\/togo-skills-for-young-professionals-face-au-probleme-dexperiences-professionnelles\/","name":"Togo: Skills for Young Professionals face au probl\u00e8me d\u2019exp\u00e9riences professionnelles -","isPartOf":{"@id":"https:\/\/lepoint-actu.tg\/#website"},"primaryImageOfPage":{"@id":"https:\/\/lepoint-actu.tg\/index.php\/2023\/04\/26\/togo-skills-for-young-professionals-face-au-probleme-dexperiences-professionnelles\/#primaryimage"},"image":{"@id":"https:\/\/lepoint-actu.tg\/index.php\/2023\/04\/26\/togo-skills-for-young-professionals-face-au-probleme-dexperiences-professionnelles\/#primaryimage"},"thumbnailUrl":"https:\/\/lepoint-actu.tg\/wp-content\/uploads\/2023\/05\/delegue.jpg","datePublished":"2023-04-26T07:58:00+00:00","dateModified":"2023-05-19T08:00:39+00:00","author":{"@id":"https:\/\/lepoint-actu.tg\/#\/schema\/person\/e4026d66cbdc205cab83e169ab7eaca1"},"breadcrumb":{"@id":"https:\/\/lepoint-actu.tg\/index.php\/2023\/04\/26\/togo-skills-for-young-professionals-face-au-probleme-dexperiences-professionnelles\/#breadcrumb"},"inLanguage":"fr-FR","potentialAction":[{"@type":"ReadAction","target":["https:\/\/lepoint-actu.tg\/index.php\/2023\/04\/26\/togo-skills-for-young-professionals-face-au-probleme-dexperiences-professionnelles\/"]}]},{"@type":"ImageObject","inLanguage":"fr-FR","@id":"https:\/\/lepoint-actu.tg\/index.php\/2023\/04\/26\/togo-skills-for-young-professionals-face-au-probleme-dexperiences-professionnelles\/#primaryimage","url":"https:\/\/lepoint-actu.tg\/wp-content\/uploads\/2023\/05\/delegue.jpg","contentUrl":"https:\/\/lepoint-actu.tg\/wp-content\/uploads\/2023\/05\/delegue.jpg","width":965,"height":699},{"@type":"BreadcrumbList","@id":"https:\/\/lepoint-actu.tg\/index.php\/2023\/04\/26\/togo-skills-for-young-professionals-face-au-probleme-dexperiences-professionnelles\/#breadcrumb","itemListElement":[{"@type":"ListItem","position":1,"name":"Accueil","item":"https:\/\/lepoint-actu.tg\/"},{"@type":"ListItem","position":2,"name":"Togo: Skills for Young Professionals face au probl\u00e8me d\u2019exp\u00e9riences professionnelles"}]},{"@type":"WebSite","@id":"https:\/\/lepoint-actu.tg\/#website","url":"https:\/\/lepoint-actu.tg\/","name":"","description":"R\u00e9c\u00e9piss\u00e9 N\u00b00022\/HAAC\/12-2020\/pL\/P, lepointactu07@gmail.com","potentialAction":[{"@type":"SearchAction","target":{"@type":"EntryPoint","urlTemplate":"https:\/\/lepoint-actu.tg\/?s={search_term_string}"},"query-input":{"@type":"PropertyValueSpecification","valueRequired":true,"valueName":"search_term_string"}}],"inLanguage":"fr-FR"},{"@type":"Person","@id":"https:\/\/lepoint-actu.tg\/#\/schema\/person\/e4026d66cbdc205cab83e169ab7eaca1","name":"La Redaction","image":{"@type":"ImageObject","inLanguage":"fr-FR","@id":"https:\/\/lepoint-actu.tg\/#\/schema\/person\/image\/","url":"https:\/\/secure.gravatar.com\/avatar\/1682a0ff7e2c36efa51c5d262eea092000ec1ce420118e6261440956730308c2?s=96&d=mm&r=g","contentUrl":"https:\/\/secure.gravatar.com\/avatar\/1682a0ff7e2c36efa51c5d262eea092000ec1ce420118e6261440956730308c2?s=96&d=mm&r=g","caption":"La Redaction"},"url":"https:\/\/lepoint-actu.tg\/index.php\/author\/raymondsama\/"}]}},"_links":{"self":[{"href":"https:\/\/lepoint-actu.tg\/index.php\/wp-json\/wp\/v2\/posts\/1758","targetHints":{"allow":["GET"]}}],"collection":[{"href":"https:\/\/lepoint-actu.tg\/index.php\/wp-json\/wp\/v2\/posts"}],"about":[{"href":"https:\/\/lepoint-actu.tg\/index.php\/wp-json\/wp\/v2\/types\/post"}],"author":[{"embeddable":true,"href":"https:\/\/lepoint-actu.tg\/index.php\/wp-json\/wp\/v2\/users\/2"}],"replies":[{"embeddable":true,"href":"https:\/\/lepoint-actu.tg\/index.php\/wp-json\/wp\/v2\/comments?post=1758"}],"version-history":[{"count":1,"href":"https:\/\/lepoint-actu.tg\/index.php\/wp-json\/wp\/v2\/posts\/1758\/revisions"}],"predecessor-version":[{"id":1760,"href":"https:\/\/lepoint-actu.tg\/index.php\/wp-json\/wp\/v2\/posts\/1758\/revisions\/1760"}],"wp:featuredmedia":[{"embeddable":true,"href":"https:\/\/lepoint-actu.tg\/index.php\/wp-json\/wp\/v2\/media\/1759"}],"wp:attachment":[{"href":"https:\/\/lepoint-actu.tg\/index.php\/wp-json\/wp\/v2\/media?parent=1758"}],"wp:term":[{"taxonomy":"category","embeddable":true,"href":"https:\/\/lepoint-actu.tg\/index.php\/wp-json\/wp\/v2\/categories?post=1758"},{"taxonomy":"post_tag","embeddable":true,"href":"https:\/\/lepoint-actu.tg\/index.php\/wp-json\/wp\/v2\/tags?post=1758"}],"curies":[{"name":"wp","href":"https:\/\/api.w.org\/{rel}","templated":true}]}}