{"id":1761,"date":"2023-04-28T08:02:00","date_gmt":"2023-04-28T08:02:00","guid":{"rendered":"https:\/\/lepoint-actu.tg\/?p=1761"},"modified":"2023-05-19T08:04:29","modified_gmt":"2023-05-19T08:04:29","slug":"strategie-du-commerce-electronique-debattue-a-abidjan","status":"publish","type":"post","link":"https:\/\/lepoint-actu.tg\/index.php\/2023\/04\/28\/strategie-du-commerce-electronique-debattue-a-abidjan\/","title":{"rendered":"Strat\u00e9gie du commerce \u00e9lectronique d\u00e9battue \u00e0 Abidjan"},"content":{"rendered":"\n<p><br>Les Ministres du Commerce et de l\u2019Industrie de la CEDEAO se sont r\u00e9unis \u00e0 Abidjan dans la capitale ivoirienne pendant 2 jours. C&rsquo;est dans le cadre de la 3e r\u00e9union conjointe (ECOMOTI) qui a eu lieu \u00e0 Abidjan en C\u00f4te d\u2019Ivoire, les 27 et 28 avril 2023. \u00c0 l\u2019occasion de cette rencontre, les ministres venus des pays membres de la CEDEAO ont examin\u00e9 la Strat\u00e9gie de Commerce \u00c9lectronique de la CEDEAO, la Strat\u00e9gie de mise en \u0153uvre de la CEDEAO de l\u2019Accord portant sur la Zone de Libre-\u00e9change Continentale Africaine (ZLECAf) et la Directive sur la Protection des Consommateurs, a appris l\u2019Agence de presse togolaise AfreePress.<\/p>\n\n\n\n<p>Selon les informations, les Ministres en Charge du Commerce et de l\u2019Industrie de la CEDEAO, ont examin\u00e9 les principaux instruments commerciaux r\u00e9gionaux et discut\u00e9 des questions commerciales multilat\u00e9rales.<\/p>\n\n\n\n<p>La Directrice G\u00e9n\u00e9rale de l\u2019Organisation Mondiale du Commerce (OMC) \u00e9tait pr\u00e9sente \u00e0 l&rsquo;occasion des travaux. Cette r\u00e9union a propos\u00e9, selon les informations, une Table Ronde pour discuter des r\u00e9sultats de la 12e Conf\u00e9rence minist\u00e9rielle de l\u2019OMC (CM12) et des pr\u00e9paratifs de la CM13, qui devra se tenir en f\u00e9vrier 2024, \u00e0 Abu Dhabi, aux \u00c9mirats arabes unis.<\/p>\n\n\n\n<p><strong><em>Pour tous besoins, nous contacter au tel.90213091\/e-mail: lepointactu07@gmail.com<\/em><\/strong><\/p>\n","protected":false},"excerpt":{"rendered":"<p>Les Ministres du Commerce et de l\u2019Industrie de la CEDEAO se sont r\u00e9unis \u00e0 Abidjan dans la capitale ivoirienne pendant<\/p>\n","protected":false},"author":2,"featured_media":1762,"comment_status":"open","ping_status":"closed","sticky":false,"template":"","format":"standard","meta":{"footnotes":""},"categories":[4],"tags":[],"class_list":["post-1761","post","type-post","status-publish","format-standard","has-post-thumbnail","hentry","category-economie"],"yoast_head":"<!-- This site is optimized with the Yoast SEO plugin v23.9 - https:\/\/yoast.com\/wordpress\/plugins\/seo\/ -->\n<title>Strat\u00e9gie du commerce \u00e9lectronique d\u00e9battue \u00e0 Abidjan -<\/title>\n<meta name=\"robots\" content=\"index, follow, max-snippet:-1, max-image-preview:large, max-video-preview:-1\" \/>\n<link rel=\"canonical\" href=\"https:\/\/lepoint-actu.tg\/index.php\/2023\/04\/28\/strategie-du-commerce-electronique-debattue-a-abidjan\/\" \/>\n<meta property=\"og:locale\" content=\"fr_FR\" \/>\n<meta property=\"og:type\" content=\"article\" \/>\n<meta property=\"og:title\" content=\"Strat\u00e9gie du commerce \u00e9lectronique d\u00e9battue \u00e0 Abidjan -\" \/>\n<meta property=\"og:description\" content=\"Les Ministres du Commerce et de l\u2019Industrie de la CEDEAO se sont r\u00e9unis \u00e0 Abidjan dans la capitale ivoirienne pendant\" \/>\n<meta property=\"og:url\" content=\"https:\/\/lepoint-actu.tg\/index.php\/2023\/04\/28\/strategie-du-commerce-electronique-debattue-a-abidjan\/\" \/>\n<meta property=\"article:published_time\" content=\"2023-04-28T08:02:00+00:00\" \/>\n<meta property=\"article:modified_time\" content=\"2023-05-19T08:04:29+00:00\" \/>\n<meta property=\"og:image\" content=\"https:\/\/lepoint-actu.tg\/wp-content\/uploads\/2023\/05\/3ieme-reunion-conjointe-des-ministres-du-commerce-et-de-lindustrie-de-la-ce_vlnwf1mt6w.jpg\" \/>\n\t<meta property=\"og:image:width\" content=\"400\" \/>\n\t<meta property=\"og:image:height\" content=\"266\" \/>\n\t<meta property=\"og:image:type\" content=\"image\/jpeg\" \/>\n<meta name=\"author\" content=\"La Redaction\" \/>\n<meta name=\"twitter:card\" content=\"summary_large_image\" \/>\n<meta name=\"twitter:label1\" content=\"\u00c9crit par\" \/>\n\t<meta name=\"twitter:data1\" content=\"La Redaction\" \/>\n\t<meta name=\"twitter:label2\" content=\"Dur\u00e9e de lecture estim\u00e9e\" \/>\n\t<meta name=\"twitter:data2\" content=\"1 minute\" \/>\n<script type=\"application\/ld+json\" class=\"yoast-schema-graph\">{\"@context\":\"https:\/\/schema.org\",\"@graph\":[{\"@type\":\"WebPage\",\"@id\":\"https:\/\/lepoint-actu.tg\/index.php\/2023\/04\/28\/strategie-du-commerce-electronique-debattue-a-abidjan\/\",\"url\":\"https:\/\/lepoint-actu.tg\/index.php\/2023\/04\/28\/strategie-du-commerce-electronique-debattue-a-abidjan\/\",\"name\":\"Strat\u00e9gie du commerce \u00e9lectronique d\u00e9battue \u00e0 Abidjan -\",\"isPartOf\":{\"@id\":\"https:\/\/lepoint-actu.tg\/#website\"},\"primaryImageOfPage\":{\"@id\":\"https:\/\/lepoint-actu.tg\/index.php\/2023\/04\/28\/strategie-du-commerce-electronique-debattue-a-abidjan\/#primaryimage\"},\"image\":{\"@id\":\"https:\/\/lepoint-actu.tg\/index.php\/2023\/04\/28\/strategie-du-commerce-electronique-debattue-a-abidjan\/#primaryimage\"},\"thumbnailUrl\":\"https:\/\/lepoint-actu.tg\/wp-content\/uploads\/2023\/05\/3ieme-reunion-conjointe-des-ministres-du-commerce-et-de-lindustrie-de-la-ce_vlnwf1mt6w.jpg\",\"datePublished\":\"2023-04-28T08:02:00+00:00\",\"dateModified\":\"2023-05-19T08:04:29+00:00\",\"author\":{\"@id\":\"https:\/\/lepoint-actu.tg\/#\/schema\/person\/e4026d66cbdc205cab83e169ab7eaca1\"},\"breadcrumb\":{\"@id\":\"https:\/\/lepoint-actu.tg\/index.php\/2023\/04\/28\/strategie-du-commerce-electronique-debattue-a-abidjan\/#breadcrumb\"},\"inLanguage\":\"fr-FR\",\"potentialAction\":[{\"@type\":\"ReadAction\",\"target\":[\"https:\/\/lepoint-actu.tg\/index.php\/2023\/04\/28\/strategie-du-commerce-electronique-debattue-a-abidjan\/\"]}]},{\"@type\":\"ImageObject\",\"inLanguage\":\"fr-FR\",\"@id\":\"https:\/\/lepoint-actu.tg\/index.php\/2023\/04\/28\/strategie-du-commerce-electronique-debattue-a-abidjan\/#primaryimage\",\"url\":\"https:\/\/lepoint-actu.tg\/wp-content\/uploads\/2023\/05\/3ieme-reunion-conjointe-des-ministres-du-commerce-et-de-lindustrie-de-la-ce_vlnwf1mt6w.jpg\",\"contentUrl\":\"https:\/\/lepoint-actu.tg\/wp-content\/uploads\/2023\/05\/3ieme-reunion-conjointe-des-ministres-du-commerce-et-de-lindustrie-de-la-ce_vlnwf1mt6w.jpg\",\"width\":400,\"height\":266},{\"@type\":\"BreadcrumbList\",\"@id\":\"https:\/\/lepoint-actu.tg\/index.php\/2023\/04\/28\/strategie-du-commerce-electronique-debattue-a-abidjan\/#breadcrumb\",\"itemListElement\":[{\"@type\":\"ListItem\",\"position\":1,\"name\":\"Accueil\",\"item\":\"https:\/\/lepoint-actu.tg\/\"},{\"@type\":\"ListItem\",\"position\":2,\"name\":\"Strat\u00e9gie du commerce \u00e9lectronique d\u00e9battue \u00e0 Abidjan\"}]},{\"@type\":\"WebSite\",\"@id\":\"https:\/\/lepoint-actu.tg\/#website\",\"url\":\"https:\/\/lepoint-actu.tg\/\",\"name\":\"\",\"description\":\"R\u00e9c\u00e9piss\u00e9 N\u00b00022\/HAAC\/12-2020\/pL\/P, lepointactu07@gmail.com\",\"potentialAction\":[{\"@type\":\"SearchAction\",\"target\":{\"@type\":\"EntryPoint\",\"urlTemplate\":\"https:\/\/lepoint-actu.tg\/?s={search_term_string}\"},\"query-input\":{\"@type\":\"PropertyValueSpecification\",\"valueRequired\":true,\"valueName\":\"search_term_string\"}}],\"inLanguage\":\"fr-FR\"},{\"@type\":\"Person\",\"@id\":\"https:\/\/lepoint-actu.tg\/#\/schema\/person\/e4026d66cbdc205cab83e169ab7eaca1\",\"name\":\"La Redaction\",\"image\":{\"@type\":\"ImageObject\",\"inLanguage\":\"fr-FR\",\"@id\":\"https:\/\/lepoint-actu.tg\/#\/schema\/person\/image\/\",\"url\":\"https:\/\/secure.gravatar.com\/avatar\/1682a0ff7e2c36efa51c5d262eea092000ec1ce420118e6261440956730308c2?s=96&d=mm&r=g\",\"contentUrl\":\"https:\/\/secure.gravatar.com\/avatar\/1682a0ff7e2c36efa51c5d262eea092000ec1ce420118e6261440956730308c2?s=96&d=mm&r=g\",\"caption\":\"La Redaction\"},\"url\":\"https:\/\/lepoint-actu.tg\/index.php\/author\/raymondsama\/\"}]}<\/script>\n<!-- \/ Yoast SEO plugin. -->","yoast_head_json":{"title":"Strat\u00e9gie du commerce \u00e9lectronique d\u00e9battue \u00e0 Abidjan -","robots":{"index":"index","follow":"follow","max-snippet":"max-snippet:-1","max-image-preview":"max-image-preview:large","max-video-preview":"max-video-preview:-1"},"canonical":"https:\/\/lepoint-actu.tg\/index.php\/2023\/04\/28\/strategie-du-commerce-electronique-debattue-a-abidjan\/","og_locale":"fr_FR","og_type":"article","og_title":"Strat\u00e9gie du commerce \u00e9lectronique d\u00e9battue \u00e0 Abidjan -","og_description":"Les Ministres du Commerce et de l\u2019Industrie de la CEDEAO se sont r\u00e9unis \u00e0 Abidjan dans la capitale ivoirienne pendant","og_url":"https:\/\/lepoint-actu.tg\/index.php\/2023\/04\/28\/strategie-du-commerce-electronique-debattue-a-abidjan\/","article_published_time":"2023-04-28T08:02:00+00:00","article_modified_time":"2023-05-19T08:04:29+00:00","og_image":[{"width":400,"height":266,"url":"https:\/\/lepoint-actu.tg\/wp-content\/uploads\/2023\/05\/3ieme-reunion-conjointe-des-ministres-du-commerce-et-de-lindustrie-de-la-ce_vlnwf1mt6w.jpg","type":"image\/jpeg"}],"author":"La Redaction","twitter_card":"summary_large_image","twitter_misc":{"\u00c9crit par":"La Redaction","Dur\u00e9e de lecture estim\u00e9e":"1 minute"},"schema":{"@context":"https:\/\/schema.org","@graph":[{"@type":"WebPage","@id":"https:\/\/lepoint-actu.tg\/index.php\/2023\/04\/28\/strategie-du-commerce-electronique-debattue-a-abidjan\/","url":"https:\/\/lepoint-actu.tg\/index.php\/2023\/04\/28\/strategie-du-commerce-electronique-debattue-a-abidjan\/","name":"Strat\u00e9gie du commerce \u00e9lectronique d\u00e9battue \u00e0 Abidjan -","isPartOf":{"@id":"https:\/\/lepoint-actu.tg\/#website"},"primaryImageOfPage":{"@id":"https:\/\/lepoint-actu.tg\/index.php\/2023\/04\/28\/strategie-du-commerce-electronique-debattue-a-abidjan\/#primaryimage"},"image":{"@id":"https:\/\/lepoint-actu.tg\/index.php\/2023\/04\/28\/strategie-du-commerce-electronique-debattue-a-abidjan\/#primaryimage"},"thumbnailUrl":"https:\/\/lepoint-actu.tg\/wp-content\/uploads\/2023\/05\/3ieme-reunion-conjointe-des-ministres-du-commerce-et-de-lindustrie-de-la-ce_vlnwf1mt6w.jpg","datePublished":"2023-04-28T08:02:00+00:00","dateModified":"2023-05-19T08:04:29+00:00","author":{"@id":"https:\/\/lepoint-actu.tg\/#\/schema\/person\/e4026d66cbdc205cab83e169ab7eaca1"},"breadcrumb":{"@id":"https:\/\/lepoint-actu.tg\/index.php\/2023\/04\/28\/strategie-du-commerce-electronique-debattue-a-abidjan\/#breadcrumb"},"inLanguage":"fr-FR","potentialAction":[{"@type":"ReadAction","target":["https:\/\/lepoint-actu.tg\/index.php\/2023\/04\/28\/strategie-du-commerce-electronique-debattue-a-abidjan\/"]}]},{"@type":"ImageObject","inLanguage":"fr-FR","@id":"https:\/\/lepoint-actu.tg\/index.php\/2023\/04\/28\/strategie-du-commerce-electronique-debattue-a-abidjan\/#primaryimage","url":"https:\/\/lepoint-actu.tg\/wp-content\/uploads\/2023\/05\/3ieme-reunion-conjointe-des-ministres-du-commerce-et-de-lindustrie-de-la-ce_vlnwf1mt6w.jpg","contentUrl":"https:\/\/lepoint-actu.tg\/wp-content\/uploads\/2023\/05\/3ieme-reunion-conjointe-des-ministres-du-commerce-et-de-lindustrie-de-la-ce_vlnwf1mt6w.jpg","width":400,"height":266},{"@type":"BreadcrumbList","@id":"https:\/\/lepoint-actu.tg\/index.php\/2023\/04\/28\/strategie-du-commerce-electronique-debattue-a-abidjan\/#breadcrumb","itemListElement":[{"@type":"ListItem","position":1,"name":"Accueil","item":"https:\/\/lepoint-actu.tg\/"},{"@type":"ListItem","position":2,"name":"Strat\u00e9gie du commerce \u00e9lectronique d\u00e9battue \u00e0 Abidjan"}]},{"@type":"WebSite","@id":"https:\/\/lepoint-actu.tg\/#website","url":"https:\/\/lepoint-actu.tg\/","name":"","description":"R\u00e9c\u00e9piss\u00e9 N\u00b00022\/HAAC\/12-2020\/pL\/P, lepointactu07@gmail.com","potentialAction":[{"@type":"SearchAction","target":{"@type":"EntryPoint","urlTemplate":"https:\/\/lepoint-actu.tg\/?s={search_term_string}"},"query-input":{"@type":"PropertyValueSpecification","valueRequired":true,"valueName":"search_term_string"}}],"inLanguage":"fr-FR"},{"@type":"Person","@id":"https:\/\/lepoint-actu.tg\/#\/schema\/person\/e4026d66cbdc205cab83e169ab7eaca1","name":"La Redaction","image":{"@type":"ImageObject","inLanguage":"fr-FR","@id":"https:\/\/lepoint-actu.tg\/#\/schema\/person\/image\/","url":"https:\/\/secure.gravatar.com\/avatar\/1682a0ff7e2c36efa51c5d262eea092000ec1ce420118e6261440956730308c2?s=96&d=mm&r=g","contentUrl":"https:\/\/secure.gravatar.com\/avatar\/1682a0ff7e2c36efa51c5d262eea092000ec1ce420118e6261440956730308c2?s=96&d=mm&r=g","caption":"La Redaction"},"url":"https:\/\/lepoint-actu.tg\/index.php\/author\/raymondsama\/"}]}},"_links":{"self":[{"href":"https:\/\/lepoint-actu.tg\/index.php\/wp-json\/wp\/v2\/posts\/1761","targetHints":{"allow":["GET"]}}],"collection":[{"href":"https:\/\/lepoint-actu.tg\/index.php\/wp-json\/wp\/v2\/posts"}],"about":[{"href":"https:\/\/lepoint-actu.tg\/index.php\/wp-json\/wp\/v2\/types\/post"}],"author":[{"embeddable":true,"href":"https:\/\/lepoint-actu.tg\/index.php\/wp-json\/wp\/v2\/users\/2"}],"replies":[{"embeddable":true,"href":"https:\/\/lepoint-actu.tg\/index.php\/wp-json\/wp\/v2\/comments?post=1761"}],"version-history":[{"count":1,"href":"https:\/\/lepoint-actu.tg\/index.php\/wp-json\/wp\/v2\/posts\/1761\/revisions"}],"predecessor-version":[{"id":1763,"href":"https:\/\/lepoint-actu.tg\/index.php\/wp-json\/wp\/v2\/posts\/1761\/revisions\/1763"}],"wp:featuredmedia":[{"embeddable":true,"href":"https:\/\/lepoint-actu.tg\/index.php\/wp-json\/wp\/v2\/media\/1762"}],"wp:attachment":[{"href":"https:\/\/lepoint-actu.tg\/index.php\/wp-json\/wp\/v2\/media?parent=1761"}],"wp:term":[{"taxonomy":"category","embeddable":true,"href":"https:\/\/lepoint-actu.tg\/index.php\/wp-json\/wp\/v2\/categories?post=1761"},{"taxonomy":"post_tag","embeddable":true,"href":"https:\/\/lepoint-actu.tg\/index.php\/wp-json\/wp\/v2\/tags?post=1761"}],"curies":[{"name":"wp","href":"https:\/\/api.w.org\/{rel}","templated":true}]}}