{"id":1764,"date":"2023-04-27T08:06:00","date_gmt":"2023-04-27T08:06:00","guid":{"rendered":"https:\/\/lepoint-actu.tg\/?p=1764"},"modified":"2023-05-19T08:08:17","modified_gmt":"2023-05-19T08:08:17","slug":"les-togolais-doivent-sattendre-a-un-combat-long-propos-de-faure-gnassingbe","status":"publish","type":"post","link":"https:\/\/lepoint-actu.tg\/index.php\/2023\/04\/27\/les-togolais-doivent-sattendre-a-un-combat-long-propos-de-faure-gnassingbe\/","title":{"rendered":"\u00ab Les Togolais doivent s\u2019attendre \u00e0 un combat long\u2026 \u00bb, propos de Faure Gnassingb\u00e9"},"content":{"rendered":"\n<p><br>Le 27 avril 2023 qui n&rsquo;est autre que le jour de la comm\u00e9moration du 63e anniversaire de l&rsquo;ind\u00e9pendance du Togo a \u00e9t\u00e9 l&rsquo;occasion pour le num\u00e9ro 1 du pays, Faure Gnassingb\u00e9, de parler \u00e0 son peuple via un entretien accord\u00e9 \u00e0 la cha\u00eene de t\u00e9l\u00e9vision New World TV. Il a fait le tour de l&rsquo;actualit\u00e9 sans langue de bois.<\/p>\n\n\n\n<p>En lieu et place de son discours habituel, le Pr\u00e9sident Gnassingb\u00e9 a pr\u00e9f\u00e9r\u00e9 un format questions-r\u00e9ponses avec des journalistes de la cha\u00eene de t\u00e9l\u00e9vision New World TV. Une premi\u00e8re depuis son accession \u00e0 la magistrature supr\u00eame.<\/p>\n\n\n\n<p>\u00ab J\u2019ai entendu les reproches qu\u2019on me faisait sur l\u2019absence d\u2019entretiens avec les m\u00e9dias du pays. J\u2019avais l\u2019habitude de faire un discours. J\u2019ai d\u00e9cid\u00e9 cette fois-ci de rompre avec cette tradition pour avoir un \u00e9change un peu plus vivant \u00bb, a d\u00e9clar\u00e9 le Pr\u00e9sident Faure Gnassingb\u00e9 en introduction de ses propos, avant de se pr\u00eater au jeu.<\/p>\n\n\n\n<p>Les d\u00e9fis s\u00e9curitaires, la chert\u00e9 de la vie, les plans pour le d\u00e9veloppement de l\u2019agriculture, les defis \u00e9conomiques, ainsi que les prochaines \u00e9lections, ont \u00e9t\u00e9 au c\u0153ur de cet entretien avec le pr\u00e9sident de la R\u00e9publique.<\/p>\n\n\n\n<p>Sur la question s\u00e9curitaire, le Pr\u00e9sident Faure Gnassingb\u00e9 a de nouveau condamn\u00e9 avec la derni\u00e8re vigueur, les attaques terroristes enregistr\u00e9es dans le nord du Togo depuis plus de deux ans, et rassur\u00e9 ses compatriotes sur sa ferme volont\u00e9 \u00e0 mettre tout en \u0153uvre pour venir \u00e0 bout de ce ph\u00e9nom\u00e8ne.<\/p>\n\n\n\n<p>\u00ab Aujourd\u2019hui, ce qui nous arrive est une forme d\u2019agression de deux groupes. L\u2019un s\u2019appelle l\u2019\u00c9tat islamique au grand Sahara, et l\u2019autre le groupe de soutien \u00e0 l\u2019islam et aux musulmans. Deux organisations terroristes qui attaquent notre pays et avant notre pays, ont attaqu\u00e9 les pays de la sous-r\u00e9gion. Cette attaque est une forme de guerre parce que le Togo a toujours \u00e9t\u00e9 pacifique et cela a toujours \u00e9t\u00e9 notre volont\u00e9 de vivre en bonne intelligence avec nos voisins et d\u2019accueillir avec beaucoup d\u2019hospitalit\u00e9 et de gentillesse, ceux qui viennent vers nous. Mais nous avons une obligation, c\u2019est de d\u00e9fendre notre pays. Depuis cette attaque, nous avons pay\u00e9 un prix lourd, notamment les forces de d\u00e9fense et de s\u00e9curit\u00e9 qui ont perdu \u00e0 peu pr\u00e8s une quarantaine d\u2019hommes, et malheureusement des victimes civiles qui viennent s\u2019ajouter et qui sont \u00e0 peu pr\u00e8s une centaine dans notre pays. Donc ce n\u2019est pas exag\u00e9r\u00e9 de parler de guerre. Ce n\u2019est pas une guerre continue, mais ce sont des attaques meurtri\u00e8res de destruction, des familles endeuill\u00e9es \u00bb, a-t-il d\u00e9plor\u00e9.<\/p>\n\n\n\n<p>Apr\u00e8s avoir expos\u00e9 la strat\u00e9gie du gouvernement face \u00e0 cette situation ainsi que son appui aux populations touch\u00e9es par ces attaques, le Pr\u00e9sident a invit\u00e9 l\u2019ensemble de la population \u00e0 la vigilance et \u00e0 jouer sa partition pour venir \u00e0 bout de cette guerre asym\u00e9trique.<\/p>\n\n\n\n<p>\u00ab Pour contrer ces genres d\u2019attaques, on doit \u00eatre vigilant (\u2026). Les Togolais doivent s\u2019attendre \u00e0 un long combat avec des p\u00e9riodes de drames, parce que c\u2019est in\u00e9vitable quand il y a la guerre. Mais je peux rassurer mes compatriotes qu\u2019au bout, il y aura la victoire. Nous sommes d\u00e9termin\u00e9s \u00e0 r\u00e9duire ces bandes arm\u00e9es \u00bb, a-t-il ajout\u00e9.<\/p>\n\n\n\n<p>Lire Aussi : Journ\u00e9e mondiale contre la peine de mort : La CNDH pr\u00e9occup\u00e9e par la r\u00e9surgence d\u2019un ph\u00e9nom\u00e8ne qui s\u2019apparente \u00e0 la peine de mort<br>Inline Related Posts<br>Se pronon\u00e7ant sur le sujet de la chert\u00e9 de la vie, le Chef de l\u2019Etat a rappel\u00e9 les origines du ph\u00e9nom\u00e8ne et les efforts d\u00e9ploy\u00e9s par le gouvernement pour att\u00e9nuer son impact sur la vie des populations.<\/p>\n\n\n\n<p>L\u2019une des options pour r\u00e9duire l\u2019impact de l\u2019inflation, a-t-il fait observer, est de \u00ab produire davantage pour \u00eatre moins d\u00e9pendant de l\u2019ext\u00e9rieur en mati\u00e8re de produits alimentaires \u00bb. Pour lui, c\u2019est justement cette option qui justifie les actions du gouvernement en faveur de l\u2019agriculture.<\/p>\n\n\n\n<p>\u00ab Une bonne partie du ph\u00e9nom\u00e8ne trouve sa solution ici sur le sol togolais. Je pense que nous cr\u00e9ons les conditions pour que l\u2019agriculture ne soit plus ce m\u00e9tier p\u00e9nible \u00bb, a-t-il fait savoir.<\/p>\n\n\n\n<p>Il a aussi fait part du probl\u00e8me de la transhumance qui devient une pr\u00e9occupation pour la population en raison des conflits qu\u2019elle engendre chaque ann\u00e9e. Il a rassur\u00e9 les Togolais sur le fait que des mesures idoines sont en train d\u2019\u00eatre prises pour r\u00e9glementer d\u00e9finitivement la transhumance dans le pays.<\/p>\n\n\n\n<p>\u00ab La solution transitoire que nous avons trouv\u00e9e, c\u2019est de cr\u00e9er des parcs o\u00f9 il y aura tout pour les b\u00e9tails \u00bb, a fait savoir le Chef de l\u2019Etat.<\/p>\n\n\n\n<p>Le Pr\u00e9sident a termin\u00e9 son entretien en souhaitant une bonne f\u00eate d\u2019ind\u00e9pendance \u00e0 tous ses compatriotes tout en les invitant \u00e0 renouveler leur engagement pour le d\u00e9veloppement de la nation.<\/p>\n\n\n\n<p>\u00ab Pour moi, la c\u00e9l\u00e9bration de l\u2019ind\u00e9pendance est une fiert\u00e9, c\u2019est de la reconnaissance pour ceux qui se sont battus pour qu\u2019on ait cette ind\u00e9pendance. Mais c\u2019est aussi le moment de faire le bilan et essayer de se dire qu\u2019on doit aller dans le sens du progr\u00e8s \u00bb, a-t-il martel\u00e9.<\/p>\n\n\n\n<p><strong><em>Nous contacter pour tous besoins au tel.90213091\/e-mail: lepointactu07@gmail.com<\/em><\/strong><\/p>\n","protected":false},"excerpt":{"rendered":"<p>Le 27 avril 2023 qui n&rsquo;est autre que le jour de la comm\u00e9moration du 63e anniversaire de l&rsquo;ind\u00e9pendance du Togo<\/p>\n","protected":false},"author":2,"featured_media":1765,"comment_status":"open","ping_status":"closed","sticky":false,"template":"","format":"standard","meta":{"footnotes":""},"categories":[1],"tags":[],"class_list":["post-1764","post","type-post","status-publish","format-standard","has-post-thumbnail","hentry","category-societe"],"yoast_head":"<!-- This site is optimized with the Yoast SEO plugin v23.9 - https:\/\/yoast.com\/wordpress\/plugins\/seo\/ -->\n<title>\u00ab Les Togolais doivent s\u2019attendre \u00e0 un combat long\u2026 \u00bb, propos de Faure Gnassingb\u00e9 -<\/title>\n<meta name=\"robots\" content=\"index, follow, max-snippet:-1, max-image-preview:large, max-video-preview:-1\" \/>\n<link rel=\"canonical\" href=\"https:\/\/lepoint-actu.tg\/index.php\/2023\/04\/27\/les-togolais-doivent-sattendre-a-un-combat-long-propos-de-faure-gnassingbe\/\" \/>\n<meta property=\"og:locale\" content=\"fr_FR\" \/>\n<meta property=\"og:type\" content=\"article\" \/>\n<meta property=\"og:title\" content=\"\u00ab Les Togolais doivent s\u2019attendre \u00e0 un combat long\u2026 \u00bb, propos de Faure Gnassingb\u00e9 -\" \/>\n<meta property=\"og:description\" content=\"Le 27 avril 2023 qui n&rsquo;est autre que le jour de la comm\u00e9moration du 63e anniversaire de l&rsquo;ind\u00e9pendance du Togo\" \/>\n<meta property=\"og:url\" content=\"https:\/\/lepoint-actu.tg\/index.php\/2023\/04\/27\/les-togolais-doivent-sattendre-a-un-combat-long-propos-de-faure-gnassingbe\/\" \/>\n<meta property=\"article:published_time\" content=\"2023-04-27T08:06:00+00:00\" \/>\n<meta property=\"article:modified_time\" content=\"2023-05-19T08:08:17+00:00\" \/>\n<meta property=\"og:image\" content=\"https:\/\/lepoint-actu.tg\/wp-content\/uploads\/2023\/05\/faure_interview_tvt.jpg\" \/>\n\t<meta property=\"og:image:width\" content=\"640\" \/>\n\t<meta property=\"og:image:height\" content=\"427\" \/>\n\t<meta property=\"og:image:type\" content=\"image\/jpeg\" \/>\n<meta name=\"author\" content=\"La Redaction\" \/>\n<meta name=\"twitter:card\" content=\"summary_large_image\" \/>\n<meta name=\"twitter:label1\" content=\"\u00c9crit par\" \/>\n\t<meta name=\"twitter:data1\" content=\"La Redaction\" \/>\n\t<meta name=\"twitter:label2\" content=\"Dur\u00e9e de lecture estim\u00e9e\" \/>\n\t<meta name=\"twitter:data2\" content=\"5 minutes\" \/>\n<script type=\"application\/ld+json\" class=\"yoast-schema-graph\">{\"@context\":\"https:\/\/schema.org\",\"@graph\":[{\"@type\":\"WebPage\",\"@id\":\"https:\/\/lepoint-actu.tg\/index.php\/2023\/04\/27\/les-togolais-doivent-sattendre-a-un-combat-long-propos-de-faure-gnassingbe\/\",\"url\":\"https:\/\/lepoint-actu.tg\/index.php\/2023\/04\/27\/les-togolais-doivent-sattendre-a-un-combat-long-propos-de-faure-gnassingbe\/\",\"name\":\"\u00ab Les Togolais doivent s\u2019attendre \u00e0 un combat long\u2026 \u00bb, propos de Faure Gnassingb\u00e9 -\",\"isPartOf\":{\"@id\":\"https:\/\/lepoint-actu.tg\/#website\"},\"primaryImageOfPage\":{\"@id\":\"https:\/\/lepoint-actu.tg\/index.php\/2023\/04\/27\/les-togolais-doivent-sattendre-a-un-combat-long-propos-de-faure-gnassingbe\/#primaryimage\"},\"image\":{\"@id\":\"https:\/\/lepoint-actu.tg\/index.php\/2023\/04\/27\/les-togolais-doivent-sattendre-a-un-combat-long-propos-de-faure-gnassingbe\/#primaryimage\"},\"thumbnailUrl\":\"https:\/\/lepoint-actu.tg\/wp-content\/uploads\/2023\/05\/faure_interview_tvt.jpg\",\"datePublished\":\"2023-04-27T08:06:00+00:00\",\"dateModified\":\"2023-05-19T08:08:17+00:00\",\"author\":{\"@id\":\"https:\/\/lepoint-actu.tg\/#\/schema\/person\/e4026d66cbdc205cab83e169ab7eaca1\"},\"breadcrumb\":{\"@id\":\"https:\/\/lepoint-actu.tg\/index.php\/2023\/04\/27\/les-togolais-doivent-sattendre-a-un-combat-long-propos-de-faure-gnassingbe\/#breadcrumb\"},\"inLanguage\":\"fr-FR\",\"potentialAction\":[{\"@type\":\"ReadAction\",\"target\":[\"https:\/\/lepoint-actu.tg\/index.php\/2023\/04\/27\/les-togolais-doivent-sattendre-a-un-combat-long-propos-de-faure-gnassingbe\/\"]}]},{\"@type\":\"ImageObject\",\"inLanguage\":\"fr-FR\",\"@id\":\"https:\/\/lepoint-actu.tg\/index.php\/2023\/04\/27\/les-togolais-doivent-sattendre-a-un-combat-long-propos-de-faure-gnassingbe\/#primaryimage\",\"url\":\"https:\/\/lepoint-actu.tg\/wp-content\/uploads\/2023\/05\/faure_interview_tvt.jpg\",\"contentUrl\":\"https:\/\/lepoint-actu.tg\/wp-content\/uploads\/2023\/05\/faure_interview_tvt.jpg\",\"width\":640,\"height\":427},{\"@type\":\"BreadcrumbList\",\"@id\":\"https:\/\/lepoint-actu.tg\/index.php\/2023\/04\/27\/les-togolais-doivent-sattendre-a-un-combat-long-propos-de-faure-gnassingbe\/#breadcrumb\",\"itemListElement\":[{\"@type\":\"ListItem\",\"position\":1,\"name\":\"Accueil\",\"item\":\"https:\/\/lepoint-actu.tg\/\"},{\"@type\":\"ListItem\",\"position\":2,\"name\":\"\u00ab Les Togolais doivent s\u2019attendre \u00e0 un combat long\u2026 \u00bb, propos de Faure Gnassingb\u00e9\"}]},{\"@type\":\"WebSite\",\"@id\":\"https:\/\/lepoint-actu.tg\/#website\",\"url\":\"https:\/\/lepoint-actu.tg\/\",\"name\":\"\",\"description\":\"R\u00e9c\u00e9piss\u00e9 N\u00b00022\/HAAC\/12-2020\/pL\/P, lepointactu07@gmail.com\",\"potentialAction\":[{\"@type\":\"SearchAction\",\"target\":{\"@type\":\"EntryPoint\",\"urlTemplate\":\"https:\/\/lepoint-actu.tg\/?s={search_term_string}\"},\"query-input\":{\"@type\":\"PropertyValueSpecification\",\"valueRequired\":true,\"valueName\":\"search_term_string\"}}],\"inLanguage\":\"fr-FR\"},{\"@type\":\"Person\",\"@id\":\"https:\/\/lepoint-actu.tg\/#\/schema\/person\/e4026d66cbdc205cab83e169ab7eaca1\",\"name\":\"La Redaction\",\"image\":{\"@type\":\"ImageObject\",\"inLanguage\":\"fr-FR\",\"@id\":\"https:\/\/lepoint-actu.tg\/#\/schema\/person\/image\/\",\"url\":\"https:\/\/secure.gravatar.com\/avatar\/1682a0ff7e2c36efa51c5d262eea092000ec1ce420118e6261440956730308c2?s=96&d=mm&r=g\",\"contentUrl\":\"https:\/\/secure.gravatar.com\/avatar\/1682a0ff7e2c36efa51c5d262eea092000ec1ce420118e6261440956730308c2?s=96&d=mm&r=g\",\"caption\":\"La Redaction\"},\"url\":\"https:\/\/lepoint-actu.tg\/index.php\/author\/raymondsama\/\"}]}<\/script>\n<!-- \/ Yoast SEO plugin. -->","yoast_head_json":{"title":"\u00ab Les Togolais doivent s\u2019attendre \u00e0 un combat long\u2026 \u00bb, propos de Faure Gnassingb\u00e9 -","robots":{"index":"index","follow":"follow","max-snippet":"max-snippet:-1","max-image-preview":"max-image-preview:large","max-video-preview":"max-video-preview:-1"},"canonical":"https:\/\/lepoint-actu.tg\/index.php\/2023\/04\/27\/les-togolais-doivent-sattendre-a-un-combat-long-propos-de-faure-gnassingbe\/","og_locale":"fr_FR","og_type":"article","og_title":"\u00ab Les Togolais doivent s\u2019attendre \u00e0 un combat long\u2026 \u00bb, propos de Faure Gnassingb\u00e9 -","og_description":"Le 27 avril 2023 qui n&rsquo;est autre que le jour de la comm\u00e9moration du 63e anniversaire de l&rsquo;ind\u00e9pendance du Togo","og_url":"https:\/\/lepoint-actu.tg\/index.php\/2023\/04\/27\/les-togolais-doivent-sattendre-a-un-combat-long-propos-de-faure-gnassingbe\/","article_published_time":"2023-04-27T08:06:00+00:00","article_modified_time":"2023-05-19T08:08:17+00:00","og_image":[{"width":640,"height":427,"url":"https:\/\/lepoint-actu.tg\/wp-content\/uploads\/2023\/05\/faure_interview_tvt.jpg","type":"image\/jpeg"}],"author":"La Redaction","twitter_card":"summary_large_image","twitter_misc":{"\u00c9crit par":"La Redaction","Dur\u00e9e de lecture estim\u00e9e":"5 minutes"},"schema":{"@context":"https:\/\/schema.org","@graph":[{"@type":"WebPage","@id":"https:\/\/lepoint-actu.tg\/index.php\/2023\/04\/27\/les-togolais-doivent-sattendre-a-un-combat-long-propos-de-faure-gnassingbe\/","url":"https:\/\/lepoint-actu.tg\/index.php\/2023\/04\/27\/les-togolais-doivent-sattendre-a-un-combat-long-propos-de-faure-gnassingbe\/","name":"\u00ab Les Togolais doivent s\u2019attendre \u00e0 un combat long\u2026 \u00bb, propos de Faure Gnassingb\u00e9 -","isPartOf":{"@id":"https:\/\/lepoint-actu.tg\/#website"},"primaryImageOfPage":{"@id":"https:\/\/lepoint-actu.tg\/index.php\/2023\/04\/27\/les-togolais-doivent-sattendre-a-un-combat-long-propos-de-faure-gnassingbe\/#primaryimage"},"image":{"@id":"https:\/\/lepoint-actu.tg\/index.php\/2023\/04\/27\/les-togolais-doivent-sattendre-a-un-combat-long-propos-de-faure-gnassingbe\/#primaryimage"},"thumbnailUrl":"https:\/\/lepoint-actu.tg\/wp-content\/uploads\/2023\/05\/faure_interview_tvt.jpg","datePublished":"2023-04-27T08:06:00+00:00","dateModified":"2023-05-19T08:08:17+00:00","author":{"@id":"https:\/\/lepoint-actu.tg\/#\/schema\/person\/e4026d66cbdc205cab83e169ab7eaca1"},"breadcrumb":{"@id":"https:\/\/lepoint-actu.tg\/index.php\/2023\/04\/27\/les-togolais-doivent-sattendre-a-un-combat-long-propos-de-faure-gnassingbe\/#breadcrumb"},"inLanguage":"fr-FR","potentialAction":[{"@type":"ReadAction","target":["https:\/\/lepoint-actu.tg\/index.php\/2023\/04\/27\/les-togolais-doivent-sattendre-a-un-combat-long-propos-de-faure-gnassingbe\/"]}]},{"@type":"ImageObject","inLanguage":"fr-FR","@id":"https:\/\/lepoint-actu.tg\/index.php\/2023\/04\/27\/les-togolais-doivent-sattendre-a-un-combat-long-propos-de-faure-gnassingbe\/#primaryimage","url":"https:\/\/lepoint-actu.tg\/wp-content\/uploads\/2023\/05\/faure_interview_tvt.jpg","contentUrl":"https:\/\/lepoint-actu.tg\/wp-content\/uploads\/2023\/05\/faure_interview_tvt.jpg","width":640,"height":427},{"@type":"BreadcrumbList","@id":"https:\/\/lepoint-actu.tg\/index.php\/2023\/04\/27\/les-togolais-doivent-sattendre-a-un-combat-long-propos-de-faure-gnassingbe\/#breadcrumb","itemListElement":[{"@type":"ListItem","position":1,"name":"Accueil","item":"https:\/\/lepoint-actu.tg\/"},{"@type":"ListItem","position":2,"name":"\u00ab Les Togolais doivent s\u2019attendre \u00e0 un combat long\u2026 \u00bb, propos de Faure Gnassingb\u00e9"}]},{"@type":"WebSite","@id":"https:\/\/lepoint-actu.tg\/#website","url":"https:\/\/lepoint-actu.tg\/","name":"","description":"R\u00e9c\u00e9piss\u00e9 N\u00b00022\/HAAC\/12-2020\/pL\/P, lepointactu07@gmail.com","potentialAction":[{"@type":"SearchAction","target":{"@type":"EntryPoint","urlTemplate":"https:\/\/lepoint-actu.tg\/?s={search_term_string}"},"query-input":{"@type":"PropertyValueSpecification","valueRequired":true,"valueName":"search_term_string"}}],"inLanguage":"fr-FR"},{"@type":"Person","@id":"https:\/\/lepoint-actu.tg\/#\/schema\/person\/e4026d66cbdc205cab83e169ab7eaca1","name":"La Redaction","image":{"@type":"ImageObject","inLanguage":"fr-FR","@id":"https:\/\/lepoint-actu.tg\/#\/schema\/person\/image\/","url":"https:\/\/secure.gravatar.com\/avatar\/1682a0ff7e2c36efa51c5d262eea092000ec1ce420118e6261440956730308c2?s=96&d=mm&r=g","contentUrl":"https:\/\/secure.gravatar.com\/avatar\/1682a0ff7e2c36efa51c5d262eea092000ec1ce420118e6261440956730308c2?s=96&d=mm&r=g","caption":"La Redaction"},"url":"https:\/\/lepoint-actu.tg\/index.php\/author\/raymondsama\/"}]}},"_links":{"self":[{"href":"https:\/\/lepoint-actu.tg\/index.php\/wp-json\/wp\/v2\/posts\/1764","targetHints":{"allow":["GET"]}}],"collection":[{"href":"https:\/\/lepoint-actu.tg\/index.php\/wp-json\/wp\/v2\/posts"}],"about":[{"href":"https:\/\/lepoint-actu.tg\/index.php\/wp-json\/wp\/v2\/types\/post"}],"author":[{"embeddable":true,"href":"https:\/\/lepoint-actu.tg\/index.php\/wp-json\/wp\/v2\/users\/2"}],"replies":[{"embeddable":true,"href":"https:\/\/lepoint-actu.tg\/index.php\/wp-json\/wp\/v2\/comments?post=1764"}],"version-history":[{"count":1,"href":"https:\/\/lepoint-actu.tg\/index.php\/wp-json\/wp\/v2\/posts\/1764\/revisions"}],"predecessor-version":[{"id":1766,"href":"https:\/\/lepoint-actu.tg\/index.php\/wp-json\/wp\/v2\/posts\/1764\/revisions\/1766"}],"wp:featuredmedia":[{"embeddable":true,"href":"https:\/\/lepoint-actu.tg\/index.php\/wp-json\/wp\/v2\/media\/1765"}],"wp:attachment":[{"href":"https:\/\/lepoint-actu.tg\/index.php\/wp-json\/wp\/v2\/media?parent=1764"}],"wp:term":[{"taxonomy":"category","embeddable":true,"href":"https:\/\/lepoint-actu.tg\/index.php\/wp-json\/wp\/v2\/categories?post=1764"},{"taxonomy":"post_tag","embeddable":true,"href":"https:\/\/lepoint-actu.tg\/index.php\/wp-json\/wp\/v2\/tags?post=1764"}],"curies":[{"name":"wp","href":"https:\/\/api.w.org\/{rel}","templated":true}]}}