{"id":1957,"date":"2023-06-27T18:45:09","date_gmt":"2023-06-27T18:45:09","guid":{"rendered":"https:\/\/lepoint-actu.tg\/?p=1957"},"modified":"2023-06-27T18:48:26","modified_gmt":"2023-06-27T18:48:26","slug":"agoe-nyive-1-un-projet-sportif-pour-les-jeunes-lance","status":"publish","type":"post","link":"https:\/\/lepoint-actu.tg\/index.php\/2023\/06\/27\/agoe-nyive-1-un-projet-sportif-pour-les-jeunes-lance\/","title":{"rendered":"Ago\u00e8-Nyiv\u00e9 1: Un projet sportif pour les jeunes lanc\u00e9"},"content":{"rendered":"\n<p><br>La pioche d\u2019un important projet sportif d\u00e9di\u00e9 aux jeunes a \u00e9t\u00e9 donn\u00e9e ce mardi 27 juin au c\u0153ur de la premi\u00e8re commune d&rsquo;Ago\u00e8-Nyiv\u00e9. \u0152uvre du maire Kovi Adanbounou et son \u00e9quipe, il s&rsquo;agit, selon les informations, de la construction d\u2019un terrain multisports pour les jeunes, un espace qui devra r\u00e9pondre aux demandes de plusieurs activit\u00e9s sportives.<\/p>\n\n\n\n<p>\u00abC&rsquo;est sur le terrain du lyc\u00e9e d\u2019Ago\u00e8 Centre que sera \u00e9rig\u00e9 cet espace libre d\u2019acc\u00e8s situ\u00e9 \u00e0 proximit\u00e9 pour la pratique de plusieurs sports gr\u00e2ce \u00e0 une seule et unique surface install\u00e9e\u00bb, informe-t-on.<\/p>\n\n\n\n<figure class=\"wp-block-image size-large\"><img loading=\"lazy\" decoding=\"async\" width=\"1024\" height=\"540\" src=\"https:\/\/lepoint-actu.tg\/wp-content\/uploads\/2023\/06\/lancement-1080x570-2-1024x540.jpg\" alt=\"\" class=\"wp-image-1960\" srcset=\"https:\/\/lepoint-actu.tg\/wp-content\/uploads\/2023\/06\/lancement-1080x570-2-1024x540.jpg 1024w, https:\/\/lepoint-actu.tg\/wp-content\/uploads\/2023\/06\/lancement-1080x570-2-300x158.jpg 300w, https:\/\/lepoint-actu.tg\/wp-content\/uploads\/2023\/06\/lancement-1080x570-2-768x405.jpg 768w, https:\/\/lepoint-actu.tg\/wp-content\/uploads\/2023\/06\/lancement-1080x570-2-390x205.jpg 390w, https:\/\/lepoint-actu.tg\/wp-content\/uploads\/2023\/06\/lancement-1080x570-2.jpg 1080w\" sizes=\"auto, (max-width: 1024px) 100vw, 1024px\" \/><\/figure>\n\n\n\n<p><br>\u00ab Ce projet s\u2019inscrit dans un grand programme rapport\u00e9 dans le Plan de d\u00e9veloppement de la commune. Il est un volet du projet EVA et a pour objectif d\u2019am\u00e9liorer le cadre de vie de la population d\u2019Ago\u00e8-Nyiv\u00e9 1 \u00bb, a d\u00e9clar\u00e9 \u00e0 l&rsquo;occasion, Limazi\u00e8 p\u00e9yebinesso, 2\u00e8me adjoint au Maire d\u2019Ago\u00e8-Nyiv\u00e9 1.<\/p>\n\n\n\n<figure class=\"wp-block-image size-full\"><img loading=\"lazy\" decoding=\"async\" width=\"750\" height=\"450\" src=\"https:\/\/lepoint-actu.tg\/wp-content\/uploads\/2023\/06\/AGOE.jpg\" alt=\"\" class=\"wp-image-1962\" srcset=\"https:\/\/lepoint-actu.tg\/wp-content\/uploads\/2023\/06\/AGOE.jpg 750w, https:\/\/lepoint-actu.tg\/wp-content\/uploads\/2023\/06\/AGOE-300x180.jpg 300w\" sizes=\"auto, (max-width: 750px) 100vw, 750px\" \/><\/figure>\n\n\n\n<p><br>La livraison de ce joyau est pr\u00e9vu pour fin ao\u00fbt de l&rsquo;ann\u00e9e en cours, selon les informations. Le football, le basketball, le handball, le tennis; chaque personne, enfant et adulte aura pour son compte dans ce complexe.<\/p>\n\n\n\n<p><strong><em>Nous contacter pour tous besoins au tel.93850463\/90213091\/e-mail: lepointactu07@gmail.com<\/em><\/strong><\/p>\n","protected":false},"excerpt":{"rendered":"<p>La pioche d\u2019un important projet sportif d\u00e9di\u00e9 aux jeunes a \u00e9t\u00e9 donn\u00e9e ce mardi 27 juin au c\u0153ur de la<\/p>\n","protected":false},"author":2,"featured_media":1958,"comment_status":"open","ping_status":"closed","sticky":false,"template":"","format":"standard","meta":{"footnotes":""},"categories":[1],"tags":[],"class_list":["post-1957","post","type-post","status-publish","format-standard","has-post-thumbnail","hentry","category-societe"],"yoast_head":"<!-- This site is optimized with the Yoast SEO plugin v23.9 - https:\/\/yoast.com\/wordpress\/plugins\/seo\/ -->\n<title>Ago\u00e8-Nyiv\u00e9 1: Un projet sportif pour les jeunes lanc\u00e9 -<\/title>\n<meta name=\"robots\" content=\"index, follow, max-snippet:-1, max-image-preview:large, max-video-preview:-1\" \/>\n<link rel=\"canonical\" href=\"https:\/\/lepoint-actu.tg\/index.php\/2023\/06\/27\/agoe-nyive-1-un-projet-sportif-pour-les-jeunes-lance\/\" \/>\n<meta property=\"og:locale\" content=\"fr_FR\" \/>\n<meta property=\"og:type\" content=\"article\" \/>\n<meta property=\"og:title\" content=\"Ago\u00e8-Nyiv\u00e9 1: Un projet sportif pour les jeunes lanc\u00e9 -\" \/>\n<meta property=\"og:description\" content=\"La pioche d\u2019un important projet sportif d\u00e9di\u00e9 aux jeunes a \u00e9t\u00e9 donn\u00e9e ce mardi 27 juin au c\u0153ur de la\" \/>\n<meta property=\"og:url\" content=\"https:\/\/lepoint-actu.tg\/index.php\/2023\/06\/27\/agoe-nyive-1-un-projet-sportif-pour-les-jeunes-lance\/\" \/>\n<meta property=\"article:published_time\" content=\"2023-06-27T18:45:09+00:00\" \/>\n<meta property=\"article:modified_time\" content=\"2023-06-27T18:48:26+00:00\" \/>\n<meta property=\"og:image\" content=\"https:\/\/lepoint-actu.tg\/wp-content\/uploads\/2023\/06\/lancement-1080x570-1.jpg\" \/>\n\t<meta property=\"og:image:width\" content=\"1080\" \/>\n\t<meta property=\"og:image:height\" content=\"570\" \/>\n\t<meta property=\"og:image:type\" content=\"image\/jpeg\" \/>\n<meta name=\"author\" content=\"La Redaction\" \/>\n<meta name=\"twitter:card\" content=\"summary_large_image\" \/>\n<meta name=\"twitter:label1\" content=\"\u00c9crit par\" \/>\n\t<meta name=\"twitter:data1\" content=\"La Redaction\" \/>\n\t<meta name=\"twitter:label2\" content=\"Dur\u00e9e de lecture estim\u00e9e\" \/>\n\t<meta name=\"twitter:data2\" content=\"1 minute\" \/>\n<script type=\"application\/ld+json\" class=\"yoast-schema-graph\">{\"@context\":\"https:\/\/schema.org\",\"@graph\":[{\"@type\":\"WebPage\",\"@id\":\"https:\/\/lepoint-actu.tg\/index.php\/2023\/06\/27\/agoe-nyive-1-un-projet-sportif-pour-les-jeunes-lance\/\",\"url\":\"https:\/\/lepoint-actu.tg\/index.php\/2023\/06\/27\/agoe-nyive-1-un-projet-sportif-pour-les-jeunes-lance\/\",\"name\":\"Ago\u00e8-Nyiv\u00e9 1: Un projet sportif pour les jeunes lanc\u00e9 -\",\"isPartOf\":{\"@id\":\"https:\/\/lepoint-actu.tg\/#website\"},\"primaryImageOfPage\":{\"@id\":\"https:\/\/lepoint-actu.tg\/index.php\/2023\/06\/27\/agoe-nyive-1-un-projet-sportif-pour-les-jeunes-lance\/#primaryimage\"},\"image\":{\"@id\":\"https:\/\/lepoint-actu.tg\/index.php\/2023\/06\/27\/agoe-nyive-1-un-projet-sportif-pour-les-jeunes-lance\/#primaryimage\"},\"thumbnailUrl\":\"https:\/\/lepoint-actu.tg\/wp-content\/uploads\/2023\/06\/lancement-1080x570-1.jpg\",\"datePublished\":\"2023-06-27T18:45:09+00:00\",\"dateModified\":\"2023-06-27T18:48:26+00:00\",\"author\":{\"@id\":\"https:\/\/lepoint-actu.tg\/#\/schema\/person\/e4026d66cbdc205cab83e169ab7eaca1\"},\"breadcrumb\":{\"@id\":\"https:\/\/lepoint-actu.tg\/index.php\/2023\/06\/27\/agoe-nyive-1-un-projet-sportif-pour-les-jeunes-lance\/#breadcrumb\"},\"inLanguage\":\"fr-FR\",\"potentialAction\":[{\"@type\":\"ReadAction\",\"target\":[\"https:\/\/lepoint-actu.tg\/index.php\/2023\/06\/27\/agoe-nyive-1-un-projet-sportif-pour-les-jeunes-lance\/\"]}]},{\"@type\":\"ImageObject\",\"inLanguage\":\"fr-FR\",\"@id\":\"https:\/\/lepoint-actu.tg\/index.php\/2023\/06\/27\/agoe-nyive-1-un-projet-sportif-pour-les-jeunes-lance\/#primaryimage\",\"url\":\"https:\/\/lepoint-actu.tg\/wp-content\/uploads\/2023\/06\/lancement-1080x570-1.jpg\",\"contentUrl\":\"https:\/\/lepoint-actu.tg\/wp-content\/uploads\/2023\/06\/lancement-1080x570-1.jpg\",\"width\":1080,\"height\":570},{\"@type\":\"BreadcrumbList\",\"@id\":\"https:\/\/lepoint-actu.tg\/index.php\/2023\/06\/27\/agoe-nyive-1-un-projet-sportif-pour-les-jeunes-lance\/#breadcrumb\",\"itemListElement\":[{\"@type\":\"ListItem\",\"position\":1,\"name\":\"Accueil\",\"item\":\"https:\/\/lepoint-actu.tg\/\"},{\"@type\":\"ListItem\",\"position\":2,\"name\":\"Ago\u00e8-Nyiv\u00e9 1: Un projet sportif pour les jeunes lanc\u00e9\"}]},{\"@type\":\"WebSite\",\"@id\":\"https:\/\/lepoint-actu.tg\/#website\",\"url\":\"https:\/\/lepoint-actu.tg\/\",\"name\":\"\",\"description\":\"R\u00e9c\u00e9piss\u00e9 N\u00b00022\/HAAC\/12-2020\/pL\/P, lepointactu07@gmail.com\",\"potentialAction\":[{\"@type\":\"SearchAction\",\"target\":{\"@type\":\"EntryPoint\",\"urlTemplate\":\"https:\/\/lepoint-actu.tg\/?s={search_term_string}\"},\"query-input\":{\"@type\":\"PropertyValueSpecification\",\"valueRequired\":true,\"valueName\":\"search_term_string\"}}],\"inLanguage\":\"fr-FR\"},{\"@type\":\"Person\",\"@id\":\"https:\/\/lepoint-actu.tg\/#\/schema\/person\/e4026d66cbdc205cab83e169ab7eaca1\",\"name\":\"La Redaction\",\"image\":{\"@type\":\"ImageObject\",\"inLanguage\":\"fr-FR\",\"@id\":\"https:\/\/lepoint-actu.tg\/#\/schema\/person\/image\/\",\"url\":\"https:\/\/secure.gravatar.com\/avatar\/1682a0ff7e2c36efa51c5d262eea092000ec1ce420118e6261440956730308c2?s=96&d=mm&r=g\",\"contentUrl\":\"https:\/\/secure.gravatar.com\/avatar\/1682a0ff7e2c36efa51c5d262eea092000ec1ce420118e6261440956730308c2?s=96&d=mm&r=g\",\"caption\":\"La Redaction\"},\"url\":\"https:\/\/lepoint-actu.tg\/index.php\/author\/raymondsama\/\"}]}<\/script>\n<!-- \/ Yoast SEO plugin. -->","yoast_head_json":{"title":"Ago\u00e8-Nyiv\u00e9 1: Un projet sportif pour les jeunes lanc\u00e9 -","robots":{"index":"index","follow":"follow","max-snippet":"max-snippet:-1","max-image-preview":"max-image-preview:large","max-video-preview":"max-video-preview:-1"},"canonical":"https:\/\/lepoint-actu.tg\/index.php\/2023\/06\/27\/agoe-nyive-1-un-projet-sportif-pour-les-jeunes-lance\/","og_locale":"fr_FR","og_type":"article","og_title":"Ago\u00e8-Nyiv\u00e9 1: Un projet sportif pour les jeunes lanc\u00e9 -","og_description":"La pioche d\u2019un important projet sportif d\u00e9di\u00e9 aux jeunes a \u00e9t\u00e9 donn\u00e9e ce mardi 27 juin au c\u0153ur de la","og_url":"https:\/\/lepoint-actu.tg\/index.php\/2023\/06\/27\/agoe-nyive-1-un-projet-sportif-pour-les-jeunes-lance\/","article_published_time":"2023-06-27T18:45:09+00:00","article_modified_time":"2023-06-27T18:48:26+00:00","og_image":[{"width":1080,"height":570,"url":"https:\/\/lepoint-actu.tg\/wp-content\/uploads\/2023\/06\/lancement-1080x570-1.jpg","type":"image\/jpeg"}],"author":"La Redaction","twitter_card":"summary_large_image","twitter_misc":{"\u00c9crit par":"La Redaction","Dur\u00e9e de lecture estim\u00e9e":"1 minute"},"schema":{"@context":"https:\/\/schema.org","@graph":[{"@type":"WebPage","@id":"https:\/\/lepoint-actu.tg\/index.php\/2023\/06\/27\/agoe-nyive-1-un-projet-sportif-pour-les-jeunes-lance\/","url":"https:\/\/lepoint-actu.tg\/index.php\/2023\/06\/27\/agoe-nyive-1-un-projet-sportif-pour-les-jeunes-lance\/","name":"Ago\u00e8-Nyiv\u00e9 1: Un projet sportif pour les jeunes lanc\u00e9 -","isPartOf":{"@id":"https:\/\/lepoint-actu.tg\/#website"},"primaryImageOfPage":{"@id":"https:\/\/lepoint-actu.tg\/index.php\/2023\/06\/27\/agoe-nyive-1-un-projet-sportif-pour-les-jeunes-lance\/#primaryimage"},"image":{"@id":"https:\/\/lepoint-actu.tg\/index.php\/2023\/06\/27\/agoe-nyive-1-un-projet-sportif-pour-les-jeunes-lance\/#primaryimage"},"thumbnailUrl":"https:\/\/lepoint-actu.tg\/wp-content\/uploads\/2023\/06\/lancement-1080x570-1.jpg","datePublished":"2023-06-27T18:45:09+00:00","dateModified":"2023-06-27T18:48:26+00:00","author":{"@id":"https:\/\/lepoint-actu.tg\/#\/schema\/person\/e4026d66cbdc205cab83e169ab7eaca1"},"breadcrumb":{"@id":"https:\/\/lepoint-actu.tg\/index.php\/2023\/06\/27\/agoe-nyive-1-un-projet-sportif-pour-les-jeunes-lance\/#breadcrumb"},"inLanguage":"fr-FR","potentialAction":[{"@type":"ReadAction","target":["https:\/\/lepoint-actu.tg\/index.php\/2023\/06\/27\/agoe-nyive-1-un-projet-sportif-pour-les-jeunes-lance\/"]}]},{"@type":"ImageObject","inLanguage":"fr-FR","@id":"https:\/\/lepoint-actu.tg\/index.php\/2023\/06\/27\/agoe-nyive-1-un-projet-sportif-pour-les-jeunes-lance\/#primaryimage","url":"https:\/\/lepoint-actu.tg\/wp-content\/uploads\/2023\/06\/lancement-1080x570-1.jpg","contentUrl":"https:\/\/lepoint-actu.tg\/wp-content\/uploads\/2023\/06\/lancement-1080x570-1.jpg","width":1080,"height":570},{"@type":"BreadcrumbList","@id":"https:\/\/lepoint-actu.tg\/index.php\/2023\/06\/27\/agoe-nyive-1-un-projet-sportif-pour-les-jeunes-lance\/#breadcrumb","itemListElement":[{"@type":"ListItem","position":1,"name":"Accueil","item":"https:\/\/lepoint-actu.tg\/"},{"@type":"ListItem","position":2,"name":"Ago\u00e8-Nyiv\u00e9 1: Un projet sportif pour les jeunes lanc\u00e9"}]},{"@type":"WebSite","@id":"https:\/\/lepoint-actu.tg\/#website","url":"https:\/\/lepoint-actu.tg\/","name":"","description":"R\u00e9c\u00e9piss\u00e9 N\u00b00022\/HAAC\/12-2020\/pL\/P, lepointactu07@gmail.com","potentialAction":[{"@type":"SearchAction","target":{"@type":"EntryPoint","urlTemplate":"https:\/\/lepoint-actu.tg\/?s={search_term_string}"},"query-input":{"@type":"PropertyValueSpecification","valueRequired":true,"valueName":"search_term_string"}}],"inLanguage":"fr-FR"},{"@type":"Person","@id":"https:\/\/lepoint-actu.tg\/#\/schema\/person\/e4026d66cbdc205cab83e169ab7eaca1","name":"La Redaction","image":{"@type":"ImageObject","inLanguage":"fr-FR","@id":"https:\/\/lepoint-actu.tg\/#\/schema\/person\/image\/","url":"https:\/\/secure.gravatar.com\/avatar\/1682a0ff7e2c36efa51c5d262eea092000ec1ce420118e6261440956730308c2?s=96&d=mm&r=g","contentUrl":"https:\/\/secure.gravatar.com\/avatar\/1682a0ff7e2c36efa51c5d262eea092000ec1ce420118e6261440956730308c2?s=96&d=mm&r=g","caption":"La Redaction"},"url":"https:\/\/lepoint-actu.tg\/index.php\/author\/raymondsama\/"}]}},"_links":{"self":[{"href":"https:\/\/lepoint-actu.tg\/index.php\/wp-json\/wp\/v2\/posts\/1957","targetHints":{"allow":["GET"]}}],"collection":[{"href":"https:\/\/lepoint-actu.tg\/index.php\/wp-json\/wp\/v2\/posts"}],"about":[{"href":"https:\/\/lepoint-actu.tg\/index.php\/wp-json\/wp\/v2\/types\/post"}],"author":[{"embeddable":true,"href":"https:\/\/lepoint-actu.tg\/index.php\/wp-json\/wp\/v2\/users\/2"}],"replies":[{"embeddable":true,"href":"https:\/\/lepoint-actu.tg\/index.php\/wp-json\/wp\/v2\/comments?post=1957"}],"version-history":[{"count":3,"href":"https:\/\/lepoint-actu.tg\/index.php\/wp-json\/wp\/v2\/posts\/1957\/revisions"}],"predecessor-version":[{"id":1963,"href":"https:\/\/lepoint-actu.tg\/index.php\/wp-json\/wp\/v2\/posts\/1957\/revisions\/1963"}],"wp:featuredmedia":[{"embeddable":true,"href":"https:\/\/lepoint-actu.tg\/index.php\/wp-json\/wp\/v2\/media\/1958"}],"wp:attachment":[{"href":"https:\/\/lepoint-actu.tg\/index.php\/wp-json\/wp\/v2\/media?parent=1957"}],"wp:term":[{"taxonomy":"category","embeddable":true,"href":"https:\/\/lepoint-actu.tg\/index.php\/wp-json\/wp\/v2\/categories?post=1957"},{"taxonomy":"post_tag","embeddable":true,"href":"https:\/\/lepoint-actu.tg\/index.php\/wp-json\/wp\/v2\/tags?post=1957"}],"curies":[{"name":"wp","href":"https:\/\/api.w.org\/{rel}","templated":true}]}}