{"id":1970,"date":"2023-06-28T09:40:14","date_gmt":"2023-06-28T09:40:14","guid":{"rendered":"https:\/\/lepoint-actu.tg\/?p=1970"},"modified":"2023-06-28T09:46:51","modified_gmt":"2023-06-28T09:46:51","slug":"echanges-fructueux-a-lome-entre-les-presidents-touadera-et-gnassingbe","status":"publish","type":"post","link":"https:\/\/lepoint-actu.tg\/index.php\/2023\/06\/28\/echanges-fructueux-a-lome-entre-les-presidents-touadera-et-gnassingbe\/","title":{"rendered":"\u00c9changes fructueux \u00e0 Lom\u00e9 entre les Pr\u00e9sidents Touadera et Gnassingb\u00e9"},"content":{"rendered":"\n<p><\/p>\n\n\n\n<p>Comme nous l&rsquo;annoncions t\u00f4t dans la matin\u00e9e d&rsquo;hier, le Pr\u00e9sident de la R\u00e9publique Centrafricaine, Faustin-Archange Touadera, \u00e9tait \u00e0 Lom\u00e9 hier mardi 27 juin 2023, une visite d\u2019amiti\u00e9 et de travail au Togo, \u00e0 l\u2019invitation de son homologue togolais, Faure Gnassingb\u00e9.<\/p>\n\n\n\n<p>Enfin d&rsquo;apr\u00e8s-midi, selon un communiqu\u00e9 conjoint ayant sanctionn\u00e9 cette rencontre, \u00abau cours de cette visite, les deux Chefs d\u2019Etat ont eu des \u00e9changes approfondis sur des sujets d\u2019ordre bilat\u00e9ral, continental et international \u00bb.<\/p>\n\n\n\n<p>Selon la note, les deux Chefs d\u2019Etat se sont f\u00e9licit\u00e9s de l\u2019excellence des relations d\u2019amiti\u00e9, de fraternit\u00e9 et de coop\u00e9ration qui unissent leurs deux pays et ont r\u00e9affirm\u00e9 leur volont\u00e9 de les renforcer davantage dans l\u2019int\u00e9r\u00eat commun de leur peuple.<\/p>\n\n\n\n<p>\u00ab Son Excellence Professeur Faustin-Archange Touadera, et Son Excellence Monsieur, Faure Gnassingb\u00e9 se sont engag\u00e9s \u00e0 renforcer les partenariats entre leurs deux pays dans les domaines \u00e9conomique, commercial, militaire, s\u00e9curitaire et de la formation. A cet effet, ils ont appel\u00e9 \u00e0 l\u2019intensification des \u00e9changes entre le Togo et la R\u00e9publique Centrafricaine et ont instruit leur d\u00e9l\u00e9gation respective \u00e0 l\u2019effet de travailler \u00e0 la mise en place d\u2019un cadre juridique de coop\u00e9ration, notamment la cr\u00e9ation d\u2019une commission mixte de coop\u00e9ration \u00bb.<\/p>\n\n\n\n<figure class=\"wp-block-image size-large\"><img loading=\"lazy\" decoding=\"async\" width=\"1024\" height=\"658\" src=\"https:\/\/lepoint-actu.tg\/wp-content\/uploads\/2023\/06\/IMG-20230627-WA0159-1024x658.jpg\" alt=\"\" class=\"wp-image-1972\" srcset=\"https:\/\/lepoint-actu.tg\/wp-content\/uploads\/2023\/06\/IMG-20230627-WA0159-1024x658.jpg 1024w, https:\/\/lepoint-actu.tg\/wp-content\/uploads\/2023\/06\/IMG-20230627-WA0159-300x193.jpg 300w, https:\/\/lepoint-actu.tg\/wp-content\/uploads\/2023\/06\/IMG-20230627-WA0159-768x494.jpg 768w, https:\/\/lepoint-actu.tg\/wp-content\/uploads\/2023\/06\/IMG-20230627-WA0159.jpg 1052w\" sizes=\"auto, (max-width: 1024px) 100vw, 1024px\" \/><\/figure>\n\n\n\n<p>Le pr\u00e9sident Faure Gnassingb\u00e9 et son homologue, Faustin-Archange Touadera ont, au cours de leur entretien, r\u00e9affirm\u00e9 leur engagement \u00e0 \u0153uvrer, dans le cadre de l\u2019Union Africaine, \u00e0 la pleine r\u00e9alisation des objectifs de la Zone de Libre \u00c9change Continentale Africaine (ZLECAf).<\/p>\n\n\n\n<p>Ils ont exprim\u00e9 leurs vives pr\u00e9occupations face \u00e0 la recrudescence des crises et situations de conflit dans certaines r\u00e9gions de l\u2019Afrique, et appel\u00e9 \u00e0 la cessation d\u00e9finitive des combats au Soudan et \u00e0 l\u2019instauration d\u2019une paix durable dans l\u2019Est de la R\u00e9publique D\u00e9mocratique du Congo.<\/p>\n\n\n\n<figure class=\"wp-block-image size-large\"><img loading=\"lazy\" decoding=\"async\" width=\"1024\" height=\"684\" src=\"https:\/\/lepoint-actu.tg\/wp-content\/uploads\/2023\/06\/IMG-20230628-WA0046-1024x684.jpg\" alt=\"\" class=\"wp-image-1974\" srcset=\"https:\/\/lepoint-actu.tg\/wp-content\/uploads\/2023\/06\/IMG-20230628-WA0046-1024x684.jpg 1024w, https:\/\/lepoint-actu.tg\/wp-content\/uploads\/2023\/06\/IMG-20230628-WA0046-300x200.jpg 300w, https:\/\/lepoint-actu.tg\/wp-content\/uploads\/2023\/06\/IMG-20230628-WA0046-768x513.jpg 768w, https:\/\/lepoint-actu.tg\/wp-content\/uploads\/2023\/06\/IMG-20230628-WA0046.jpg 1080w\" sizes=\"auto, (max-width: 1024px) 100vw, 1024px\" \/><\/figure>\n\n\n\n<p>Les deux chefs d\u2019Etat ont aussi exprim\u00e9 leur pr\u00e9occupation face \u00e0 la persistance et \u00e0 l\u2019expansion du terrorisme, de l\u2019extr\u00e9misme violent, de la criminalit\u00e9 transnationale organis\u00e9e, des trafics illicites d\u2019armes, de drogues et d\u2019\u00eatres humains.<\/p>\n\n\n\n<p>\u00ab Les deux Pr\u00e9sidents ont appel\u00e9 au renforcement de la coop\u00e9ration bilat\u00e9rale et r\u00e9gionale en vue d\u2019une lutte efficace contre ces fl\u00e9aux \u00bb, poursuit le communiqu\u00e9.<\/p>\n\n\n\n<p>Et face aux crises \u00e9conomique, s\u00e9curitaire et climatique auxquelles le monde est confront\u00e9, les deux dirigeants ont exhort\u00e9 tous les pays \u00e0 conjuguer leurs efforts pour surmonter ces crises \u00e0 travers une coop\u00e9ration multilat\u00e9rale renforc\u00e9e et invit\u00e9 les pays d\u00e9velopp\u00e9s \u00e0 accompagner les diff\u00e9rentes initiatives des pays en d\u00e9veloppement en vue de l\u2019atteinte des Objectifs de D\u00e9veloppement Durable.<\/p>\n\n\n\n<p><em><strong>Nous contacter pour tous besoins au tel.90213091\/93850463\/e-mail: lepointactu07@gmail.com<\/strong><\/em><\/p>\n","protected":false},"excerpt":{"rendered":"<p>Comme nous l&rsquo;annoncions t\u00f4t dans la matin\u00e9e d&rsquo;hier, le Pr\u00e9sident de la R\u00e9publique Centrafricaine, Faustin-Archange Touadera, \u00e9tait \u00e0 Lom\u00e9 hier<\/p>\n","protected":false},"author":2,"featured_media":1971,"comment_status":"open","ping_status":"closed","sticky":false,"template":"","format":"standard","meta":{"footnotes":""},"categories":[5],"tags":[],"class_list":["post-1970","post","type-post","status-publish","format-standard","has-post-thumbnail","hentry","category-diplomatie"],"yoast_head":"<!-- This site is optimized with the Yoast SEO plugin v23.9 - https:\/\/yoast.com\/wordpress\/plugins\/seo\/ -->\n<title>\u00c9changes fructueux \u00e0 Lom\u00e9 entre les Pr\u00e9sidents Touadera et Gnassingb\u00e9 -<\/title>\n<meta name=\"robots\" content=\"index, follow, max-snippet:-1, max-image-preview:large, max-video-preview:-1\" \/>\n<link rel=\"canonical\" href=\"https:\/\/lepoint-actu.tg\/index.php\/2023\/06\/28\/echanges-fructueux-a-lome-entre-les-presidents-touadera-et-gnassingbe\/\" \/>\n<meta property=\"og:locale\" content=\"fr_FR\" \/>\n<meta property=\"og:type\" content=\"article\" \/>\n<meta property=\"og:title\" content=\"\u00c9changes fructueux \u00e0 Lom\u00e9 entre les Pr\u00e9sidents Touadera et Gnassingb\u00e9 -\" \/>\n<meta property=\"og:description\" content=\"Comme nous l&rsquo;annoncions t\u00f4t dans la matin\u00e9e d&rsquo;hier, le Pr\u00e9sident de la R\u00e9publique Centrafricaine, Faustin-Archange Touadera, \u00e9tait \u00e0 Lom\u00e9 hier\" \/>\n<meta property=\"og:url\" content=\"https:\/\/lepoint-actu.tg\/index.php\/2023\/06\/28\/echanges-fructueux-a-lome-entre-les-presidents-touadera-et-gnassingbe\/\" \/>\n<meta property=\"article:published_time\" content=\"2023-06-28T09:40:14+00:00\" \/>\n<meta property=\"article:modified_time\" content=\"2023-06-28T09:46:51+00:00\" \/>\n<meta property=\"og:image\" content=\"https:\/\/lepoint-actu.tg\/wp-content\/uploads\/2023\/06\/FzqMgcqaYAEPX1r.jpeg\" \/>\n\t<meta property=\"og:image:width\" content=\"1024\" \/>\n\t<meta property=\"og:image:height\" content=\"682\" \/>\n\t<meta property=\"og:image:type\" content=\"image\/jpeg\" \/>\n<meta name=\"author\" content=\"La Redaction\" \/>\n<meta name=\"twitter:card\" content=\"summary_large_image\" \/>\n<meta name=\"twitter:label1\" content=\"\u00c9crit par\" \/>\n\t<meta name=\"twitter:data1\" content=\"La Redaction\" \/>\n\t<meta name=\"twitter:label2\" content=\"Dur\u00e9e de lecture estim\u00e9e\" \/>\n\t<meta name=\"twitter:data2\" content=\"2 minutes\" \/>\n<script type=\"application\/ld+json\" class=\"yoast-schema-graph\">{\"@context\":\"https:\/\/schema.org\",\"@graph\":[{\"@type\":\"WebPage\",\"@id\":\"https:\/\/lepoint-actu.tg\/index.php\/2023\/06\/28\/echanges-fructueux-a-lome-entre-les-presidents-touadera-et-gnassingbe\/\",\"url\":\"https:\/\/lepoint-actu.tg\/index.php\/2023\/06\/28\/echanges-fructueux-a-lome-entre-les-presidents-touadera-et-gnassingbe\/\",\"name\":\"\u00c9changes fructueux \u00e0 Lom\u00e9 entre les Pr\u00e9sidents Touadera et Gnassingb\u00e9 -\",\"isPartOf\":{\"@id\":\"https:\/\/lepoint-actu.tg\/#website\"},\"primaryImageOfPage\":{\"@id\":\"https:\/\/lepoint-actu.tg\/index.php\/2023\/06\/28\/echanges-fructueux-a-lome-entre-les-presidents-touadera-et-gnassingbe\/#primaryimage\"},\"image\":{\"@id\":\"https:\/\/lepoint-actu.tg\/index.php\/2023\/06\/28\/echanges-fructueux-a-lome-entre-les-presidents-touadera-et-gnassingbe\/#primaryimage\"},\"thumbnailUrl\":\"https:\/\/lepoint-actu.tg\/wp-content\/uploads\/2023\/06\/FzqMgcqaYAEPX1r.jpeg\",\"datePublished\":\"2023-06-28T09:40:14+00:00\",\"dateModified\":\"2023-06-28T09:46:51+00:00\",\"author\":{\"@id\":\"https:\/\/lepoint-actu.tg\/#\/schema\/person\/e4026d66cbdc205cab83e169ab7eaca1\"},\"breadcrumb\":{\"@id\":\"https:\/\/lepoint-actu.tg\/index.php\/2023\/06\/28\/echanges-fructueux-a-lome-entre-les-presidents-touadera-et-gnassingbe\/#breadcrumb\"},\"inLanguage\":\"fr-FR\",\"potentialAction\":[{\"@type\":\"ReadAction\",\"target\":[\"https:\/\/lepoint-actu.tg\/index.php\/2023\/06\/28\/echanges-fructueux-a-lome-entre-les-presidents-touadera-et-gnassingbe\/\"]}]},{\"@type\":\"ImageObject\",\"inLanguage\":\"fr-FR\",\"@id\":\"https:\/\/lepoint-actu.tg\/index.php\/2023\/06\/28\/echanges-fructueux-a-lome-entre-les-presidents-touadera-et-gnassingbe\/#primaryimage\",\"url\":\"https:\/\/lepoint-actu.tg\/wp-content\/uploads\/2023\/06\/FzqMgcqaYAEPX1r.jpeg\",\"contentUrl\":\"https:\/\/lepoint-actu.tg\/wp-content\/uploads\/2023\/06\/FzqMgcqaYAEPX1r.jpeg\",\"width\":1024,\"height\":682},{\"@type\":\"BreadcrumbList\",\"@id\":\"https:\/\/lepoint-actu.tg\/index.php\/2023\/06\/28\/echanges-fructueux-a-lome-entre-les-presidents-touadera-et-gnassingbe\/#breadcrumb\",\"itemListElement\":[{\"@type\":\"ListItem\",\"position\":1,\"name\":\"Accueil\",\"item\":\"https:\/\/lepoint-actu.tg\/\"},{\"@type\":\"ListItem\",\"position\":2,\"name\":\"\u00c9changes fructueux \u00e0 Lom\u00e9 entre les Pr\u00e9sidents Touadera et Gnassingb\u00e9\"}]},{\"@type\":\"WebSite\",\"@id\":\"https:\/\/lepoint-actu.tg\/#website\",\"url\":\"https:\/\/lepoint-actu.tg\/\",\"name\":\"\",\"description\":\"R\u00e9c\u00e9piss\u00e9 N\u00b00022\/HAAC\/12-2020\/pL\/P, lepointactu07@gmail.com\",\"potentialAction\":[{\"@type\":\"SearchAction\",\"target\":{\"@type\":\"EntryPoint\",\"urlTemplate\":\"https:\/\/lepoint-actu.tg\/?s={search_term_string}\"},\"query-input\":{\"@type\":\"PropertyValueSpecification\",\"valueRequired\":true,\"valueName\":\"search_term_string\"}}],\"inLanguage\":\"fr-FR\"},{\"@type\":\"Person\",\"@id\":\"https:\/\/lepoint-actu.tg\/#\/schema\/person\/e4026d66cbdc205cab83e169ab7eaca1\",\"name\":\"La Redaction\",\"image\":{\"@type\":\"ImageObject\",\"inLanguage\":\"fr-FR\",\"@id\":\"https:\/\/lepoint-actu.tg\/#\/schema\/person\/image\/\",\"url\":\"https:\/\/secure.gravatar.com\/avatar\/1682a0ff7e2c36efa51c5d262eea092000ec1ce420118e6261440956730308c2?s=96&d=mm&r=g\",\"contentUrl\":\"https:\/\/secure.gravatar.com\/avatar\/1682a0ff7e2c36efa51c5d262eea092000ec1ce420118e6261440956730308c2?s=96&d=mm&r=g\",\"caption\":\"La Redaction\"},\"url\":\"https:\/\/lepoint-actu.tg\/index.php\/author\/raymondsama\/\"}]}<\/script>\n<!-- \/ Yoast SEO plugin. -->","yoast_head_json":{"title":"\u00c9changes fructueux \u00e0 Lom\u00e9 entre les Pr\u00e9sidents Touadera et Gnassingb\u00e9 -","robots":{"index":"index","follow":"follow","max-snippet":"max-snippet:-1","max-image-preview":"max-image-preview:large","max-video-preview":"max-video-preview:-1"},"canonical":"https:\/\/lepoint-actu.tg\/index.php\/2023\/06\/28\/echanges-fructueux-a-lome-entre-les-presidents-touadera-et-gnassingbe\/","og_locale":"fr_FR","og_type":"article","og_title":"\u00c9changes fructueux \u00e0 Lom\u00e9 entre les Pr\u00e9sidents Touadera et Gnassingb\u00e9 -","og_description":"Comme nous l&rsquo;annoncions t\u00f4t dans la matin\u00e9e d&rsquo;hier, le Pr\u00e9sident de la R\u00e9publique Centrafricaine, Faustin-Archange Touadera, \u00e9tait \u00e0 Lom\u00e9 hier","og_url":"https:\/\/lepoint-actu.tg\/index.php\/2023\/06\/28\/echanges-fructueux-a-lome-entre-les-presidents-touadera-et-gnassingbe\/","article_published_time":"2023-06-28T09:40:14+00:00","article_modified_time":"2023-06-28T09:46:51+00:00","og_image":[{"width":1024,"height":682,"url":"https:\/\/lepoint-actu.tg\/wp-content\/uploads\/2023\/06\/FzqMgcqaYAEPX1r.jpeg","type":"image\/jpeg"}],"author":"La Redaction","twitter_card":"summary_large_image","twitter_misc":{"\u00c9crit par":"La Redaction","Dur\u00e9e de lecture estim\u00e9e":"2 minutes"},"schema":{"@context":"https:\/\/schema.org","@graph":[{"@type":"WebPage","@id":"https:\/\/lepoint-actu.tg\/index.php\/2023\/06\/28\/echanges-fructueux-a-lome-entre-les-presidents-touadera-et-gnassingbe\/","url":"https:\/\/lepoint-actu.tg\/index.php\/2023\/06\/28\/echanges-fructueux-a-lome-entre-les-presidents-touadera-et-gnassingbe\/","name":"\u00c9changes fructueux \u00e0 Lom\u00e9 entre les Pr\u00e9sidents Touadera et Gnassingb\u00e9 -","isPartOf":{"@id":"https:\/\/lepoint-actu.tg\/#website"},"primaryImageOfPage":{"@id":"https:\/\/lepoint-actu.tg\/index.php\/2023\/06\/28\/echanges-fructueux-a-lome-entre-les-presidents-touadera-et-gnassingbe\/#primaryimage"},"image":{"@id":"https:\/\/lepoint-actu.tg\/index.php\/2023\/06\/28\/echanges-fructueux-a-lome-entre-les-presidents-touadera-et-gnassingbe\/#primaryimage"},"thumbnailUrl":"https:\/\/lepoint-actu.tg\/wp-content\/uploads\/2023\/06\/FzqMgcqaYAEPX1r.jpeg","datePublished":"2023-06-28T09:40:14+00:00","dateModified":"2023-06-28T09:46:51+00:00","author":{"@id":"https:\/\/lepoint-actu.tg\/#\/schema\/person\/e4026d66cbdc205cab83e169ab7eaca1"},"breadcrumb":{"@id":"https:\/\/lepoint-actu.tg\/index.php\/2023\/06\/28\/echanges-fructueux-a-lome-entre-les-presidents-touadera-et-gnassingbe\/#breadcrumb"},"inLanguage":"fr-FR","potentialAction":[{"@type":"ReadAction","target":["https:\/\/lepoint-actu.tg\/index.php\/2023\/06\/28\/echanges-fructueux-a-lome-entre-les-presidents-touadera-et-gnassingbe\/"]}]},{"@type":"ImageObject","inLanguage":"fr-FR","@id":"https:\/\/lepoint-actu.tg\/index.php\/2023\/06\/28\/echanges-fructueux-a-lome-entre-les-presidents-touadera-et-gnassingbe\/#primaryimage","url":"https:\/\/lepoint-actu.tg\/wp-content\/uploads\/2023\/06\/FzqMgcqaYAEPX1r.jpeg","contentUrl":"https:\/\/lepoint-actu.tg\/wp-content\/uploads\/2023\/06\/FzqMgcqaYAEPX1r.jpeg","width":1024,"height":682},{"@type":"BreadcrumbList","@id":"https:\/\/lepoint-actu.tg\/index.php\/2023\/06\/28\/echanges-fructueux-a-lome-entre-les-presidents-touadera-et-gnassingbe\/#breadcrumb","itemListElement":[{"@type":"ListItem","position":1,"name":"Accueil","item":"https:\/\/lepoint-actu.tg\/"},{"@type":"ListItem","position":2,"name":"\u00c9changes fructueux \u00e0 Lom\u00e9 entre les Pr\u00e9sidents Touadera et Gnassingb\u00e9"}]},{"@type":"WebSite","@id":"https:\/\/lepoint-actu.tg\/#website","url":"https:\/\/lepoint-actu.tg\/","name":"","description":"R\u00e9c\u00e9piss\u00e9 N\u00b00022\/HAAC\/12-2020\/pL\/P, lepointactu07@gmail.com","potentialAction":[{"@type":"SearchAction","target":{"@type":"EntryPoint","urlTemplate":"https:\/\/lepoint-actu.tg\/?s={search_term_string}"},"query-input":{"@type":"PropertyValueSpecification","valueRequired":true,"valueName":"search_term_string"}}],"inLanguage":"fr-FR"},{"@type":"Person","@id":"https:\/\/lepoint-actu.tg\/#\/schema\/person\/e4026d66cbdc205cab83e169ab7eaca1","name":"La Redaction","image":{"@type":"ImageObject","inLanguage":"fr-FR","@id":"https:\/\/lepoint-actu.tg\/#\/schema\/person\/image\/","url":"https:\/\/secure.gravatar.com\/avatar\/1682a0ff7e2c36efa51c5d262eea092000ec1ce420118e6261440956730308c2?s=96&d=mm&r=g","contentUrl":"https:\/\/secure.gravatar.com\/avatar\/1682a0ff7e2c36efa51c5d262eea092000ec1ce420118e6261440956730308c2?s=96&d=mm&r=g","caption":"La Redaction"},"url":"https:\/\/lepoint-actu.tg\/index.php\/author\/raymondsama\/"}]}},"_links":{"self":[{"href":"https:\/\/lepoint-actu.tg\/index.php\/wp-json\/wp\/v2\/posts\/1970","targetHints":{"allow":["GET"]}}],"collection":[{"href":"https:\/\/lepoint-actu.tg\/index.php\/wp-json\/wp\/v2\/posts"}],"about":[{"href":"https:\/\/lepoint-actu.tg\/index.php\/wp-json\/wp\/v2\/types\/post"}],"author":[{"embeddable":true,"href":"https:\/\/lepoint-actu.tg\/index.php\/wp-json\/wp\/v2\/users\/2"}],"replies":[{"embeddable":true,"href":"https:\/\/lepoint-actu.tg\/index.php\/wp-json\/wp\/v2\/comments?post=1970"}],"version-history":[{"count":2,"href":"https:\/\/lepoint-actu.tg\/index.php\/wp-json\/wp\/v2\/posts\/1970\/revisions"}],"predecessor-version":[{"id":1975,"href":"https:\/\/lepoint-actu.tg\/index.php\/wp-json\/wp\/v2\/posts\/1970\/revisions\/1975"}],"wp:featuredmedia":[{"embeddable":true,"href":"https:\/\/lepoint-actu.tg\/index.php\/wp-json\/wp\/v2\/media\/1971"}],"wp:attachment":[{"href":"https:\/\/lepoint-actu.tg\/index.php\/wp-json\/wp\/v2\/media?parent=1970"}],"wp:term":[{"taxonomy":"category","embeddable":true,"href":"https:\/\/lepoint-actu.tg\/index.php\/wp-json\/wp\/v2\/categories?post=1970"},{"taxonomy":"post_tag","embeddable":true,"href":"https:\/\/lepoint-actu.tg\/index.php\/wp-json\/wp\/v2\/tags?post=1970"}],"curies":[{"name":"wp","href":"https:\/\/api.w.org\/{rel}","templated":true}]}}