{"id":202,"date":"2022-06-20T21:18:00","date_gmt":"2022-06-20T21:18:00","guid":{"rendered":"https:\/\/lepoint-actu.tg\/?p=202"},"modified":"2022-06-21T21:21:42","modified_gmt":"2022-06-21T21:21:42","slug":"decouverte-integration-la-premiere-edition-du-grand-tour-de-lome-lancee","status":"publish","type":"post","link":"https:\/\/lepoint-actu.tg\/index.php\/2022\/06\/20\/decouverte-integration-la-premiere-edition-du-grand-tour-de-lome-lancee\/","title":{"rendered":"D\u00e9couverte\/Int\u00e9gration : la premi\u00e8re \u00e9dition du grand tour de Lom\u00e9 lanc\u00e9e"},"content":{"rendered":"\n<p><\/p>\n\n\n\n<p>La premi\u00e8re \u00e9dition de l\u2019\u00e9v\u00e8nement d\u00e9nomm\u00e9 \u00ab Grand Tour de Lom\u00e9 \u00bb et qui va regrouper les pays de l&rsquo;espace CEDEAO et des Togolais de la diaspora, aura lieu du 15 au 21 ao\u00fbt 2022, sous le th\u00e8me : \u00ab R\u00e9silience des pays et des communaut\u00e9s face \u00e0 la COVID 19 \u00bb. L&rsquo;information est rendue publique ce jeudi 16 juin 2022, au cours d\u2019une conf\u00e9rence de presse, pr\u00e9sid\u00e9e par le ministre des Transports Routiers, A\u00e9riens et Ferroviaires, M. Affoh Atcha-Dedji et de son coll\u00e8gue de la Culture et du Tourisme, Pi\u00e8rre Kossi Gb\u00e9nyo Lamadokou.<\/p>\n\n\n\n<p>\u00ab Grand Tour de Lom\u00e9 \u00bb se veut une c\u00e9l\u00e9bration autour de l\u2019auto moto et s\u2019inscrit dans le cadre de la r\u00e9ouverture des fronti\u00e8res terrestres suite \u00e0 l\u2019all\u00e8gement des mesures de restriction prises dans le cadre de la pand\u00e9mie \u00e0 la COVID 19. Ce sera une occasion estivale de premier plan en cet \u00e9t\u00e9 2022. c\u2019est aussi un \u00e9v\u00e8nement qui va rassembler plusieurs pays de la CEDEAO et les Togolais de la diaspora.<\/p>\n\n\n\n<p>Pour le pr\u00e9sident du comit\u00e9 d\u2019organisation, Woake Koffi Jean, cette premi\u00e8re \u00e9dition du \u00ab Grand Tour de Lom\u00e9 \u00bb offrira une opportunit\u00e9 de voyage de qualit\u00e9 dans la sous-r\u00e9gion. Il permettra de d\u00e9couvrir le territoire avec ses richesses.<\/p>\n\n\n\n<p>L&rsquo;\u00e9v\u00e9nement, selon les initiateurs est de faire de Lom\u00e9, le temps d\u2019un week-end, la capitale de l\u2019auto moto de la sous-r\u00e9gion ouest africaine. \u00ab A cette grande manifestation qui c\u00e9l\u00e8bre le moyen de transport le plus utilis\u00e9 pour les \u00e9changes dans la zone CEDEAO, il est attendu l\u2019arriv\u00e9 et l\u2019exposition des v\u00e9hicules les plus prestigieux circulant dans la sous-r\u00e9gion, que ce soit des voitures de collection, des voitures de sports, des voitures de luxe, des motos, des camions etc. Le Grand Tour de Lom\u00e9 sera donc l\u2019occasion d\u2019une sortie hors des villes et pays de la sous-r\u00e9gion vers la destination Lom\u00e9. Ce sera une mobilisation autour de la cause touristique locale et sous r\u00e9gionale tant souhait\u00e9e par les pays de la communaut\u00e9\u00a0\u00bb, a indiqu\u00e9 Youssouf Bougonou, pr\u00e9sident du comit\u00e9 de pilotage<\/p>\n\n\n\n<p>Le ministre des Transports Routiers, A\u00e9riens et Ferroviaires, M. Affoh Atcha-Dedji, a dans son discours de circonstance, f\u00e9licit\u00e9 le comit\u00e9 d\u2019organisation de cet qui selon lui sera une occasion d\u2019\u00e9prouver les corridors sous r\u00e9gionaux mais \u00e9galement de toucher du doigt les r\u00e9alit\u00e9s de la libre circulation mis en \u0153uvre par les Etats de la CEDEAO.<\/p>\n\n\n\n<p>Pour sa part, le ministre de la culture et du tourisme Pi\u00e8rre Kossi Lamadokou, s\u2019est f\u00e9licit\u00e9 de la tenue de l\u2019auto moto, un tour int\u00e9grateur, qui pr\u00e9sente tous les atouts pour la relance des activit\u00e9s touristiques au Togo. Il servira aussi de plateforme de rencontres et d\u2019\u00e9changes entre citoyens de la CEDEAO et un \u00e9v\u00e8nement.<\/p>\n","protected":false},"excerpt":{"rendered":"<p>La premi\u00e8re \u00e9dition de l\u2019\u00e9v\u00e8nement d\u00e9nomm\u00e9 \u00ab Grand Tour de Lom\u00e9 \u00bb et qui va regrouper les pays de l&rsquo;espace<\/p>\n","protected":false},"author":2,"featured_media":203,"comment_status":"open","ping_status":"closed","sticky":false,"template":"","format":"standard","meta":{"footnotes":""},"categories":[1],"tags":[],"class_list":["post-202","post","type-post","status-publish","format-standard","has-post-thumbnail","hentry","category-societe"],"yoast_head":"<!-- This site is optimized with the Yoast SEO plugin v23.9 - https:\/\/yoast.com\/wordpress\/plugins\/seo\/ -->\n<title>D\u00e9couverte\/Int\u00e9gration : la premi\u00e8re \u00e9dition du grand tour de Lom\u00e9 lanc\u00e9e -<\/title>\n<meta name=\"robots\" content=\"index, follow, max-snippet:-1, max-image-preview:large, max-video-preview:-1\" \/>\n<link rel=\"canonical\" href=\"https:\/\/lepoint-actu.tg\/index.php\/2022\/06\/20\/decouverte-integration-la-premiere-edition-du-grand-tour-de-lome-lancee\/\" \/>\n<meta property=\"og:locale\" content=\"fr_FR\" \/>\n<meta property=\"og:type\" content=\"article\" \/>\n<meta property=\"og:title\" content=\"D\u00e9couverte\/Int\u00e9gration : la premi\u00e8re \u00e9dition du grand tour de Lom\u00e9 lanc\u00e9e -\" \/>\n<meta property=\"og:description\" content=\"La premi\u00e8re \u00e9dition de l\u2019\u00e9v\u00e8nement d\u00e9nomm\u00e9 \u00ab Grand Tour de Lom\u00e9 \u00bb et qui va regrouper les pays de l&rsquo;espace\" \/>\n<meta property=\"og:url\" content=\"https:\/\/lepoint-actu.tg\/index.php\/2022\/06\/20\/decouverte-integration-la-premiere-edition-du-grand-tour-de-lome-lancee\/\" \/>\n<meta property=\"article:published_time\" content=\"2022-06-20T21:18:00+00:00\" \/>\n<meta property=\"article:modified_time\" content=\"2022-06-21T21:21:42+00:00\" \/>\n<meta property=\"og:image\" content=\"https:\/\/lepoint-actu.tg\/wp-content\/uploads\/2022\/06\/IMG-20220621-WA0125.jpg\" \/>\n\t<meta property=\"og:image:width\" content=\"780\" \/>\n\t<meta property=\"og:image:height\" content=\"470\" \/>\n\t<meta property=\"og:image:type\" content=\"image\/jpeg\" \/>\n<meta name=\"author\" content=\"La Redaction\" \/>\n<meta name=\"twitter:card\" content=\"summary_large_image\" \/>\n<meta name=\"twitter:label1\" content=\"\u00c9crit par\" \/>\n\t<meta name=\"twitter:data1\" content=\"La Redaction\" \/>\n\t<meta name=\"twitter:label2\" content=\"Dur\u00e9e de lecture estim\u00e9e\" \/>\n\t<meta name=\"twitter:data2\" content=\"3 minutes\" \/>\n<script type=\"application\/ld+json\" class=\"yoast-schema-graph\">{\"@context\":\"https:\/\/schema.org\",\"@graph\":[{\"@type\":\"WebPage\",\"@id\":\"https:\/\/lepoint-actu.tg\/index.php\/2022\/06\/20\/decouverte-integration-la-premiere-edition-du-grand-tour-de-lome-lancee\/\",\"url\":\"https:\/\/lepoint-actu.tg\/index.php\/2022\/06\/20\/decouverte-integration-la-premiere-edition-du-grand-tour-de-lome-lancee\/\",\"name\":\"D\u00e9couverte\/Int\u00e9gration : la premi\u00e8re \u00e9dition du grand tour de Lom\u00e9 lanc\u00e9e -\",\"isPartOf\":{\"@id\":\"https:\/\/lepoint-actu.tg\/#website\"},\"primaryImageOfPage\":{\"@id\":\"https:\/\/lepoint-actu.tg\/index.php\/2022\/06\/20\/decouverte-integration-la-premiere-edition-du-grand-tour-de-lome-lancee\/#primaryimage\"},\"image\":{\"@id\":\"https:\/\/lepoint-actu.tg\/index.php\/2022\/06\/20\/decouverte-integration-la-premiere-edition-du-grand-tour-de-lome-lancee\/#primaryimage\"},\"thumbnailUrl\":\"https:\/\/lepoint-actu.tg\/wp-content\/uploads\/2022\/06\/IMG-20220621-WA0125.jpg\",\"datePublished\":\"2022-06-20T21:18:00+00:00\",\"dateModified\":\"2022-06-21T21:21:42+00:00\",\"author\":{\"@id\":\"https:\/\/lepoint-actu.tg\/#\/schema\/person\/e4026d66cbdc205cab83e169ab7eaca1\"},\"breadcrumb\":{\"@id\":\"https:\/\/lepoint-actu.tg\/index.php\/2022\/06\/20\/decouverte-integration-la-premiere-edition-du-grand-tour-de-lome-lancee\/#breadcrumb\"},\"inLanguage\":\"fr-FR\",\"potentialAction\":[{\"@type\":\"ReadAction\",\"target\":[\"https:\/\/lepoint-actu.tg\/index.php\/2022\/06\/20\/decouverte-integration-la-premiere-edition-du-grand-tour-de-lome-lancee\/\"]}]},{\"@type\":\"ImageObject\",\"inLanguage\":\"fr-FR\",\"@id\":\"https:\/\/lepoint-actu.tg\/index.php\/2022\/06\/20\/decouverte-integration-la-premiere-edition-du-grand-tour-de-lome-lancee\/#primaryimage\",\"url\":\"https:\/\/lepoint-actu.tg\/wp-content\/uploads\/2022\/06\/IMG-20220621-WA0125.jpg\",\"contentUrl\":\"https:\/\/lepoint-actu.tg\/wp-content\/uploads\/2022\/06\/IMG-20220621-WA0125.jpg\",\"width\":780,\"height\":470},{\"@type\":\"BreadcrumbList\",\"@id\":\"https:\/\/lepoint-actu.tg\/index.php\/2022\/06\/20\/decouverte-integration-la-premiere-edition-du-grand-tour-de-lome-lancee\/#breadcrumb\",\"itemListElement\":[{\"@type\":\"ListItem\",\"position\":1,\"name\":\"Accueil\",\"item\":\"https:\/\/lepoint-actu.tg\/\"},{\"@type\":\"ListItem\",\"position\":2,\"name\":\"D\u00e9couverte\/Int\u00e9gration : la premi\u00e8re \u00e9dition du grand tour de Lom\u00e9 lanc\u00e9e\"}]},{\"@type\":\"WebSite\",\"@id\":\"https:\/\/lepoint-actu.tg\/#website\",\"url\":\"https:\/\/lepoint-actu.tg\/\",\"name\":\"\",\"description\":\"R\u00e9c\u00e9piss\u00e9 N\u00b00022\/HAAC\/12-2020\/pL\/P, lepointactu07@gmail.com\",\"potentialAction\":[{\"@type\":\"SearchAction\",\"target\":{\"@type\":\"EntryPoint\",\"urlTemplate\":\"https:\/\/lepoint-actu.tg\/?s={search_term_string}\"},\"query-input\":{\"@type\":\"PropertyValueSpecification\",\"valueRequired\":true,\"valueName\":\"search_term_string\"}}],\"inLanguage\":\"fr-FR\"},{\"@type\":\"Person\",\"@id\":\"https:\/\/lepoint-actu.tg\/#\/schema\/person\/e4026d66cbdc205cab83e169ab7eaca1\",\"name\":\"La Redaction\",\"image\":{\"@type\":\"ImageObject\",\"inLanguage\":\"fr-FR\",\"@id\":\"https:\/\/lepoint-actu.tg\/#\/schema\/person\/image\/\",\"url\":\"https:\/\/secure.gravatar.com\/avatar\/1682a0ff7e2c36efa51c5d262eea092000ec1ce420118e6261440956730308c2?s=96&d=mm&r=g\",\"contentUrl\":\"https:\/\/secure.gravatar.com\/avatar\/1682a0ff7e2c36efa51c5d262eea092000ec1ce420118e6261440956730308c2?s=96&d=mm&r=g\",\"caption\":\"La Redaction\"},\"url\":\"https:\/\/lepoint-actu.tg\/index.php\/author\/raymondsama\/\"}]}<\/script>\n<!-- \/ Yoast SEO plugin. -->","yoast_head_json":{"title":"D\u00e9couverte\/Int\u00e9gration : la premi\u00e8re \u00e9dition du grand tour de Lom\u00e9 lanc\u00e9e -","robots":{"index":"index","follow":"follow","max-snippet":"max-snippet:-1","max-image-preview":"max-image-preview:large","max-video-preview":"max-video-preview:-1"},"canonical":"https:\/\/lepoint-actu.tg\/index.php\/2022\/06\/20\/decouverte-integration-la-premiere-edition-du-grand-tour-de-lome-lancee\/","og_locale":"fr_FR","og_type":"article","og_title":"D\u00e9couverte\/Int\u00e9gration : la premi\u00e8re \u00e9dition du grand tour de Lom\u00e9 lanc\u00e9e -","og_description":"La premi\u00e8re \u00e9dition de l\u2019\u00e9v\u00e8nement d\u00e9nomm\u00e9 \u00ab Grand Tour de Lom\u00e9 \u00bb et qui va regrouper les pays de l&rsquo;espace","og_url":"https:\/\/lepoint-actu.tg\/index.php\/2022\/06\/20\/decouverte-integration-la-premiere-edition-du-grand-tour-de-lome-lancee\/","article_published_time":"2022-06-20T21:18:00+00:00","article_modified_time":"2022-06-21T21:21:42+00:00","og_image":[{"width":780,"height":470,"url":"https:\/\/lepoint-actu.tg\/wp-content\/uploads\/2022\/06\/IMG-20220621-WA0125.jpg","type":"image\/jpeg"}],"author":"La Redaction","twitter_card":"summary_large_image","twitter_misc":{"\u00c9crit par":"La Redaction","Dur\u00e9e de lecture estim\u00e9e":"3 minutes"},"schema":{"@context":"https:\/\/schema.org","@graph":[{"@type":"WebPage","@id":"https:\/\/lepoint-actu.tg\/index.php\/2022\/06\/20\/decouverte-integration-la-premiere-edition-du-grand-tour-de-lome-lancee\/","url":"https:\/\/lepoint-actu.tg\/index.php\/2022\/06\/20\/decouverte-integration-la-premiere-edition-du-grand-tour-de-lome-lancee\/","name":"D\u00e9couverte\/Int\u00e9gration : la premi\u00e8re \u00e9dition du grand tour de Lom\u00e9 lanc\u00e9e -","isPartOf":{"@id":"https:\/\/lepoint-actu.tg\/#website"},"primaryImageOfPage":{"@id":"https:\/\/lepoint-actu.tg\/index.php\/2022\/06\/20\/decouverte-integration-la-premiere-edition-du-grand-tour-de-lome-lancee\/#primaryimage"},"image":{"@id":"https:\/\/lepoint-actu.tg\/index.php\/2022\/06\/20\/decouverte-integration-la-premiere-edition-du-grand-tour-de-lome-lancee\/#primaryimage"},"thumbnailUrl":"https:\/\/lepoint-actu.tg\/wp-content\/uploads\/2022\/06\/IMG-20220621-WA0125.jpg","datePublished":"2022-06-20T21:18:00+00:00","dateModified":"2022-06-21T21:21:42+00:00","author":{"@id":"https:\/\/lepoint-actu.tg\/#\/schema\/person\/e4026d66cbdc205cab83e169ab7eaca1"},"breadcrumb":{"@id":"https:\/\/lepoint-actu.tg\/index.php\/2022\/06\/20\/decouverte-integration-la-premiere-edition-du-grand-tour-de-lome-lancee\/#breadcrumb"},"inLanguage":"fr-FR","potentialAction":[{"@type":"ReadAction","target":["https:\/\/lepoint-actu.tg\/index.php\/2022\/06\/20\/decouverte-integration-la-premiere-edition-du-grand-tour-de-lome-lancee\/"]}]},{"@type":"ImageObject","inLanguage":"fr-FR","@id":"https:\/\/lepoint-actu.tg\/index.php\/2022\/06\/20\/decouverte-integration-la-premiere-edition-du-grand-tour-de-lome-lancee\/#primaryimage","url":"https:\/\/lepoint-actu.tg\/wp-content\/uploads\/2022\/06\/IMG-20220621-WA0125.jpg","contentUrl":"https:\/\/lepoint-actu.tg\/wp-content\/uploads\/2022\/06\/IMG-20220621-WA0125.jpg","width":780,"height":470},{"@type":"BreadcrumbList","@id":"https:\/\/lepoint-actu.tg\/index.php\/2022\/06\/20\/decouverte-integration-la-premiere-edition-du-grand-tour-de-lome-lancee\/#breadcrumb","itemListElement":[{"@type":"ListItem","position":1,"name":"Accueil","item":"https:\/\/lepoint-actu.tg\/"},{"@type":"ListItem","position":2,"name":"D\u00e9couverte\/Int\u00e9gration : la premi\u00e8re \u00e9dition du grand tour de Lom\u00e9 lanc\u00e9e"}]},{"@type":"WebSite","@id":"https:\/\/lepoint-actu.tg\/#website","url":"https:\/\/lepoint-actu.tg\/","name":"","description":"R\u00e9c\u00e9piss\u00e9 N\u00b00022\/HAAC\/12-2020\/pL\/P, lepointactu07@gmail.com","potentialAction":[{"@type":"SearchAction","target":{"@type":"EntryPoint","urlTemplate":"https:\/\/lepoint-actu.tg\/?s={search_term_string}"},"query-input":{"@type":"PropertyValueSpecification","valueRequired":true,"valueName":"search_term_string"}}],"inLanguage":"fr-FR"},{"@type":"Person","@id":"https:\/\/lepoint-actu.tg\/#\/schema\/person\/e4026d66cbdc205cab83e169ab7eaca1","name":"La Redaction","image":{"@type":"ImageObject","inLanguage":"fr-FR","@id":"https:\/\/lepoint-actu.tg\/#\/schema\/person\/image\/","url":"https:\/\/secure.gravatar.com\/avatar\/1682a0ff7e2c36efa51c5d262eea092000ec1ce420118e6261440956730308c2?s=96&d=mm&r=g","contentUrl":"https:\/\/secure.gravatar.com\/avatar\/1682a0ff7e2c36efa51c5d262eea092000ec1ce420118e6261440956730308c2?s=96&d=mm&r=g","caption":"La Redaction"},"url":"https:\/\/lepoint-actu.tg\/index.php\/author\/raymondsama\/"}]}},"_links":{"self":[{"href":"https:\/\/lepoint-actu.tg\/index.php\/wp-json\/wp\/v2\/posts\/202","targetHints":{"allow":["GET"]}}],"collection":[{"href":"https:\/\/lepoint-actu.tg\/index.php\/wp-json\/wp\/v2\/posts"}],"about":[{"href":"https:\/\/lepoint-actu.tg\/index.php\/wp-json\/wp\/v2\/types\/post"}],"author":[{"embeddable":true,"href":"https:\/\/lepoint-actu.tg\/index.php\/wp-json\/wp\/v2\/users\/2"}],"replies":[{"embeddable":true,"href":"https:\/\/lepoint-actu.tg\/index.php\/wp-json\/wp\/v2\/comments?post=202"}],"version-history":[{"count":1,"href":"https:\/\/lepoint-actu.tg\/index.php\/wp-json\/wp\/v2\/posts\/202\/revisions"}],"predecessor-version":[{"id":204,"href":"https:\/\/lepoint-actu.tg\/index.php\/wp-json\/wp\/v2\/posts\/202\/revisions\/204"}],"wp:featuredmedia":[{"embeddable":true,"href":"https:\/\/lepoint-actu.tg\/index.php\/wp-json\/wp\/v2\/media\/203"}],"wp:attachment":[{"href":"https:\/\/lepoint-actu.tg\/index.php\/wp-json\/wp\/v2\/media?parent=202"}],"wp:term":[{"taxonomy":"category","embeddable":true,"href":"https:\/\/lepoint-actu.tg\/index.php\/wp-json\/wp\/v2\/categories?post=202"},{"taxonomy":"post_tag","embeddable":true,"href":"https:\/\/lepoint-actu.tg\/index.php\/wp-json\/wp\/v2\/tags?post=202"}],"curies":[{"name":"wp","href":"https:\/\/api.w.org\/{rel}","templated":true}]}}