{"id":2066,"date":"2023-07-05T16:46:58","date_gmt":"2023-07-05T16:46:58","guid":{"rendered":"https:\/\/lepoint-actu.tg\/?p=2066"},"modified":"2023-07-06T16:49:58","modified_gmt":"2023-07-06T16:49:58","slug":"togo-lancement-de-la-18e-edition-du-fil-avec-des-innovations-majeures","status":"publish","type":"post","link":"https:\/\/lepoint-actu.tg\/index.php\/2023\/07\/05\/togo-lancement-de-la-18e-edition-du-fil-avec-des-innovations-majeures\/","title":{"rendered":"Togo: Lancement de la 18\u00e8 \u00e9dition du FIL avec des innovations majeures"},"content":{"rendered":"\n<p><br>La capitale Lom\u00e9 va abriter respectivement du 28 juillet au 6 ao\u00fbt et du 22 novembre au 3 d\u00e9cembre prochains la 4\u00e8me Foire made in Togo et la 18\u00e8 Foire internationale de Lom\u00e9 (FIL). Les deux \u00e9v\u00e8nements ont \u00e9t\u00e9 lanc\u00e9s mercredi par le ministre du commerce, de l\u2019industrie et de la consommation locale, Kodjo Adedze. A travers cette c\u00e9r\u00e9monie, le Centre togolais des expositions et foires de Lom\u00e9 (CETEF-Lom\u00e9) d\u00e9marre la campagne de promotion de ces activit\u00e9s.<\/p>\n\n\n\n<figure class=\"wp-block-image size-full\"><img loading=\"lazy\" decoding=\"async\" width=\"960\" height=\"432\" src=\"https:\/\/lepoint-actu.tg\/wp-content\/uploads\/2023\/07\/fil-3.jpg\" alt=\"\" class=\"wp-image-2068\" srcset=\"https:\/\/lepoint-actu.tg\/wp-content\/uploads\/2023\/07\/fil-3.jpg 960w, https:\/\/lepoint-actu.tg\/wp-content\/uploads\/2023\/07\/fil-3-300x135.jpg 300w, https:\/\/lepoint-actu.tg\/wp-content\/uploads\/2023\/07\/fil-3-768x346.jpg 768w\" sizes=\"auto, (max-width: 960px) 100vw, 960px\" \/><\/figure>\n\n\n\n<p><br>Pour le ministre du commerce, de l\u2019industrie et de la consommation locale, la Foire internationale de Lom\u00e9 et la Foire made in Togo constituent un cadre d\u2019\u00e9panouissement d\u2019affaires, de partage, d\u2019exp\u00e9rience et de partenariat fructueux.<br>\u00ab Ces deux \u00e9v\u00e8nements sont en parfaite harmonie avec la vision du chef de l\u2019Etat soutenue par la feuille de route gouvernementale 2020-2025, d\u2019augmenter la production agricole et de transformer cette production sur place et de trouver des d\u00e9bouch\u00e9s pour leur \u00e9coulement \u00bb, a d\u00e9clar\u00e9 Kodjo Adedze.<br>La 4\u00e8 Foire made in Togo et la 18\u00e8 Foire internationale sont plac\u00e9es sous le th\u00e8me: \u00ab Connecter les march\u00e9s pour une forte croissance des \u00e9changes commerciaux \u00bb. Pour le nouveau Directeur g\u00e9n\u00e9ral du CETEF, Dr Alexandre de Souza, ce th\u00e8me n\u2019est pas choisi au hasard.<br>\u00ab Il r\u00e9pond \u00e0 l\u2019ambition d\u2019organiser les deux \u00e9v\u00e9nements pour permettra aux participants de s\u2019interroger sur les actions \u00e0 entreprendre pour renforcer le march\u00e9 togolais, cr\u00e9er de nouvelles fili\u00e8res en devenant leader de celle-ci, assurer une production suffisante de biens et services, favoriser les \u00e9changes intra-africains et mondiaux et inventer \u00e0 partir de nos propres exp\u00e9riences une nouvelle mani\u00e8re de faire du commerce et exceller dans l\u2019art du commerce \u00bb, a-t-il laiss\u00e9 entendre.<\/p>\n\n\n\n<figure class=\"wp-block-image size-full\"><img loading=\"lazy\" decoding=\"async\" width=\"696\" height=\"522\" src=\"https:\/\/lepoint-actu.tg\/wp-content\/uploads\/2023\/07\/foire-2.jpg\" alt=\"\" class=\"wp-image-2069\" srcset=\"https:\/\/lepoint-actu.tg\/wp-content\/uploads\/2023\/07\/foire-2.jpg 696w, https:\/\/lepoint-actu.tg\/wp-content\/uploads\/2023\/07\/foire-2-300x225.jpg 300w\" sizes=\"auto, (max-width: 696px) 100vw, 696px\" \/><\/figure>\n\n\n\n<p><br>Dr Alexandre de Souza pr\u00e9cise qu\u2019\u00e0 compter de ce jour, le CETEF proc\u00e9dera jusqu\u2019au 21 novembre prochain, \u00e0 une communication de masse \u00e0 travers des campagnes d\u2019affichage, la publicit\u00e9 audiovisuelle par le truchement des m\u00e9dias audiovisuels et sociaux, la publication d\u2019articles dans la presse \u00e9crite et en ligne, les interviews sur les cha\u00eenes de t\u00e9l\u00e9 et radio, des caravanes, des jeux et questions dot\u00e9s de prix etc.<br>L\u2019\u00e9dition 2023 de la Foire internationale de Lom\u00e9 s\u2019annonce avec des changements. Elle va d\u00e9sormais durer 12 jours contre 18 pr\u00e9c\u00e9demment.<br>\u00ab Le but est de se conformer aux standards internationaux, reconnecter plus intensivement la FIL au reste du monde, doper l\u2019activit\u00e9 commerciale et r\u00e9duire les charges op\u00e9rationnelles des exposants \u00bb, a expliqu\u00e9 M. de Souza.<br>Toutefois, la digitalisation amorc\u00e9e lors de l\u2019\u00e9dition pr\u00e9c\u00e9dente notamment l\u2019achat des tickets et la r\u00e9servation des stands en ligne est maintenue.<br><em><strong>Nous contacter pour tous besoins au tel.98866570\/93850463\/lepoinactu07@gmail.com<\/strong><\/em><\/p>\n","protected":false},"excerpt":{"rendered":"<p>La capitale Lom\u00e9 va abriter respectivement du 28 juillet au 6 ao\u00fbt et du 22 novembre au 3 d\u00e9cembre prochains<\/p>\n","protected":false},"author":2,"featured_media":2067,"comment_status":"open","ping_status":"closed","sticky":false,"template":"","format":"standard","meta":{"footnotes":""},"categories":[4],"tags":[],"class_list":["post-2066","post","type-post","status-publish","format-standard","has-post-thumbnail","hentry","category-economie"],"yoast_head":"<!-- This site is optimized with the Yoast SEO plugin v23.9 - https:\/\/yoast.com\/wordpress\/plugins\/seo\/ -->\n<title>Togo: Lancement de la 18\u00e8 \u00e9dition du FIL avec des innovations majeures -<\/title>\n<meta name=\"robots\" content=\"index, follow, max-snippet:-1, max-image-preview:large, max-video-preview:-1\" \/>\n<link rel=\"canonical\" href=\"https:\/\/lepoint-actu.tg\/index.php\/2023\/07\/05\/togo-lancement-de-la-18e-edition-du-fil-avec-des-innovations-majeures\/\" \/>\n<meta property=\"og:locale\" content=\"fr_FR\" \/>\n<meta property=\"og:type\" content=\"article\" \/>\n<meta property=\"og:title\" content=\"Togo: Lancement de la 18\u00e8 \u00e9dition du FIL avec des innovations majeures -\" \/>\n<meta property=\"og:description\" content=\"La capitale Lom\u00e9 va abriter respectivement du 28 juillet au 6 ao\u00fbt et du 22 novembre au 3 d\u00e9cembre prochains\" \/>\n<meta property=\"og:url\" content=\"https:\/\/lepoint-actu.tg\/index.php\/2023\/07\/05\/togo-lancement-de-la-18e-edition-du-fil-avec-des-innovations-majeures\/\" \/>\n<meta property=\"article:published_time\" content=\"2023-07-05T16:46:58+00:00\" \/>\n<meta property=\"article:modified_time\" content=\"2023-07-06T16:49:58+00:00\" \/>\n<meta property=\"og:image\" content=\"https:\/\/lepoint-actu.tg\/wp-content\/uploads\/2023\/07\/foire-1.jpg\" \/>\n\t<meta property=\"og:image:width\" content=\"696\" \/>\n\t<meta property=\"og:image:height\" content=\"521\" \/>\n\t<meta property=\"og:image:type\" content=\"image\/jpeg\" \/>\n<meta name=\"author\" content=\"La Redaction\" \/>\n<meta name=\"twitter:card\" content=\"summary_large_image\" \/>\n<meta name=\"twitter:label1\" content=\"\u00c9crit par\" \/>\n\t<meta name=\"twitter:data1\" content=\"La Redaction\" \/>\n\t<meta name=\"twitter:label2\" content=\"Dur\u00e9e de lecture estim\u00e9e\" \/>\n\t<meta name=\"twitter:data2\" content=\"2 minutes\" \/>\n<script type=\"application\/ld+json\" class=\"yoast-schema-graph\">{\"@context\":\"https:\/\/schema.org\",\"@graph\":[{\"@type\":\"WebPage\",\"@id\":\"https:\/\/lepoint-actu.tg\/index.php\/2023\/07\/05\/togo-lancement-de-la-18e-edition-du-fil-avec-des-innovations-majeures\/\",\"url\":\"https:\/\/lepoint-actu.tg\/index.php\/2023\/07\/05\/togo-lancement-de-la-18e-edition-du-fil-avec-des-innovations-majeures\/\",\"name\":\"Togo: Lancement de la 18\u00e8 \u00e9dition du FIL avec des innovations majeures -\",\"isPartOf\":{\"@id\":\"https:\/\/lepoint-actu.tg\/#website\"},\"primaryImageOfPage\":{\"@id\":\"https:\/\/lepoint-actu.tg\/index.php\/2023\/07\/05\/togo-lancement-de-la-18e-edition-du-fil-avec-des-innovations-majeures\/#primaryimage\"},\"image\":{\"@id\":\"https:\/\/lepoint-actu.tg\/index.php\/2023\/07\/05\/togo-lancement-de-la-18e-edition-du-fil-avec-des-innovations-majeures\/#primaryimage\"},\"thumbnailUrl\":\"https:\/\/lepoint-actu.tg\/wp-content\/uploads\/2023\/07\/foire-1.jpg\",\"datePublished\":\"2023-07-05T16:46:58+00:00\",\"dateModified\":\"2023-07-06T16:49:58+00:00\",\"author\":{\"@id\":\"https:\/\/lepoint-actu.tg\/#\/schema\/person\/e4026d66cbdc205cab83e169ab7eaca1\"},\"breadcrumb\":{\"@id\":\"https:\/\/lepoint-actu.tg\/index.php\/2023\/07\/05\/togo-lancement-de-la-18e-edition-du-fil-avec-des-innovations-majeures\/#breadcrumb\"},\"inLanguage\":\"fr-FR\",\"potentialAction\":[{\"@type\":\"ReadAction\",\"target\":[\"https:\/\/lepoint-actu.tg\/index.php\/2023\/07\/05\/togo-lancement-de-la-18e-edition-du-fil-avec-des-innovations-majeures\/\"]}]},{\"@type\":\"ImageObject\",\"inLanguage\":\"fr-FR\",\"@id\":\"https:\/\/lepoint-actu.tg\/index.php\/2023\/07\/05\/togo-lancement-de-la-18e-edition-du-fil-avec-des-innovations-majeures\/#primaryimage\",\"url\":\"https:\/\/lepoint-actu.tg\/wp-content\/uploads\/2023\/07\/foire-1.jpg\",\"contentUrl\":\"https:\/\/lepoint-actu.tg\/wp-content\/uploads\/2023\/07\/foire-1.jpg\",\"width\":696,\"height\":521},{\"@type\":\"BreadcrumbList\",\"@id\":\"https:\/\/lepoint-actu.tg\/index.php\/2023\/07\/05\/togo-lancement-de-la-18e-edition-du-fil-avec-des-innovations-majeures\/#breadcrumb\",\"itemListElement\":[{\"@type\":\"ListItem\",\"position\":1,\"name\":\"Accueil\",\"item\":\"https:\/\/lepoint-actu.tg\/\"},{\"@type\":\"ListItem\",\"position\":2,\"name\":\"Togo: Lancement de la 18\u00e8 \u00e9dition du FIL avec des innovations majeures\"}]},{\"@type\":\"WebSite\",\"@id\":\"https:\/\/lepoint-actu.tg\/#website\",\"url\":\"https:\/\/lepoint-actu.tg\/\",\"name\":\"\",\"description\":\"R\u00e9c\u00e9piss\u00e9 N\u00b00022\/HAAC\/12-2020\/pL\/P, lepointactu07@gmail.com\",\"potentialAction\":[{\"@type\":\"SearchAction\",\"target\":{\"@type\":\"EntryPoint\",\"urlTemplate\":\"https:\/\/lepoint-actu.tg\/?s={search_term_string}\"},\"query-input\":{\"@type\":\"PropertyValueSpecification\",\"valueRequired\":true,\"valueName\":\"search_term_string\"}}],\"inLanguage\":\"fr-FR\"},{\"@type\":\"Person\",\"@id\":\"https:\/\/lepoint-actu.tg\/#\/schema\/person\/e4026d66cbdc205cab83e169ab7eaca1\",\"name\":\"La Redaction\",\"image\":{\"@type\":\"ImageObject\",\"inLanguage\":\"fr-FR\",\"@id\":\"https:\/\/lepoint-actu.tg\/#\/schema\/person\/image\/\",\"url\":\"https:\/\/secure.gravatar.com\/avatar\/1682a0ff7e2c36efa51c5d262eea092000ec1ce420118e6261440956730308c2?s=96&d=mm&r=g\",\"contentUrl\":\"https:\/\/secure.gravatar.com\/avatar\/1682a0ff7e2c36efa51c5d262eea092000ec1ce420118e6261440956730308c2?s=96&d=mm&r=g\",\"caption\":\"La Redaction\"},\"url\":\"https:\/\/lepoint-actu.tg\/index.php\/author\/raymondsama\/\"}]}<\/script>\n<!-- \/ Yoast SEO plugin. -->","yoast_head_json":{"title":"Togo: Lancement de la 18\u00e8 \u00e9dition du FIL avec des innovations majeures -","robots":{"index":"index","follow":"follow","max-snippet":"max-snippet:-1","max-image-preview":"max-image-preview:large","max-video-preview":"max-video-preview:-1"},"canonical":"https:\/\/lepoint-actu.tg\/index.php\/2023\/07\/05\/togo-lancement-de-la-18e-edition-du-fil-avec-des-innovations-majeures\/","og_locale":"fr_FR","og_type":"article","og_title":"Togo: Lancement de la 18\u00e8 \u00e9dition du FIL avec des innovations majeures -","og_description":"La capitale Lom\u00e9 va abriter respectivement du 28 juillet au 6 ao\u00fbt et du 22 novembre au 3 d\u00e9cembre prochains","og_url":"https:\/\/lepoint-actu.tg\/index.php\/2023\/07\/05\/togo-lancement-de-la-18e-edition-du-fil-avec-des-innovations-majeures\/","article_published_time":"2023-07-05T16:46:58+00:00","article_modified_time":"2023-07-06T16:49:58+00:00","og_image":[{"width":696,"height":521,"url":"https:\/\/lepoint-actu.tg\/wp-content\/uploads\/2023\/07\/foire-1.jpg","type":"image\/jpeg"}],"author":"La Redaction","twitter_card":"summary_large_image","twitter_misc":{"\u00c9crit par":"La Redaction","Dur\u00e9e de lecture estim\u00e9e":"2 minutes"},"schema":{"@context":"https:\/\/schema.org","@graph":[{"@type":"WebPage","@id":"https:\/\/lepoint-actu.tg\/index.php\/2023\/07\/05\/togo-lancement-de-la-18e-edition-du-fil-avec-des-innovations-majeures\/","url":"https:\/\/lepoint-actu.tg\/index.php\/2023\/07\/05\/togo-lancement-de-la-18e-edition-du-fil-avec-des-innovations-majeures\/","name":"Togo: Lancement de la 18\u00e8 \u00e9dition du FIL avec des innovations majeures -","isPartOf":{"@id":"https:\/\/lepoint-actu.tg\/#website"},"primaryImageOfPage":{"@id":"https:\/\/lepoint-actu.tg\/index.php\/2023\/07\/05\/togo-lancement-de-la-18e-edition-du-fil-avec-des-innovations-majeures\/#primaryimage"},"image":{"@id":"https:\/\/lepoint-actu.tg\/index.php\/2023\/07\/05\/togo-lancement-de-la-18e-edition-du-fil-avec-des-innovations-majeures\/#primaryimage"},"thumbnailUrl":"https:\/\/lepoint-actu.tg\/wp-content\/uploads\/2023\/07\/foire-1.jpg","datePublished":"2023-07-05T16:46:58+00:00","dateModified":"2023-07-06T16:49:58+00:00","author":{"@id":"https:\/\/lepoint-actu.tg\/#\/schema\/person\/e4026d66cbdc205cab83e169ab7eaca1"},"breadcrumb":{"@id":"https:\/\/lepoint-actu.tg\/index.php\/2023\/07\/05\/togo-lancement-de-la-18e-edition-du-fil-avec-des-innovations-majeures\/#breadcrumb"},"inLanguage":"fr-FR","potentialAction":[{"@type":"ReadAction","target":["https:\/\/lepoint-actu.tg\/index.php\/2023\/07\/05\/togo-lancement-de-la-18e-edition-du-fil-avec-des-innovations-majeures\/"]}]},{"@type":"ImageObject","inLanguage":"fr-FR","@id":"https:\/\/lepoint-actu.tg\/index.php\/2023\/07\/05\/togo-lancement-de-la-18e-edition-du-fil-avec-des-innovations-majeures\/#primaryimage","url":"https:\/\/lepoint-actu.tg\/wp-content\/uploads\/2023\/07\/foire-1.jpg","contentUrl":"https:\/\/lepoint-actu.tg\/wp-content\/uploads\/2023\/07\/foire-1.jpg","width":696,"height":521},{"@type":"BreadcrumbList","@id":"https:\/\/lepoint-actu.tg\/index.php\/2023\/07\/05\/togo-lancement-de-la-18e-edition-du-fil-avec-des-innovations-majeures\/#breadcrumb","itemListElement":[{"@type":"ListItem","position":1,"name":"Accueil","item":"https:\/\/lepoint-actu.tg\/"},{"@type":"ListItem","position":2,"name":"Togo: Lancement de la 18\u00e8 \u00e9dition du FIL avec des innovations majeures"}]},{"@type":"WebSite","@id":"https:\/\/lepoint-actu.tg\/#website","url":"https:\/\/lepoint-actu.tg\/","name":"","description":"R\u00e9c\u00e9piss\u00e9 N\u00b00022\/HAAC\/12-2020\/pL\/P, lepointactu07@gmail.com","potentialAction":[{"@type":"SearchAction","target":{"@type":"EntryPoint","urlTemplate":"https:\/\/lepoint-actu.tg\/?s={search_term_string}"},"query-input":{"@type":"PropertyValueSpecification","valueRequired":true,"valueName":"search_term_string"}}],"inLanguage":"fr-FR"},{"@type":"Person","@id":"https:\/\/lepoint-actu.tg\/#\/schema\/person\/e4026d66cbdc205cab83e169ab7eaca1","name":"La Redaction","image":{"@type":"ImageObject","inLanguage":"fr-FR","@id":"https:\/\/lepoint-actu.tg\/#\/schema\/person\/image\/","url":"https:\/\/secure.gravatar.com\/avatar\/1682a0ff7e2c36efa51c5d262eea092000ec1ce420118e6261440956730308c2?s=96&d=mm&r=g","contentUrl":"https:\/\/secure.gravatar.com\/avatar\/1682a0ff7e2c36efa51c5d262eea092000ec1ce420118e6261440956730308c2?s=96&d=mm&r=g","caption":"La Redaction"},"url":"https:\/\/lepoint-actu.tg\/index.php\/author\/raymondsama\/"}]}},"_links":{"self":[{"href":"https:\/\/lepoint-actu.tg\/index.php\/wp-json\/wp\/v2\/posts\/2066","targetHints":{"allow":["GET"]}}],"collection":[{"href":"https:\/\/lepoint-actu.tg\/index.php\/wp-json\/wp\/v2\/posts"}],"about":[{"href":"https:\/\/lepoint-actu.tg\/index.php\/wp-json\/wp\/v2\/types\/post"}],"author":[{"embeddable":true,"href":"https:\/\/lepoint-actu.tg\/index.php\/wp-json\/wp\/v2\/users\/2"}],"replies":[{"embeddable":true,"href":"https:\/\/lepoint-actu.tg\/index.php\/wp-json\/wp\/v2\/comments?post=2066"}],"version-history":[{"count":1,"href":"https:\/\/lepoint-actu.tg\/index.php\/wp-json\/wp\/v2\/posts\/2066\/revisions"}],"predecessor-version":[{"id":2070,"href":"https:\/\/lepoint-actu.tg\/index.php\/wp-json\/wp\/v2\/posts\/2066\/revisions\/2070"}],"wp:featuredmedia":[{"embeddable":true,"href":"https:\/\/lepoint-actu.tg\/index.php\/wp-json\/wp\/v2\/media\/2067"}],"wp:attachment":[{"href":"https:\/\/lepoint-actu.tg\/index.php\/wp-json\/wp\/v2\/media?parent=2066"}],"wp:term":[{"taxonomy":"category","embeddable":true,"href":"https:\/\/lepoint-actu.tg\/index.php\/wp-json\/wp\/v2\/categories?post=2066"},{"taxonomy":"post_tag","embeddable":true,"href":"https:\/\/lepoint-actu.tg\/index.php\/wp-json\/wp\/v2\/tags?post=2066"}],"curies":[{"name":"wp","href":"https:\/\/api.w.org\/{rel}","templated":true}]}}