{"id":2071,"date":"2023-07-06T16:52:52","date_gmt":"2023-07-06T16:52:52","guid":{"rendered":"https:\/\/lepoint-actu.tg\/?p=2071"},"modified":"2023-07-06T16:52:53","modified_gmt":"2023-07-06T16:52:53","slug":"zio-ayiza-edition-2023-annonce-sous-le-signe-de-la-diversite-culturelle","status":"publish","type":"post","link":"https:\/\/lepoint-actu.tg\/index.php\/2023\/07\/06\/zio-ayiza-edition-2023-annonce-sous-le-signe-de-la-diversite-culturelle\/","title":{"rendered":"Zio: Ayiza \u00e9dition 2023 annonc\u00e9 sous le signe de la diversit\u00e9 culturelle"},"content":{"rendered":"\n<p><br>Le Conseil sup\u00e9rieur des chefs traditionnels de Zio annonce la c\u00e9l\u00e9bration de la 51\u00e8 \u00e9dition d\u2019Ayiza du 1er au 13 ao\u00fbt prochains. L\u2019\u00e9dition de cette ann\u00e9e entend faire de la diversit\u00e9 culturelle un \u00e9l\u00e9ment f\u00e9d\u00e9rateur et catalyseur du d\u00e9veloppement harmonieux et durable de la pr\u00e9fecture de Zio.<br>Le th\u00e8me retenu est : \u00ab Unis dans la diversit\u00e9 pour un d\u00e9veloppement harmonieux et participatif de la Pr\u00e9fecture de Zio \u00bb.<br>Plusieurs activit\u00e9s sont pr\u00e9vues dans le cadre de cette c\u00e9l\u00e9bration qui se d\u00e9roulera de fa\u00e7on rotative dans tous les cantons de la pr\u00e9fecture. L\u2019apoth\u00e9ose aura lieu le samedi 12 ao\u00fbt 2023 au stade Dr Kaolo de Ts\u00e9vi\u00e9 \u00e0 partir de 08h 00.<br>\u00ab Le Conseil sup\u00e9rieur des chefs traditionnels invite les filles et fils de Zio, les autorit\u00e9s, les sponsors, les partenaires au d\u00e9veloppement, les communaut\u00e9s s\u0153urs, les leaders communautaires et religieux, les associations de jeunes et de femmes, bref, toute la population \u00e0 s\u2019approprier ladite c\u00e9l\u00e9bration en contribuant effectivement \u00e0 son organisation et en participant aux diff\u00e9rentes activit\u00e9s qui vont la meubler afin de lui donner un cachet sp\u00e9cial \u00bb, lit-on dans un communiqu\u00e9.<br><strong><em>Nous contacter pour tous besoins au tel.98866570\/93850463\/e-mail lepointactu07@gmail.com<\/em><\/strong><\/p>\n","protected":false},"excerpt":{"rendered":"<p>Le Conseil sup\u00e9rieur des chefs traditionnels de Zio annonce la c\u00e9l\u00e9bration de la 51\u00e8 \u00e9dition d\u2019Ayiza du 1er au 13<\/p>\n","protected":false},"author":2,"featured_media":2072,"comment_status":"open","ping_status":"closed","sticky":false,"template":"","format":"standard","meta":{"footnotes":""},"categories":[1],"tags":[],"class_list":["post-2071","post","type-post","status-publish","format-standard","has-post-thumbnail","hentry","category-societe"],"yoast_head":"<!-- This site is optimized with the Yoast SEO plugin v23.9 - https:\/\/yoast.com\/wordpress\/plugins\/seo\/ -->\n<title>Zio: Ayiza \u00e9dition 2023 annonc\u00e9 sous le signe de la diversit\u00e9 culturelle -<\/title>\n<meta name=\"robots\" content=\"index, follow, max-snippet:-1, max-image-preview:large, max-video-preview:-1\" \/>\n<link rel=\"canonical\" href=\"https:\/\/lepoint-actu.tg\/index.php\/2023\/07\/06\/zio-ayiza-edition-2023-annonce-sous-le-signe-de-la-diversite-culturelle\/\" \/>\n<meta property=\"og:locale\" content=\"fr_FR\" \/>\n<meta property=\"og:type\" content=\"article\" \/>\n<meta property=\"og:title\" content=\"Zio: Ayiza \u00e9dition 2023 annonc\u00e9 sous le signe de la diversit\u00e9 culturelle -\" \/>\n<meta property=\"og:description\" content=\"Le Conseil sup\u00e9rieur des chefs traditionnels de Zio annonce la c\u00e9l\u00e9bration de la 51\u00e8 \u00e9dition d\u2019Ayiza du 1er au 13\" \/>\n<meta property=\"og:url\" content=\"https:\/\/lepoint-actu.tg\/index.php\/2023\/07\/06\/zio-ayiza-edition-2023-annonce-sous-le-signe-de-la-diversite-culturelle\/\" \/>\n<meta property=\"article:published_time\" content=\"2023-07-06T16:52:52+00:00\" \/>\n<meta property=\"article:modified_time\" content=\"2023-07-06T16:52:53+00:00\" \/>\n<meta property=\"og:image\" content=\"https:\/\/lepoint-actu.tg\/wp-content\/uploads\/2023\/07\/ayiza-1.webp\" \/>\n\t<meta property=\"og:image:width\" content=\"512\" \/>\n\t<meta property=\"og:image:height\" content=\"341\" \/>\n\t<meta property=\"og:image:type\" content=\"image\/webp\" \/>\n<meta name=\"author\" content=\"La Redaction\" \/>\n<meta name=\"twitter:card\" content=\"summary_large_image\" \/>\n<meta name=\"twitter:label1\" content=\"\u00c9crit par\" \/>\n\t<meta name=\"twitter:data1\" content=\"La Redaction\" \/>\n\t<meta name=\"twitter:label2\" content=\"Dur\u00e9e de lecture estim\u00e9e\" \/>\n\t<meta name=\"twitter:data2\" content=\"1 minute\" \/>\n<script type=\"application\/ld+json\" class=\"yoast-schema-graph\">{\"@context\":\"https:\/\/schema.org\",\"@graph\":[{\"@type\":\"WebPage\",\"@id\":\"https:\/\/lepoint-actu.tg\/index.php\/2023\/07\/06\/zio-ayiza-edition-2023-annonce-sous-le-signe-de-la-diversite-culturelle\/\",\"url\":\"https:\/\/lepoint-actu.tg\/index.php\/2023\/07\/06\/zio-ayiza-edition-2023-annonce-sous-le-signe-de-la-diversite-culturelle\/\",\"name\":\"Zio: Ayiza \u00e9dition 2023 annonc\u00e9 sous le signe de la diversit\u00e9 culturelle -\",\"isPartOf\":{\"@id\":\"https:\/\/lepoint-actu.tg\/#website\"},\"primaryImageOfPage\":{\"@id\":\"https:\/\/lepoint-actu.tg\/index.php\/2023\/07\/06\/zio-ayiza-edition-2023-annonce-sous-le-signe-de-la-diversite-culturelle\/#primaryimage\"},\"image\":{\"@id\":\"https:\/\/lepoint-actu.tg\/index.php\/2023\/07\/06\/zio-ayiza-edition-2023-annonce-sous-le-signe-de-la-diversite-culturelle\/#primaryimage\"},\"thumbnailUrl\":\"https:\/\/lepoint-actu.tg\/wp-content\/uploads\/2023\/07\/ayiza-1.webp\",\"datePublished\":\"2023-07-06T16:52:52+00:00\",\"dateModified\":\"2023-07-06T16:52:53+00:00\",\"author\":{\"@id\":\"https:\/\/lepoint-actu.tg\/#\/schema\/person\/e4026d66cbdc205cab83e169ab7eaca1\"},\"breadcrumb\":{\"@id\":\"https:\/\/lepoint-actu.tg\/index.php\/2023\/07\/06\/zio-ayiza-edition-2023-annonce-sous-le-signe-de-la-diversite-culturelle\/#breadcrumb\"},\"inLanguage\":\"fr-FR\",\"potentialAction\":[{\"@type\":\"ReadAction\",\"target\":[\"https:\/\/lepoint-actu.tg\/index.php\/2023\/07\/06\/zio-ayiza-edition-2023-annonce-sous-le-signe-de-la-diversite-culturelle\/\"]}]},{\"@type\":\"ImageObject\",\"inLanguage\":\"fr-FR\",\"@id\":\"https:\/\/lepoint-actu.tg\/index.php\/2023\/07\/06\/zio-ayiza-edition-2023-annonce-sous-le-signe-de-la-diversite-culturelle\/#primaryimage\",\"url\":\"https:\/\/lepoint-actu.tg\/wp-content\/uploads\/2023\/07\/ayiza-1.webp\",\"contentUrl\":\"https:\/\/lepoint-actu.tg\/wp-content\/uploads\/2023\/07\/ayiza-1.webp\",\"width\":512,\"height\":341},{\"@type\":\"BreadcrumbList\",\"@id\":\"https:\/\/lepoint-actu.tg\/index.php\/2023\/07\/06\/zio-ayiza-edition-2023-annonce-sous-le-signe-de-la-diversite-culturelle\/#breadcrumb\",\"itemListElement\":[{\"@type\":\"ListItem\",\"position\":1,\"name\":\"Accueil\",\"item\":\"https:\/\/lepoint-actu.tg\/\"},{\"@type\":\"ListItem\",\"position\":2,\"name\":\"Zio: Ayiza \u00e9dition 2023 annonc\u00e9 sous le signe de la diversit\u00e9 culturelle\"}]},{\"@type\":\"WebSite\",\"@id\":\"https:\/\/lepoint-actu.tg\/#website\",\"url\":\"https:\/\/lepoint-actu.tg\/\",\"name\":\"\",\"description\":\"R\u00e9c\u00e9piss\u00e9 N\u00b00022\/HAAC\/12-2020\/pL\/P, lepointactu07@gmail.com\",\"potentialAction\":[{\"@type\":\"SearchAction\",\"target\":{\"@type\":\"EntryPoint\",\"urlTemplate\":\"https:\/\/lepoint-actu.tg\/?s={search_term_string}\"},\"query-input\":{\"@type\":\"PropertyValueSpecification\",\"valueRequired\":true,\"valueName\":\"search_term_string\"}}],\"inLanguage\":\"fr-FR\"},{\"@type\":\"Person\",\"@id\":\"https:\/\/lepoint-actu.tg\/#\/schema\/person\/e4026d66cbdc205cab83e169ab7eaca1\",\"name\":\"La Redaction\",\"image\":{\"@type\":\"ImageObject\",\"inLanguage\":\"fr-FR\",\"@id\":\"https:\/\/lepoint-actu.tg\/#\/schema\/person\/image\/\",\"url\":\"https:\/\/secure.gravatar.com\/avatar\/1682a0ff7e2c36efa51c5d262eea092000ec1ce420118e6261440956730308c2?s=96&d=mm&r=g\",\"contentUrl\":\"https:\/\/secure.gravatar.com\/avatar\/1682a0ff7e2c36efa51c5d262eea092000ec1ce420118e6261440956730308c2?s=96&d=mm&r=g\",\"caption\":\"La Redaction\"},\"url\":\"https:\/\/lepoint-actu.tg\/index.php\/author\/raymondsama\/\"}]}<\/script>\n<!-- \/ Yoast SEO plugin. -->","yoast_head_json":{"title":"Zio: Ayiza \u00e9dition 2023 annonc\u00e9 sous le signe de la diversit\u00e9 culturelle -","robots":{"index":"index","follow":"follow","max-snippet":"max-snippet:-1","max-image-preview":"max-image-preview:large","max-video-preview":"max-video-preview:-1"},"canonical":"https:\/\/lepoint-actu.tg\/index.php\/2023\/07\/06\/zio-ayiza-edition-2023-annonce-sous-le-signe-de-la-diversite-culturelle\/","og_locale":"fr_FR","og_type":"article","og_title":"Zio: Ayiza \u00e9dition 2023 annonc\u00e9 sous le signe de la diversit\u00e9 culturelle -","og_description":"Le Conseil sup\u00e9rieur des chefs traditionnels de Zio annonce la c\u00e9l\u00e9bration de la 51\u00e8 \u00e9dition d\u2019Ayiza du 1er au 13","og_url":"https:\/\/lepoint-actu.tg\/index.php\/2023\/07\/06\/zio-ayiza-edition-2023-annonce-sous-le-signe-de-la-diversite-culturelle\/","article_published_time":"2023-07-06T16:52:52+00:00","article_modified_time":"2023-07-06T16:52:53+00:00","og_image":[{"width":512,"height":341,"url":"https:\/\/lepoint-actu.tg\/wp-content\/uploads\/2023\/07\/ayiza-1.webp","type":"image\/webp"}],"author":"La Redaction","twitter_card":"summary_large_image","twitter_misc":{"\u00c9crit par":"La Redaction","Dur\u00e9e de lecture estim\u00e9e":"1 minute"},"schema":{"@context":"https:\/\/schema.org","@graph":[{"@type":"WebPage","@id":"https:\/\/lepoint-actu.tg\/index.php\/2023\/07\/06\/zio-ayiza-edition-2023-annonce-sous-le-signe-de-la-diversite-culturelle\/","url":"https:\/\/lepoint-actu.tg\/index.php\/2023\/07\/06\/zio-ayiza-edition-2023-annonce-sous-le-signe-de-la-diversite-culturelle\/","name":"Zio: Ayiza \u00e9dition 2023 annonc\u00e9 sous le signe de la diversit\u00e9 culturelle -","isPartOf":{"@id":"https:\/\/lepoint-actu.tg\/#website"},"primaryImageOfPage":{"@id":"https:\/\/lepoint-actu.tg\/index.php\/2023\/07\/06\/zio-ayiza-edition-2023-annonce-sous-le-signe-de-la-diversite-culturelle\/#primaryimage"},"image":{"@id":"https:\/\/lepoint-actu.tg\/index.php\/2023\/07\/06\/zio-ayiza-edition-2023-annonce-sous-le-signe-de-la-diversite-culturelle\/#primaryimage"},"thumbnailUrl":"https:\/\/lepoint-actu.tg\/wp-content\/uploads\/2023\/07\/ayiza-1.webp","datePublished":"2023-07-06T16:52:52+00:00","dateModified":"2023-07-06T16:52:53+00:00","author":{"@id":"https:\/\/lepoint-actu.tg\/#\/schema\/person\/e4026d66cbdc205cab83e169ab7eaca1"},"breadcrumb":{"@id":"https:\/\/lepoint-actu.tg\/index.php\/2023\/07\/06\/zio-ayiza-edition-2023-annonce-sous-le-signe-de-la-diversite-culturelle\/#breadcrumb"},"inLanguage":"fr-FR","potentialAction":[{"@type":"ReadAction","target":["https:\/\/lepoint-actu.tg\/index.php\/2023\/07\/06\/zio-ayiza-edition-2023-annonce-sous-le-signe-de-la-diversite-culturelle\/"]}]},{"@type":"ImageObject","inLanguage":"fr-FR","@id":"https:\/\/lepoint-actu.tg\/index.php\/2023\/07\/06\/zio-ayiza-edition-2023-annonce-sous-le-signe-de-la-diversite-culturelle\/#primaryimage","url":"https:\/\/lepoint-actu.tg\/wp-content\/uploads\/2023\/07\/ayiza-1.webp","contentUrl":"https:\/\/lepoint-actu.tg\/wp-content\/uploads\/2023\/07\/ayiza-1.webp","width":512,"height":341},{"@type":"BreadcrumbList","@id":"https:\/\/lepoint-actu.tg\/index.php\/2023\/07\/06\/zio-ayiza-edition-2023-annonce-sous-le-signe-de-la-diversite-culturelle\/#breadcrumb","itemListElement":[{"@type":"ListItem","position":1,"name":"Accueil","item":"https:\/\/lepoint-actu.tg\/"},{"@type":"ListItem","position":2,"name":"Zio: Ayiza \u00e9dition 2023 annonc\u00e9 sous le signe de la diversit\u00e9 culturelle"}]},{"@type":"WebSite","@id":"https:\/\/lepoint-actu.tg\/#website","url":"https:\/\/lepoint-actu.tg\/","name":"","description":"R\u00e9c\u00e9piss\u00e9 N\u00b00022\/HAAC\/12-2020\/pL\/P, lepointactu07@gmail.com","potentialAction":[{"@type":"SearchAction","target":{"@type":"EntryPoint","urlTemplate":"https:\/\/lepoint-actu.tg\/?s={search_term_string}"},"query-input":{"@type":"PropertyValueSpecification","valueRequired":true,"valueName":"search_term_string"}}],"inLanguage":"fr-FR"},{"@type":"Person","@id":"https:\/\/lepoint-actu.tg\/#\/schema\/person\/e4026d66cbdc205cab83e169ab7eaca1","name":"La Redaction","image":{"@type":"ImageObject","inLanguage":"fr-FR","@id":"https:\/\/lepoint-actu.tg\/#\/schema\/person\/image\/","url":"https:\/\/secure.gravatar.com\/avatar\/1682a0ff7e2c36efa51c5d262eea092000ec1ce420118e6261440956730308c2?s=96&d=mm&r=g","contentUrl":"https:\/\/secure.gravatar.com\/avatar\/1682a0ff7e2c36efa51c5d262eea092000ec1ce420118e6261440956730308c2?s=96&d=mm&r=g","caption":"La Redaction"},"url":"https:\/\/lepoint-actu.tg\/index.php\/author\/raymondsama\/"}]}},"_links":{"self":[{"href":"https:\/\/lepoint-actu.tg\/index.php\/wp-json\/wp\/v2\/posts\/2071","targetHints":{"allow":["GET"]}}],"collection":[{"href":"https:\/\/lepoint-actu.tg\/index.php\/wp-json\/wp\/v2\/posts"}],"about":[{"href":"https:\/\/lepoint-actu.tg\/index.php\/wp-json\/wp\/v2\/types\/post"}],"author":[{"embeddable":true,"href":"https:\/\/lepoint-actu.tg\/index.php\/wp-json\/wp\/v2\/users\/2"}],"replies":[{"embeddable":true,"href":"https:\/\/lepoint-actu.tg\/index.php\/wp-json\/wp\/v2\/comments?post=2071"}],"version-history":[{"count":1,"href":"https:\/\/lepoint-actu.tg\/index.php\/wp-json\/wp\/v2\/posts\/2071\/revisions"}],"predecessor-version":[{"id":2073,"href":"https:\/\/lepoint-actu.tg\/index.php\/wp-json\/wp\/v2\/posts\/2071\/revisions\/2073"}],"wp:featuredmedia":[{"embeddable":true,"href":"https:\/\/lepoint-actu.tg\/index.php\/wp-json\/wp\/v2\/media\/2072"}],"wp:attachment":[{"href":"https:\/\/lepoint-actu.tg\/index.php\/wp-json\/wp\/v2\/media?parent=2071"}],"wp:term":[{"taxonomy":"category","embeddable":true,"href":"https:\/\/lepoint-actu.tg\/index.php\/wp-json\/wp\/v2\/categories?post=2071"},{"taxonomy":"post_tag","embeddable":true,"href":"https:\/\/lepoint-actu.tg\/index.php\/wp-json\/wp\/v2\/tags?post=2071"}],"curies":[{"name":"wp","href":"https:\/\/api.w.org\/{rel}","templated":true}]}}