{"id":2074,"date":"2023-07-09T23:03:39","date_gmt":"2023-07-09T23:03:39","guid":{"rendered":"https:\/\/lepoint-actu.tg\/?p=2074"},"modified":"2023-07-09T23:05:28","modified_gmt":"2023-07-09T23:05:28","slug":"gabon-ali-bongo-officialise-sa-candidature-pour-un-3e-mandat","status":"publish","type":"post","link":"https:\/\/lepoint-actu.tg\/index.php\/2023\/07\/09\/gabon-ali-bongo-officialise-sa-candidature-pour-un-3e-mandat\/","title":{"rendered":"Gabon\/Ali Bongo officialise sa candidature pour un 3\u00e8 mandat"},"content":{"rendered":"\n<p><br>Il dit \u00eatre en forme, en tr\u00e8s bon \u00e9tat de sant\u00e9 et peut donc continuer \u00e0 diriger le Gabon. Lui, c&rsquo;est bien Ali Bongo Ondimba qui a annonc\u00e9, dimanche, sa candidature \u00e0 l&rsquo;\u00e9lection pr\u00e9sidentielle gabonaise pr\u00e9vue le 26 ao\u00fbt. Ce serait un troisi\u00e8me mandat pour le chef de l&rsquo;\u00c9tat, au pouvoir depuis quatorze ans.<br>Le pr\u00e9sident du Gabon Ali Bongo Ondimba, au pouvoir depuis pr\u00e8s de 14 ans, a annonc\u00e9, dimanche 9 juillet, qu&rsquo;il sera candidat \u00e0 un troisi\u00e8me mandat \u00e0 la pr\u00e9sidentielle du 26 ao\u00fbt.<\/p>\n\n\n\n<p>\u00ab\u00a0J&rsquo;annonce officiellement aujourd&rsquo;hui que je suis candidat\u00a0\u00bb \u00e0 l&rsquo;\u00e9lection pr\u00e9sidentielle, a-t-il lanc\u00e9 devant quelques centaines de partisans qui scandaient \u00ab\u00a0Ali Pr\u00e9sident !\u00a0\u00bb, dans un discours diffus\u00e9 en direct sur Twitter, dans la Zone \u00c9conomique Sp\u00e9ciale (ZES) de Nkok, pr\u00e8s de la capitale Libreville.<\/p>\n\n\n\n<p>Ali Bongo Ondimba part, pour l&rsquo;heure, grand favori de la pr\u00e9sidentielle, car l&rsquo;opposition s&rsquo;avance en ordre tr\u00e8s dispers\u00e9, avec une vingtaine de personnalit\u00e9s ayant d\u00e9j\u00e0 annonc\u00e9 leur intention de se pr\u00e9senter contre le chef de l&rsquo;\u00c9tat sortant.<br><strong>Au pouvoir depuis 14 ans<\/strong><br>Le chef de l&rsquo;\u00c9tat, 64 ans, a \u00e9t\u00e9 \u00e9lu pour la premi\u00e8re fois en 2009 \u00e0 la mort de son p\u00e8re Omar Bongo Ondimba, qui dirigeait le pays depuis plus de 41 ans, puis r\u00e9\u00e9lu de justesse en 2016.<\/p>\n\n\n\n<p>Sa candidature devra \u00eatre ent\u00e9rin\u00e9e par un Congr\u00e8s d&rsquo;investiture, pr\u00e9vu lundi, de son tout-puissant Parti d\u00e9mocratique gabonais (PDG), qui domine tr\u00e8s largement le Parlement et part grand favori des \u00e9lections l\u00e9gislatives et municipales qui auront lieu le m\u00eame jour que la pr\u00e9sidentielle, le 26 ao\u00fbt.<br>L&rsquo;investiture formelle de Ali Bongo Ondimba par le PDG, lundi, sera une formalit\u00e9, le parti le suppliant depuis plus d&rsquo;un an de briguer un troisi\u00e8me mandat.<br>La cl\u00f4ture des candidatures officielles sera act\u00e9e mardi. La campagne \u00e9lectorale officielle s&rsquo;\u00e9talera du 11 au 25 ao\u00fbt \u00e0 minuit mais la plupart des candidats la m\u00e8nent depuis un an dans tout le pays, Ali Bongo y multipliant ces derniers mois une intense \u00ab\u00a0tourn\u00e9e r\u00e9publicaine\u00a0\u00bb en distribuant les promesses. Une \u00ab\u00a0pr\u00e9-campagne\u00a0\u00bb men\u00e9e avec les moyens de l&rsquo;\u00c9tat, d\u00e9nonce l&rsquo;opposition.<\/p>\n\n\n\n<p><strong><em>Nous contacter pour tous besoins au tel 93850463\/90213091\/e-mail: lepointactu07@gmail.com<\/em><\/strong><\/p>\n","protected":false},"excerpt":{"rendered":"<p>Il dit \u00eatre en forme, en tr\u00e8s bon \u00e9tat de sant\u00e9 et peut donc continuer \u00e0 diriger le Gabon. Lui,<\/p>\n","protected":false},"author":2,"featured_media":2075,"comment_status":"open","ping_status":"closed","sticky":false,"template":"","format":"standard","meta":{"footnotes":""},"categories":[3],"tags":[],"class_list":["post-2074","post","type-post","status-publish","format-standard","has-post-thumbnail","hentry","category-politique"],"yoast_head":"<!-- This site is optimized with the Yoast SEO plugin v23.9 - https:\/\/yoast.com\/wordpress\/plugins\/seo\/ -->\n<title>Gabon\/Ali Bongo officialise sa candidature pour un 3\u00e8 mandat -<\/title>\n<meta name=\"robots\" content=\"index, follow, max-snippet:-1, max-image-preview:large, max-video-preview:-1\" \/>\n<link rel=\"canonical\" href=\"https:\/\/lepoint-actu.tg\/index.php\/2023\/07\/09\/gabon-ali-bongo-officialise-sa-candidature-pour-un-3e-mandat\/\" \/>\n<meta property=\"og:locale\" content=\"fr_FR\" \/>\n<meta property=\"og:type\" content=\"article\" \/>\n<meta property=\"og:title\" content=\"Gabon\/Ali Bongo officialise sa candidature pour un 3\u00e8 mandat -\" \/>\n<meta property=\"og:description\" content=\"Il dit \u00eatre en forme, en tr\u00e8s bon \u00e9tat de sant\u00e9 et peut donc continuer \u00e0 diriger le Gabon. Lui,\" \/>\n<meta property=\"og:url\" content=\"https:\/\/lepoint-actu.tg\/index.php\/2023\/07\/09\/gabon-ali-bongo-officialise-sa-candidature-pour-un-3e-mandat\/\" \/>\n<meta property=\"article:published_time\" content=\"2023-07-09T23:03:39+00:00\" \/>\n<meta property=\"article:modified_time\" content=\"2023-07-09T23:05:28+00:00\" \/>\n<meta property=\"og:image\" content=\"https:\/\/lepoint-actu.tg\/wp-content\/uploads\/2023\/07\/Bongo-31-1-696x392-1.jpg\" \/>\n\t<meta property=\"og:image:width\" content=\"696\" \/>\n\t<meta property=\"og:image:height\" content=\"392\" \/>\n\t<meta property=\"og:image:type\" content=\"image\/jpeg\" \/>\n<meta name=\"author\" content=\"La Redaction\" \/>\n<meta name=\"twitter:card\" content=\"summary_large_image\" \/>\n<meta name=\"twitter:label1\" content=\"\u00c9crit par\" \/>\n\t<meta name=\"twitter:data1\" content=\"La Redaction\" \/>\n\t<meta name=\"twitter:label2\" content=\"Dur\u00e9e de lecture estim\u00e9e\" \/>\n\t<meta name=\"twitter:data2\" content=\"2 minutes\" \/>\n<script type=\"application\/ld+json\" class=\"yoast-schema-graph\">{\"@context\":\"https:\/\/schema.org\",\"@graph\":[{\"@type\":\"WebPage\",\"@id\":\"https:\/\/lepoint-actu.tg\/index.php\/2023\/07\/09\/gabon-ali-bongo-officialise-sa-candidature-pour-un-3e-mandat\/\",\"url\":\"https:\/\/lepoint-actu.tg\/index.php\/2023\/07\/09\/gabon-ali-bongo-officialise-sa-candidature-pour-un-3e-mandat\/\",\"name\":\"Gabon\/Ali Bongo officialise sa candidature pour un 3\u00e8 mandat -\",\"isPartOf\":{\"@id\":\"https:\/\/lepoint-actu.tg\/#website\"},\"primaryImageOfPage\":{\"@id\":\"https:\/\/lepoint-actu.tg\/index.php\/2023\/07\/09\/gabon-ali-bongo-officialise-sa-candidature-pour-un-3e-mandat\/#primaryimage\"},\"image\":{\"@id\":\"https:\/\/lepoint-actu.tg\/index.php\/2023\/07\/09\/gabon-ali-bongo-officialise-sa-candidature-pour-un-3e-mandat\/#primaryimage\"},\"thumbnailUrl\":\"https:\/\/lepoint-actu.tg\/wp-content\/uploads\/2023\/07\/Bongo-31-1-696x392-1.jpg\",\"datePublished\":\"2023-07-09T23:03:39+00:00\",\"dateModified\":\"2023-07-09T23:05:28+00:00\",\"author\":{\"@id\":\"https:\/\/lepoint-actu.tg\/#\/schema\/person\/e4026d66cbdc205cab83e169ab7eaca1\"},\"breadcrumb\":{\"@id\":\"https:\/\/lepoint-actu.tg\/index.php\/2023\/07\/09\/gabon-ali-bongo-officialise-sa-candidature-pour-un-3e-mandat\/#breadcrumb\"},\"inLanguage\":\"fr-FR\",\"potentialAction\":[{\"@type\":\"ReadAction\",\"target\":[\"https:\/\/lepoint-actu.tg\/index.php\/2023\/07\/09\/gabon-ali-bongo-officialise-sa-candidature-pour-un-3e-mandat\/\"]}]},{\"@type\":\"ImageObject\",\"inLanguage\":\"fr-FR\",\"@id\":\"https:\/\/lepoint-actu.tg\/index.php\/2023\/07\/09\/gabon-ali-bongo-officialise-sa-candidature-pour-un-3e-mandat\/#primaryimage\",\"url\":\"https:\/\/lepoint-actu.tg\/wp-content\/uploads\/2023\/07\/Bongo-31-1-696x392-1.jpg\",\"contentUrl\":\"https:\/\/lepoint-actu.tg\/wp-content\/uploads\/2023\/07\/Bongo-31-1-696x392-1.jpg\",\"width\":696,\"height\":392},{\"@type\":\"BreadcrumbList\",\"@id\":\"https:\/\/lepoint-actu.tg\/index.php\/2023\/07\/09\/gabon-ali-bongo-officialise-sa-candidature-pour-un-3e-mandat\/#breadcrumb\",\"itemListElement\":[{\"@type\":\"ListItem\",\"position\":1,\"name\":\"Accueil\",\"item\":\"https:\/\/lepoint-actu.tg\/\"},{\"@type\":\"ListItem\",\"position\":2,\"name\":\"Gabon\/Ali Bongo officialise sa candidature pour un 3\u00e8 mandat\"}]},{\"@type\":\"WebSite\",\"@id\":\"https:\/\/lepoint-actu.tg\/#website\",\"url\":\"https:\/\/lepoint-actu.tg\/\",\"name\":\"\",\"description\":\"R\u00e9c\u00e9piss\u00e9 N\u00b00022\/HAAC\/12-2020\/pL\/P, lepointactu07@gmail.com\",\"potentialAction\":[{\"@type\":\"SearchAction\",\"target\":{\"@type\":\"EntryPoint\",\"urlTemplate\":\"https:\/\/lepoint-actu.tg\/?s={search_term_string}\"},\"query-input\":{\"@type\":\"PropertyValueSpecification\",\"valueRequired\":true,\"valueName\":\"search_term_string\"}}],\"inLanguage\":\"fr-FR\"},{\"@type\":\"Person\",\"@id\":\"https:\/\/lepoint-actu.tg\/#\/schema\/person\/e4026d66cbdc205cab83e169ab7eaca1\",\"name\":\"La Redaction\",\"image\":{\"@type\":\"ImageObject\",\"inLanguage\":\"fr-FR\",\"@id\":\"https:\/\/lepoint-actu.tg\/#\/schema\/person\/image\/\",\"url\":\"https:\/\/secure.gravatar.com\/avatar\/1682a0ff7e2c36efa51c5d262eea092000ec1ce420118e6261440956730308c2?s=96&d=mm&r=g\",\"contentUrl\":\"https:\/\/secure.gravatar.com\/avatar\/1682a0ff7e2c36efa51c5d262eea092000ec1ce420118e6261440956730308c2?s=96&d=mm&r=g\",\"caption\":\"La Redaction\"},\"url\":\"https:\/\/lepoint-actu.tg\/index.php\/author\/raymondsama\/\"}]}<\/script>\n<!-- \/ Yoast SEO plugin. -->","yoast_head_json":{"title":"Gabon\/Ali Bongo officialise sa candidature pour un 3\u00e8 mandat -","robots":{"index":"index","follow":"follow","max-snippet":"max-snippet:-1","max-image-preview":"max-image-preview:large","max-video-preview":"max-video-preview:-1"},"canonical":"https:\/\/lepoint-actu.tg\/index.php\/2023\/07\/09\/gabon-ali-bongo-officialise-sa-candidature-pour-un-3e-mandat\/","og_locale":"fr_FR","og_type":"article","og_title":"Gabon\/Ali Bongo officialise sa candidature pour un 3\u00e8 mandat -","og_description":"Il dit \u00eatre en forme, en tr\u00e8s bon \u00e9tat de sant\u00e9 et peut donc continuer \u00e0 diriger le Gabon. Lui,","og_url":"https:\/\/lepoint-actu.tg\/index.php\/2023\/07\/09\/gabon-ali-bongo-officialise-sa-candidature-pour-un-3e-mandat\/","article_published_time":"2023-07-09T23:03:39+00:00","article_modified_time":"2023-07-09T23:05:28+00:00","og_image":[{"width":696,"height":392,"url":"https:\/\/lepoint-actu.tg\/wp-content\/uploads\/2023\/07\/Bongo-31-1-696x392-1.jpg","type":"image\/jpeg"}],"author":"La Redaction","twitter_card":"summary_large_image","twitter_misc":{"\u00c9crit par":"La Redaction","Dur\u00e9e de lecture estim\u00e9e":"2 minutes"},"schema":{"@context":"https:\/\/schema.org","@graph":[{"@type":"WebPage","@id":"https:\/\/lepoint-actu.tg\/index.php\/2023\/07\/09\/gabon-ali-bongo-officialise-sa-candidature-pour-un-3e-mandat\/","url":"https:\/\/lepoint-actu.tg\/index.php\/2023\/07\/09\/gabon-ali-bongo-officialise-sa-candidature-pour-un-3e-mandat\/","name":"Gabon\/Ali Bongo officialise sa candidature pour un 3\u00e8 mandat -","isPartOf":{"@id":"https:\/\/lepoint-actu.tg\/#website"},"primaryImageOfPage":{"@id":"https:\/\/lepoint-actu.tg\/index.php\/2023\/07\/09\/gabon-ali-bongo-officialise-sa-candidature-pour-un-3e-mandat\/#primaryimage"},"image":{"@id":"https:\/\/lepoint-actu.tg\/index.php\/2023\/07\/09\/gabon-ali-bongo-officialise-sa-candidature-pour-un-3e-mandat\/#primaryimage"},"thumbnailUrl":"https:\/\/lepoint-actu.tg\/wp-content\/uploads\/2023\/07\/Bongo-31-1-696x392-1.jpg","datePublished":"2023-07-09T23:03:39+00:00","dateModified":"2023-07-09T23:05:28+00:00","author":{"@id":"https:\/\/lepoint-actu.tg\/#\/schema\/person\/e4026d66cbdc205cab83e169ab7eaca1"},"breadcrumb":{"@id":"https:\/\/lepoint-actu.tg\/index.php\/2023\/07\/09\/gabon-ali-bongo-officialise-sa-candidature-pour-un-3e-mandat\/#breadcrumb"},"inLanguage":"fr-FR","potentialAction":[{"@type":"ReadAction","target":["https:\/\/lepoint-actu.tg\/index.php\/2023\/07\/09\/gabon-ali-bongo-officialise-sa-candidature-pour-un-3e-mandat\/"]}]},{"@type":"ImageObject","inLanguage":"fr-FR","@id":"https:\/\/lepoint-actu.tg\/index.php\/2023\/07\/09\/gabon-ali-bongo-officialise-sa-candidature-pour-un-3e-mandat\/#primaryimage","url":"https:\/\/lepoint-actu.tg\/wp-content\/uploads\/2023\/07\/Bongo-31-1-696x392-1.jpg","contentUrl":"https:\/\/lepoint-actu.tg\/wp-content\/uploads\/2023\/07\/Bongo-31-1-696x392-1.jpg","width":696,"height":392},{"@type":"BreadcrumbList","@id":"https:\/\/lepoint-actu.tg\/index.php\/2023\/07\/09\/gabon-ali-bongo-officialise-sa-candidature-pour-un-3e-mandat\/#breadcrumb","itemListElement":[{"@type":"ListItem","position":1,"name":"Accueil","item":"https:\/\/lepoint-actu.tg\/"},{"@type":"ListItem","position":2,"name":"Gabon\/Ali Bongo officialise sa candidature pour un 3\u00e8 mandat"}]},{"@type":"WebSite","@id":"https:\/\/lepoint-actu.tg\/#website","url":"https:\/\/lepoint-actu.tg\/","name":"","description":"R\u00e9c\u00e9piss\u00e9 N\u00b00022\/HAAC\/12-2020\/pL\/P, lepointactu07@gmail.com","potentialAction":[{"@type":"SearchAction","target":{"@type":"EntryPoint","urlTemplate":"https:\/\/lepoint-actu.tg\/?s={search_term_string}"},"query-input":{"@type":"PropertyValueSpecification","valueRequired":true,"valueName":"search_term_string"}}],"inLanguage":"fr-FR"},{"@type":"Person","@id":"https:\/\/lepoint-actu.tg\/#\/schema\/person\/e4026d66cbdc205cab83e169ab7eaca1","name":"La Redaction","image":{"@type":"ImageObject","inLanguage":"fr-FR","@id":"https:\/\/lepoint-actu.tg\/#\/schema\/person\/image\/","url":"https:\/\/secure.gravatar.com\/avatar\/1682a0ff7e2c36efa51c5d262eea092000ec1ce420118e6261440956730308c2?s=96&d=mm&r=g","contentUrl":"https:\/\/secure.gravatar.com\/avatar\/1682a0ff7e2c36efa51c5d262eea092000ec1ce420118e6261440956730308c2?s=96&d=mm&r=g","caption":"La Redaction"},"url":"https:\/\/lepoint-actu.tg\/index.php\/author\/raymondsama\/"}]}},"_links":{"self":[{"href":"https:\/\/lepoint-actu.tg\/index.php\/wp-json\/wp\/v2\/posts\/2074","targetHints":{"allow":["GET"]}}],"collection":[{"href":"https:\/\/lepoint-actu.tg\/index.php\/wp-json\/wp\/v2\/posts"}],"about":[{"href":"https:\/\/lepoint-actu.tg\/index.php\/wp-json\/wp\/v2\/types\/post"}],"author":[{"embeddable":true,"href":"https:\/\/lepoint-actu.tg\/index.php\/wp-json\/wp\/v2\/users\/2"}],"replies":[{"embeddable":true,"href":"https:\/\/lepoint-actu.tg\/index.php\/wp-json\/wp\/v2\/comments?post=2074"}],"version-history":[{"count":2,"href":"https:\/\/lepoint-actu.tg\/index.php\/wp-json\/wp\/v2\/posts\/2074\/revisions"}],"predecessor-version":[{"id":2077,"href":"https:\/\/lepoint-actu.tg\/index.php\/wp-json\/wp\/v2\/posts\/2074\/revisions\/2077"}],"wp:featuredmedia":[{"embeddable":true,"href":"https:\/\/lepoint-actu.tg\/index.php\/wp-json\/wp\/v2\/media\/2075"}],"wp:attachment":[{"href":"https:\/\/lepoint-actu.tg\/index.php\/wp-json\/wp\/v2\/media?parent=2074"}],"wp:term":[{"taxonomy":"category","embeddable":true,"href":"https:\/\/lepoint-actu.tg\/index.php\/wp-json\/wp\/v2\/categories?post=2074"},{"taxonomy":"post_tag","embeddable":true,"href":"https:\/\/lepoint-actu.tg\/index.php\/wp-json\/wp\/v2\/tags?post=2074"}],"curies":[{"name":"wp","href":"https:\/\/api.w.org\/{rel}","templated":true}]}}