{"id":2085,"date":"2023-07-08T23:59:53","date_gmt":"2023-07-08T23:59:53","guid":{"rendered":"https:\/\/lepoint-actu.tg\/?p=2085"},"modified":"2023-07-10T00:06:44","modified_gmt":"2023-07-10T00:06:44","slug":"couleurs-des-batiments-scolaires-au-togo-une-nouvelle-reaction-judicieusede-kokoroko","status":"publish","type":"post","link":"https:\/\/lepoint-actu.tg\/index.php\/2023\/07\/08\/couleurs-des-batiments-scolaires-au-togo-une-nouvelle-reaction-judicieusede-kokoroko\/","title":{"rendered":"Couleurs des b\u00e2timents scolaires au Togo: Une nouvelle r\u00e9action judicieuse de Kokoroko"},"content":{"rendered":"\n<p><br>Le ministre des Enseignements primaire, secondaire, technique et de l\u2019artisanat, prof. Dodzi Kokoroko, a tranch\u00e9 mettant fin \u00e0 une d\u00e9rive constat\u00e9e ces derniers temps s&rsquo;agissant des couleurs des b\u00e2timents scolaires qui prennent une connotation politique.<\/p>\n\n\n\n<div class=\"wp-block-cover is-light\"><span aria-hidden=\"true\" class=\"wp-block-cover__background has-background-dim\"><\/span><img loading=\"lazy\" decoding=\"async\" width=\"1080\" height=\"720\" class=\"wp-block-cover__image-background wp-image-1967\" alt=\"\" src=\"https:\/\/lepoint-actu.tg\/wp-content\/uploads\/2023\/06\/FwRbKULX0AQPOMR.jpeg\" data-object-fit=\"cover\" srcset=\"https:\/\/lepoint-actu.tg\/wp-content\/uploads\/2023\/06\/FwRbKULX0AQPOMR.jpeg 1080w, https:\/\/lepoint-actu.tg\/wp-content\/uploads\/2023\/06\/FwRbKULX0AQPOMR-300x200.jpeg 300w, https:\/\/lepoint-actu.tg\/wp-content\/uploads\/2023\/06\/FwRbKULX0AQPOMR-1024x683.jpeg 1024w, https:\/\/lepoint-actu.tg\/wp-content\/uploads\/2023\/06\/FwRbKULX0AQPOMR-768x512.jpeg 768w\" sizes=\"auto, (max-width: 1080px) 100vw, 1080px\" \/><div class=\"wp-block-cover__inner-container is-layout-flow wp-block-cover-is-layout-flow\">\n<p class=\"has-text-align-center has-large-font-size\"><\/p>\n<\/div><\/div>\n\n\n\n<p>En effet, dans une note sign\u00e9e le 7 juillet 2023, le ministre REFORMATEUR est se montre de nouveaux tr\u00e8s scientifiques professionnel, faisant triompher le bon sens et le caract\u00e8re apolitique de l&rsquo;\u00e9cole. C&rsquo;est dire qu\u2019il est d\u00e9sormais interdit de voir les couleurs des partis politiques, surtout celles de l\u2019Union pour la R\u00e9publique (UNIR), sur les b\u00e2timents scolaires.<\/p>\n\n\n\n<p>Ci-dessous la note du ministre :<\/p>\n\n\n\n<p>REPUBLIQUE TOGOLAISE<\/p>\n\n\n\n<p>MINISTERE DES ENSEIGNEMENTS PRIMAIRE, SECONDAIRE, TECHNIQUE ET DE L\u2019ARTISANAT<\/p>\n\n\n\n<p>SECRETARIAT GENERAL<\/p>\n\n\n\n<p>DIRECTION DE LA PLANIFICATION, DES STATISTIQUES ET DU SUIVI-EVALUATION<\/p>\n\n\n\n<p>CODE COULEUR (BADIGEON ET PEINTURE) POUR LES BATIMENTS SCOLAIRES (MEPSTA)<\/p>\n\n\n\n<p>Chaux vive teint\u00e9e d\u2019ocre jaune sur les murs ;<br>Chaux vivre l\u00e9g\u00e8rement piqu\u00e9e d\u2019ocre noir ans les claustras ;<br>Chaux vive teint\u00e9e d\u2019ocre rouge sur les soubassements, les saillies des poteaux, chainages et consoles ;<br>Peinture marron N\u00b01680 sur les portes, fen\u00eatres, sur les murs all\u00e8ges sous claustras et sous tableau \u00e0 l\u2019int\u00e9rieur de salles de classe, sur les murs sous claustras \u00e0 l\u2019ext\u00e9rieur des salles de classe sur la fa\u00e7ade principale, et sous all\u00e8ge dans le bureau et magasin.<br>A SIGNE<\/p>\n\n\n\n<p>Prof Dodzi Komla KOKOROKO<\/p>\n\n\n\n<p><\/p>\n\n\n\n<p><strong><em>Nous contacter pour tous besoins au tel 93850463\/90213091\/e-mail lepointactu07@gmail.com<\/em><\/strong><\/p>\n","protected":false},"excerpt":{"rendered":"<p>Le ministre des Enseignements primaire, secondaire, technique et de l\u2019artisanat, prof. Dodzi Kokoroko, a tranch\u00e9 mettant fin \u00e0 une d\u00e9rive<\/p>\n","protected":false},"author":2,"featured_media":2086,"comment_status":"open","ping_status":"closed","sticky":false,"template":"","format":"standard","meta":{"footnotes":""},"categories":[1],"tags":[],"class_list":["post-2085","post","type-post","status-publish","format-standard","has-post-thumbnail","hentry","category-societe"],"yoast_head":"<!-- This site is optimized with the Yoast SEO plugin v23.9 - https:\/\/yoast.com\/wordpress\/plugins\/seo\/ -->\n<title>Couleurs des b\u00e2timents scolaires au Togo: Une nouvelle r\u00e9action judicieuse de Kokoroko -<\/title>\n<meta name=\"robots\" content=\"index, follow, max-snippet:-1, max-image-preview:large, max-video-preview:-1\" \/>\n<link rel=\"canonical\" href=\"https:\/\/lepoint-actu.tg\/index.php\/2023\/07\/08\/couleurs-des-batiments-scolaires-au-togo-une-nouvelle-reaction-judicieusede-kokoroko\/\" \/>\n<meta property=\"og:locale\" content=\"fr_FR\" \/>\n<meta property=\"og:type\" content=\"article\" \/>\n<meta property=\"og:title\" content=\"Couleurs des b\u00e2timents scolaires au Togo: Une nouvelle r\u00e9action judicieuse de Kokoroko -\" \/>\n<meta property=\"og:description\" content=\"Le ministre des Enseignements primaire, secondaire, technique et de l\u2019artisanat, prof. Dodzi Kokoroko, a tranch\u00e9 mettant fin \u00e0 une d\u00e9rive\" \/>\n<meta property=\"og:url\" content=\"https:\/\/lepoint-actu.tg\/index.php\/2023\/07\/08\/couleurs-des-batiments-scolaires-au-togo-une-nouvelle-reaction-judicieusede-kokoroko\/\" \/>\n<meta property=\"article:published_time\" content=\"2023-07-08T23:59:53+00:00\" \/>\n<meta property=\"article:modified_time\" content=\"2023-07-10T00:06:44+00:00\" \/>\n<meta property=\"og:image\" content=\"https:\/\/lepoint-actu.tg\/wp-content\/uploads\/2023\/07\/vZyJm1jQwnVAjaPsXxdH-696x435-1.jpg\" \/>\n\t<meta property=\"og:image:width\" content=\"696\" \/>\n\t<meta property=\"og:image:height\" content=\"435\" \/>\n\t<meta property=\"og:image:type\" content=\"image\/jpeg\" \/>\n<meta name=\"author\" content=\"La Redaction\" \/>\n<meta name=\"twitter:card\" content=\"summary_large_image\" \/>\n<meta name=\"twitter:label1\" content=\"\u00c9crit par\" \/>\n\t<meta name=\"twitter:data1\" content=\"La Redaction\" \/>\n\t<meta name=\"twitter:label2\" content=\"Dur\u00e9e de lecture estim\u00e9e\" \/>\n\t<meta name=\"twitter:data2\" content=\"1 minute\" \/>\n<script type=\"application\/ld+json\" class=\"yoast-schema-graph\">{\"@context\":\"https:\/\/schema.org\",\"@graph\":[{\"@type\":\"WebPage\",\"@id\":\"https:\/\/lepoint-actu.tg\/index.php\/2023\/07\/08\/couleurs-des-batiments-scolaires-au-togo-une-nouvelle-reaction-judicieusede-kokoroko\/\",\"url\":\"https:\/\/lepoint-actu.tg\/index.php\/2023\/07\/08\/couleurs-des-batiments-scolaires-au-togo-une-nouvelle-reaction-judicieusede-kokoroko\/\",\"name\":\"Couleurs des b\u00e2timents scolaires au Togo: Une nouvelle r\u00e9action judicieuse de Kokoroko -\",\"isPartOf\":{\"@id\":\"https:\/\/lepoint-actu.tg\/#website\"},\"primaryImageOfPage\":{\"@id\":\"https:\/\/lepoint-actu.tg\/index.php\/2023\/07\/08\/couleurs-des-batiments-scolaires-au-togo-une-nouvelle-reaction-judicieusede-kokoroko\/#primaryimage\"},\"image\":{\"@id\":\"https:\/\/lepoint-actu.tg\/index.php\/2023\/07\/08\/couleurs-des-batiments-scolaires-au-togo-une-nouvelle-reaction-judicieusede-kokoroko\/#primaryimage\"},\"thumbnailUrl\":\"https:\/\/lepoint-actu.tg\/wp-content\/uploads\/2023\/07\/vZyJm1jQwnVAjaPsXxdH-696x435-1.jpg\",\"datePublished\":\"2023-07-08T23:59:53+00:00\",\"dateModified\":\"2023-07-10T00:06:44+00:00\",\"author\":{\"@id\":\"https:\/\/lepoint-actu.tg\/#\/schema\/person\/e4026d66cbdc205cab83e169ab7eaca1\"},\"breadcrumb\":{\"@id\":\"https:\/\/lepoint-actu.tg\/index.php\/2023\/07\/08\/couleurs-des-batiments-scolaires-au-togo-une-nouvelle-reaction-judicieusede-kokoroko\/#breadcrumb\"},\"inLanguage\":\"fr-FR\",\"potentialAction\":[{\"@type\":\"ReadAction\",\"target\":[\"https:\/\/lepoint-actu.tg\/index.php\/2023\/07\/08\/couleurs-des-batiments-scolaires-au-togo-une-nouvelle-reaction-judicieusede-kokoroko\/\"]}]},{\"@type\":\"ImageObject\",\"inLanguage\":\"fr-FR\",\"@id\":\"https:\/\/lepoint-actu.tg\/index.php\/2023\/07\/08\/couleurs-des-batiments-scolaires-au-togo-une-nouvelle-reaction-judicieusede-kokoroko\/#primaryimage\",\"url\":\"https:\/\/lepoint-actu.tg\/wp-content\/uploads\/2023\/07\/vZyJm1jQwnVAjaPsXxdH-696x435-1.jpg\",\"contentUrl\":\"https:\/\/lepoint-actu.tg\/wp-content\/uploads\/2023\/07\/vZyJm1jQwnVAjaPsXxdH-696x435-1.jpg\",\"width\":696,\"height\":435},{\"@type\":\"BreadcrumbList\",\"@id\":\"https:\/\/lepoint-actu.tg\/index.php\/2023\/07\/08\/couleurs-des-batiments-scolaires-au-togo-une-nouvelle-reaction-judicieusede-kokoroko\/#breadcrumb\",\"itemListElement\":[{\"@type\":\"ListItem\",\"position\":1,\"name\":\"Accueil\",\"item\":\"https:\/\/lepoint-actu.tg\/\"},{\"@type\":\"ListItem\",\"position\":2,\"name\":\"Couleurs des b\u00e2timents scolaires au Togo: Une nouvelle r\u00e9action judicieuse de Kokoroko\"}]},{\"@type\":\"WebSite\",\"@id\":\"https:\/\/lepoint-actu.tg\/#website\",\"url\":\"https:\/\/lepoint-actu.tg\/\",\"name\":\"\",\"description\":\"R\u00e9c\u00e9piss\u00e9 N\u00b00022\/HAAC\/12-2020\/pL\/P, lepointactu07@gmail.com\",\"potentialAction\":[{\"@type\":\"SearchAction\",\"target\":{\"@type\":\"EntryPoint\",\"urlTemplate\":\"https:\/\/lepoint-actu.tg\/?s={search_term_string}\"},\"query-input\":{\"@type\":\"PropertyValueSpecification\",\"valueRequired\":true,\"valueName\":\"search_term_string\"}}],\"inLanguage\":\"fr-FR\"},{\"@type\":\"Person\",\"@id\":\"https:\/\/lepoint-actu.tg\/#\/schema\/person\/e4026d66cbdc205cab83e169ab7eaca1\",\"name\":\"La Redaction\",\"image\":{\"@type\":\"ImageObject\",\"inLanguage\":\"fr-FR\",\"@id\":\"https:\/\/lepoint-actu.tg\/#\/schema\/person\/image\/\",\"url\":\"https:\/\/secure.gravatar.com\/avatar\/1682a0ff7e2c36efa51c5d262eea092000ec1ce420118e6261440956730308c2?s=96&d=mm&r=g\",\"contentUrl\":\"https:\/\/secure.gravatar.com\/avatar\/1682a0ff7e2c36efa51c5d262eea092000ec1ce420118e6261440956730308c2?s=96&d=mm&r=g\",\"caption\":\"La Redaction\"},\"url\":\"https:\/\/lepoint-actu.tg\/index.php\/author\/raymondsama\/\"}]}<\/script>\n<!-- \/ Yoast SEO plugin. -->","yoast_head_json":{"title":"Couleurs des b\u00e2timents scolaires au Togo: Une nouvelle r\u00e9action judicieuse de Kokoroko -","robots":{"index":"index","follow":"follow","max-snippet":"max-snippet:-1","max-image-preview":"max-image-preview:large","max-video-preview":"max-video-preview:-1"},"canonical":"https:\/\/lepoint-actu.tg\/index.php\/2023\/07\/08\/couleurs-des-batiments-scolaires-au-togo-une-nouvelle-reaction-judicieusede-kokoroko\/","og_locale":"fr_FR","og_type":"article","og_title":"Couleurs des b\u00e2timents scolaires au Togo: Une nouvelle r\u00e9action judicieuse de Kokoroko -","og_description":"Le ministre des Enseignements primaire, secondaire, technique et de l\u2019artisanat, prof. Dodzi Kokoroko, a tranch\u00e9 mettant fin \u00e0 une d\u00e9rive","og_url":"https:\/\/lepoint-actu.tg\/index.php\/2023\/07\/08\/couleurs-des-batiments-scolaires-au-togo-une-nouvelle-reaction-judicieusede-kokoroko\/","article_published_time":"2023-07-08T23:59:53+00:00","article_modified_time":"2023-07-10T00:06:44+00:00","og_image":[{"width":696,"height":435,"url":"https:\/\/lepoint-actu.tg\/wp-content\/uploads\/2023\/07\/vZyJm1jQwnVAjaPsXxdH-696x435-1.jpg","type":"image\/jpeg"}],"author":"La Redaction","twitter_card":"summary_large_image","twitter_misc":{"\u00c9crit par":"La Redaction","Dur\u00e9e de lecture estim\u00e9e":"1 minute"},"schema":{"@context":"https:\/\/schema.org","@graph":[{"@type":"WebPage","@id":"https:\/\/lepoint-actu.tg\/index.php\/2023\/07\/08\/couleurs-des-batiments-scolaires-au-togo-une-nouvelle-reaction-judicieusede-kokoroko\/","url":"https:\/\/lepoint-actu.tg\/index.php\/2023\/07\/08\/couleurs-des-batiments-scolaires-au-togo-une-nouvelle-reaction-judicieusede-kokoroko\/","name":"Couleurs des b\u00e2timents scolaires au Togo: Une nouvelle r\u00e9action judicieuse de Kokoroko -","isPartOf":{"@id":"https:\/\/lepoint-actu.tg\/#website"},"primaryImageOfPage":{"@id":"https:\/\/lepoint-actu.tg\/index.php\/2023\/07\/08\/couleurs-des-batiments-scolaires-au-togo-une-nouvelle-reaction-judicieusede-kokoroko\/#primaryimage"},"image":{"@id":"https:\/\/lepoint-actu.tg\/index.php\/2023\/07\/08\/couleurs-des-batiments-scolaires-au-togo-une-nouvelle-reaction-judicieusede-kokoroko\/#primaryimage"},"thumbnailUrl":"https:\/\/lepoint-actu.tg\/wp-content\/uploads\/2023\/07\/vZyJm1jQwnVAjaPsXxdH-696x435-1.jpg","datePublished":"2023-07-08T23:59:53+00:00","dateModified":"2023-07-10T00:06:44+00:00","author":{"@id":"https:\/\/lepoint-actu.tg\/#\/schema\/person\/e4026d66cbdc205cab83e169ab7eaca1"},"breadcrumb":{"@id":"https:\/\/lepoint-actu.tg\/index.php\/2023\/07\/08\/couleurs-des-batiments-scolaires-au-togo-une-nouvelle-reaction-judicieusede-kokoroko\/#breadcrumb"},"inLanguage":"fr-FR","potentialAction":[{"@type":"ReadAction","target":["https:\/\/lepoint-actu.tg\/index.php\/2023\/07\/08\/couleurs-des-batiments-scolaires-au-togo-une-nouvelle-reaction-judicieusede-kokoroko\/"]}]},{"@type":"ImageObject","inLanguage":"fr-FR","@id":"https:\/\/lepoint-actu.tg\/index.php\/2023\/07\/08\/couleurs-des-batiments-scolaires-au-togo-une-nouvelle-reaction-judicieusede-kokoroko\/#primaryimage","url":"https:\/\/lepoint-actu.tg\/wp-content\/uploads\/2023\/07\/vZyJm1jQwnVAjaPsXxdH-696x435-1.jpg","contentUrl":"https:\/\/lepoint-actu.tg\/wp-content\/uploads\/2023\/07\/vZyJm1jQwnVAjaPsXxdH-696x435-1.jpg","width":696,"height":435},{"@type":"BreadcrumbList","@id":"https:\/\/lepoint-actu.tg\/index.php\/2023\/07\/08\/couleurs-des-batiments-scolaires-au-togo-une-nouvelle-reaction-judicieusede-kokoroko\/#breadcrumb","itemListElement":[{"@type":"ListItem","position":1,"name":"Accueil","item":"https:\/\/lepoint-actu.tg\/"},{"@type":"ListItem","position":2,"name":"Couleurs des b\u00e2timents scolaires au Togo: Une nouvelle r\u00e9action judicieuse de Kokoroko"}]},{"@type":"WebSite","@id":"https:\/\/lepoint-actu.tg\/#website","url":"https:\/\/lepoint-actu.tg\/","name":"","description":"R\u00e9c\u00e9piss\u00e9 N\u00b00022\/HAAC\/12-2020\/pL\/P, lepointactu07@gmail.com","potentialAction":[{"@type":"SearchAction","target":{"@type":"EntryPoint","urlTemplate":"https:\/\/lepoint-actu.tg\/?s={search_term_string}"},"query-input":{"@type":"PropertyValueSpecification","valueRequired":true,"valueName":"search_term_string"}}],"inLanguage":"fr-FR"},{"@type":"Person","@id":"https:\/\/lepoint-actu.tg\/#\/schema\/person\/e4026d66cbdc205cab83e169ab7eaca1","name":"La Redaction","image":{"@type":"ImageObject","inLanguage":"fr-FR","@id":"https:\/\/lepoint-actu.tg\/#\/schema\/person\/image\/","url":"https:\/\/secure.gravatar.com\/avatar\/1682a0ff7e2c36efa51c5d262eea092000ec1ce420118e6261440956730308c2?s=96&d=mm&r=g","contentUrl":"https:\/\/secure.gravatar.com\/avatar\/1682a0ff7e2c36efa51c5d262eea092000ec1ce420118e6261440956730308c2?s=96&d=mm&r=g","caption":"La Redaction"},"url":"https:\/\/lepoint-actu.tg\/index.php\/author\/raymondsama\/"}]}},"_links":{"self":[{"href":"https:\/\/lepoint-actu.tg\/index.php\/wp-json\/wp\/v2\/posts\/2085","targetHints":{"allow":["GET"]}}],"collection":[{"href":"https:\/\/lepoint-actu.tg\/index.php\/wp-json\/wp\/v2\/posts"}],"about":[{"href":"https:\/\/lepoint-actu.tg\/index.php\/wp-json\/wp\/v2\/types\/post"}],"author":[{"embeddable":true,"href":"https:\/\/lepoint-actu.tg\/index.php\/wp-json\/wp\/v2\/users\/2"}],"replies":[{"embeddable":true,"href":"https:\/\/lepoint-actu.tg\/index.php\/wp-json\/wp\/v2\/comments?post=2085"}],"version-history":[{"count":2,"href":"https:\/\/lepoint-actu.tg\/index.php\/wp-json\/wp\/v2\/posts\/2085\/revisions"}],"predecessor-version":[{"id":2089,"href":"https:\/\/lepoint-actu.tg\/index.php\/wp-json\/wp\/v2\/posts\/2085\/revisions\/2089"}],"wp:featuredmedia":[{"embeddable":true,"href":"https:\/\/lepoint-actu.tg\/index.php\/wp-json\/wp\/v2\/media\/2086"}],"wp:attachment":[{"href":"https:\/\/lepoint-actu.tg\/index.php\/wp-json\/wp\/v2\/media?parent=2085"}],"wp:term":[{"taxonomy":"category","embeddable":true,"href":"https:\/\/lepoint-actu.tg\/index.php\/wp-json\/wp\/v2\/categories?post=2085"},{"taxonomy":"post_tag","embeddable":true,"href":"https:\/\/lepoint-actu.tg\/index.php\/wp-json\/wp\/v2\/tags?post=2085"}],"curies":[{"name":"wp","href":"https:\/\/api.w.org\/{rel}","templated":true}]}}