{"id":2090,"date":"2023-07-10T11:46:23","date_gmt":"2023-07-10T11:46:23","guid":{"rendered":"https:\/\/lepoint-actu.tg\/?p=2090"},"modified":"2023-07-10T11:46:25","modified_gmt":"2023-07-10T11:46:25","slug":"developpement-agricole-lancement-dune-nouvelle-politique-de-la-coree-du-sud-avec-des-pays-africains","status":"publish","type":"post","link":"https:\/\/lepoint-actu.tg\/index.php\/2023\/07\/10\/developpement-agricole-lancement-dune-nouvelle-politique-de-la-coree-du-sud-avec-des-pays-africains\/","title":{"rendered":"D\u00e9veloppement agricole: Lancement d&rsquo;une nouvelle politique de la Cor\u00e9e du Sud avec des pays africains"},"content":{"rendered":"\n<p><\/p>\n\n\n\n<p>La Cor\u00e9e du Sud lance son projet de Korean Rice-Belt avec huit pays africains. L\u2019objectif est un grand programme de d\u00e9veloppement agricole, du S\u00e9n\u00e9gal au Kenya, pour produire du riz pour les populations locales. Sur une dur\u00e9e initiale de quatre ans, le projet a pour but d\u2019apporter 10 000 tonnes de riz suppl\u00e9mentaire, de quoi nourrir 30 millions de personnes.<br>Les repr\u00e9sentants de huit pays africains se sont r\u00e9unis ce 10 juillet \u00e0 S\u00e9oul avec leurs homologues sud-cor\u00e9ens pour lancer le projet de la Rice Belt, autrement dit la Ceinture du Riz, selon les informations. Il s&rsquo;agit d&rsquo;un vaste programme d\u2019investissement de 80 millions de dollars ayant pour but de d\u00e9velopper des infrastructures agricoles pour la culture du riz. La Cor\u00e9e du Sud compte partager son savoir-faire et permettre \u00e0 ses partenaires africains de d\u00e9velopper ce secteur.<\/p>\n\n\n\n<p>Nourrir 30 millions de personnes<br>En 2020, le continent africain a consomm\u00e9 pr\u00e8s de 300 millions de tonnes de riz, dont 210 millions ont \u00e9t\u00e9 r\u00e9colt\u00e9s localement. Ce projet sud-cor\u00e9en a pour but de d\u00e9velopper la production locale, avec un objectif : 10 000 tonnes de riz suppl\u00e9mentaires en 2027, de quoi nourrir 30 millions de personnes.<br>Les repr\u00e9sentants guin\u00e9ens ont salu\u00e9 le projet et comptent saisir cette opportunit\u00e9 pour devenir le deuxi\u00e8me producteur africain de riz derri\u00e8re le Nigeria. Si la Cor\u00e9e du Sud envisage pour l\u2019instant un partenariat de quatre ans, elle n\u2019exclut pas de l\u2019\u00e9tendre au-del\u00e0 et d\u2019y int\u00e9grer d\u2019autre pays de la r\u00e9gion.<br><strong>Avec lepointAfrique<\/strong><\/p>\n\n\n\n<p><\/p>\n\n\n\n<p><strong><em>Nous contacter pour tous besoins au tel 93850463\/90213091\/e-mail lepointactu07@gmail.com<\/em><\/strong><\/p>\n","protected":false},"excerpt":{"rendered":"<p>La Cor\u00e9e du Sud lance son projet de Korean Rice-Belt avec huit pays africains. L\u2019objectif est un grand programme de<\/p>\n","protected":false},"author":2,"featured_media":2092,"comment_status":"open","ping_status":"closed","sticky":false,"template":"","format":"standard","meta":{"footnotes":""},"categories":[4],"tags":[],"class_list":["post-2090","post","type-post","status-publish","format-standard","has-post-thumbnail","hentry","category-economie"],"yoast_head":"<!-- This site is optimized with the Yoast SEO plugin v23.9 - https:\/\/yoast.com\/wordpress\/plugins\/seo\/ -->\n<title>D\u00e9veloppement agricole: Lancement d&#039;une nouvelle politique de la Cor\u00e9e du Sud avec des pays africains -<\/title>\n<meta name=\"robots\" content=\"index, follow, max-snippet:-1, max-image-preview:large, max-video-preview:-1\" \/>\n<link rel=\"canonical\" href=\"https:\/\/lepoint-actu.tg\/index.php\/2023\/07\/10\/developpement-agricole-lancement-dune-nouvelle-politique-de-la-coree-du-sud-avec-des-pays-africains\/\" \/>\n<meta property=\"og:locale\" content=\"fr_FR\" \/>\n<meta property=\"og:type\" content=\"article\" \/>\n<meta property=\"og:title\" content=\"D\u00e9veloppement agricole: Lancement d&#039;une nouvelle politique de la Cor\u00e9e du Sud avec des pays africains -\" \/>\n<meta property=\"og:description\" content=\"La Cor\u00e9e du Sud lance son projet de Korean Rice-Belt avec huit pays africains. L\u2019objectif est un grand programme de\" \/>\n<meta property=\"og:url\" content=\"https:\/\/lepoint-actu.tg\/index.php\/2023\/07\/10\/developpement-agricole-lancement-dune-nouvelle-politique-de-la-coree-du-sud-avec-des-pays-africains\/\" \/>\n<meta property=\"article:published_time\" content=\"2023-07-10T11:46:23+00:00\" \/>\n<meta property=\"article:modified_time\" content=\"2023-07-10T11:46:25+00:00\" \/>\n<meta property=\"og:image\" content=\"https:\/\/lepoint-actu.tg\/wp-content\/uploads\/2023\/07\/riz-1-1.jpg\" \/>\n\t<meta property=\"og:image:width\" content=\"660\" \/>\n\t<meta property=\"og:image:height\" content=\"440\" \/>\n\t<meta property=\"og:image:type\" content=\"image\/jpeg\" \/>\n<meta name=\"author\" content=\"La Redaction\" \/>\n<meta name=\"twitter:card\" content=\"summary_large_image\" \/>\n<meta name=\"twitter:label1\" content=\"\u00c9crit par\" \/>\n\t<meta name=\"twitter:data1\" content=\"La Redaction\" \/>\n\t<meta name=\"twitter:label2\" content=\"Dur\u00e9e de lecture estim\u00e9e\" \/>\n\t<meta name=\"twitter:data2\" content=\"1 minute\" \/>\n<script type=\"application\/ld+json\" class=\"yoast-schema-graph\">{\"@context\":\"https:\/\/schema.org\",\"@graph\":[{\"@type\":\"WebPage\",\"@id\":\"https:\/\/lepoint-actu.tg\/index.php\/2023\/07\/10\/developpement-agricole-lancement-dune-nouvelle-politique-de-la-coree-du-sud-avec-des-pays-africains\/\",\"url\":\"https:\/\/lepoint-actu.tg\/index.php\/2023\/07\/10\/developpement-agricole-lancement-dune-nouvelle-politique-de-la-coree-du-sud-avec-des-pays-africains\/\",\"name\":\"D\u00e9veloppement agricole: Lancement d'une nouvelle politique de la Cor\u00e9e du Sud avec des pays africains -\",\"isPartOf\":{\"@id\":\"https:\/\/lepoint-actu.tg\/#website\"},\"primaryImageOfPage\":{\"@id\":\"https:\/\/lepoint-actu.tg\/index.php\/2023\/07\/10\/developpement-agricole-lancement-dune-nouvelle-politique-de-la-coree-du-sud-avec-des-pays-africains\/#primaryimage\"},\"image\":{\"@id\":\"https:\/\/lepoint-actu.tg\/index.php\/2023\/07\/10\/developpement-agricole-lancement-dune-nouvelle-politique-de-la-coree-du-sud-avec-des-pays-africains\/#primaryimage\"},\"thumbnailUrl\":\"https:\/\/lepoint-actu.tg\/wp-content\/uploads\/2023\/07\/riz-1-1.jpg\",\"datePublished\":\"2023-07-10T11:46:23+00:00\",\"dateModified\":\"2023-07-10T11:46:25+00:00\",\"author\":{\"@id\":\"https:\/\/lepoint-actu.tg\/#\/schema\/person\/e4026d66cbdc205cab83e169ab7eaca1\"},\"breadcrumb\":{\"@id\":\"https:\/\/lepoint-actu.tg\/index.php\/2023\/07\/10\/developpement-agricole-lancement-dune-nouvelle-politique-de-la-coree-du-sud-avec-des-pays-africains\/#breadcrumb\"},\"inLanguage\":\"fr-FR\",\"potentialAction\":[{\"@type\":\"ReadAction\",\"target\":[\"https:\/\/lepoint-actu.tg\/index.php\/2023\/07\/10\/developpement-agricole-lancement-dune-nouvelle-politique-de-la-coree-du-sud-avec-des-pays-africains\/\"]}]},{\"@type\":\"ImageObject\",\"inLanguage\":\"fr-FR\",\"@id\":\"https:\/\/lepoint-actu.tg\/index.php\/2023\/07\/10\/developpement-agricole-lancement-dune-nouvelle-politique-de-la-coree-du-sud-avec-des-pays-africains\/#primaryimage\",\"url\":\"https:\/\/lepoint-actu.tg\/wp-content\/uploads\/2023\/07\/riz-1-1.jpg\",\"contentUrl\":\"https:\/\/lepoint-actu.tg\/wp-content\/uploads\/2023\/07\/riz-1-1.jpg\",\"width\":660,\"height\":440},{\"@type\":\"BreadcrumbList\",\"@id\":\"https:\/\/lepoint-actu.tg\/index.php\/2023\/07\/10\/developpement-agricole-lancement-dune-nouvelle-politique-de-la-coree-du-sud-avec-des-pays-africains\/#breadcrumb\",\"itemListElement\":[{\"@type\":\"ListItem\",\"position\":1,\"name\":\"Accueil\",\"item\":\"https:\/\/lepoint-actu.tg\/\"},{\"@type\":\"ListItem\",\"position\":2,\"name\":\"D\u00e9veloppement agricole: Lancement d&rsquo;une nouvelle politique de la Cor\u00e9e du Sud avec des pays africains\"}]},{\"@type\":\"WebSite\",\"@id\":\"https:\/\/lepoint-actu.tg\/#website\",\"url\":\"https:\/\/lepoint-actu.tg\/\",\"name\":\"\",\"description\":\"R\u00e9c\u00e9piss\u00e9 N\u00b00022\/HAAC\/12-2020\/pL\/P, lepointactu07@gmail.com\",\"potentialAction\":[{\"@type\":\"SearchAction\",\"target\":{\"@type\":\"EntryPoint\",\"urlTemplate\":\"https:\/\/lepoint-actu.tg\/?s={search_term_string}\"},\"query-input\":{\"@type\":\"PropertyValueSpecification\",\"valueRequired\":true,\"valueName\":\"search_term_string\"}}],\"inLanguage\":\"fr-FR\"},{\"@type\":\"Person\",\"@id\":\"https:\/\/lepoint-actu.tg\/#\/schema\/person\/e4026d66cbdc205cab83e169ab7eaca1\",\"name\":\"La Redaction\",\"image\":{\"@type\":\"ImageObject\",\"inLanguage\":\"fr-FR\",\"@id\":\"https:\/\/lepoint-actu.tg\/#\/schema\/person\/image\/\",\"url\":\"https:\/\/secure.gravatar.com\/avatar\/1682a0ff7e2c36efa51c5d262eea092000ec1ce420118e6261440956730308c2?s=96&d=mm&r=g\",\"contentUrl\":\"https:\/\/secure.gravatar.com\/avatar\/1682a0ff7e2c36efa51c5d262eea092000ec1ce420118e6261440956730308c2?s=96&d=mm&r=g\",\"caption\":\"La Redaction\"},\"url\":\"https:\/\/lepoint-actu.tg\/index.php\/author\/raymondsama\/\"}]}<\/script>\n<!-- \/ Yoast SEO plugin. -->","yoast_head_json":{"title":"D\u00e9veloppement agricole: Lancement d'une nouvelle politique de la Cor\u00e9e du Sud avec des pays africains -","robots":{"index":"index","follow":"follow","max-snippet":"max-snippet:-1","max-image-preview":"max-image-preview:large","max-video-preview":"max-video-preview:-1"},"canonical":"https:\/\/lepoint-actu.tg\/index.php\/2023\/07\/10\/developpement-agricole-lancement-dune-nouvelle-politique-de-la-coree-du-sud-avec-des-pays-africains\/","og_locale":"fr_FR","og_type":"article","og_title":"D\u00e9veloppement agricole: Lancement d'une nouvelle politique de la Cor\u00e9e du Sud avec des pays africains -","og_description":"La Cor\u00e9e du Sud lance son projet de Korean Rice-Belt avec huit pays africains. L\u2019objectif est un grand programme de","og_url":"https:\/\/lepoint-actu.tg\/index.php\/2023\/07\/10\/developpement-agricole-lancement-dune-nouvelle-politique-de-la-coree-du-sud-avec-des-pays-africains\/","article_published_time":"2023-07-10T11:46:23+00:00","article_modified_time":"2023-07-10T11:46:25+00:00","og_image":[{"width":660,"height":440,"url":"https:\/\/lepoint-actu.tg\/wp-content\/uploads\/2023\/07\/riz-1-1.jpg","type":"image\/jpeg"}],"author":"La Redaction","twitter_card":"summary_large_image","twitter_misc":{"\u00c9crit par":"La Redaction","Dur\u00e9e de lecture estim\u00e9e":"1 minute"},"schema":{"@context":"https:\/\/schema.org","@graph":[{"@type":"WebPage","@id":"https:\/\/lepoint-actu.tg\/index.php\/2023\/07\/10\/developpement-agricole-lancement-dune-nouvelle-politique-de-la-coree-du-sud-avec-des-pays-africains\/","url":"https:\/\/lepoint-actu.tg\/index.php\/2023\/07\/10\/developpement-agricole-lancement-dune-nouvelle-politique-de-la-coree-du-sud-avec-des-pays-africains\/","name":"D\u00e9veloppement agricole: Lancement d'une nouvelle politique de la Cor\u00e9e du Sud avec des pays africains -","isPartOf":{"@id":"https:\/\/lepoint-actu.tg\/#website"},"primaryImageOfPage":{"@id":"https:\/\/lepoint-actu.tg\/index.php\/2023\/07\/10\/developpement-agricole-lancement-dune-nouvelle-politique-de-la-coree-du-sud-avec-des-pays-africains\/#primaryimage"},"image":{"@id":"https:\/\/lepoint-actu.tg\/index.php\/2023\/07\/10\/developpement-agricole-lancement-dune-nouvelle-politique-de-la-coree-du-sud-avec-des-pays-africains\/#primaryimage"},"thumbnailUrl":"https:\/\/lepoint-actu.tg\/wp-content\/uploads\/2023\/07\/riz-1-1.jpg","datePublished":"2023-07-10T11:46:23+00:00","dateModified":"2023-07-10T11:46:25+00:00","author":{"@id":"https:\/\/lepoint-actu.tg\/#\/schema\/person\/e4026d66cbdc205cab83e169ab7eaca1"},"breadcrumb":{"@id":"https:\/\/lepoint-actu.tg\/index.php\/2023\/07\/10\/developpement-agricole-lancement-dune-nouvelle-politique-de-la-coree-du-sud-avec-des-pays-africains\/#breadcrumb"},"inLanguage":"fr-FR","potentialAction":[{"@type":"ReadAction","target":["https:\/\/lepoint-actu.tg\/index.php\/2023\/07\/10\/developpement-agricole-lancement-dune-nouvelle-politique-de-la-coree-du-sud-avec-des-pays-africains\/"]}]},{"@type":"ImageObject","inLanguage":"fr-FR","@id":"https:\/\/lepoint-actu.tg\/index.php\/2023\/07\/10\/developpement-agricole-lancement-dune-nouvelle-politique-de-la-coree-du-sud-avec-des-pays-africains\/#primaryimage","url":"https:\/\/lepoint-actu.tg\/wp-content\/uploads\/2023\/07\/riz-1-1.jpg","contentUrl":"https:\/\/lepoint-actu.tg\/wp-content\/uploads\/2023\/07\/riz-1-1.jpg","width":660,"height":440},{"@type":"BreadcrumbList","@id":"https:\/\/lepoint-actu.tg\/index.php\/2023\/07\/10\/developpement-agricole-lancement-dune-nouvelle-politique-de-la-coree-du-sud-avec-des-pays-africains\/#breadcrumb","itemListElement":[{"@type":"ListItem","position":1,"name":"Accueil","item":"https:\/\/lepoint-actu.tg\/"},{"@type":"ListItem","position":2,"name":"D\u00e9veloppement agricole: Lancement d&rsquo;une nouvelle politique de la Cor\u00e9e du Sud avec des pays africains"}]},{"@type":"WebSite","@id":"https:\/\/lepoint-actu.tg\/#website","url":"https:\/\/lepoint-actu.tg\/","name":"","description":"R\u00e9c\u00e9piss\u00e9 N\u00b00022\/HAAC\/12-2020\/pL\/P, lepointactu07@gmail.com","potentialAction":[{"@type":"SearchAction","target":{"@type":"EntryPoint","urlTemplate":"https:\/\/lepoint-actu.tg\/?s={search_term_string}"},"query-input":{"@type":"PropertyValueSpecification","valueRequired":true,"valueName":"search_term_string"}}],"inLanguage":"fr-FR"},{"@type":"Person","@id":"https:\/\/lepoint-actu.tg\/#\/schema\/person\/e4026d66cbdc205cab83e169ab7eaca1","name":"La Redaction","image":{"@type":"ImageObject","inLanguage":"fr-FR","@id":"https:\/\/lepoint-actu.tg\/#\/schema\/person\/image\/","url":"https:\/\/secure.gravatar.com\/avatar\/1682a0ff7e2c36efa51c5d262eea092000ec1ce420118e6261440956730308c2?s=96&d=mm&r=g","contentUrl":"https:\/\/secure.gravatar.com\/avatar\/1682a0ff7e2c36efa51c5d262eea092000ec1ce420118e6261440956730308c2?s=96&d=mm&r=g","caption":"La Redaction"},"url":"https:\/\/lepoint-actu.tg\/index.php\/author\/raymondsama\/"}]}},"_links":{"self":[{"href":"https:\/\/lepoint-actu.tg\/index.php\/wp-json\/wp\/v2\/posts\/2090","targetHints":{"allow":["GET"]}}],"collection":[{"href":"https:\/\/lepoint-actu.tg\/index.php\/wp-json\/wp\/v2\/posts"}],"about":[{"href":"https:\/\/lepoint-actu.tg\/index.php\/wp-json\/wp\/v2\/types\/post"}],"author":[{"embeddable":true,"href":"https:\/\/lepoint-actu.tg\/index.php\/wp-json\/wp\/v2\/users\/2"}],"replies":[{"embeddable":true,"href":"https:\/\/lepoint-actu.tg\/index.php\/wp-json\/wp\/v2\/comments?post=2090"}],"version-history":[{"count":1,"href":"https:\/\/lepoint-actu.tg\/index.php\/wp-json\/wp\/v2\/posts\/2090\/revisions"}],"predecessor-version":[{"id":2093,"href":"https:\/\/lepoint-actu.tg\/index.php\/wp-json\/wp\/v2\/posts\/2090\/revisions\/2093"}],"wp:featuredmedia":[{"embeddable":true,"href":"https:\/\/lepoint-actu.tg\/index.php\/wp-json\/wp\/v2\/media\/2092"}],"wp:attachment":[{"href":"https:\/\/lepoint-actu.tg\/index.php\/wp-json\/wp\/v2\/media?parent=2090"}],"wp:term":[{"taxonomy":"category","embeddable":true,"href":"https:\/\/lepoint-actu.tg\/index.php\/wp-json\/wp\/v2\/categories?post=2090"},{"taxonomy":"post_tag","embeddable":true,"href":"https:\/\/lepoint-actu.tg\/index.php\/wp-json\/wp\/v2\/tags?post=2090"}],"curies":[{"name":"wp","href":"https:\/\/api.w.org\/{rel}","templated":true}]}}