{"id":2184,"date":"2023-08-07T10:55:06","date_gmt":"2023-08-07T10:55:06","guid":{"rendered":"https:\/\/lepoint-actu.tg\/?p=2184"},"modified":"2023-08-07T10:55:08","modified_gmt":"2023-08-07T10:55:08","slug":"larmee-de-lair-renforcee-au-togo","status":"publish","type":"post","link":"https:\/\/lepoint-actu.tg\/index.php\/2023\/08\/07\/larmee-de-lair-renforcee-au-togo\/","title":{"rendered":"L&rsquo;arm\u00e9e de l\u2019air renforc\u00e9e au Togo"},"content":{"rendered":"\n<p><\/p>\n\n\n\n<p>103 recrues, c&rsquo;est le nombre d&rsquo;\u00e9l\u00e9ments nouvellement retenus. C&rsquo;est une annonce, il y quelques jours, du minist\u00e8re des arm\u00e9es du Togo. En effet, les autorit\u00e9s renforcent l\u2019effectif de l\u2019arm\u00e9e de l\u2019air \u00e0 l\u2019issue du dernier concours des forces de d\u00e9fense et de s\u00e9curit\u00e9. C&rsquo;est \u00e0 l&rsquo;issue des tests psychotechniques ouverts aux jeunes Togolais des deux sexes. Ces tests se sont d\u00e9roul\u00e9s du 20 mars au 8 avril \u00e0 Kara, Sokod\u00e9 et Lom\u00e9.<\/p>\n\n\n\n<p>Le concours \u00e9tait destin\u00e9 aux \u00e9l\u00e8ves des classes de terminales, s\u00e9ries scientifiques et aux \u00e9tudiants \u00e2g\u00e9s de 23 ans au plus \u00e0 la date du concours.<\/p>\n\n\n\n<p>Ce recrutement de sp\u00e9cialistes permet donc \u00e0 l\u2019arm\u00e9e de l\u2019air de renforcer son personnel navigant notamment des pilotes, des navigateurs, des op\u00e9rateurs syst\u00e8me d\u2019arme, entre autres.<\/p>\n\n\n\n<figure class=\"wp-block-image size-large\"><img loading=\"lazy\" decoding=\"async\" width=\"990\" height=\"1024\" src=\"https:\/\/lepoint-actu.tg\/wp-content\/uploads\/2023\/08\/aa-990x1024.jpg\" alt=\"\" class=\"wp-image-2186\" srcset=\"https:\/\/lepoint-actu.tg\/wp-content\/uploads\/2023\/08\/aa-990x1024.jpg 990w, https:\/\/lepoint-actu.tg\/wp-content\/uploads\/2023\/08\/aa-290x300.jpg 290w, https:\/\/lepoint-actu.tg\/wp-content\/uploads\/2023\/08\/aa-768x794.jpg 768w, https:\/\/lepoint-actu.tg\/wp-content\/uploads\/2023\/08\/aa.jpg 1044w\" sizes=\"auto, (max-width: 990px) 100vw, 990px\" \/><\/figure>\n\n\n\n<p>Selon les informations, dans le lot, on retrouve \u00e9galement du personnel non-navigant comme des techniciens avion, des pompiers de l\u2019air, des fusiliers commandos.<\/p>\n\n\n\n<p><br><strong>Br\u00e8ve historique de l&rsquo;arm\u00e9e de l&rsquo;air<\/strong><br>La Section Air plac\u00e9e sous les ordres de la compagnie de commandement et des services des FAT est cr\u00e9\u00e9e le 1er f\u00e9vrier 1964, elle est alors \u00e9quip\u00e9e de deux Max-Holste MH-1521 Broussard. Elle met ensuite en service les a\u00e9ronefs de plusieurs gammes au fil des ann\u00e9es.<\/p>\n\n\n\n<p><\/p>\n\n\n\n<p><strong><em>Nous contacter pour tous besoins au tel.90213091\/93850463\/e-mail: lepointactu07@gmail.com<\/em><\/strong><\/p>\n","protected":false},"excerpt":{"rendered":"<p>103 recrues, c&rsquo;est le nombre d&rsquo;\u00e9l\u00e9ments nouvellement retenus. C&rsquo;est une annonce, il y quelques jours, du minist\u00e8re des arm\u00e9es du<\/p>\n","protected":false},"author":2,"featured_media":2185,"comment_status":"open","ping_status":"closed","sticky":false,"template":"","format":"standard","meta":{"footnotes":""},"categories":[1],"tags":[],"class_list":["post-2184","post","type-post","status-publish","format-standard","has-post-thumbnail","hentry","category-societe"],"yoast_head":"<!-- This site is optimized with the Yoast SEO plugin v23.9 - https:\/\/yoast.com\/wordpress\/plugins\/seo\/ -->\n<title>L&#039;arm\u00e9e de l\u2019air renforc\u00e9e au Togo -<\/title>\n<meta name=\"robots\" content=\"index, follow, max-snippet:-1, max-image-preview:large, max-video-preview:-1\" \/>\n<link rel=\"canonical\" href=\"https:\/\/lepoint-actu.tg\/index.php\/2023\/08\/07\/larmee-de-lair-renforcee-au-togo\/\" \/>\n<meta property=\"og:locale\" content=\"fr_FR\" \/>\n<meta property=\"og:type\" content=\"article\" \/>\n<meta property=\"og:title\" content=\"L&#039;arm\u00e9e de l\u2019air renforc\u00e9e au Togo -\" \/>\n<meta property=\"og:description\" content=\"103 recrues, c&rsquo;est le nombre d&rsquo;\u00e9l\u00e9ments nouvellement retenus. C&rsquo;est une annonce, il y quelques jours, du minist\u00e8re des arm\u00e9es du\" \/>\n<meta property=\"og:url\" content=\"https:\/\/lepoint-actu.tg\/index.php\/2023\/08\/07\/larmee-de-lair-renforcee-au-togo\/\" \/>\n<meta property=\"article:published_time\" content=\"2023-08-07T10:55:06+00:00\" \/>\n<meta property=\"article:modified_time\" content=\"2023-08-07T10:55:08+00:00\" \/>\n<meta property=\"og:image\" content=\"https:\/\/lepoint-actu.tg\/wp-content\/uploads\/2023\/08\/Armee-de-lair.jpg\" \/>\n\t<meta property=\"og:image:width\" content=\"800\" \/>\n\t<meta property=\"og:image:height\" content=\"586\" \/>\n\t<meta property=\"og:image:type\" content=\"image\/jpeg\" \/>\n<meta name=\"author\" content=\"La Redaction\" \/>\n<meta name=\"twitter:card\" content=\"summary_large_image\" \/>\n<meta name=\"twitter:label1\" content=\"\u00c9crit par\" \/>\n\t<meta name=\"twitter:data1\" content=\"La Redaction\" \/>\n\t<meta name=\"twitter:label2\" content=\"Dur\u00e9e de lecture estim\u00e9e\" \/>\n\t<meta name=\"twitter:data2\" content=\"1 minute\" \/>\n<script type=\"application\/ld+json\" class=\"yoast-schema-graph\">{\"@context\":\"https:\/\/schema.org\",\"@graph\":[{\"@type\":\"WebPage\",\"@id\":\"https:\/\/lepoint-actu.tg\/index.php\/2023\/08\/07\/larmee-de-lair-renforcee-au-togo\/\",\"url\":\"https:\/\/lepoint-actu.tg\/index.php\/2023\/08\/07\/larmee-de-lair-renforcee-au-togo\/\",\"name\":\"L'arm\u00e9e de l\u2019air renforc\u00e9e au Togo -\",\"isPartOf\":{\"@id\":\"https:\/\/lepoint-actu.tg\/#website\"},\"primaryImageOfPage\":{\"@id\":\"https:\/\/lepoint-actu.tg\/index.php\/2023\/08\/07\/larmee-de-lair-renforcee-au-togo\/#primaryimage\"},\"image\":{\"@id\":\"https:\/\/lepoint-actu.tg\/index.php\/2023\/08\/07\/larmee-de-lair-renforcee-au-togo\/#primaryimage\"},\"thumbnailUrl\":\"https:\/\/lepoint-actu.tg\/wp-content\/uploads\/2023\/08\/Armee-de-lair.jpg\",\"datePublished\":\"2023-08-07T10:55:06+00:00\",\"dateModified\":\"2023-08-07T10:55:08+00:00\",\"author\":{\"@id\":\"https:\/\/lepoint-actu.tg\/#\/schema\/person\/e4026d66cbdc205cab83e169ab7eaca1\"},\"breadcrumb\":{\"@id\":\"https:\/\/lepoint-actu.tg\/index.php\/2023\/08\/07\/larmee-de-lair-renforcee-au-togo\/#breadcrumb\"},\"inLanguage\":\"fr-FR\",\"potentialAction\":[{\"@type\":\"ReadAction\",\"target\":[\"https:\/\/lepoint-actu.tg\/index.php\/2023\/08\/07\/larmee-de-lair-renforcee-au-togo\/\"]}]},{\"@type\":\"ImageObject\",\"inLanguage\":\"fr-FR\",\"@id\":\"https:\/\/lepoint-actu.tg\/index.php\/2023\/08\/07\/larmee-de-lair-renforcee-au-togo\/#primaryimage\",\"url\":\"https:\/\/lepoint-actu.tg\/wp-content\/uploads\/2023\/08\/Armee-de-lair.jpg\",\"contentUrl\":\"https:\/\/lepoint-actu.tg\/wp-content\/uploads\/2023\/08\/Armee-de-lair.jpg\",\"width\":800,\"height\":586},{\"@type\":\"BreadcrumbList\",\"@id\":\"https:\/\/lepoint-actu.tg\/index.php\/2023\/08\/07\/larmee-de-lair-renforcee-au-togo\/#breadcrumb\",\"itemListElement\":[{\"@type\":\"ListItem\",\"position\":1,\"name\":\"Accueil\",\"item\":\"https:\/\/lepoint-actu.tg\/\"},{\"@type\":\"ListItem\",\"position\":2,\"name\":\"L&rsquo;arm\u00e9e de l\u2019air renforc\u00e9e au Togo\"}]},{\"@type\":\"WebSite\",\"@id\":\"https:\/\/lepoint-actu.tg\/#website\",\"url\":\"https:\/\/lepoint-actu.tg\/\",\"name\":\"\",\"description\":\"R\u00e9c\u00e9piss\u00e9 N\u00b00022\/HAAC\/12-2020\/pL\/P, lepointactu07@gmail.com\",\"potentialAction\":[{\"@type\":\"SearchAction\",\"target\":{\"@type\":\"EntryPoint\",\"urlTemplate\":\"https:\/\/lepoint-actu.tg\/?s={search_term_string}\"},\"query-input\":{\"@type\":\"PropertyValueSpecification\",\"valueRequired\":true,\"valueName\":\"search_term_string\"}}],\"inLanguage\":\"fr-FR\"},{\"@type\":\"Person\",\"@id\":\"https:\/\/lepoint-actu.tg\/#\/schema\/person\/e4026d66cbdc205cab83e169ab7eaca1\",\"name\":\"La Redaction\",\"image\":{\"@type\":\"ImageObject\",\"inLanguage\":\"fr-FR\",\"@id\":\"https:\/\/lepoint-actu.tg\/#\/schema\/person\/image\/\",\"url\":\"https:\/\/secure.gravatar.com\/avatar\/1682a0ff7e2c36efa51c5d262eea092000ec1ce420118e6261440956730308c2?s=96&d=mm&r=g\",\"contentUrl\":\"https:\/\/secure.gravatar.com\/avatar\/1682a0ff7e2c36efa51c5d262eea092000ec1ce420118e6261440956730308c2?s=96&d=mm&r=g\",\"caption\":\"La Redaction\"},\"url\":\"https:\/\/lepoint-actu.tg\/index.php\/author\/raymondsama\/\"}]}<\/script>\n<!-- \/ Yoast SEO plugin. -->","yoast_head_json":{"title":"L'arm\u00e9e de l\u2019air renforc\u00e9e au Togo -","robots":{"index":"index","follow":"follow","max-snippet":"max-snippet:-1","max-image-preview":"max-image-preview:large","max-video-preview":"max-video-preview:-1"},"canonical":"https:\/\/lepoint-actu.tg\/index.php\/2023\/08\/07\/larmee-de-lair-renforcee-au-togo\/","og_locale":"fr_FR","og_type":"article","og_title":"L'arm\u00e9e de l\u2019air renforc\u00e9e au Togo -","og_description":"103 recrues, c&rsquo;est le nombre d&rsquo;\u00e9l\u00e9ments nouvellement retenus. C&rsquo;est une annonce, il y quelques jours, du minist\u00e8re des arm\u00e9es du","og_url":"https:\/\/lepoint-actu.tg\/index.php\/2023\/08\/07\/larmee-de-lair-renforcee-au-togo\/","article_published_time":"2023-08-07T10:55:06+00:00","article_modified_time":"2023-08-07T10:55:08+00:00","og_image":[{"width":800,"height":586,"url":"https:\/\/lepoint-actu.tg\/wp-content\/uploads\/2023\/08\/Armee-de-lair.jpg","type":"image\/jpeg"}],"author":"La Redaction","twitter_card":"summary_large_image","twitter_misc":{"\u00c9crit par":"La Redaction","Dur\u00e9e de lecture estim\u00e9e":"1 minute"},"schema":{"@context":"https:\/\/schema.org","@graph":[{"@type":"WebPage","@id":"https:\/\/lepoint-actu.tg\/index.php\/2023\/08\/07\/larmee-de-lair-renforcee-au-togo\/","url":"https:\/\/lepoint-actu.tg\/index.php\/2023\/08\/07\/larmee-de-lair-renforcee-au-togo\/","name":"L'arm\u00e9e de l\u2019air renforc\u00e9e au Togo -","isPartOf":{"@id":"https:\/\/lepoint-actu.tg\/#website"},"primaryImageOfPage":{"@id":"https:\/\/lepoint-actu.tg\/index.php\/2023\/08\/07\/larmee-de-lair-renforcee-au-togo\/#primaryimage"},"image":{"@id":"https:\/\/lepoint-actu.tg\/index.php\/2023\/08\/07\/larmee-de-lair-renforcee-au-togo\/#primaryimage"},"thumbnailUrl":"https:\/\/lepoint-actu.tg\/wp-content\/uploads\/2023\/08\/Armee-de-lair.jpg","datePublished":"2023-08-07T10:55:06+00:00","dateModified":"2023-08-07T10:55:08+00:00","author":{"@id":"https:\/\/lepoint-actu.tg\/#\/schema\/person\/e4026d66cbdc205cab83e169ab7eaca1"},"breadcrumb":{"@id":"https:\/\/lepoint-actu.tg\/index.php\/2023\/08\/07\/larmee-de-lair-renforcee-au-togo\/#breadcrumb"},"inLanguage":"fr-FR","potentialAction":[{"@type":"ReadAction","target":["https:\/\/lepoint-actu.tg\/index.php\/2023\/08\/07\/larmee-de-lair-renforcee-au-togo\/"]}]},{"@type":"ImageObject","inLanguage":"fr-FR","@id":"https:\/\/lepoint-actu.tg\/index.php\/2023\/08\/07\/larmee-de-lair-renforcee-au-togo\/#primaryimage","url":"https:\/\/lepoint-actu.tg\/wp-content\/uploads\/2023\/08\/Armee-de-lair.jpg","contentUrl":"https:\/\/lepoint-actu.tg\/wp-content\/uploads\/2023\/08\/Armee-de-lair.jpg","width":800,"height":586},{"@type":"BreadcrumbList","@id":"https:\/\/lepoint-actu.tg\/index.php\/2023\/08\/07\/larmee-de-lair-renforcee-au-togo\/#breadcrumb","itemListElement":[{"@type":"ListItem","position":1,"name":"Accueil","item":"https:\/\/lepoint-actu.tg\/"},{"@type":"ListItem","position":2,"name":"L&rsquo;arm\u00e9e de l\u2019air renforc\u00e9e au Togo"}]},{"@type":"WebSite","@id":"https:\/\/lepoint-actu.tg\/#website","url":"https:\/\/lepoint-actu.tg\/","name":"","description":"R\u00e9c\u00e9piss\u00e9 N\u00b00022\/HAAC\/12-2020\/pL\/P, lepointactu07@gmail.com","potentialAction":[{"@type":"SearchAction","target":{"@type":"EntryPoint","urlTemplate":"https:\/\/lepoint-actu.tg\/?s={search_term_string}"},"query-input":{"@type":"PropertyValueSpecification","valueRequired":true,"valueName":"search_term_string"}}],"inLanguage":"fr-FR"},{"@type":"Person","@id":"https:\/\/lepoint-actu.tg\/#\/schema\/person\/e4026d66cbdc205cab83e169ab7eaca1","name":"La Redaction","image":{"@type":"ImageObject","inLanguage":"fr-FR","@id":"https:\/\/lepoint-actu.tg\/#\/schema\/person\/image\/","url":"https:\/\/secure.gravatar.com\/avatar\/1682a0ff7e2c36efa51c5d262eea092000ec1ce420118e6261440956730308c2?s=96&d=mm&r=g","contentUrl":"https:\/\/secure.gravatar.com\/avatar\/1682a0ff7e2c36efa51c5d262eea092000ec1ce420118e6261440956730308c2?s=96&d=mm&r=g","caption":"La Redaction"},"url":"https:\/\/lepoint-actu.tg\/index.php\/author\/raymondsama\/"}]}},"_links":{"self":[{"href":"https:\/\/lepoint-actu.tg\/index.php\/wp-json\/wp\/v2\/posts\/2184","targetHints":{"allow":["GET"]}}],"collection":[{"href":"https:\/\/lepoint-actu.tg\/index.php\/wp-json\/wp\/v2\/posts"}],"about":[{"href":"https:\/\/lepoint-actu.tg\/index.php\/wp-json\/wp\/v2\/types\/post"}],"author":[{"embeddable":true,"href":"https:\/\/lepoint-actu.tg\/index.php\/wp-json\/wp\/v2\/users\/2"}],"replies":[{"embeddable":true,"href":"https:\/\/lepoint-actu.tg\/index.php\/wp-json\/wp\/v2\/comments?post=2184"}],"version-history":[{"count":1,"href":"https:\/\/lepoint-actu.tg\/index.php\/wp-json\/wp\/v2\/posts\/2184\/revisions"}],"predecessor-version":[{"id":2187,"href":"https:\/\/lepoint-actu.tg\/index.php\/wp-json\/wp\/v2\/posts\/2184\/revisions\/2187"}],"wp:featuredmedia":[{"embeddable":true,"href":"https:\/\/lepoint-actu.tg\/index.php\/wp-json\/wp\/v2\/media\/2185"}],"wp:attachment":[{"href":"https:\/\/lepoint-actu.tg\/index.php\/wp-json\/wp\/v2\/media?parent=2184"}],"wp:term":[{"taxonomy":"category","embeddable":true,"href":"https:\/\/lepoint-actu.tg\/index.php\/wp-json\/wp\/v2\/categories?post=2184"},{"taxonomy":"post_tag","embeddable":true,"href":"https:\/\/lepoint-actu.tg\/index.php\/wp-json\/wp\/v2\/tags?post=2184"}],"curies":[{"name":"wp","href":"https:\/\/api.w.org\/{rel}","templated":true}]}}