{"id":2224,"date":"2023-08-08T16:31:42","date_gmt":"2023-08-08T16:31:42","guid":{"rendered":"https:\/\/lepoint-actu.tg\/?p=2224"},"modified":"2023-08-09T16:36:06","modified_gmt":"2023-08-09T16:36:06","slug":"togo-passage-du-safa-a-sotouboua","status":"publish","type":"post","link":"https:\/\/lepoint-actu.tg\/index.php\/2023\/08\/08\/togo-passage-du-safa-a-sotouboua\/","title":{"rendered":"Togo: Passage du SAFA \u00e0 Sotouboua"},"content":{"rendered":"\n<p><br>C\u2019est la pr\u00e9fecture de Haho au d\u00e9but du mois de juillet de cette ann\u00e9e qui a accueilli le Salon de l\u2019agroalimentaire et du financement agricole (SAFA), une initiative de la Plateforme industrielle d\u2019Ad\u00e9tikop\u00e9 (PIA). Vendredi dernier, c\u2019\u00e9tait le tour de Sotouboua (287 km environ au nord de Lom\u00e9).<br>Selon les informations, l&rsquo;exposition r\u00e9alis\u00e9e \u00ab\u00a0en partenariat avec le M\u00e9canisme incitatif de financement agricole (MIFA) s\u2019est voulue un espace propice pour les acteurs des Cha\u00eenes de valeur agricole (CVA) afin de d\u00e9couvrir, \u00e9changer, partager et communiquer sur les nouvelles opportunit\u00e9s et innovations dans le secteur agroalimentaire et le financement des cha\u00eenes de valeur\u00a0\u00bb.<br>Les participants ont \u00e9t\u00e9 inform\u00e9s sur la PIA, ses objectifs, ses produits et services, ainsi que sur ses partenaires tels que le MIFA, ECOBANK et la GIZ. L&rsquo;exposition et la vente de produits locaux \u00e9taient \u00e9galement au rendez-vous de cette rencontre.<br>Il s\u2019agit d\u2019une rencontre marqu\u00e9e par la pr\u00e9sence des acteurs du secteur agro-entrepreneurial, entrepreneurs et agriculteurs, ainsi que des repr\u00e9sentants de l&rsquo;autorit\u00e9 publique.<br>Le pr\u00e9fet de Sotouboua, Pali Tchabi Passabi, aux c\u00f4t\u00e9s de qui se trouvait le Colonel Ouro-Koura Agadazi, Directeur g\u00e9n\u00e9ral de l&rsquo;Agence nationale de la s\u00e9curit\u00e9 alimentaire au Togo (ANSAT) a encourag\u00e9 les producteurs \u00e0 collaborer avec les responsables de la Plateforme industrielle d\u2019Ad\u00e9tikop\u00e9 et ses partenaires, en vue de b\u00e9n\u00e9ficier de leurs conseils et de leur soutien pour accro\u00eetre leur production en quantit\u00e9 et en qualit\u00e9, et ainsi approvisionner les usines de transformation.<\/p>\n\n\n\n<p>Selon les m\u00eames sources, avant l&rsquo;\u00e9tape de Sotouboua, le SAFA \u00e9tait \u00e0 Elavagnon (troisi\u00e8me \u00e9tape du Salon, situ\u00e9e \u00e0 60 km d&rsquo;Atakpam\u00e9) \u00e0 partir du 29 juillet 2023, avec des acteurs comme la GIZ, Ecobank, Spiro (M Auto), ANSAT, UPL, PIA &amp; MIFA, Golden pro, Coop\u00e9rative locale et Entrepreneur local. Environ 800 agriculteurs issus des villages avoisinants d&rsquo;Elavagnon ont particip\u00e9 \u00e0 cet \u00e9v\u00e9nement.<\/p>\n\n\n\n<p>La prochaine \u00e9tape, informe-t-on, devrait \u00eatre K\u00e9tao, \u00e0 430 km de Lom\u00e9.<\/p>\n\n\n\n<p><\/p>\n\n\n\n<p><em><strong>Nous contacter pour tous besoins au tel 90213091\/93850463\/e-mail lepointactu07@gmail.com<\/strong><\/em><\/p>\n","protected":false},"excerpt":{"rendered":"<p>C\u2019est la pr\u00e9fecture de Haho au d\u00e9but du mois de juillet de cette ann\u00e9e qui a accueilli le Salon de<\/p>\n","protected":false},"author":2,"featured_media":2225,"comment_status":"open","ping_status":"closed","sticky":false,"template":"","format":"standard","meta":{"footnotes":""},"categories":[4],"tags":[],"class_list":["post-2224","post","type-post","status-publish","format-standard","has-post-thumbnail","hentry","category-economie"],"yoast_head":"<!-- This site is optimized with the Yoast SEO plugin v23.9 - https:\/\/yoast.com\/wordpress\/plugins\/seo\/ -->\n<title>Togo: Passage du SAFA \u00e0 Sotouboua -<\/title>\n<meta name=\"robots\" content=\"index, follow, max-snippet:-1, max-image-preview:large, max-video-preview:-1\" \/>\n<link rel=\"canonical\" href=\"https:\/\/lepoint-actu.tg\/index.php\/2023\/08\/08\/togo-passage-du-safa-a-sotouboua\/\" \/>\n<meta property=\"og:locale\" content=\"fr_FR\" \/>\n<meta property=\"og:type\" content=\"article\" \/>\n<meta property=\"og:title\" content=\"Togo: Passage du SAFA \u00e0 Sotouboua -\" \/>\n<meta property=\"og:description\" content=\"C\u2019est la pr\u00e9fecture de Haho au d\u00e9but du mois de juillet de cette ann\u00e9e qui a accueilli le Salon de\" \/>\n<meta property=\"og:url\" content=\"https:\/\/lepoint-actu.tg\/index.php\/2023\/08\/08\/togo-passage-du-safa-a-sotouboua\/\" \/>\n<meta property=\"article:published_time\" content=\"2023-08-08T16:31:42+00:00\" \/>\n<meta property=\"article:modified_time\" content=\"2023-08-09T16:36:06+00:00\" \/>\n<meta property=\"og:image\" content=\"https:\/\/lepoint-actu.tg\/wp-content\/uploads\/2023\/08\/elavagnon.jpg\" \/>\n\t<meta property=\"og:image:width\" content=\"600\" \/>\n\t<meta property=\"og:image:height\" content=\"374\" \/>\n\t<meta property=\"og:image:type\" content=\"image\/jpeg\" \/>\n<meta name=\"author\" content=\"La Redaction\" \/>\n<meta name=\"twitter:card\" content=\"summary_large_image\" \/>\n<meta name=\"twitter:label1\" content=\"\u00c9crit par\" \/>\n\t<meta name=\"twitter:data1\" content=\"La Redaction\" \/>\n\t<meta name=\"twitter:label2\" content=\"Dur\u00e9e de lecture estim\u00e9e\" \/>\n\t<meta name=\"twitter:data2\" content=\"2 minutes\" \/>\n<script type=\"application\/ld+json\" class=\"yoast-schema-graph\">{\"@context\":\"https:\/\/schema.org\",\"@graph\":[{\"@type\":\"WebPage\",\"@id\":\"https:\/\/lepoint-actu.tg\/index.php\/2023\/08\/08\/togo-passage-du-safa-a-sotouboua\/\",\"url\":\"https:\/\/lepoint-actu.tg\/index.php\/2023\/08\/08\/togo-passage-du-safa-a-sotouboua\/\",\"name\":\"Togo: Passage du SAFA \u00e0 Sotouboua -\",\"isPartOf\":{\"@id\":\"https:\/\/lepoint-actu.tg\/#website\"},\"primaryImageOfPage\":{\"@id\":\"https:\/\/lepoint-actu.tg\/index.php\/2023\/08\/08\/togo-passage-du-safa-a-sotouboua\/#primaryimage\"},\"image\":{\"@id\":\"https:\/\/lepoint-actu.tg\/index.php\/2023\/08\/08\/togo-passage-du-safa-a-sotouboua\/#primaryimage\"},\"thumbnailUrl\":\"https:\/\/lepoint-actu.tg\/wp-content\/uploads\/2023\/08\/elavagnon.jpg\",\"datePublished\":\"2023-08-08T16:31:42+00:00\",\"dateModified\":\"2023-08-09T16:36:06+00:00\",\"author\":{\"@id\":\"https:\/\/lepoint-actu.tg\/#\/schema\/person\/e4026d66cbdc205cab83e169ab7eaca1\"},\"breadcrumb\":{\"@id\":\"https:\/\/lepoint-actu.tg\/index.php\/2023\/08\/08\/togo-passage-du-safa-a-sotouboua\/#breadcrumb\"},\"inLanguage\":\"fr-FR\",\"potentialAction\":[{\"@type\":\"ReadAction\",\"target\":[\"https:\/\/lepoint-actu.tg\/index.php\/2023\/08\/08\/togo-passage-du-safa-a-sotouboua\/\"]}]},{\"@type\":\"ImageObject\",\"inLanguage\":\"fr-FR\",\"@id\":\"https:\/\/lepoint-actu.tg\/index.php\/2023\/08\/08\/togo-passage-du-safa-a-sotouboua\/#primaryimage\",\"url\":\"https:\/\/lepoint-actu.tg\/wp-content\/uploads\/2023\/08\/elavagnon.jpg\",\"contentUrl\":\"https:\/\/lepoint-actu.tg\/wp-content\/uploads\/2023\/08\/elavagnon.jpg\",\"width\":600,\"height\":374},{\"@type\":\"BreadcrumbList\",\"@id\":\"https:\/\/lepoint-actu.tg\/index.php\/2023\/08\/08\/togo-passage-du-safa-a-sotouboua\/#breadcrumb\",\"itemListElement\":[{\"@type\":\"ListItem\",\"position\":1,\"name\":\"Accueil\",\"item\":\"https:\/\/lepoint-actu.tg\/\"},{\"@type\":\"ListItem\",\"position\":2,\"name\":\"Togo: Passage du SAFA \u00e0 Sotouboua\"}]},{\"@type\":\"WebSite\",\"@id\":\"https:\/\/lepoint-actu.tg\/#website\",\"url\":\"https:\/\/lepoint-actu.tg\/\",\"name\":\"\",\"description\":\"R\u00e9c\u00e9piss\u00e9 N\u00b00022\/HAAC\/12-2020\/pL\/P, lepointactu07@gmail.com\",\"potentialAction\":[{\"@type\":\"SearchAction\",\"target\":{\"@type\":\"EntryPoint\",\"urlTemplate\":\"https:\/\/lepoint-actu.tg\/?s={search_term_string}\"},\"query-input\":{\"@type\":\"PropertyValueSpecification\",\"valueRequired\":true,\"valueName\":\"search_term_string\"}}],\"inLanguage\":\"fr-FR\"},{\"@type\":\"Person\",\"@id\":\"https:\/\/lepoint-actu.tg\/#\/schema\/person\/e4026d66cbdc205cab83e169ab7eaca1\",\"name\":\"La Redaction\",\"image\":{\"@type\":\"ImageObject\",\"inLanguage\":\"fr-FR\",\"@id\":\"https:\/\/lepoint-actu.tg\/#\/schema\/person\/image\/\",\"url\":\"https:\/\/secure.gravatar.com\/avatar\/1682a0ff7e2c36efa51c5d262eea092000ec1ce420118e6261440956730308c2?s=96&d=mm&r=g\",\"contentUrl\":\"https:\/\/secure.gravatar.com\/avatar\/1682a0ff7e2c36efa51c5d262eea092000ec1ce420118e6261440956730308c2?s=96&d=mm&r=g\",\"caption\":\"La Redaction\"},\"url\":\"https:\/\/lepoint-actu.tg\/index.php\/author\/raymondsama\/\"}]}<\/script>\n<!-- \/ Yoast SEO plugin. -->","yoast_head_json":{"title":"Togo: Passage du SAFA \u00e0 Sotouboua -","robots":{"index":"index","follow":"follow","max-snippet":"max-snippet:-1","max-image-preview":"max-image-preview:large","max-video-preview":"max-video-preview:-1"},"canonical":"https:\/\/lepoint-actu.tg\/index.php\/2023\/08\/08\/togo-passage-du-safa-a-sotouboua\/","og_locale":"fr_FR","og_type":"article","og_title":"Togo: Passage du SAFA \u00e0 Sotouboua -","og_description":"C\u2019est la pr\u00e9fecture de Haho au d\u00e9but du mois de juillet de cette ann\u00e9e qui a accueilli le Salon de","og_url":"https:\/\/lepoint-actu.tg\/index.php\/2023\/08\/08\/togo-passage-du-safa-a-sotouboua\/","article_published_time":"2023-08-08T16:31:42+00:00","article_modified_time":"2023-08-09T16:36:06+00:00","og_image":[{"width":600,"height":374,"url":"https:\/\/lepoint-actu.tg\/wp-content\/uploads\/2023\/08\/elavagnon.jpg","type":"image\/jpeg"}],"author":"La Redaction","twitter_card":"summary_large_image","twitter_misc":{"\u00c9crit par":"La Redaction","Dur\u00e9e de lecture estim\u00e9e":"2 minutes"},"schema":{"@context":"https:\/\/schema.org","@graph":[{"@type":"WebPage","@id":"https:\/\/lepoint-actu.tg\/index.php\/2023\/08\/08\/togo-passage-du-safa-a-sotouboua\/","url":"https:\/\/lepoint-actu.tg\/index.php\/2023\/08\/08\/togo-passage-du-safa-a-sotouboua\/","name":"Togo: Passage du SAFA \u00e0 Sotouboua -","isPartOf":{"@id":"https:\/\/lepoint-actu.tg\/#website"},"primaryImageOfPage":{"@id":"https:\/\/lepoint-actu.tg\/index.php\/2023\/08\/08\/togo-passage-du-safa-a-sotouboua\/#primaryimage"},"image":{"@id":"https:\/\/lepoint-actu.tg\/index.php\/2023\/08\/08\/togo-passage-du-safa-a-sotouboua\/#primaryimage"},"thumbnailUrl":"https:\/\/lepoint-actu.tg\/wp-content\/uploads\/2023\/08\/elavagnon.jpg","datePublished":"2023-08-08T16:31:42+00:00","dateModified":"2023-08-09T16:36:06+00:00","author":{"@id":"https:\/\/lepoint-actu.tg\/#\/schema\/person\/e4026d66cbdc205cab83e169ab7eaca1"},"breadcrumb":{"@id":"https:\/\/lepoint-actu.tg\/index.php\/2023\/08\/08\/togo-passage-du-safa-a-sotouboua\/#breadcrumb"},"inLanguage":"fr-FR","potentialAction":[{"@type":"ReadAction","target":["https:\/\/lepoint-actu.tg\/index.php\/2023\/08\/08\/togo-passage-du-safa-a-sotouboua\/"]}]},{"@type":"ImageObject","inLanguage":"fr-FR","@id":"https:\/\/lepoint-actu.tg\/index.php\/2023\/08\/08\/togo-passage-du-safa-a-sotouboua\/#primaryimage","url":"https:\/\/lepoint-actu.tg\/wp-content\/uploads\/2023\/08\/elavagnon.jpg","contentUrl":"https:\/\/lepoint-actu.tg\/wp-content\/uploads\/2023\/08\/elavagnon.jpg","width":600,"height":374},{"@type":"BreadcrumbList","@id":"https:\/\/lepoint-actu.tg\/index.php\/2023\/08\/08\/togo-passage-du-safa-a-sotouboua\/#breadcrumb","itemListElement":[{"@type":"ListItem","position":1,"name":"Accueil","item":"https:\/\/lepoint-actu.tg\/"},{"@type":"ListItem","position":2,"name":"Togo: Passage du SAFA \u00e0 Sotouboua"}]},{"@type":"WebSite","@id":"https:\/\/lepoint-actu.tg\/#website","url":"https:\/\/lepoint-actu.tg\/","name":"","description":"R\u00e9c\u00e9piss\u00e9 N\u00b00022\/HAAC\/12-2020\/pL\/P, lepointactu07@gmail.com","potentialAction":[{"@type":"SearchAction","target":{"@type":"EntryPoint","urlTemplate":"https:\/\/lepoint-actu.tg\/?s={search_term_string}"},"query-input":{"@type":"PropertyValueSpecification","valueRequired":true,"valueName":"search_term_string"}}],"inLanguage":"fr-FR"},{"@type":"Person","@id":"https:\/\/lepoint-actu.tg\/#\/schema\/person\/e4026d66cbdc205cab83e169ab7eaca1","name":"La Redaction","image":{"@type":"ImageObject","inLanguage":"fr-FR","@id":"https:\/\/lepoint-actu.tg\/#\/schema\/person\/image\/","url":"https:\/\/secure.gravatar.com\/avatar\/1682a0ff7e2c36efa51c5d262eea092000ec1ce420118e6261440956730308c2?s=96&d=mm&r=g","contentUrl":"https:\/\/secure.gravatar.com\/avatar\/1682a0ff7e2c36efa51c5d262eea092000ec1ce420118e6261440956730308c2?s=96&d=mm&r=g","caption":"La Redaction"},"url":"https:\/\/lepoint-actu.tg\/index.php\/author\/raymondsama\/"}]}},"_links":{"self":[{"href":"https:\/\/lepoint-actu.tg\/index.php\/wp-json\/wp\/v2\/posts\/2224","targetHints":{"allow":["GET"]}}],"collection":[{"href":"https:\/\/lepoint-actu.tg\/index.php\/wp-json\/wp\/v2\/posts"}],"about":[{"href":"https:\/\/lepoint-actu.tg\/index.php\/wp-json\/wp\/v2\/types\/post"}],"author":[{"embeddable":true,"href":"https:\/\/lepoint-actu.tg\/index.php\/wp-json\/wp\/v2\/users\/2"}],"replies":[{"embeddable":true,"href":"https:\/\/lepoint-actu.tg\/index.php\/wp-json\/wp\/v2\/comments?post=2224"}],"version-history":[{"count":1,"href":"https:\/\/lepoint-actu.tg\/index.php\/wp-json\/wp\/v2\/posts\/2224\/revisions"}],"predecessor-version":[{"id":2226,"href":"https:\/\/lepoint-actu.tg\/index.php\/wp-json\/wp\/v2\/posts\/2224\/revisions\/2226"}],"wp:featuredmedia":[{"embeddable":true,"href":"https:\/\/lepoint-actu.tg\/index.php\/wp-json\/wp\/v2\/media\/2225"}],"wp:attachment":[{"href":"https:\/\/lepoint-actu.tg\/index.php\/wp-json\/wp\/v2\/media?parent=2224"}],"wp:term":[{"taxonomy":"category","embeddable":true,"href":"https:\/\/lepoint-actu.tg\/index.php\/wp-json\/wp\/v2\/categories?post=2224"},{"taxonomy":"post_tag","embeddable":true,"href":"https:\/\/lepoint-actu.tg\/index.php\/wp-json\/wp\/v2\/tags?post=2224"}],"curies":[{"name":"wp","href":"https:\/\/api.w.org\/{rel}","templated":true}]}}