{"id":2249,"date":"2023-08-11T08:44:24","date_gmt":"2023-08-11T08:44:24","guid":{"rendered":"https:\/\/lepoint-actu.tg\/?p=2249"},"modified":"2023-08-11T08:44:25","modified_gmt":"2023-08-11T08:44:25","slug":"ouverture-des-inscriptions-pour-la-semaine-africaine-de-la-microfinance-a-lome","status":"publish","type":"post","link":"https:\/\/lepoint-actu.tg\/index.php\/2023\/08\/11\/ouverture-des-inscriptions-pour-la-semaine-africaine-de-la-microfinance-a-lome\/","title":{"rendered":"Ouverture des inscriptions pour la Semaine africaine de la microfinance \u00e0 Lom\u00e9"},"content":{"rendered":"\n<p><br>Organis\u00e9e par le R\u00e9seau des institutions africaines de microfinance (MAIN) et l&rsquo;Appui au d\u00e9veloppement autonome (ADA), en partenariat avec le Fonds national de la finance inclusive au Togo (FNFI) et le Secr\u00e9tariat en charge de l&rsquo;inclusion financi\u00e8re, la Semaine africaine de la microfinance (SAM) est une plateforme idoine d\u2019\u00e9changes et de partages de meilleures pratiques dans une perspective de d\u00e9veloppement participatif et inclusif avec les outils n\u00e9cessaires. Les inscriptions sont ouvertes d\u00e8s le 10 ao\u00fbt 2023.<br>Pr\u00e9vue du 16 au 20 octobre prochain, SAM est une initiative qui vise \u00e0 promouvoir et \u00e0 explorer les opportunit\u00e9s dans le domaine de la finance inclusive. L&rsquo;objectif est de rassembler, au cours de cette semaine, divers acteurs de la microfinance de tout le continent, dans la capitale togolaise. Cette initiative, selon les informations, se positionne comme une plateforme d&rsquo;\u00e9change et de partage des meilleures pratiques, offrant des discussions approfondies sur les innovations, les technologies et les strat\u00e9gies visant \u00e0 renforcer l&rsquo;acc\u00e8s aux services financiers pour les populations souvent exclues des syst\u00e8mes traditionnels. La SAM est un \u00e9v\u00e9nement biennal de 5 jours d\u00e9di\u00e9 au d\u00e9veloppement de l\u2019inclusion financi\u00e8re en Afrique. C&rsquo;est le rendez-vous \u00e0 ne pas manquer par les professionnels de la finance inclusive !<br>\u00ab\u00a0Les inscriptions, ouvertes \u00e0 partir de ce jeudi 10 ao\u00fbt 2023, permettront aux participants de r\u00e9server leur place \u00e0 ce rendez-vous international et de se connecter \u00e0 des experts, des praticiens et des leaders d&rsquo;opinion dans le domaine de la microfinance et de l&rsquo;inclusion financi\u00e8re, invit\u00e9s pour l&rsquo;occasion\u00a0\u00bb, renseigne-t-on.<br>Le Togo a un taux d\u2019inclusion financi\u00e8re qui est pass\u00e9 de 82,72% \u00e0 85,72% de 2021 \u00e0 2022, en hausse donc de 3 points de pourcentage et est en bonne position par rapport \u00e0 certains pays de la sous-r\u00e9gion dans l\u2019espace Uemoa dont le B\u00e9nin (85,52%) et la C\u00f4te d\u2019Ivoire (82,2%).<\/p>\n\n\n\n<p><strong>Inscription&#8230;<\/strong><br>Il s\u2019agit d\u2019une inscription individuelle. Au cours du processus d&rsquo;inscription, une attestation de d\u00e9livrance de visa vous sera envoy\u00e9e, laquelle vous permettra par la suite d\u2019obtenir plus facilement un visa de courtoisie. Veuillez noter que vous ne serez officiellement inscrit \u00e0 la SAM qu&rsquo;\u00e0 r\u00e9ception de votre paiement.<\/p>\n\n\n\n<p>S\u2019inscrire avec plus d\u2019informations via https:\/\/www.ada-microfinance.org\/sam-2023\/<\/p>\n\n\n\n<p><\/p>\n\n\n\n<p><strong>Nous contacter pour tous besoins au tel 90213091\/93850463\/e-mail lepointactu07@gmail.com<\/strong><\/p>\n","protected":false},"excerpt":{"rendered":"<p>Organis\u00e9e par le R\u00e9seau des institutions africaines de microfinance (MAIN) et l&rsquo;Appui au d\u00e9veloppement autonome (ADA), en partenariat avec le<\/p>\n","protected":false},"author":2,"featured_media":2250,"comment_status":"open","ping_status":"closed","sticky":false,"template":"","format":"standard","meta":{"footnotes":""},"categories":[4],"tags":[],"class_list":["post-2249","post","type-post","status-publish","format-standard","has-post-thumbnail","hentry","category-economie"],"yoast_head":"<!-- This site is optimized with the Yoast SEO plugin v23.9 - https:\/\/yoast.com\/wordpress\/plugins\/seo\/ -->\n<title>Ouverture des inscriptions pour la Semaine africaine de la microfinance \u00e0 Lom\u00e9 -<\/title>\n<meta name=\"robots\" content=\"index, follow, max-snippet:-1, max-image-preview:large, max-video-preview:-1\" \/>\n<link rel=\"canonical\" href=\"https:\/\/lepoint-actu.tg\/index.php\/2023\/08\/11\/ouverture-des-inscriptions-pour-la-semaine-africaine-de-la-microfinance-a-lome\/\" \/>\n<meta property=\"og:locale\" content=\"fr_FR\" \/>\n<meta property=\"og:type\" content=\"article\" \/>\n<meta property=\"og:title\" content=\"Ouverture des inscriptions pour la Semaine africaine de la microfinance \u00e0 Lom\u00e9 -\" \/>\n<meta property=\"og:description\" content=\"Organis\u00e9e par le R\u00e9seau des institutions africaines de microfinance (MAIN) et l&rsquo;Appui au d\u00e9veloppement autonome (ADA), en partenariat avec le\" \/>\n<meta property=\"og:url\" content=\"https:\/\/lepoint-actu.tg\/index.php\/2023\/08\/11\/ouverture-des-inscriptions-pour-la-semaine-africaine-de-la-microfinance-a-lome\/\" \/>\n<meta property=\"article:published_time\" content=\"2023-08-11T08:44:24+00:00\" \/>\n<meta property=\"article:modified_time\" content=\"2023-08-11T08:44:25+00:00\" \/>\n<meta property=\"og:image\" content=\"https:\/\/lepoint-actu.tg\/wp-content\/uploads\/2023\/08\/sam.jpg\" \/>\n\t<meta property=\"og:image:width\" content=\"300\" \/>\n\t<meta property=\"og:image:height\" content=\"168\" \/>\n\t<meta property=\"og:image:type\" content=\"image\/jpeg\" \/>\n<meta name=\"author\" content=\"La Redaction\" \/>\n<meta name=\"twitter:card\" content=\"summary_large_image\" \/>\n<meta name=\"twitter:label1\" content=\"\u00c9crit par\" \/>\n\t<meta name=\"twitter:data1\" content=\"La Redaction\" \/>\n\t<meta name=\"twitter:label2\" content=\"Dur\u00e9e de lecture estim\u00e9e\" \/>\n\t<meta name=\"twitter:data2\" content=\"2 minutes\" \/>\n<script type=\"application\/ld+json\" class=\"yoast-schema-graph\">{\"@context\":\"https:\/\/schema.org\",\"@graph\":[{\"@type\":\"WebPage\",\"@id\":\"https:\/\/lepoint-actu.tg\/index.php\/2023\/08\/11\/ouverture-des-inscriptions-pour-la-semaine-africaine-de-la-microfinance-a-lome\/\",\"url\":\"https:\/\/lepoint-actu.tg\/index.php\/2023\/08\/11\/ouverture-des-inscriptions-pour-la-semaine-africaine-de-la-microfinance-a-lome\/\",\"name\":\"Ouverture des inscriptions pour la Semaine africaine de la microfinance \u00e0 Lom\u00e9 -\",\"isPartOf\":{\"@id\":\"https:\/\/lepoint-actu.tg\/#website\"},\"primaryImageOfPage\":{\"@id\":\"https:\/\/lepoint-actu.tg\/index.php\/2023\/08\/11\/ouverture-des-inscriptions-pour-la-semaine-africaine-de-la-microfinance-a-lome\/#primaryimage\"},\"image\":{\"@id\":\"https:\/\/lepoint-actu.tg\/index.php\/2023\/08\/11\/ouverture-des-inscriptions-pour-la-semaine-africaine-de-la-microfinance-a-lome\/#primaryimage\"},\"thumbnailUrl\":\"https:\/\/lepoint-actu.tg\/wp-content\/uploads\/2023\/08\/sam.jpg\",\"datePublished\":\"2023-08-11T08:44:24+00:00\",\"dateModified\":\"2023-08-11T08:44:25+00:00\",\"author\":{\"@id\":\"https:\/\/lepoint-actu.tg\/#\/schema\/person\/e4026d66cbdc205cab83e169ab7eaca1\"},\"breadcrumb\":{\"@id\":\"https:\/\/lepoint-actu.tg\/index.php\/2023\/08\/11\/ouverture-des-inscriptions-pour-la-semaine-africaine-de-la-microfinance-a-lome\/#breadcrumb\"},\"inLanguage\":\"fr-FR\",\"potentialAction\":[{\"@type\":\"ReadAction\",\"target\":[\"https:\/\/lepoint-actu.tg\/index.php\/2023\/08\/11\/ouverture-des-inscriptions-pour-la-semaine-africaine-de-la-microfinance-a-lome\/\"]}]},{\"@type\":\"ImageObject\",\"inLanguage\":\"fr-FR\",\"@id\":\"https:\/\/lepoint-actu.tg\/index.php\/2023\/08\/11\/ouverture-des-inscriptions-pour-la-semaine-africaine-de-la-microfinance-a-lome\/#primaryimage\",\"url\":\"https:\/\/lepoint-actu.tg\/wp-content\/uploads\/2023\/08\/sam.jpg\",\"contentUrl\":\"https:\/\/lepoint-actu.tg\/wp-content\/uploads\/2023\/08\/sam.jpg\",\"width\":300,\"height\":168},{\"@type\":\"BreadcrumbList\",\"@id\":\"https:\/\/lepoint-actu.tg\/index.php\/2023\/08\/11\/ouverture-des-inscriptions-pour-la-semaine-africaine-de-la-microfinance-a-lome\/#breadcrumb\",\"itemListElement\":[{\"@type\":\"ListItem\",\"position\":1,\"name\":\"Accueil\",\"item\":\"https:\/\/lepoint-actu.tg\/\"},{\"@type\":\"ListItem\",\"position\":2,\"name\":\"Ouverture des inscriptions pour la Semaine africaine de la microfinance \u00e0 Lom\u00e9\"}]},{\"@type\":\"WebSite\",\"@id\":\"https:\/\/lepoint-actu.tg\/#website\",\"url\":\"https:\/\/lepoint-actu.tg\/\",\"name\":\"\",\"description\":\"R\u00e9c\u00e9piss\u00e9 N\u00b00022\/HAAC\/12-2020\/pL\/P, lepointactu07@gmail.com\",\"potentialAction\":[{\"@type\":\"SearchAction\",\"target\":{\"@type\":\"EntryPoint\",\"urlTemplate\":\"https:\/\/lepoint-actu.tg\/?s={search_term_string}\"},\"query-input\":{\"@type\":\"PropertyValueSpecification\",\"valueRequired\":true,\"valueName\":\"search_term_string\"}}],\"inLanguage\":\"fr-FR\"},{\"@type\":\"Person\",\"@id\":\"https:\/\/lepoint-actu.tg\/#\/schema\/person\/e4026d66cbdc205cab83e169ab7eaca1\",\"name\":\"La Redaction\",\"image\":{\"@type\":\"ImageObject\",\"inLanguage\":\"fr-FR\",\"@id\":\"https:\/\/lepoint-actu.tg\/#\/schema\/person\/image\/\",\"url\":\"https:\/\/secure.gravatar.com\/avatar\/1682a0ff7e2c36efa51c5d262eea092000ec1ce420118e6261440956730308c2?s=96&d=mm&r=g\",\"contentUrl\":\"https:\/\/secure.gravatar.com\/avatar\/1682a0ff7e2c36efa51c5d262eea092000ec1ce420118e6261440956730308c2?s=96&d=mm&r=g\",\"caption\":\"La Redaction\"},\"url\":\"https:\/\/lepoint-actu.tg\/index.php\/author\/raymondsama\/\"}]}<\/script>\n<!-- \/ Yoast SEO plugin. -->","yoast_head_json":{"title":"Ouverture des inscriptions pour la Semaine africaine de la microfinance \u00e0 Lom\u00e9 -","robots":{"index":"index","follow":"follow","max-snippet":"max-snippet:-1","max-image-preview":"max-image-preview:large","max-video-preview":"max-video-preview:-1"},"canonical":"https:\/\/lepoint-actu.tg\/index.php\/2023\/08\/11\/ouverture-des-inscriptions-pour-la-semaine-africaine-de-la-microfinance-a-lome\/","og_locale":"fr_FR","og_type":"article","og_title":"Ouverture des inscriptions pour la Semaine africaine de la microfinance \u00e0 Lom\u00e9 -","og_description":"Organis\u00e9e par le R\u00e9seau des institutions africaines de microfinance (MAIN) et l&rsquo;Appui au d\u00e9veloppement autonome (ADA), en partenariat avec le","og_url":"https:\/\/lepoint-actu.tg\/index.php\/2023\/08\/11\/ouverture-des-inscriptions-pour-la-semaine-africaine-de-la-microfinance-a-lome\/","article_published_time":"2023-08-11T08:44:24+00:00","article_modified_time":"2023-08-11T08:44:25+00:00","og_image":[{"width":300,"height":168,"url":"https:\/\/lepoint-actu.tg\/wp-content\/uploads\/2023\/08\/sam.jpg","type":"image\/jpeg"}],"author":"La Redaction","twitter_card":"summary_large_image","twitter_misc":{"\u00c9crit par":"La Redaction","Dur\u00e9e de lecture estim\u00e9e":"2 minutes"},"schema":{"@context":"https:\/\/schema.org","@graph":[{"@type":"WebPage","@id":"https:\/\/lepoint-actu.tg\/index.php\/2023\/08\/11\/ouverture-des-inscriptions-pour-la-semaine-africaine-de-la-microfinance-a-lome\/","url":"https:\/\/lepoint-actu.tg\/index.php\/2023\/08\/11\/ouverture-des-inscriptions-pour-la-semaine-africaine-de-la-microfinance-a-lome\/","name":"Ouverture des inscriptions pour la Semaine africaine de la microfinance \u00e0 Lom\u00e9 -","isPartOf":{"@id":"https:\/\/lepoint-actu.tg\/#website"},"primaryImageOfPage":{"@id":"https:\/\/lepoint-actu.tg\/index.php\/2023\/08\/11\/ouverture-des-inscriptions-pour-la-semaine-africaine-de-la-microfinance-a-lome\/#primaryimage"},"image":{"@id":"https:\/\/lepoint-actu.tg\/index.php\/2023\/08\/11\/ouverture-des-inscriptions-pour-la-semaine-africaine-de-la-microfinance-a-lome\/#primaryimage"},"thumbnailUrl":"https:\/\/lepoint-actu.tg\/wp-content\/uploads\/2023\/08\/sam.jpg","datePublished":"2023-08-11T08:44:24+00:00","dateModified":"2023-08-11T08:44:25+00:00","author":{"@id":"https:\/\/lepoint-actu.tg\/#\/schema\/person\/e4026d66cbdc205cab83e169ab7eaca1"},"breadcrumb":{"@id":"https:\/\/lepoint-actu.tg\/index.php\/2023\/08\/11\/ouverture-des-inscriptions-pour-la-semaine-africaine-de-la-microfinance-a-lome\/#breadcrumb"},"inLanguage":"fr-FR","potentialAction":[{"@type":"ReadAction","target":["https:\/\/lepoint-actu.tg\/index.php\/2023\/08\/11\/ouverture-des-inscriptions-pour-la-semaine-africaine-de-la-microfinance-a-lome\/"]}]},{"@type":"ImageObject","inLanguage":"fr-FR","@id":"https:\/\/lepoint-actu.tg\/index.php\/2023\/08\/11\/ouverture-des-inscriptions-pour-la-semaine-africaine-de-la-microfinance-a-lome\/#primaryimage","url":"https:\/\/lepoint-actu.tg\/wp-content\/uploads\/2023\/08\/sam.jpg","contentUrl":"https:\/\/lepoint-actu.tg\/wp-content\/uploads\/2023\/08\/sam.jpg","width":300,"height":168},{"@type":"BreadcrumbList","@id":"https:\/\/lepoint-actu.tg\/index.php\/2023\/08\/11\/ouverture-des-inscriptions-pour-la-semaine-africaine-de-la-microfinance-a-lome\/#breadcrumb","itemListElement":[{"@type":"ListItem","position":1,"name":"Accueil","item":"https:\/\/lepoint-actu.tg\/"},{"@type":"ListItem","position":2,"name":"Ouverture des inscriptions pour la Semaine africaine de la microfinance \u00e0 Lom\u00e9"}]},{"@type":"WebSite","@id":"https:\/\/lepoint-actu.tg\/#website","url":"https:\/\/lepoint-actu.tg\/","name":"","description":"R\u00e9c\u00e9piss\u00e9 N\u00b00022\/HAAC\/12-2020\/pL\/P, lepointactu07@gmail.com","potentialAction":[{"@type":"SearchAction","target":{"@type":"EntryPoint","urlTemplate":"https:\/\/lepoint-actu.tg\/?s={search_term_string}"},"query-input":{"@type":"PropertyValueSpecification","valueRequired":true,"valueName":"search_term_string"}}],"inLanguage":"fr-FR"},{"@type":"Person","@id":"https:\/\/lepoint-actu.tg\/#\/schema\/person\/e4026d66cbdc205cab83e169ab7eaca1","name":"La Redaction","image":{"@type":"ImageObject","inLanguage":"fr-FR","@id":"https:\/\/lepoint-actu.tg\/#\/schema\/person\/image\/","url":"https:\/\/secure.gravatar.com\/avatar\/1682a0ff7e2c36efa51c5d262eea092000ec1ce420118e6261440956730308c2?s=96&d=mm&r=g","contentUrl":"https:\/\/secure.gravatar.com\/avatar\/1682a0ff7e2c36efa51c5d262eea092000ec1ce420118e6261440956730308c2?s=96&d=mm&r=g","caption":"La Redaction"},"url":"https:\/\/lepoint-actu.tg\/index.php\/author\/raymondsama\/"}]}},"_links":{"self":[{"href":"https:\/\/lepoint-actu.tg\/index.php\/wp-json\/wp\/v2\/posts\/2249","targetHints":{"allow":["GET"]}}],"collection":[{"href":"https:\/\/lepoint-actu.tg\/index.php\/wp-json\/wp\/v2\/posts"}],"about":[{"href":"https:\/\/lepoint-actu.tg\/index.php\/wp-json\/wp\/v2\/types\/post"}],"author":[{"embeddable":true,"href":"https:\/\/lepoint-actu.tg\/index.php\/wp-json\/wp\/v2\/users\/2"}],"replies":[{"embeddable":true,"href":"https:\/\/lepoint-actu.tg\/index.php\/wp-json\/wp\/v2\/comments?post=2249"}],"version-history":[{"count":1,"href":"https:\/\/lepoint-actu.tg\/index.php\/wp-json\/wp\/v2\/posts\/2249\/revisions"}],"predecessor-version":[{"id":2251,"href":"https:\/\/lepoint-actu.tg\/index.php\/wp-json\/wp\/v2\/posts\/2249\/revisions\/2251"}],"wp:featuredmedia":[{"embeddable":true,"href":"https:\/\/lepoint-actu.tg\/index.php\/wp-json\/wp\/v2\/media\/2250"}],"wp:attachment":[{"href":"https:\/\/lepoint-actu.tg\/index.php\/wp-json\/wp\/v2\/media?parent=2249"}],"wp:term":[{"taxonomy":"category","embeddable":true,"href":"https:\/\/lepoint-actu.tg\/index.php\/wp-json\/wp\/v2\/categories?post=2249"},{"taxonomy":"post_tag","embeddable":true,"href":"https:\/\/lepoint-actu.tg\/index.php\/wp-json\/wp\/v2\/tags?post=2249"}],"curies":[{"name":"wp","href":"https:\/\/api.w.org\/{rel}","templated":true}]}}