{"id":2333,"date":"2023-08-18T22:02:51","date_gmt":"2023-08-18T22:02:51","guid":{"rendered":"https:\/\/lepoint-actu.tg\/?p=2333"},"modified":"2023-08-18T22:02:52","modified_gmt":"2023-08-18T22:02:52","slug":"togo-lacte3-de-miato-lance","status":"publish","type":"post","link":"https:\/\/lepoint-actu.tg\/index.php\/2023\/08\/18\/togo-lacte3-de-miato-lance\/","title":{"rendered":"Togo\/L\u2019acte3 de MIATO lanc\u00e9"},"content":{"rendered":"\n<p><br>Plus de 120 000 visiteurs attendus, la femme et le num\u00e9rique \u00e0 l\u2019occasion de l\u2019\u00e9dition 3, cette ann\u00e9e, du March\u00e9 international de l\u2019artisan du Togo (MIATO).<br>Sous le th\u00e8me : \u00ab l\u2019artisanat \u00e0 l\u2019\u00e8re de l\u2019autonomisation de la femme et du num\u00e9rique \u00bb, ce nouveau rendez-vous de valorisation de l&rsquo;artisanat africain en g\u00e9n\u00e9ral et togolais en particulier, a \u00e9t\u00e9 lanc\u00e9 jeudi 17 ao\u00fbt 2023 \u00e0 Lom\u00e9 par le minist\u00e8re d\u00e9l\u00e9gu\u00e9 charg\u00e9 de l\u2019enseignement technique et de la formation professionnelle.<br>Cette rencontre artisanale aura lieu pr\u00e9cis\u00e9ment du 25 octobre au 25 novembre 2023 \u00e0 Lom\u00e9. Elle mettra l\u2019accent sur la place de la femme et des outils num\u00e9riques dans le secteur artisanal.<br>\u00ab Le th\u00e8me de cette \u00e9dition va contribuer \u00e0 sensibiliser davantage les artisans. Il s\u2019adresse \u00e0 la femme dans le sens de son autonomisation. Il s\u2019agit d\u2019amener la femme \u00e0 faire usage du num\u00e9rique pour assurer son autonomisation \u00bb, a indiqu\u00e9 Eke Kokou Hodin, ministre d\u00e9l\u00e9gu\u00e9, charg\u00e9 de l&rsquo;enseignement technique.<\/p>\n\n\n\n<figure class=\"wp-block-image size-full\"><img loading=\"lazy\" decoding=\"async\" width=\"600\" height=\"449\" src=\"https:\/\/lepoint-actu.tg\/wp-content\/uploads\/2023\/08\/mita-ok.jpg\" alt=\"\" class=\"wp-image-2335\" srcset=\"https:\/\/lepoint-actu.tg\/wp-content\/uploads\/2023\/08\/mita-ok.jpg 600w, https:\/\/lepoint-actu.tg\/wp-content\/uploads\/2023\/08\/mita-ok-300x225.jpg 300w\" sizes=\"auto, (max-width: 600px) 100vw, 600px\" \/><\/figure>\n\n\n\n<p><br>Cette nouvelle \u00e9dition, \u00e0 l&rsquo;instar des pr\u00e9c\u00e9dentes, sera marqu\u00e9e par une foire d\u2019exposition et de vente des produits artisanaux, des conf\u00e9rences, et des formations au profit des artisans. Elle sera \u00e9galement meubl\u00e9e d\u2019activit\u00e9s de renforcement des capacit\u00e9s, d\u2019un agenda culturel, de plusieurs concours dot\u00e9s de prix, de visites d\u2019entreprises et d\u2019un plateau TV.<br>Pour le compte de cette ann\u00e9e, plus de 120.000 visiteurs sont attendus sur les 300 stands des artisans togolais et ceux de pays voisins notamment le Mali, l\u2019invit\u00e9 d\u2019honneur.<br>Ce march\u00e9, organis\u00e9 conjointement par le gouvernement togolais et les chambres r\u00e9gionales de m\u00e9tiers, se veut le lieu de rencontre privil\u00e9gi\u00e9 de tous les professionnels et acheteurs, et de promotion de la consommation locale.<br>A suivre\u00a0!<\/p>\n\n\n\n<p><\/p>\n\n\n\n<p><strong><em>Nous contacter pour tous besoins au tel 90213091\/93850463\/e-mail lepointactu07@raymondsama<\/em><\/strong><\/p>\n","protected":false},"excerpt":{"rendered":"<p>Plus de 120 000 visiteurs attendus, la femme et le num\u00e9rique \u00e0 l\u2019occasion de l\u2019\u00e9dition 3, cette ann\u00e9e, du March\u00e9<\/p>\n","protected":false},"author":2,"featured_media":2334,"comment_status":"open","ping_status":"closed","sticky":false,"template":"","format":"standard","meta":{"footnotes":""},"categories":[4],"tags":[],"class_list":["post-2333","post","type-post","status-publish","format-standard","has-post-thumbnail","hentry","category-economie"],"yoast_head":"<!-- This site is optimized with the Yoast SEO plugin v23.9 - https:\/\/yoast.com\/wordpress\/plugins\/seo\/ -->\n<title>Togo\/L\u2019acte3 de MIATO lanc\u00e9 -<\/title>\n<meta name=\"robots\" content=\"index, follow, max-snippet:-1, max-image-preview:large, max-video-preview:-1\" \/>\n<link rel=\"canonical\" href=\"https:\/\/lepoint-actu.tg\/index.php\/2023\/08\/18\/togo-lacte3-de-miato-lance\/\" \/>\n<meta property=\"og:locale\" content=\"fr_FR\" \/>\n<meta property=\"og:type\" content=\"article\" \/>\n<meta property=\"og:title\" content=\"Togo\/L\u2019acte3 de MIATO lanc\u00e9 -\" \/>\n<meta property=\"og:description\" content=\"Plus de 120 000 visiteurs attendus, la femme et le num\u00e9rique \u00e0 l\u2019occasion de l\u2019\u00e9dition 3, cette ann\u00e9e, du March\u00e9\" \/>\n<meta property=\"og:url\" content=\"https:\/\/lepoint-actu.tg\/index.php\/2023\/08\/18\/togo-lacte3-de-miato-lance\/\" \/>\n<meta property=\"article:published_time\" content=\"2023-08-18T22:02:51+00:00\" \/>\n<meta property=\"article:modified_time\" content=\"2023-08-18T22:02:52+00:00\" \/>\n<meta property=\"og:image\" content=\"https:\/\/lepoint-actu.tg\/wp-content\/uploads\/2023\/08\/vrai-Miato.jpg\" \/>\n\t<meta property=\"og:image:width\" content=\"284\" \/>\n\t<meta property=\"og:image:height\" content=\"177\" \/>\n\t<meta property=\"og:image:type\" content=\"image\/jpeg\" \/>\n<meta name=\"author\" content=\"La Redaction\" \/>\n<meta name=\"twitter:card\" content=\"summary_large_image\" \/>\n<meta name=\"twitter:label1\" content=\"\u00c9crit par\" \/>\n\t<meta name=\"twitter:data1\" content=\"La Redaction\" \/>\n\t<meta name=\"twitter:label2\" content=\"Dur\u00e9e de lecture estim\u00e9e\" \/>\n\t<meta name=\"twitter:data2\" content=\"2 minutes\" \/>\n<script type=\"application\/ld+json\" class=\"yoast-schema-graph\">{\"@context\":\"https:\/\/schema.org\",\"@graph\":[{\"@type\":\"WebPage\",\"@id\":\"https:\/\/lepoint-actu.tg\/index.php\/2023\/08\/18\/togo-lacte3-de-miato-lance\/\",\"url\":\"https:\/\/lepoint-actu.tg\/index.php\/2023\/08\/18\/togo-lacte3-de-miato-lance\/\",\"name\":\"Togo\/L\u2019acte3 de MIATO lanc\u00e9 -\",\"isPartOf\":{\"@id\":\"https:\/\/lepoint-actu.tg\/#website\"},\"primaryImageOfPage\":{\"@id\":\"https:\/\/lepoint-actu.tg\/index.php\/2023\/08\/18\/togo-lacte3-de-miato-lance\/#primaryimage\"},\"image\":{\"@id\":\"https:\/\/lepoint-actu.tg\/index.php\/2023\/08\/18\/togo-lacte3-de-miato-lance\/#primaryimage\"},\"thumbnailUrl\":\"https:\/\/lepoint-actu.tg\/wp-content\/uploads\/2023\/08\/vrai-Miato.jpg\",\"datePublished\":\"2023-08-18T22:02:51+00:00\",\"dateModified\":\"2023-08-18T22:02:52+00:00\",\"author\":{\"@id\":\"https:\/\/lepoint-actu.tg\/#\/schema\/person\/e4026d66cbdc205cab83e169ab7eaca1\"},\"breadcrumb\":{\"@id\":\"https:\/\/lepoint-actu.tg\/index.php\/2023\/08\/18\/togo-lacte3-de-miato-lance\/#breadcrumb\"},\"inLanguage\":\"fr-FR\",\"potentialAction\":[{\"@type\":\"ReadAction\",\"target\":[\"https:\/\/lepoint-actu.tg\/index.php\/2023\/08\/18\/togo-lacte3-de-miato-lance\/\"]}]},{\"@type\":\"ImageObject\",\"inLanguage\":\"fr-FR\",\"@id\":\"https:\/\/lepoint-actu.tg\/index.php\/2023\/08\/18\/togo-lacte3-de-miato-lance\/#primaryimage\",\"url\":\"https:\/\/lepoint-actu.tg\/wp-content\/uploads\/2023\/08\/vrai-Miato.jpg\",\"contentUrl\":\"https:\/\/lepoint-actu.tg\/wp-content\/uploads\/2023\/08\/vrai-Miato.jpg\",\"width\":284,\"height\":177},{\"@type\":\"BreadcrumbList\",\"@id\":\"https:\/\/lepoint-actu.tg\/index.php\/2023\/08\/18\/togo-lacte3-de-miato-lance\/#breadcrumb\",\"itemListElement\":[{\"@type\":\"ListItem\",\"position\":1,\"name\":\"Accueil\",\"item\":\"https:\/\/lepoint-actu.tg\/\"},{\"@type\":\"ListItem\",\"position\":2,\"name\":\"Togo\/L\u2019acte3 de MIATO lanc\u00e9\"}]},{\"@type\":\"WebSite\",\"@id\":\"https:\/\/lepoint-actu.tg\/#website\",\"url\":\"https:\/\/lepoint-actu.tg\/\",\"name\":\"\",\"description\":\"R\u00e9c\u00e9piss\u00e9 N\u00b00022\/HAAC\/12-2020\/pL\/P, lepointactu07@gmail.com\",\"potentialAction\":[{\"@type\":\"SearchAction\",\"target\":{\"@type\":\"EntryPoint\",\"urlTemplate\":\"https:\/\/lepoint-actu.tg\/?s={search_term_string}\"},\"query-input\":{\"@type\":\"PropertyValueSpecification\",\"valueRequired\":true,\"valueName\":\"search_term_string\"}}],\"inLanguage\":\"fr-FR\"},{\"@type\":\"Person\",\"@id\":\"https:\/\/lepoint-actu.tg\/#\/schema\/person\/e4026d66cbdc205cab83e169ab7eaca1\",\"name\":\"La Redaction\",\"image\":{\"@type\":\"ImageObject\",\"inLanguage\":\"fr-FR\",\"@id\":\"https:\/\/lepoint-actu.tg\/#\/schema\/person\/image\/\",\"url\":\"https:\/\/secure.gravatar.com\/avatar\/1682a0ff7e2c36efa51c5d262eea092000ec1ce420118e6261440956730308c2?s=96&d=mm&r=g\",\"contentUrl\":\"https:\/\/secure.gravatar.com\/avatar\/1682a0ff7e2c36efa51c5d262eea092000ec1ce420118e6261440956730308c2?s=96&d=mm&r=g\",\"caption\":\"La Redaction\"},\"url\":\"https:\/\/lepoint-actu.tg\/index.php\/author\/raymondsama\/\"}]}<\/script>\n<!-- \/ Yoast SEO plugin. -->","yoast_head_json":{"title":"Togo\/L\u2019acte3 de MIATO lanc\u00e9 -","robots":{"index":"index","follow":"follow","max-snippet":"max-snippet:-1","max-image-preview":"max-image-preview:large","max-video-preview":"max-video-preview:-1"},"canonical":"https:\/\/lepoint-actu.tg\/index.php\/2023\/08\/18\/togo-lacte3-de-miato-lance\/","og_locale":"fr_FR","og_type":"article","og_title":"Togo\/L\u2019acte3 de MIATO lanc\u00e9 -","og_description":"Plus de 120 000 visiteurs attendus, la femme et le num\u00e9rique \u00e0 l\u2019occasion de l\u2019\u00e9dition 3, cette ann\u00e9e, du March\u00e9","og_url":"https:\/\/lepoint-actu.tg\/index.php\/2023\/08\/18\/togo-lacte3-de-miato-lance\/","article_published_time":"2023-08-18T22:02:51+00:00","article_modified_time":"2023-08-18T22:02:52+00:00","og_image":[{"width":284,"height":177,"url":"https:\/\/lepoint-actu.tg\/wp-content\/uploads\/2023\/08\/vrai-Miato.jpg","type":"image\/jpeg"}],"author":"La Redaction","twitter_card":"summary_large_image","twitter_misc":{"\u00c9crit par":"La Redaction","Dur\u00e9e de lecture estim\u00e9e":"2 minutes"},"schema":{"@context":"https:\/\/schema.org","@graph":[{"@type":"WebPage","@id":"https:\/\/lepoint-actu.tg\/index.php\/2023\/08\/18\/togo-lacte3-de-miato-lance\/","url":"https:\/\/lepoint-actu.tg\/index.php\/2023\/08\/18\/togo-lacte3-de-miato-lance\/","name":"Togo\/L\u2019acte3 de MIATO lanc\u00e9 -","isPartOf":{"@id":"https:\/\/lepoint-actu.tg\/#website"},"primaryImageOfPage":{"@id":"https:\/\/lepoint-actu.tg\/index.php\/2023\/08\/18\/togo-lacte3-de-miato-lance\/#primaryimage"},"image":{"@id":"https:\/\/lepoint-actu.tg\/index.php\/2023\/08\/18\/togo-lacte3-de-miato-lance\/#primaryimage"},"thumbnailUrl":"https:\/\/lepoint-actu.tg\/wp-content\/uploads\/2023\/08\/vrai-Miato.jpg","datePublished":"2023-08-18T22:02:51+00:00","dateModified":"2023-08-18T22:02:52+00:00","author":{"@id":"https:\/\/lepoint-actu.tg\/#\/schema\/person\/e4026d66cbdc205cab83e169ab7eaca1"},"breadcrumb":{"@id":"https:\/\/lepoint-actu.tg\/index.php\/2023\/08\/18\/togo-lacte3-de-miato-lance\/#breadcrumb"},"inLanguage":"fr-FR","potentialAction":[{"@type":"ReadAction","target":["https:\/\/lepoint-actu.tg\/index.php\/2023\/08\/18\/togo-lacte3-de-miato-lance\/"]}]},{"@type":"ImageObject","inLanguage":"fr-FR","@id":"https:\/\/lepoint-actu.tg\/index.php\/2023\/08\/18\/togo-lacte3-de-miato-lance\/#primaryimage","url":"https:\/\/lepoint-actu.tg\/wp-content\/uploads\/2023\/08\/vrai-Miato.jpg","contentUrl":"https:\/\/lepoint-actu.tg\/wp-content\/uploads\/2023\/08\/vrai-Miato.jpg","width":284,"height":177},{"@type":"BreadcrumbList","@id":"https:\/\/lepoint-actu.tg\/index.php\/2023\/08\/18\/togo-lacte3-de-miato-lance\/#breadcrumb","itemListElement":[{"@type":"ListItem","position":1,"name":"Accueil","item":"https:\/\/lepoint-actu.tg\/"},{"@type":"ListItem","position":2,"name":"Togo\/L\u2019acte3 de MIATO lanc\u00e9"}]},{"@type":"WebSite","@id":"https:\/\/lepoint-actu.tg\/#website","url":"https:\/\/lepoint-actu.tg\/","name":"","description":"R\u00e9c\u00e9piss\u00e9 N\u00b00022\/HAAC\/12-2020\/pL\/P, lepointactu07@gmail.com","potentialAction":[{"@type":"SearchAction","target":{"@type":"EntryPoint","urlTemplate":"https:\/\/lepoint-actu.tg\/?s={search_term_string}"},"query-input":{"@type":"PropertyValueSpecification","valueRequired":true,"valueName":"search_term_string"}}],"inLanguage":"fr-FR"},{"@type":"Person","@id":"https:\/\/lepoint-actu.tg\/#\/schema\/person\/e4026d66cbdc205cab83e169ab7eaca1","name":"La Redaction","image":{"@type":"ImageObject","inLanguage":"fr-FR","@id":"https:\/\/lepoint-actu.tg\/#\/schema\/person\/image\/","url":"https:\/\/secure.gravatar.com\/avatar\/1682a0ff7e2c36efa51c5d262eea092000ec1ce420118e6261440956730308c2?s=96&d=mm&r=g","contentUrl":"https:\/\/secure.gravatar.com\/avatar\/1682a0ff7e2c36efa51c5d262eea092000ec1ce420118e6261440956730308c2?s=96&d=mm&r=g","caption":"La Redaction"},"url":"https:\/\/lepoint-actu.tg\/index.php\/author\/raymondsama\/"}]}},"_links":{"self":[{"href":"https:\/\/lepoint-actu.tg\/index.php\/wp-json\/wp\/v2\/posts\/2333","targetHints":{"allow":["GET"]}}],"collection":[{"href":"https:\/\/lepoint-actu.tg\/index.php\/wp-json\/wp\/v2\/posts"}],"about":[{"href":"https:\/\/lepoint-actu.tg\/index.php\/wp-json\/wp\/v2\/types\/post"}],"author":[{"embeddable":true,"href":"https:\/\/lepoint-actu.tg\/index.php\/wp-json\/wp\/v2\/users\/2"}],"replies":[{"embeddable":true,"href":"https:\/\/lepoint-actu.tg\/index.php\/wp-json\/wp\/v2\/comments?post=2333"}],"version-history":[{"count":1,"href":"https:\/\/lepoint-actu.tg\/index.php\/wp-json\/wp\/v2\/posts\/2333\/revisions"}],"predecessor-version":[{"id":2336,"href":"https:\/\/lepoint-actu.tg\/index.php\/wp-json\/wp\/v2\/posts\/2333\/revisions\/2336"}],"wp:featuredmedia":[{"embeddable":true,"href":"https:\/\/lepoint-actu.tg\/index.php\/wp-json\/wp\/v2\/media\/2334"}],"wp:attachment":[{"href":"https:\/\/lepoint-actu.tg\/index.php\/wp-json\/wp\/v2\/media?parent=2333"}],"wp:term":[{"taxonomy":"category","embeddable":true,"href":"https:\/\/lepoint-actu.tg\/index.php\/wp-json\/wp\/v2\/categories?post=2333"},{"taxonomy":"post_tag","embeddable":true,"href":"https:\/\/lepoint-actu.tg\/index.php\/wp-json\/wp\/v2\/tags?post=2333"}],"curies":[{"name":"wp","href":"https:\/\/api.w.org\/{rel}","templated":true}]}}