{"id":2345,"date":"2023-08-18T17:58:44","date_gmt":"2023-08-18T17:58:44","guid":{"rendered":"https:\/\/lepoint-actu.tg\/?p=2345"},"modified":"2023-08-19T18:03:37","modified_gmt":"2023-08-19T18:03:37","slug":"la-question-de-la-gestion-rationnelle-des-dechets-plastiques-a-meuble-une-table-ronde-a-lome","status":"publish","type":"post","link":"https:\/\/lepoint-actu.tg\/index.php\/2023\/08\/18\/la-question-de-la-gestion-rationnelle-des-dechets-plastiques-a-meuble-une-table-ronde-a-lome\/","title":{"rendered":"La question de la gestion rationnelle des d\u00e9chets plastiques a meubl\u00e9 une table ronde \u00e0 Lom\u00e9"},"content":{"rendered":"\n<p><br>La table ronde de Lom\u00e9 qui a port\u00e9 sur la probl\u00e9matique des sachets plastiques, tenue en fin de semaine derni\u00e8re, a rassembl\u00e9 les acteurs de la cha\u00eene de valorisation desdits d\u00e9chets. Durant deux jours, des propositions et recommandations ont \u00e9t\u00e9 formul\u00e9es.<\/p>\n\n\n\n<p>Pour ce travail abattu, le repr\u00e9sentant du ministre, Dr Monkouna Lardja \u00e0 la c\u00e9r\u00e9monie de cl\u00f4ture, a transmis au nom de son ministre de tutelle, les encouragements \u00e0 tous. Pour lui, c\u2019est maintenant que la collaboration doit \u00eatre renforc\u00e9e entre le minist\u00e8re et ces acteurs.<br>A l\u2019issue des \u00e9changes, plusieurs recommandations dont la premi\u00e8re est la cr\u00e9ation d\u2019un cadre de concertation de tous les acteurs sur la cha\u00eene des sachets plastiques. Pour le juriste et environnementaliste, M\u00e9ba To\u00ef de la direction de l\u2019environnement, les acteurs n\u2019ont pas assez d\u2019informations sur les guichets et partenaires qui acceptent soutenir les unit\u00e9s de valorisation des d\u00e9chets plastiques alors qu\u2019ils en ont besoin. Ainsi, une vaste campagne de sensibilisation s\u2019impose pour que tous les acteurs soient au m\u00eame niveau d\u2019information. L\u2019une des recommandations phare aussi, c\u2019est l\u2019accompagnement de l\u2019Etat aux acteurs intervenants dans ce secteur et aupr\u00e8s des partenaires pour les aider \u00e0 mobiliser les fonds n\u00e9cessaires \u00e0 la gestion des d\u00e9chets plastiques. La r\u00e9vision de la l\u00e9gislation pour pouvoir tenir compte valablement de la question des plastiques et de la gestion \u00e9cologiquement rationnelle des d\u00e9chets plastiques \u00e0 retenu l\u2019attention des participants et pan\u00e9listes. Un autre souhait exprim\u00e9 par les participants c\u2019est que le minist\u00e8re r\u00e9\u00e9dite ces rencontres \u00e0 l\u2019endroit des acteurs, que sont les industriels, les maires, les parlementaires, les ONGs, la soci\u00e9t\u00e9 civile pour leur implication totale dans la gestion de la probl\u00e9matique des d\u00e9chets plastiques.<\/p>\n\n\n\n<p><strong>Visite des unit\u00e9s de Green Industry Plast (GIP) et ENPRO<\/strong><br>Au deuxi\u00e8me jour, dans l\u2019apr\u00e8s-midi du 11 ao\u00fbt, il y a eu la visite de \u00ab Green Industry Plast \u00bb (GIP) et \u00ab Environnement propre \u00bb(ENPRO). Sur les deux sites toutes les mesures de s\u00e9curit\u00e9 ont \u00e9t\u00e9 prises par les promoteurs. Le premier site visit\u00e9, c\u2019\u00e9tait GIP et le guide ne pouvait \u00eatre que le directeur M. B\u00e9mah Gado. De la collecte, \u00e0 l\u2019obtention des granul\u00e9es en passant par le lavage des d\u00e9chets plastiques, tout le processus a \u00e9t\u00e9 clarifi\u00e9. La particularit\u00e9 de ce site, c\u2019est la fabrication des pav\u00e9es, une activit\u00e9 qui a retenu l\u2019attention de la d\u00e9l\u00e9gation. \u00ab&nbsp;Sur le terrain, le travail est p\u00e9nible puisqu\u2019il se fait en majorit\u00e9 \u00e0 la main&nbsp;\u00bb, ce que compte am\u00e9liorer M. B\u00e9mah avec l\u2019acquisition des nouveaux \u00e9quipements en cours d\u2019installation.<\/p>\n\n\n\n<p>\u00ab Nous couvrons tous types de d\u00e9chets, les durs et les souples. Notre objectif c\u2019est d\u2019arriver \u00e0 acqu\u00e9rir des machines sp\u00e9cialis\u00e9es afin de fabriquer tous les objets en plastique \u00e0 un co\u00fbt abordable pour la population.<br>La seconde unit\u00e9 visit\u00e9e est ENPRO. Elle s\u2019est sp\u00e9cialis\u00e9e dans la fabrication des tables bancs dont le banc est en plastique et les supports en fer pour les \u00e9l\u00e8ves et aussi dans la fabrication du compost pour l\u2019agriculture biologique.<br>Apr\u00e8s avoir visit\u00e9 tous les sites, Mme la directrice de l\u2019environnement, Yaou Mery a appr\u00e9ci\u00e9 le travail qui se fait et qui permet de r\u00e9duire le nombre des d\u00e9chets plastiques dans la ville de Lom\u00e9. Pour elle, le ministre en organisant cette table ronde veut que les actions s\u2019intensifient dans ce domaine en vue d\u2019assainir dans la mesure du possible nos villes et campagnes.<br>Les unit\u00e9s visit\u00e9es sont situ\u00e9es c\u00f4te \u00e0 c\u00f4te dans le quartier Av\u00e9nou \u00e0 Lom\u00e9. Leurs fournisseurs sont des collecteurs d\u2019ordures qui d\u00e9versent ces d\u00e9chets d\u00e9j\u00e0 tri\u00e9s chez les interm\u00e9diaires o\u00f9 des camions passent les ramasser. Plusieurs jeunes travaillent dans ces unit\u00e9s encore embryonnaires.<br>Avec cellule du MERF<\/p>\n\n\n\n<p><em><strong>Nous contacter pour tous besoins au tel 98866570\/90213091\/93850463\/e-mail lepointactu07@gmail.com<\/strong><\/em><\/p>\n","protected":false},"excerpt":{"rendered":"<p>La table ronde de Lom\u00e9 qui a port\u00e9 sur la probl\u00e9matique des sachets plastiques, tenue en fin de semaine derni\u00e8re,<\/p>\n","protected":false},"author":2,"featured_media":2347,"comment_status":"open","ping_status":"closed","sticky":false,"template":"","format":"standard","meta":{"footnotes":""},"categories":[6],"tags":[],"class_list":["post-2345","post","type-post","status-publish","format-standard","has-post-thumbnail","hentry","category-environnement"],"yoast_head":"<!-- This site is optimized with the Yoast SEO plugin v23.9 - https:\/\/yoast.com\/wordpress\/plugins\/seo\/ -->\n<title>La question de la gestion rationnelle des d\u00e9chets plastiques a meubl\u00e9 une table ronde \u00e0 Lom\u00e9 -<\/title>\n<meta name=\"robots\" content=\"index, follow, max-snippet:-1, max-image-preview:large, max-video-preview:-1\" \/>\n<link rel=\"canonical\" href=\"https:\/\/lepoint-actu.tg\/index.php\/2023\/08\/18\/la-question-de-la-gestion-rationnelle-des-dechets-plastiques-a-meuble-une-table-ronde-a-lome\/\" \/>\n<meta property=\"og:locale\" content=\"fr_FR\" \/>\n<meta property=\"og:type\" content=\"article\" \/>\n<meta property=\"og:title\" content=\"La question de la gestion rationnelle des d\u00e9chets plastiques a meubl\u00e9 une table ronde \u00e0 Lom\u00e9 -\" \/>\n<meta property=\"og:description\" content=\"La table ronde de Lom\u00e9 qui a port\u00e9 sur la probl\u00e9matique des sachets plastiques, tenue en fin de semaine derni\u00e8re,\" \/>\n<meta property=\"og:url\" content=\"https:\/\/lepoint-actu.tg\/index.php\/2023\/08\/18\/la-question-de-la-gestion-rationnelle-des-dechets-plastiques-a-meuble-une-table-ronde-a-lome\/\" \/>\n<meta property=\"article:published_time\" content=\"2023-08-18T17:58:44+00:00\" \/>\n<meta property=\"article:modified_time\" content=\"2023-08-19T18:03:37+00:00\" \/>\n<meta property=\"og:image\" content=\"https:\/\/lepoint-actu.tg\/wp-content\/uploads\/2023\/08\/dispositi-fabrication-banc-ENPRO-ok.jpg\" \/>\n\t<meta property=\"og:image:width\" content=\"1024\" \/>\n\t<meta property=\"og:image:height\" content=\"683\" \/>\n\t<meta property=\"og:image:type\" content=\"image\/jpeg\" \/>\n<meta name=\"author\" content=\"La Redaction\" \/>\n<meta name=\"twitter:card\" content=\"summary_large_image\" \/>\n<meta name=\"twitter:label1\" content=\"\u00c9crit par\" \/>\n\t<meta name=\"twitter:data1\" content=\"La Redaction\" \/>\n\t<meta name=\"twitter:label2\" content=\"Dur\u00e9e de lecture estim\u00e9e\" \/>\n\t<meta name=\"twitter:data2\" content=\"3 minutes\" \/>\n<script type=\"application\/ld+json\" class=\"yoast-schema-graph\">{\"@context\":\"https:\/\/schema.org\",\"@graph\":[{\"@type\":\"WebPage\",\"@id\":\"https:\/\/lepoint-actu.tg\/index.php\/2023\/08\/18\/la-question-de-la-gestion-rationnelle-des-dechets-plastiques-a-meuble-une-table-ronde-a-lome\/\",\"url\":\"https:\/\/lepoint-actu.tg\/index.php\/2023\/08\/18\/la-question-de-la-gestion-rationnelle-des-dechets-plastiques-a-meuble-une-table-ronde-a-lome\/\",\"name\":\"La question de la gestion rationnelle des d\u00e9chets plastiques a meubl\u00e9 une table ronde \u00e0 Lom\u00e9 -\",\"isPartOf\":{\"@id\":\"https:\/\/lepoint-actu.tg\/#website\"},\"primaryImageOfPage\":{\"@id\":\"https:\/\/lepoint-actu.tg\/index.php\/2023\/08\/18\/la-question-de-la-gestion-rationnelle-des-dechets-plastiques-a-meuble-une-table-ronde-a-lome\/#primaryimage\"},\"image\":{\"@id\":\"https:\/\/lepoint-actu.tg\/index.php\/2023\/08\/18\/la-question-de-la-gestion-rationnelle-des-dechets-plastiques-a-meuble-une-table-ronde-a-lome\/#primaryimage\"},\"thumbnailUrl\":\"https:\/\/lepoint-actu.tg\/wp-content\/uploads\/2023\/08\/dispositi-fabrication-banc-ENPRO-ok.jpg\",\"datePublished\":\"2023-08-18T17:58:44+00:00\",\"dateModified\":\"2023-08-19T18:03:37+00:00\",\"author\":{\"@id\":\"https:\/\/lepoint-actu.tg\/#\/schema\/person\/e4026d66cbdc205cab83e169ab7eaca1\"},\"breadcrumb\":{\"@id\":\"https:\/\/lepoint-actu.tg\/index.php\/2023\/08\/18\/la-question-de-la-gestion-rationnelle-des-dechets-plastiques-a-meuble-une-table-ronde-a-lome\/#breadcrumb\"},\"inLanguage\":\"fr-FR\",\"potentialAction\":[{\"@type\":\"ReadAction\",\"target\":[\"https:\/\/lepoint-actu.tg\/index.php\/2023\/08\/18\/la-question-de-la-gestion-rationnelle-des-dechets-plastiques-a-meuble-une-table-ronde-a-lome\/\"]}]},{\"@type\":\"ImageObject\",\"inLanguage\":\"fr-FR\",\"@id\":\"https:\/\/lepoint-actu.tg\/index.php\/2023\/08\/18\/la-question-de-la-gestion-rationnelle-des-dechets-plastiques-a-meuble-une-table-ronde-a-lome\/#primaryimage\",\"url\":\"https:\/\/lepoint-actu.tg\/wp-content\/uploads\/2023\/08\/dispositi-fabrication-banc-ENPRO-ok.jpg\",\"contentUrl\":\"https:\/\/lepoint-actu.tg\/wp-content\/uploads\/2023\/08\/dispositi-fabrication-banc-ENPRO-ok.jpg\",\"width\":1024,\"height\":683},{\"@type\":\"BreadcrumbList\",\"@id\":\"https:\/\/lepoint-actu.tg\/index.php\/2023\/08\/18\/la-question-de-la-gestion-rationnelle-des-dechets-plastiques-a-meuble-une-table-ronde-a-lome\/#breadcrumb\",\"itemListElement\":[{\"@type\":\"ListItem\",\"position\":1,\"name\":\"Accueil\",\"item\":\"https:\/\/lepoint-actu.tg\/\"},{\"@type\":\"ListItem\",\"position\":2,\"name\":\"La question de la gestion rationnelle des d\u00e9chets plastiques a meubl\u00e9 une table ronde \u00e0 Lom\u00e9\"}]},{\"@type\":\"WebSite\",\"@id\":\"https:\/\/lepoint-actu.tg\/#website\",\"url\":\"https:\/\/lepoint-actu.tg\/\",\"name\":\"\",\"description\":\"R\u00e9c\u00e9piss\u00e9 N\u00b00022\/HAAC\/12-2020\/pL\/P, lepointactu07@gmail.com\",\"potentialAction\":[{\"@type\":\"SearchAction\",\"target\":{\"@type\":\"EntryPoint\",\"urlTemplate\":\"https:\/\/lepoint-actu.tg\/?s={search_term_string}\"},\"query-input\":{\"@type\":\"PropertyValueSpecification\",\"valueRequired\":true,\"valueName\":\"search_term_string\"}}],\"inLanguage\":\"fr-FR\"},{\"@type\":\"Person\",\"@id\":\"https:\/\/lepoint-actu.tg\/#\/schema\/person\/e4026d66cbdc205cab83e169ab7eaca1\",\"name\":\"La Redaction\",\"image\":{\"@type\":\"ImageObject\",\"inLanguage\":\"fr-FR\",\"@id\":\"https:\/\/lepoint-actu.tg\/#\/schema\/person\/image\/\",\"url\":\"https:\/\/secure.gravatar.com\/avatar\/1682a0ff7e2c36efa51c5d262eea092000ec1ce420118e6261440956730308c2?s=96&d=mm&r=g\",\"contentUrl\":\"https:\/\/secure.gravatar.com\/avatar\/1682a0ff7e2c36efa51c5d262eea092000ec1ce420118e6261440956730308c2?s=96&d=mm&r=g\",\"caption\":\"La Redaction\"},\"url\":\"https:\/\/lepoint-actu.tg\/index.php\/author\/raymondsama\/\"}]}<\/script>\n<!-- \/ Yoast SEO plugin. -->","yoast_head_json":{"title":"La question de la gestion rationnelle des d\u00e9chets plastiques a meubl\u00e9 une table ronde \u00e0 Lom\u00e9 -","robots":{"index":"index","follow":"follow","max-snippet":"max-snippet:-1","max-image-preview":"max-image-preview:large","max-video-preview":"max-video-preview:-1"},"canonical":"https:\/\/lepoint-actu.tg\/index.php\/2023\/08\/18\/la-question-de-la-gestion-rationnelle-des-dechets-plastiques-a-meuble-une-table-ronde-a-lome\/","og_locale":"fr_FR","og_type":"article","og_title":"La question de la gestion rationnelle des d\u00e9chets plastiques a meubl\u00e9 une table ronde \u00e0 Lom\u00e9 -","og_description":"La table ronde de Lom\u00e9 qui a port\u00e9 sur la probl\u00e9matique des sachets plastiques, tenue en fin de semaine derni\u00e8re,","og_url":"https:\/\/lepoint-actu.tg\/index.php\/2023\/08\/18\/la-question-de-la-gestion-rationnelle-des-dechets-plastiques-a-meuble-une-table-ronde-a-lome\/","article_published_time":"2023-08-18T17:58:44+00:00","article_modified_time":"2023-08-19T18:03:37+00:00","og_image":[{"width":1024,"height":683,"url":"https:\/\/lepoint-actu.tg\/wp-content\/uploads\/2023\/08\/dispositi-fabrication-banc-ENPRO-ok.jpg","type":"image\/jpeg"}],"author":"La Redaction","twitter_card":"summary_large_image","twitter_misc":{"\u00c9crit par":"La Redaction","Dur\u00e9e de lecture estim\u00e9e":"3 minutes"},"schema":{"@context":"https:\/\/schema.org","@graph":[{"@type":"WebPage","@id":"https:\/\/lepoint-actu.tg\/index.php\/2023\/08\/18\/la-question-de-la-gestion-rationnelle-des-dechets-plastiques-a-meuble-une-table-ronde-a-lome\/","url":"https:\/\/lepoint-actu.tg\/index.php\/2023\/08\/18\/la-question-de-la-gestion-rationnelle-des-dechets-plastiques-a-meuble-une-table-ronde-a-lome\/","name":"La question de la gestion rationnelle des d\u00e9chets plastiques a meubl\u00e9 une table ronde \u00e0 Lom\u00e9 -","isPartOf":{"@id":"https:\/\/lepoint-actu.tg\/#website"},"primaryImageOfPage":{"@id":"https:\/\/lepoint-actu.tg\/index.php\/2023\/08\/18\/la-question-de-la-gestion-rationnelle-des-dechets-plastiques-a-meuble-une-table-ronde-a-lome\/#primaryimage"},"image":{"@id":"https:\/\/lepoint-actu.tg\/index.php\/2023\/08\/18\/la-question-de-la-gestion-rationnelle-des-dechets-plastiques-a-meuble-une-table-ronde-a-lome\/#primaryimage"},"thumbnailUrl":"https:\/\/lepoint-actu.tg\/wp-content\/uploads\/2023\/08\/dispositi-fabrication-banc-ENPRO-ok.jpg","datePublished":"2023-08-18T17:58:44+00:00","dateModified":"2023-08-19T18:03:37+00:00","author":{"@id":"https:\/\/lepoint-actu.tg\/#\/schema\/person\/e4026d66cbdc205cab83e169ab7eaca1"},"breadcrumb":{"@id":"https:\/\/lepoint-actu.tg\/index.php\/2023\/08\/18\/la-question-de-la-gestion-rationnelle-des-dechets-plastiques-a-meuble-une-table-ronde-a-lome\/#breadcrumb"},"inLanguage":"fr-FR","potentialAction":[{"@type":"ReadAction","target":["https:\/\/lepoint-actu.tg\/index.php\/2023\/08\/18\/la-question-de-la-gestion-rationnelle-des-dechets-plastiques-a-meuble-une-table-ronde-a-lome\/"]}]},{"@type":"ImageObject","inLanguage":"fr-FR","@id":"https:\/\/lepoint-actu.tg\/index.php\/2023\/08\/18\/la-question-de-la-gestion-rationnelle-des-dechets-plastiques-a-meuble-une-table-ronde-a-lome\/#primaryimage","url":"https:\/\/lepoint-actu.tg\/wp-content\/uploads\/2023\/08\/dispositi-fabrication-banc-ENPRO-ok.jpg","contentUrl":"https:\/\/lepoint-actu.tg\/wp-content\/uploads\/2023\/08\/dispositi-fabrication-banc-ENPRO-ok.jpg","width":1024,"height":683},{"@type":"BreadcrumbList","@id":"https:\/\/lepoint-actu.tg\/index.php\/2023\/08\/18\/la-question-de-la-gestion-rationnelle-des-dechets-plastiques-a-meuble-une-table-ronde-a-lome\/#breadcrumb","itemListElement":[{"@type":"ListItem","position":1,"name":"Accueil","item":"https:\/\/lepoint-actu.tg\/"},{"@type":"ListItem","position":2,"name":"La question de la gestion rationnelle des d\u00e9chets plastiques a meubl\u00e9 une table ronde \u00e0 Lom\u00e9"}]},{"@type":"WebSite","@id":"https:\/\/lepoint-actu.tg\/#website","url":"https:\/\/lepoint-actu.tg\/","name":"","description":"R\u00e9c\u00e9piss\u00e9 N\u00b00022\/HAAC\/12-2020\/pL\/P, lepointactu07@gmail.com","potentialAction":[{"@type":"SearchAction","target":{"@type":"EntryPoint","urlTemplate":"https:\/\/lepoint-actu.tg\/?s={search_term_string}"},"query-input":{"@type":"PropertyValueSpecification","valueRequired":true,"valueName":"search_term_string"}}],"inLanguage":"fr-FR"},{"@type":"Person","@id":"https:\/\/lepoint-actu.tg\/#\/schema\/person\/e4026d66cbdc205cab83e169ab7eaca1","name":"La Redaction","image":{"@type":"ImageObject","inLanguage":"fr-FR","@id":"https:\/\/lepoint-actu.tg\/#\/schema\/person\/image\/","url":"https:\/\/secure.gravatar.com\/avatar\/1682a0ff7e2c36efa51c5d262eea092000ec1ce420118e6261440956730308c2?s=96&d=mm&r=g","contentUrl":"https:\/\/secure.gravatar.com\/avatar\/1682a0ff7e2c36efa51c5d262eea092000ec1ce420118e6261440956730308c2?s=96&d=mm&r=g","caption":"La Redaction"},"url":"https:\/\/lepoint-actu.tg\/index.php\/author\/raymondsama\/"}]}},"_links":{"self":[{"href":"https:\/\/lepoint-actu.tg\/index.php\/wp-json\/wp\/v2\/posts\/2345","targetHints":{"allow":["GET"]}}],"collection":[{"href":"https:\/\/lepoint-actu.tg\/index.php\/wp-json\/wp\/v2\/posts"}],"about":[{"href":"https:\/\/lepoint-actu.tg\/index.php\/wp-json\/wp\/v2\/types\/post"}],"author":[{"embeddable":true,"href":"https:\/\/lepoint-actu.tg\/index.php\/wp-json\/wp\/v2\/users\/2"}],"replies":[{"embeddable":true,"href":"https:\/\/lepoint-actu.tg\/index.php\/wp-json\/wp\/v2\/comments?post=2345"}],"version-history":[{"count":3,"href":"https:\/\/lepoint-actu.tg\/index.php\/wp-json\/wp\/v2\/posts\/2345\/revisions"}],"predecessor-version":[{"id":2351,"href":"https:\/\/lepoint-actu.tg\/index.php\/wp-json\/wp\/v2\/posts\/2345\/revisions\/2351"}],"wp:featuredmedia":[{"embeddable":true,"href":"https:\/\/lepoint-actu.tg\/index.php\/wp-json\/wp\/v2\/media\/2347"}],"wp:attachment":[{"href":"https:\/\/lepoint-actu.tg\/index.php\/wp-json\/wp\/v2\/media?parent=2345"}],"wp:term":[{"taxonomy":"category","embeddable":true,"href":"https:\/\/lepoint-actu.tg\/index.php\/wp-json\/wp\/v2\/categories?post=2345"},{"taxonomy":"post_tag","embeddable":true,"href":"https:\/\/lepoint-actu.tg\/index.php\/wp-json\/wp\/v2\/tags?post=2345"}],"curies":[{"name":"wp","href":"https:\/\/api.w.org\/{rel}","templated":true}]}}