{"id":2352,"date":"2023-08-19T23:06:15","date_gmt":"2023-08-19T23:06:15","guid":{"rendered":"https:\/\/lepoint-actu.tg\/?p=2352"},"modified":"2023-08-20T00:18:24","modified_gmt":"2023-08-20T00:18:24","slug":"une-mission-de-la-cedeao-accueillie-au-niger-grace-a-faure-gnassingbe","status":"publish","type":"post","link":"https:\/\/lepoint-actu.tg\/index.php\/2023\/08\/19\/une-mission-de-la-cedeao-accueillie-au-niger-grace-a-faure-gnassingbe\/","title":{"rendered":"Une mission de la CEDEAO accueillie au Niger gr\u00e2ce \u00e0 Faure Gnassingb\u00e9"},"content":{"rendered":"\n<p><\/p>\n\n\n\n<p>Un homme \u00e0 poigne qui sait retenir sa langue et agir de la meilleure des mani\u00e8res, en temps opportun, pour le bien de tous. Faure Gnassingb\u00e9, Pr\u00e9sident de la R\u00e9publique togolaise, de part sa personnalit\u00e9, peut \u00eatre ainsi caricatur\u00e9 selon nombre d&rsquo;observateurs avertis puisque, gr\u00e2ce \u00e0 lui, la mission de la CEDEAO a \u00e9t\u00e9 re\u00e7ue ce jour au Niger dans les r\u00e8gles de l&rsquo;art alors m\u00eame que depuis la crise une premi\u00e8re mission de cette organisation communautaire a \u00e9t\u00e9 mal accueillie et ne pouvait plus d&rsquo;ailleurs s&rsquo;y rendre selon certaines sources bien renseign\u00e9es.<\/p>\n\n\n\n<figure class=\"wp-block-image size-full\"><img loading=\"lazy\" decoding=\"async\" width=\"768\" height=\"576\" src=\"https:\/\/lepoint-actu.tg\/wp-content\/uploads\/2023\/08\/Faure_Accra-768x576-1.jpg\" alt=\"\" class=\"wp-image-2356\" srcset=\"https:\/\/lepoint-actu.tg\/wp-content\/uploads\/2023\/08\/Faure_Accra-768x576-1.jpg 768w, https:\/\/lepoint-actu.tg\/wp-content\/uploads\/2023\/08\/Faure_Accra-768x576-1-300x225.jpg 300w\" sizes=\"auto, (max-width: 768px) 100vw, 768px\" \/><\/figure>\n\n\n\n<p><strong><em>Photo du Pr\u00e9sident Faure Gnassingb\u00e9 lors d&rsquo;un sommet de la CEDEAO <\/em><\/strong><\/p>\n\n\n\n<p>Selon les informations, la d\u00e9l\u00e9gation a pr\u00e9alablement rencontr\u00e9 les membres du CNSP. La CEDEAO a exig\u00e9 le retour \u00e0 l\u2019ordre constitutionnel. On sait \u00e9videmment que les militaires au pouvoir \u00e0 Niamey ne sont pas dans cette logique. On apprend alors qu\u2019une autre rencontre a eu lieu avec l\u2019ancien pr\u00e9sident Mahamadou Issoufou.<\/p>\n\n\n\n<p><strong>Diplomatie active et agissante de Faure Gnassingb\u00e9 au Niger<\/strong><br>Ce n&rsquo;est plus un secret pour personne que c&rsquo;est Faure Gnassingb\u00e9 qui a d\u00e9cant\u00e9 la situation entre les militaires au pouvoir au Niger et la CEDEAO. En effet, une premi\u00e8re mission de la d\u00e9l\u00e9gation de la CEDEAO au Niger c\u2019\u00e9tait mal d\u00e9roul\u00e9e. La d\u00e9l\u00e9gation avait \u00e9t\u00e9 re\u00e7ue \u00e0 l\u2019a\u00e9roport, en repr\u00e9sailles aux sanctions prises par les chefs d\u2019Etat de l\u2019organisation contre le pays.<br>Si les choses se sont bien pass\u00e9es cette fois, c\u2019est gr\u00e2ce au pr\u00e9sident togolais ainsi que l\u2019indique nos confr\u00e8res de rfi. Faure Gnassingb\u00e9 a mis en branle son action diplomatique et a jou\u00e9 les couloirs avec les militaires nig\u00e9riens pour d\u00e9blayer le terrain pour la d\u00e9l\u00e9gation de la CEDEAO.<\/p>\n\n\n\n<p>Pendant que certains de ses homologues jouent aux va-t\u2019en guerre dans le dossier nig\u00e9rien, M. Gnassingb\u00e9 s\u2019active discr\u00e8tement depuis le d\u00e9but pour une r\u00e9solution pacifique de la crise afin que la paix, d\u00e9j\u00e0 pr\u00e9caire, dans la sous-r\u00e9gion puisse \u00eatre pr\u00e9serv\u00e9e.<br>\u00c0 la veille de cette mission, les chefs d\u2019Etat-major de la CEDEAO ont indiqu\u00e9 avoir arr\u00eat\u00e9 une date pour une intervention militaire au Niger pour r\u00e9tablir Mohamed Bazoum au pouvoir. Des voix ne cessent de d\u00e9noncer cette posture des dirigeants de l\u2019organisation, qui ont d\u00e9j\u00e0 impos\u00e9 de s\u00e9v\u00e8res sanctions \u00e9conomiques au Niger; sanction qui n&rsquo;arrange ni le peuple, ni toute la sous-r\u00e9gion ouest africaine.<\/p>\n\n\n\n<p><\/p>\n\n\n\n<p><strong><em>Nous contacter pour tous besoins au tel.90213091\/93850463\/e-mail lepointactu07@gmail.com<\/em><\/strong><\/p>\n","protected":false},"excerpt":{"rendered":"<p>Un homme \u00e0 poigne qui sait retenir sa langue et agir de la meilleure des mani\u00e8res, en temps opportun, pour<\/p>\n","protected":false},"author":2,"featured_media":2353,"comment_status":"open","ping_status":"closed","sticky":false,"template":"","format":"standard","meta":{"footnotes":""},"categories":[5],"tags":[],"class_list":["post-2352","post","type-post","status-publish","format-standard","has-post-thumbnail","hentry","category-diplomatie"],"yoast_head":"<!-- This site is optimized with the Yoast SEO plugin v23.9 - https:\/\/yoast.com\/wordpress\/plugins\/seo\/ -->\n<title>Une mission de la CEDEAO accueillie au Niger gr\u00e2ce \u00e0 Faure Gnassingb\u00e9 -<\/title>\n<meta name=\"robots\" content=\"index, follow, max-snippet:-1, max-image-preview:large, max-video-preview:-1\" \/>\n<link rel=\"canonical\" href=\"https:\/\/lepoint-actu.tg\/index.php\/2023\/08\/19\/une-mission-de-la-cedeao-accueillie-au-niger-grace-a-faure-gnassingbe\/\" \/>\n<meta property=\"og:locale\" content=\"fr_FR\" \/>\n<meta property=\"og:type\" content=\"article\" \/>\n<meta property=\"og:title\" content=\"Une mission de la CEDEAO accueillie au Niger gr\u00e2ce \u00e0 Faure Gnassingb\u00e9 -\" \/>\n<meta property=\"og:description\" content=\"Un homme \u00e0 poigne qui sait retenir sa langue et agir de la meilleure des mani\u00e8res, en temps opportun, pour\" \/>\n<meta property=\"og:url\" content=\"https:\/\/lepoint-actu.tg\/index.php\/2023\/08\/19\/une-mission-de-la-cedeao-accueillie-au-niger-grace-a-faure-gnassingbe\/\" \/>\n<meta property=\"article:published_time\" content=\"2023-08-19T23:06:15+00:00\" \/>\n<meta property=\"article:modified_time\" content=\"2023-08-20T00:18:24+00:00\" \/>\n<meta property=\"og:image\" content=\"https:\/\/lepoint-actu.tg\/wp-content\/uploads\/2023\/08\/jad20210127-ass-togo-faure-gnassingbe-consensus-1024x819-1.jpg\" \/>\n\t<meta property=\"og:image:width\" content=\"1024\" \/>\n\t<meta property=\"og:image:height\" content=\"819\" \/>\n\t<meta property=\"og:image:type\" content=\"image\/jpeg\" \/>\n<meta name=\"author\" content=\"La Redaction\" \/>\n<meta name=\"twitter:card\" content=\"summary_large_image\" \/>\n<meta name=\"twitter:label1\" content=\"\u00c9crit par\" \/>\n\t<meta name=\"twitter:data1\" content=\"La Redaction\" \/>\n\t<meta name=\"twitter:label2\" content=\"Dur\u00e9e de lecture estim\u00e9e\" \/>\n\t<meta name=\"twitter:data2\" content=\"2 minutes\" \/>\n<script type=\"application\/ld+json\" class=\"yoast-schema-graph\">{\"@context\":\"https:\/\/schema.org\",\"@graph\":[{\"@type\":\"WebPage\",\"@id\":\"https:\/\/lepoint-actu.tg\/index.php\/2023\/08\/19\/une-mission-de-la-cedeao-accueillie-au-niger-grace-a-faure-gnassingbe\/\",\"url\":\"https:\/\/lepoint-actu.tg\/index.php\/2023\/08\/19\/une-mission-de-la-cedeao-accueillie-au-niger-grace-a-faure-gnassingbe\/\",\"name\":\"Une mission de la CEDEAO accueillie au Niger gr\u00e2ce \u00e0 Faure Gnassingb\u00e9 -\",\"isPartOf\":{\"@id\":\"https:\/\/lepoint-actu.tg\/#website\"},\"primaryImageOfPage\":{\"@id\":\"https:\/\/lepoint-actu.tg\/index.php\/2023\/08\/19\/une-mission-de-la-cedeao-accueillie-au-niger-grace-a-faure-gnassingbe\/#primaryimage\"},\"image\":{\"@id\":\"https:\/\/lepoint-actu.tg\/index.php\/2023\/08\/19\/une-mission-de-la-cedeao-accueillie-au-niger-grace-a-faure-gnassingbe\/#primaryimage\"},\"thumbnailUrl\":\"https:\/\/lepoint-actu.tg\/wp-content\/uploads\/2023\/08\/jad20210127-ass-togo-faure-gnassingbe-consensus-1024x819-1.jpg\",\"datePublished\":\"2023-08-19T23:06:15+00:00\",\"dateModified\":\"2023-08-20T00:18:24+00:00\",\"author\":{\"@id\":\"https:\/\/lepoint-actu.tg\/#\/schema\/person\/e4026d66cbdc205cab83e169ab7eaca1\"},\"breadcrumb\":{\"@id\":\"https:\/\/lepoint-actu.tg\/index.php\/2023\/08\/19\/une-mission-de-la-cedeao-accueillie-au-niger-grace-a-faure-gnassingbe\/#breadcrumb\"},\"inLanguage\":\"fr-FR\",\"potentialAction\":[{\"@type\":\"ReadAction\",\"target\":[\"https:\/\/lepoint-actu.tg\/index.php\/2023\/08\/19\/une-mission-de-la-cedeao-accueillie-au-niger-grace-a-faure-gnassingbe\/\"]}]},{\"@type\":\"ImageObject\",\"inLanguage\":\"fr-FR\",\"@id\":\"https:\/\/lepoint-actu.tg\/index.php\/2023\/08\/19\/une-mission-de-la-cedeao-accueillie-au-niger-grace-a-faure-gnassingbe\/#primaryimage\",\"url\":\"https:\/\/lepoint-actu.tg\/wp-content\/uploads\/2023\/08\/jad20210127-ass-togo-faure-gnassingbe-consensus-1024x819-1.jpg\",\"contentUrl\":\"https:\/\/lepoint-actu.tg\/wp-content\/uploads\/2023\/08\/jad20210127-ass-togo-faure-gnassingbe-consensus-1024x819-1.jpg\",\"width\":1024,\"height\":819},{\"@type\":\"BreadcrumbList\",\"@id\":\"https:\/\/lepoint-actu.tg\/index.php\/2023\/08\/19\/une-mission-de-la-cedeao-accueillie-au-niger-grace-a-faure-gnassingbe\/#breadcrumb\",\"itemListElement\":[{\"@type\":\"ListItem\",\"position\":1,\"name\":\"Accueil\",\"item\":\"https:\/\/lepoint-actu.tg\/\"},{\"@type\":\"ListItem\",\"position\":2,\"name\":\"Une mission de la CEDEAO accueillie au Niger gr\u00e2ce \u00e0 Faure Gnassingb\u00e9\"}]},{\"@type\":\"WebSite\",\"@id\":\"https:\/\/lepoint-actu.tg\/#website\",\"url\":\"https:\/\/lepoint-actu.tg\/\",\"name\":\"\",\"description\":\"R\u00e9c\u00e9piss\u00e9 N\u00b00022\/HAAC\/12-2020\/pL\/P, lepointactu07@gmail.com\",\"potentialAction\":[{\"@type\":\"SearchAction\",\"target\":{\"@type\":\"EntryPoint\",\"urlTemplate\":\"https:\/\/lepoint-actu.tg\/?s={search_term_string}\"},\"query-input\":{\"@type\":\"PropertyValueSpecification\",\"valueRequired\":true,\"valueName\":\"search_term_string\"}}],\"inLanguage\":\"fr-FR\"},{\"@type\":\"Person\",\"@id\":\"https:\/\/lepoint-actu.tg\/#\/schema\/person\/e4026d66cbdc205cab83e169ab7eaca1\",\"name\":\"La Redaction\",\"image\":{\"@type\":\"ImageObject\",\"inLanguage\":\"fr-FR\",\"@id\":\"https:\/\/lepoint-actu.tg\/#\/schema\/person\/image\/\",\"url\":\"https:\/\/secure.gravatar.com\/avatar\/1682a0ff7e2c36efa51c5d262eea092000ec1ce420118e6261440956730308c2?s=96&d=mm&r=g\",\"contentUrl\":\"https:\/\/secure.gravatar.com\/avatar\/1682a0ff7e2c36efa51c5d262eea092000ec1ce420118e6261440956730308c2?s=96&d=mm&r=g\",\"caption\":\"La Redaction\"},\"url\":\"https:\/\/lepoint-actu.tg\/index.php\/author\/raymondsama\/\"}]}<\/script>\n<!-- \/ Yoast SEO plugin. -->","yoast_head_json":{"title":"Une mission de la CEDEAO accueillie au Niger gr\u00e2ce \u00e0 Faure Gnassingb\u00e9 -","robots":{"index":"index","follow":"follow","max-snippet":"max-snippet:-1","max-image-preview":"max-image-preview:large","max-video-preview":"max-video-preview:-1"},"canonical":"https:\/\/lepoint-actu.tg\/index.php\/2023\/08\/19\/une-mission-de-la-cedeao-accueillie-au-niger-grace-a-faure-gnassingbe\/","og_locale":"fr_FR","og_type":"article","og_title":"Une mission de la CEDEAO accueillie au Niger gr\u00e2ce \u00e0 Faure Gnassingb\u00e9 -","og_description":"Un homme \u00e0 poigne qui sait retenir sa langue et agir de la meilleure des mani\u00e8res, en temps opportun, pour","og_url":"https:\/\/lepoint-actu.tg\/index.php\/2023\/08\/19\/une-mission-de-la-cedeao-accueillie-au-niger-grace-a-faure-gnassingbe\/","article_published_time":"2023-08-19T23:06:15+00:00","article_modified_time":"2023-08-20T00:18:24+00:00","og_image":[{"width":1024,"height":819,"url":"https:\/\/lepoint-actu.tg\/wp-content\/uploads\/2023\/08\/jad20210127-ass-togo-faure-gnassingbe-consensus-1024x819-1.jpg","type":"image\/jpeg"}],"author":"La Redaction","twitter_card":"summary_large_image","twitter_misc":{"\u00c9crit par":"La Redaction","Dur\u00e9e de lecture estim\u00e9e":"2 minutes"},"schema":{"@context":"https:\/\/schema.org","@graph":[{"@type":"WebPage","@id":"https:\/\/lepoint-actu.tg\/index.php\/2023\/08\/19\/une-mission-de-la-cedeao-accueillie-au-niger-grace-a-faure-gnassingbe\/","url":"https:\/\/lepoint-actu.tg\/index.php\/2023\/08\/19\/une-mission-de-la-cedeao-accueillie-au-niger-grace-a-faure-gnassingbe\/","name":"Une mission de la CEDEAO accueillie au Niger gr\u00e2ce \u00e0 Faure Gnassingb\u00e9 -","isPartOf":{"@id":"https:\/\/lepoint-actu.tg\/#website"},"primaryImageOfPage":{"@id":"https:\/\/lepoint-actu.tg\/index.php\/2023\/08\/19\/une-mission-de-la-cedeao-accueillie-au-niger-grace-a-faure-gnassingbe\/#primaryimage"},"image":{"@id":"https:\/\/lepoint-actu.tg\/index.php\/2023\/08\/19\/une-mission-de-la-cedeao-accueillie-au-niger-grace-a-faure-gnassingbe\/#primaryimage"},"thumbnailUrl":"https:\/\/lepoint-actu.tg\/wp-content\/uploads\/2023\/08\/jad20210127-ass-togo-faure-gnassingbe-consensus-1024x819-1.jpg","datePublished":"2023-08-19T23:06:15+00:00","dateModified":"2023-08-20T00:18:24+00:00","author":{"@id":"https:\/\/lepoint-actu.tg\/#\/schema\/person\/e4026d66cbdc205cab83e169ab7eaca1"},"breadcrumb":{"@id":"https:\/\/lepoint-actu.tg\/index.php\/2023\/08\/19\/une-mission-de-la-cedeao-accueillie-au-niger-grace-a-faure-gnassingbe\/#breadcrumb"},"inLanguage":"fr-FR","potentialAction":[{"@type":"ReadAction","target":["https:\/\/lepoint-actu.tg\/index.php\/2023\/08\/19\/une-mission-de-la-cedeao-accueillie-au-niger-grace-a-faure-gnassingbe\/"]}]},{"@type":"ImageObject","inLanguage":"fr-FR","@id":"https:\/\/lepoint-actu.tg\/index.php\/2023\/08\/19\/une-mission-de-la-cedeao-accueillie-au-niger-grace-a-faure-gnassingbe\/#primaryimage","url":"https:\/\/lepoint-actu.tg\/wp-content\/uploads\/2023\/08\/jad20210127-ass-togo-faure-gnassingbe-consensus-1024x819-1.jpg","contentUrl":"https:\/\/lepoint-actu.tg\/wp-content\/uploads\/2023\/08\/jad20210127-ass-togo-faure-gnassingbe-consensus-1024x819-1.jpg","width":1024,"height":819},{"@type":"BreadcrumbList","@id":"https:\/\/lepoint-actu.tg\/index.php\/2023\/08\/19\/une-mission-de-la-cedeao-accueillie-au-niger-grace-a-faure-gnassingbe\/#breadcrumb","itemListElement":[{"@type":"ListItem","position":1,"name":"Accueil","item":"https:\/\/lepoint-actu.tg\/"},{"@type":"ListItem","position":2,"name":"Une mission de la CEDEAO accueillie au Niger gr\u00e2ce \u00e0 Faure Gnassingb\u00e9"}]},{"@type":"WebSite","@id":"https:\/\/lepoint-actu.tg\/#website","url":"https:\/\/lepoint-actu.tg\/","name":"","description":"R\u00e9c\u00e9piss\u00e9 N\u00b00022\/HAAC\/12-2020\/pL\/P, lepointactu07@gmail.com","potentialAction":[{"@type":"SearchAction","target":{"@type":"EntryPoint","urlTemplate":"https:\/\/lepoint-actu.tg\/?s={search_term_string}"},"query-input":{"@type":"PropertyValueSpecification","valueRequired":true,"valueName":"search_term_string"}}],"inLanguage":"fr-FR"},{"@type":"Person","@id":"https:\/\/lepoint-actu.tg\/#\/schema\/person\/e4026d66cbdc205cab83e169ab7eaca1","name":"La Redaction","image":{"@type":"ImageObject","inLanguage":"fr-FR","@id":"https:\/\/lepoint-actu.tg\/#\/schema\/person\/image\/","url":"https:\/\/secure.gravatar.com\/avatar\/1682a0ff7e2c36efa51c5d262eea092000ec1ce420118e6261440956730308c2?s=96&d=mm&r=g","contentUrl":"https:\/\/secure.gravatar.com\/avatar\/1682a0ff7e2c36efa51c5d262eea092000ec1ce420118e6261440956730308c2?s=96&d=mm&r=g","caption":"La Redaction"},"url":"https:\/\/lepoint-actu.tg\/index.php\/author\/raymondsama\/"}]}},"_links":{"self":[{"href":"https:\/\/lepoint-actu.tg\/index.php\/wp-json\/wp\/v2\/posts\/2352","targetHints":{"allow":["GET"]}}],"collection":[{"href":"https:\/\/lepoint-actu.tg\/index.php\/wp-json\/wp\/v2\/posts"}],"about":[{"href":"https:\/\/lepoint-actu.tg\/index.php\/wp-json\/wp\/v2\/types\/post"}],"author":[{"embeddable":true,"href":"https:\/\/lepoint-actu.tg\/index.php\/wp-json\/wp\/v2\/users\/2"}],"replies":[{"embeddable":true,"href":"https:\/\/lepoint-actu.tg\/index.php\/wp-json\/wp\/v2\/comments?post=2352"}],"version-history":[{"count":2,"href":"https:\/\/lepoint-actu.tg\/index.php\/wp-json\/wp\/v2\/posts\/2352\/revisions"}],"predecessor-version":[{"id":2357,"href":"https:\/\/lepoint-actu.tg\/index.php\/wp-json\/wp\/v2\/posts\/2352\/revisions\/2357"}],"wp:featuredmedia":[{"embeddable":true,"href":"https:\/\/lepoint-actu.tg\/index.php\/wp-json\/wp\/v2\/media\/2353"}],"wp:attachment":[{"href":"https:\/\/lepoint-actu.tg\/index.php\/wp-json\/wp\/v2\/media?parent=2352"}],"wp:term":[{"taxonomy":"category","embeddable":true,"href":"https:\/\/lepoint-actu.tg\/index.php\/wp-json\/wp\/v2\/categories?post=2352"},{"taxonomy":"post_tag","embeddable":true,"href":"https:\/\/lepoint-actu.tg\/index.php\/wp-json\/wp\/v2\/tags?post=2352"}],"curies":[{"name":"wp","href":"https:\/\/api.w.org\/{rel}","templated":true}]}}