{"id":2426,"date":"2023-09-06T13:21:16","date_gmt":"2023-09-06T13:21:16","guid":{"rendered":"https:\/\/lepoint-actu.tg\/?p=2426"},"modified":"2023-09-06T14:21:54","modified_gmt":"2023-09-06T14:21:54","slug":"ul-le-nouveau-president-adama-kpodar-a-pris-fonctions","status":"publish","type":"post","link":"https:\/\/lepoint-actu.tg\/index.php\/2023\/09\/06\/ul-le-nouveau-president-adama-kpodar-a-pris-fonctions\/","title":{"rendered":"UL: Le nouveau pr\u00e9sident Adama kpodar prend fonctions"},"content":{"rendered":"\n<p><\/p>\n\n\n\n<p>Nomm\u00e9 par d\u00e9cret du Pr\u00e9sident de la R\u00e9publique, le nouveau Pr\u00e9sident de l\u2019Universit\u00e9 de Lom\u00e9 (UL), Adama Kpodar, Professeur Titulaire, Agr\u00e9g\u00e9 de Droit public et de Science Politique, a pris fonction, le 05 septembre 2023. La c\u00e9r\u00e9monie de transfert de charges entre le pr\u00e9sident sortant, le Professeur Dodzi Komla Kokoroko et le Professeur Kpodar s\u2019est d\u00e9roul\u00e9e \u00e0 la salle Professeur Ahadzi-Nonou de la pr\u00e9sidence de l\u2019UL, en pr\u00e9sence du Ministre de l\u2019enseignement sup\u00e9rieur et de la recherche, le Professeur Majest\u00e9 Ihou N. Wateba, des membres du gouvernement, des membres de la cour constitutionnelle, de la communaut\u00e9 universitaire, des parents, amis et invit\u00e9s.<\/p>\n\n\n\n<p>Dans son mot de circonstance, le ministre Wateba s\u2019est r\u00e9joui du soutien inconditionnel du Pr\u00e9sident de la R\u00e9publique aux universit\u00e9s, avant de rendre un hommage m\u00e9rit\u00e9 et vibrant au Professeur Kokoroko pour l\u2019\u0153uvre accomplie durant les 07 ans \u00e0 la t\u00eate de l\u2019Universit\u00e9 de Lom\u00e9. Il a f\u00e9licit\u00e9 le nouveau pr\u00e9sident, le professeur Kpodar pour sa nomination comme pr\u00e9sident de l\u2019UL, et lui a promis tout son soutien tout en lui demandant de faire r\u00eaver la communaut\u00e9 universitaire plus que son pr\u00e9d\u00e9cesseur, Professeur Kokoroko.<br><strong>Continuer la bonne \u0153uvre<\/strong><br>Le Pr\u00e9sident sortant s\u2019est dit heureux d\u2019accueillir cette c\u00e9r\u00e9monie de passation de charges entre le Professeur Kpodar et lui qui font partie \u00ab des basiques de la R\u00e9publique \u00bb. Il a exprim\u00e9 sa gratitude au Pr\u00e9sident de la R\u00e9publique qui lui avait fait confiance en 2016, en le portant \u00e0 la t\u00eate de l\u2019institution. Le Professeur Kokoroko a t\u00e9moign\u00e9 sa reconnaissance \u00e0 l\u2019endroit de tous ses collaborateurs qui l\u2019ont soutenu et accompagn\u00e9 dans son \u0153uvre de construction, de r\u00e9novation et d\u2019organisation de l\u2019Universit\u00e9 de Lom\u00e9, avant de laisser l\u2019appr\u00e9ciation de son bilan \u00e0 tous. Il a f\u00e9licit\u00e9 le nouveau Pr\u00e9sident et lui a souhait\u00e9 un plein succ\u00e8s \u00e0 la t\u00eate de l\u2019institution universitaire.<br>En prenant la parole, le Professeur Kpodar a remerci\u00e9 le chef de l\u2019Etat, son excellence Faure Gnassingb\u00e9 pour la confiance plac\u00e9e en lui, en le nommant Pr\u00e9sident de l\u2019Universit\u00e9 de Lom\u00e9. A travers une approche \u00ab historiciste \u00bb, il a rappel\u00e9 l\u2019origine des universit\u00e9s qui constituent le lieu de connaissance et de savoir. Elles sont une puissance que nous devons pr\u00e9server au sein de nos communaut\u00e9s. Il a promis de continuer l\u2019\u0153uvre amorc\u00e9e par le Professeur Kokoroko en garantissant le droit, la dignit\u00e9 et la justice.<br>Jusqu\u2019\u00e0 sa nomination au poste de Pr\u00e9sident de l\u2019Universit\u00e9 de Lom\u00e9, le Professeur Adama Kpodar, qui n\u2019est pas un inconnu du monde universitaire, \u00e9tait le Directeur G\u00e9n\u00e9ral de l\u2019Ecole Nationale d\u2019Administration (ENA). Reconnu pour sa rigueur scientifique, il a obtenu sa titularisation en 2013, par la Commission Scientifique et Technique, Droit et Science Politique du Conseil Africain et Malgache pour l\u2019Enseignement Sup\u00e9rieur (CAMES), \u00e0 Ndjamena (Tchad). D\u00e9j\u00e0 en 2005, il a obtenu son Agr\u00e9gation en Droit Public et en Science Politique, Ndjamena, (Tchad), en \u00e9tant Major de sa Promotion. Il fut \u00e9galement Vice-Pr\u00e9sident de l\u2019Universit\u00e9 de Kara de 2012 \u00e0 2019, et Vice-Doyen \u00e0 la Facult\u00e9 de Droit \u00e0 l\u2019Universit\u00e9 de Lom\u00e9 (Togo) de 2006 \u00e0 2011. Actuellement Professeur \u00e0 la Facult\u00e9 de droit et de science politique des Universit\u00e9s de Kara et de Lom\u00e9 (Togo), monsieur Kpodar est un enseignant chercheur associ\u00e9 \u00e0 plusieurs universit\u00e9s africaines, notamment \u00e0 la Facult\u00e9 de Droit et de Science Politique de l\u2019Universit\u00e9 d\u2019Abomey Calavi (Cotonou-B\u00e9nin), \u00e0 l\u2019Ecole nationale d\u2019administration et de magistrature \u00e0 l\u2019Universit\u00e9 d\u2019Abomey Calavi (B\u00e9nin), \u00e0 l\u2019Universit\u00e9 Omar Bongo de Libreville (Gabon), \u00e0 l\u2019.Universit\u00e9 Marian Ngouabi de Brazzaville (Congo), \u00e0 l\u2019.Universit\u00e9 Ouaga II, (Burkina-Faso), et Enseignant-chercheur \u00e0 l\u2019universit\u00e9 de Poitiers de 1999 \u00e0 2004.<br>En mati\u00e8re de travaux de recherche, le nouveau Pr\u00e9sident de l\u2019UL s\u2019int\u00e9resse \u00e0 plusieurs sujets se rapportant au droit, \u00e0 la constitution, \u00e0 la d\u00e9mocratie, \u00e0 la politique, au droit constitutionnel, \u00e0 la paix et \u00e0 la s\u00e9curit\u00e9.<br>La signature du proc\u00e8s-verbal de passation de charges et l\u2019installation du Pr\u00e9sident Adama Mawuli Kpodar par le ministre de l\u2019enseignement sup\u00e9rieur ont mis fin \u00e0 la c\u00e9r\u00e9monie.<\/p>\n\n\n\n<p><\/p>\n\n\n\n<p><strong>Nous contacter pour tous besoins au tel 90213091\/93850463\/e-mail lepointactu07@gmail.com<\/strong><\/p>\n","protected":false},"excerpt":{"rendered":"<p>Nomm\u00e9 par d\u00e9cret du Pr\u00e9sident de la R\u00e9publique, le nouveau Pr\u00e9sident de l\u2019Universit\u00e9 de Lom\u00e9 (UL), Adama Kpodar, Professeur Titulaire,<\/p>\n","protected":false},"author":2,"featured_media":2427,"comment_status":"open","ping_status":"closed","sticky":false,"template":"","format":"standard","meta":{"footnotes":""},"categories":[1],"tags":[],"class_list":["post-2426","post","type-post","status-publish","format-standard","has-post-thumbnail","hentry","category-societe"],"yoast_head":"<!-- This site is optimized with the Yoast SEO plugin v23.9 - https:\/\/yoast.com\/wordpress\/plugins\/seo\/ -->\n<title>UL: Le nouveau pr\u00e9sident Adama kpodar prend fonctions -<\/title>\n<meta name=\"robots\" content=\"index, follow, max-snippet:-1, max-image-preview:large, max-video-preview:-1\" \/>\n<link rel=\"canonical\" href=\"https:\/\/lepoint-actu.tg\/index.php\/2023\/09\/06\/ul-le-nouveau-president-adama-kpodar-a-pris-fonctions\/\" \/>\n<meta property=\"og:locale\" content=\"fr_FR\" \/>\n<meta property=\"og:type\" content=\"article\" \/>\n<meta property=\"og:title\" content=\"UL: Le nouveau pr\u00e9sident Adama kpodar prend fonctions -\" \/>\n<meta property=\"og:description\" content=\"Nomm\u00e9 par d\u00e9cret du Pr\u00e9sident de la R\u00e9publique, le nouveau Pr\u00e9sident de l\u2019Universit\u00e9 de Lom\u00e9 (UL), Adama Kpodar, Professeur Titulaire,\" \/>\n<meta property=\"og:url\" content=\"https:\/\/lepoint-actu.tg\/index.php\/2023\/09\/06\/ul-le-nouveau-president-adama-kpodar-a-pris-fonctions\/\" \/>\n<meta property=\"article:published_time\" content=\"2023-09-06T13:21:16+00:00\" \/>\n<meta property=\"article:modified_time\" content=\"2023-09-06T14:21:54+00:00\" \/>\n<meta property=\"og:image\" content=\"https:\/\/lepoint-actu.tg\/wp-content\/uploads\/2023\/09\/bon-kpodar.jpg\" \/>\n\t<meta property=\"og:image:width\" content=\"770\" \/>\n\t<meta property=\"og:image:height\" content=\"480\" \/>\n\t<meta property=\"og:image:type\" content=\"image\/jpeg\" \/>\n<meta name=\"author\" content=\"La Redaction\" \/>\n<meta name=\"twitter:card\" content=\"summary_large_image\" \/>\n<meta name=\"twitter:label1\" content=\"\u00c9crit par\" \/>\n\t<meta name=\"twitter:data1\" content=\"La Redaction\" \/>\n\t<meta name=\"twitter:label2\" content=\"Dur\u00e9e de lecture estim\u00e9e\" \/>\n\t<meta name=\"twitter:data2\" content=\"4 minutes\" \/>\n<script type=\"application\/ld+json\" class=\"yoast-schema-graph\">{\"@context\":\"https:\/\/schema.org\",\"@graph\":[{\"@type\":\"WebPage\",\"@id\":\"https:\/\/lepoint-actu.tg\/index.php\/2023\/09\/06\/ul-le-nouveau-president-adama-kpodar-a-pris-fonctions\/\",\"url\":\"https:\/\/lepoint-actu.tg\/index.php\/2023\/09\/06\/ul-le-nouveau-president-adama-kpodar-a-pris-fonctions\/\",\"name\":\"UL: Le nouveau pr\u00e9sident Adama kpodar prend fonctions -\",\"isPartOf\":{\"@id\":\"https:\/\/lepoint-actu.tg\/#website\"},\"primaryImageOfPage\":{\"@id\":\"https:\/\/lepoint-actu.tg\/index.php\/2023\/09\/06\/ul-le-nouveau-president-adama-kpodar-a-pris-fonctions\/#primaryimage\"},\"image\":{\"@id\":\"https:\/\/lepoint-actu.tg\/index.php\/2023\/09\/06\/ul-le-nouveau-president-adama-kpodar-a-pris-fonctions\/#primaryimage\"},\"thumbnailUrl\":\"https:\/\/lepoint-actu.tg\/wp-content\/uploads\/2023\/09\/bon-kpodar.jpg\",\"datePublished\":\"2023-09-06T13:21:16+00:00\",\"dateModified\":\"2023-09-06T14:21:54+00:00\",\"author\":{\"@id\":\"https:\/\/lepoint-actu.tg\/#\/schema\/person\/e4026d66cbdc205cab83e169ab7eaca1\"},\"breadcrumb\":{\"@id\":\"https:\/\/lepoint-actu.tg\/index.php\/2023\/09\/06\/ul-le-nouveau-president-adama-kpodar-a-pris-fonctions\/#breadcrumb\"},\"inLanguage\":\"fr-FR\",\"potentialAction\":[{\"@type\":\"ReadAction\",\"target\":[\"https:\/\/lepoint-actu.tg\/index.php\/2023\/09\/06\/ul-le-nouveau-president-adama-kpodar-a-pris-fonctions\/\"]}]},{\"@type\":\"ImageObject\",\"inLanguage\":\"fr-FR\",\"@id\":\"https:\/\/lepoint-actu.tg\/index.php\/2023\/09\/06\/ul-le-nouveau-president-adama-kpodar-a-pris-fonctions\/#primaryimage\",\"url\":\"https:\/\/lepoint-actu.tg\/wp-content\/uploads\/2023\/09\/bon-kpodar.jpg\",\"contentUrl\":\"https:\/\/lepoint-actu.tg\/wp-content\/uploads\/2023\/09\/bon-kpodar.jpg\",\"width\":770,\"height\":480},{\"@type\":\"BreadcrumbList\",\"@id\":\"https:\/\/lepoint-actu.tg\/index.php\/2023\/09\/06\/ul-le-nouveau-president-adama-kpodar-a-pris-fonctions\/#breadcrumb\",\"itemListElement\":[{\"@type\":\"ListItem\",\"position\":1,\"name\":\"Accueil\",\"item\":\"https:\/\/lepoint-actu.tg\/\"},{\"@type\":\"ListItem\",\"position\":2,\"name\":\"UL: Le nouveau pr\u00e9sident Adama kpodar prend fonctions\"}]},{\"@type\":\"WebSite\",\"@id\":\"https:\/\/lepoint-actu.tg\/#website\",\"url\":\"https:\/\/lepoint-actu.tg\/\",\"name\":\"\",\"description\":\"R\u00e9c\u00e9piss\u00e9 N\u00b00022\/HAAC\/12-2020\/pL\/P, lepointactu07@gmail.com\",\"potentialAction\":[{\"@type\":\"SearchAction\",\"target\":{\"@type\":\"EntryPoint\",\"urlTemplate\":\"https:\/\/lepoint-actu.tg\/?s={search_term_string}\"},\"query-input\":{\"@type\":\"PropertyValueSpecification\",\"valueRequired\":true,\"valueName\":\"search_term_string\"}}],\"inLanguage\":\"fr-FR\"},{\"@type\":\"Person\",\"@id\":\"https:\/\/lepoint-actu.tg\/#\/schema\/person\/e4026d66cbdc205cab83e169ab7eaca1\",\"name\":\"La Redaction\",\"image\":{\"@type\":\"ImageObject\",\"inLanguage\":\"fr-FR\",\"@id\":\"https:\/\/lepoint-actu.tg\/#\/schema\/person\/image\/\",\"url\":\"https:\/\/secure.gravatar.com\/avatar\/1682a0ff7e2c36efa51c5d262eea092000ec1ce420118e6261440956730308c2?s=96&d=mm&r=g\",\"contentUrl\":\"https:\/\/secure.gravatar.com\/avatar\/1682a0ff7e2c36efa51c5d262eea092000ec1ce420118e6261440956730308c2?s=96&d=mm&r=g\",\"caption\":\"La Redaction\"},\"url\":\"https:\/\/lepoint-actu.tg\/index.php\/author\/raymondsama\/\"}]}<\/script>\n<!-- \/ Yoast SEO plugin. -->","yoast_head_json":{"title":"UL: Le nouveau pr\u00e9sident Adama kpodar prend fonctions -","robots":{"index":"index","follow":"follow","max-snippet":"max-snippet:-1","max-image-preview":"max-image-preview:large","max-video-preview":"max-video-preview:-1"},"canonical":"https:\/\/lepoint-actu.tg\/index.php\/2023\/09\/06\/ul-le-nouveau-president-adama-kpodar-a-pris-fonctions\/","og_locale":"fr_FR","og_type":"article","og_title":"UL: Le nouveau pr\u00e9sident Adama kpodar prend fonctions -","og_description":"Nomm\u00e9 par d\u00e9cret du Pr\u00e9sident de la R\u00e9publique, le nouveau Pr\u00e9sident de l\u2019Universit\u00e9 de Lom\u00e9 (UL), Adama Kpodar, Professeur Titulaire,","og_url":"https:\/\/lepoint-actu.tg\/index.php\/2023\/09\/06\/ul-le-nouveau-president-adama-kpodar-a-pris-fonctions\/","article_published_time":"2023-09-06T13:21:16+00:00","article_modified_time":"2023-09-06T14:21:54+00:00","og_image":[{"width":770,"height":480,"url":"https:\/\/lepoint-actu.tg\/wp-content\/uploads\/2023\/09\/bon-kpodar.jpg","type":"image\/jpeg"}],"author":"La Redaction","twitter_card":"summary_large_image","twitter_misc":{"\u00c9crit par":"La Redaction","Dur\u00e9e de lecture estim\u00e9e":"4 minutes"},"schema":{"@context":"https:\/\/schema.org","@graph":[{"@type":"WebPage","@id":"https:\/\/lepoint-actu.tg\/index.php\/2023\/09\/06\/ul-le-nouveau-president-adama-kpodar-a-pris-fonctions\/","url":"https:\/\/lepoint-actu.tg\/index.php\/2023\/09\/06\/ul-le-nouveau-president-adama-kpodar-a-pris-fonctions\/","name":"UL: Le nouveau pr\u00e9sident Adama kpodar prend fonctions -","isPartOf":{"@id":"https:\/\/lepoint-actu.tg\/#website"},"primaryImageOfPage":{"@id":"https:\/\/lepoint-actu.tg\/index.php\/2023\/09\/06\/ul-le-nouveau-president-adama-kpodar-a-pris-fonctions\/#primaryimage"},"image":{"@id":"https:\/\/lepoint-actu.tg\/index.php\/2023\/09\/06\/ul-le-nouveau-president-adama-kpodar-a-pris-fonctions\/#primaryimage"},"thumbnailUrl":"https:\/\/lepoint-actu.tg\/wp-content\/uploads\/2023\/09\/bon-kpodar.jpg","datePublished":"2023-09-06T13:21:16+00:00","dateModified":"2023-09-06T14:21:54+00:00","author":{"@id":"https:\/\/lepoint-actu.tg\/#\/schema\/person\/e4026d66cbdc205cab83e169ab7eaca1"},"breadcrumb":{"@id":"https:\/\/lepoint-actu.tg\/index.php\/2023\/09\/06\/ul-le-nouveau-president-adama-kpodar-a-pris-fonctions\/#breadcrumb"},"inLanguage":"fr-FR","potentialAction":[{"@type":"ReadAction","target":["https:\/\/lepoint-actu.tg\/index.php\/2023\/09\/06\/ul-le-nouveau-president-adama-kpodar-a-pris-fonctions\/"]}]},{"@type":"ImageObject","inLanguage":"fr-FR","@id":"https:\/\/lepoint-actu.tg\/index.php\/2023\/09\/06\/ul-le-nouveau-president-adama-kpodar-a-pris-fonctions\/#primaryimage","url":"https:\/\/lepoint-actu.tg\/wp-content\/uploads\/2023\/09\/bon-kpodar.jpg","contentUrl":"https:\/\/lepoint-actu.tg\/wp-content\/uploads\/2023\/09\/bon-kpodar.jpg","width":770,"height":480},{"@type":"BreadcrumbList","@id":"https:\/\/lepoint-actu.tg\/index.php\/2023\/09\/06\/ul-le-nouveau-president-adama-kpodar-a-pris-fonctions\/#breadcrumb","itemListElement":[{"@type":"ListItem","position":1,"name":"Accueil","item":"https:\/\/lepoint-actu.tg\/"},{"@type":"ListItem","position":2,"name":"UL: Le nouveau pr\u00e9sident Adama kpodar prend fonctions"}]},{"@type":"WebSite","@id":"https:\/\/lepoint-actu.tg\/#website","url":"https:\/\/lepoint-actu.tg\/","name":"","description":"R\u00e9c\u00e9piss\u00e9 N\u00b00022\/HAAC\/12-2020\/pL\/P, lepointactu07@gmail.com","potentialAction":[{"@type":"SearchAction","target":{"@type":"EntryPoint","urlTemplate":"https:\/\/lepoint-actu.tg\/?s={search_term_string}"},"query-input":{"@type":"PropertyValueSpecification","valueRequired":true,"valueName":"search_term_string"}}],"inLanguage":"fr-FR"},{"@type":"Person","@id":"https:\/\/lepoint-actu.tg\/#\/schema\/person\/e4026d66cbdc205cab83e169ab7eaca1","name":"La Redaction","image":{"@type":"ImageObject","inLanguage":"fr-FR","@id":"https:\/\/lepoint-actu.tg\/#\/schema\/person\/image\/","url":"https:\/\/secure.gravatar.com\/avatar\/1682a0ff7e2c36efa51c5d262eea092000ec1ce420118e6261440956730308c2?s=96&d=mm&r=g","contentUrl":"https:\/\/secure.gravatar.com\/avatar\/1682a0ff7e2c36efa51c5d262eea092000ec1ce420118e6261440956730308c2?s=96&d=mm&r=g","caption":"La Redaction"},"url":"https:\/\/lepoint-actu.tg\/index.php\/author\/raymondsama\/"}]}},"_links":{"self":[{"href":"https:\/\/lepoint-actu.tg\/index.php\/wp-json\/wp\/v2\/posts\/2426","targetHints":{"allow":["GET"]}}],"collection":[{"href":"https:\/\/lepoint-actu.tg\/index.php\/wp-json\/wp\/v2\/posts"}],"about":[{"href":"https:\/\/lepoint-actu.tg\/index.php\/wp-json\/wp\/v2\/types\/post"}],"author":[{"embeddable":true,"href":"https:\/\/lepoint-actu.tg\/index.php\/wp-json\/wp\/v2\/users\/2"}],"replies":[{"embeddable":true,"href":"https:\/\/lepoint-actu.tg\/index.php\/wp-json\/wp\/v2\/comments?post=2426"}],"version-history":[{"count":2,"href":"https:\/\/lepoint-actu.tg\/index.php\/wp-json\/wp\/v2\/posts\/2426\/revisions"}],"predecessor-version":[{"id":2429,"href":"https:\/\/lepoint-actu.tg\/index.php\/wp-json\/wp\/v2\/posts\/2426\/revisions\/2429"}],"wp:featuredmedia":[{"embeddable":true,"href":"https:\/\/lepoint-actu.tg\/index.php\/wp-json\/wp\/v2\/media\/2427"}],"wp:attachment":[{"href":"https:\/\/lepoint-actu.tg\/index.php\/wp-json\/wp\/v2\/media?parent=2426"}],"wp:term":[{"taxonomy":"category","embeddable":true,"href":"https:\/\/lepoint-actu.tg\/index.php\/wp-json\/wp\/v2\/categories?post=2426"},{"taxonomy":"post_tag","embeddable":true,"href":"https:\/\/lepoint-actu.tg\/index.php\/wp-json\/wp\/v2\/tags?post=2426"}],"curies":[{"name":"wp","href":"https:\/\/api.w.org\/{rel}","templated":true}]}}