{"id":2430,"date":"2023-09-07T18:58:00","date_gmt":"2023-09-07T18:58:00","guid":{"rendered":"https:\/\/lepoint-actu.tg\/?p=2430"},"modified":"2023-09-07T18:58:01","modified_gmt":"2023-09-07T18:58:01","slug":"gabon-un-opposant-nomme-premier-ministre-de-transition","status":"publish","type":"post","link":"https:\/\/lepoint-actu.tg\/index.php\/2023\/09\/07\/gabon-un-opposant-nomme-premier-ministre-de-transition\/","title":{"rendered":"Gabon: Un opposant nomm\u00e9 premier ministre de transition"},"content":{"rendered":"\n<p><\/p>\n\n\n\n<p>La page Ali Bongo est tourn\u00e9e et les choses vont vite m\u00eame si certains observateurs disent \u00eatre prudents estimant que les pratiques habituelles notamment corruption, d\u00e9tournement, risquent de demeurer car, se justifie t-ils, le coup d&rsquo;Etat tel que pass\u00e9 peut toujours laisser des largesses aux partisans du Pr\u00e9sident d\u00e9chu.<br>Dans tous les cas, le Gabon a un nouveau Pr\u00e9sident, un nouveau premier ministre, et les t\u00eates des institutions notamment Cour constitutionnelle Changent. En effet,le pr\u00e9sident de transition du Gabon, le g\u00e9n\u00e9ral Brice Oligui Nguema, a nomm\u00e9 ce jeudi Raymond Ndong Sima, \u00e9conomiste et fervent opposant au pr\u00e9sident Ali Bongo, renvers\u00e9 par l\u2019arm\u00e9e il y a une semaine, au poste de Premier ministre de transition, selon un d\u00e9cret lu \u00e0 la t\u00e9l\u00e9vision d\u2019\u00c9tat.<\/p>\n\n\n\n<p>M. Ndong Sima, 68 ans, avait \u00e9t\u00e9 Premier ministre de M. Bongo de 2012 \u00e0 2014, mais s\u2019\u00e9tait \u00e9loign\u00e9 du pouvoir, qu\u2019il accusait r\u00e9guli\u00e8rement de mauvaise gouvernance, au point de se pr\u00e9senter contre le chef de l\u2019Etat \u00e0 la pr\u00e9sidentielle de 2016 et 2023.<\/p>\n\n\n\n<p>Le g\u00e9n\u00e9ral Oligui, auteur du coup d\u2019\u00c9tat du 30 ao\u00fbt contre Ali Bongo, qui venait d\u2019\u00eatre proclam\u00e9 r\u00e9\u00e9lu lors d\u2019une \u00e9lection frauduleuse selon les militaires, a pr\u00eat\u00e9 serment lundi comme pr\u00e9sident d\u2019une p\u00e9riode de transition dont la dur\u00e9e n\u2019est pas pr\u00e9cis\u00e9e, et \u00e0 l\u2019issue de laquelle il a promis des \u201c\u00e9lections libres\u201d.<\/p>\n\n\n\n<p>Lundi, il a \u00e9galement annonc\u00e9 la formation d\u2019un gouvernement de transition compos\u00e9 de personnalit\u00e9s de tous bords politiques. L&rsquo;on apprend par ailleurs qu&rsquo;il a \u00e9t\u00e9 mis fin aux fonctions de la pr\u00e9sidente de la Cour constitutionnelle .<\/p>\n\n\n\n<p><\/p>\n\n\n\n<p><strong><em>Nous contacter pour tous besoins au tel 90213091\/93850463\/e-mail lepointactu07@gmail.com<\/em><\/strong><\/p>\n","protected":false},"excerpt":{"rendered":"<p>La page Ali Bongo est tourn\u00e9e et les choses vont vite m\u00eame si certains observateurs disent \u00eatre prudents estimant que<\/p>\n","protected":false},"author":2,"featured_media":2431,"comment_status":"open","ping_status":"closed","sticky":false,"template":"","format":"standard","meta":{"footnotes":""},"categories":[3],"tags":[],"class_list":["post-2430","post","type-post","status-publish","format-standard","has-post-thumbnail","hentry","category-politique"],"yoast_head":"<!-- This site is optimized with the Yoast SEO plugin v23.9 - https:\/\/yoast.com\/wordpress\/plugins\/seo\/ -->\n<title>Gabon: Un opposant nomm\u00e9 premier ministre de transition -<\/title>\n<meta name=\"robots\" content=\"index, follow, max-snippet:-1, max-image-preview:large, max-video-preview:-1\" \/>\n<link rel=\"canonical\" href=\"https:\/\/lepoint-actu.tg\/index.php\/2023\/09\/07\/gabon-un-opposant-nomme-premier-ministre-de-transition\/\" \/>\n<meta property=\"og:locale\" content=\"fr_FR\" \/>\n<meta property=\"og:type\" content=\"article\" \/>\n<meta property=\"og:title\" content=\"Gabon: Un opposant nomm\u00e9 premier ministre de transition -\" \/>\n<meta property=\"og:description\" content=\"La page Ali Bongo est tourn\u00e9e et les choses vont vite m\u00eame si certains observateurs disent \u00eatre prudents estimant que\" \/>\n<meta property=\"og:url\" content=\"https:\/\/lepoint-actu.tg\/index.php\/2023\/09\/07\/gabon-un-opposant-nomme-premier-ministre-de-transition\/\" \/>\n<meta property=\"article:published_time\" content=\"2023-09-07T18:58:00+00:00\" \/>\n<meta property=\"article:modified_time\" content=\"2023-09-07T18:58:01+00:00\" \/>\n<meta property=\"og:image\" content=\"https:\/\/lepoint-actu.tg\/wp-content\/uploads\/2023\/09\/F5bt8r-awAA7uOD-1024x576-1-768x432-1.jpg\" \/>\n\t<meta property=\"og:image:width\" content=\"768\" \/>\n\t<meta property=\"og:image:height\" content=\"432\" \/>\n\t<meta property=\"og:image:type\" content=\"image\/jpeg\" \/>\n<meta name=\"author\" content=\"La Redaction\" \/>\n<meta name=\"twitter:card\" content=\"summary_large_image\" \/>\n<meta name=\"twitter:label1\" content=\"\u00c9crit par\" \/>\n\t<meta name=\"twitter:data1\" content=\"La Redaction\" \/>\n\t<meta name=\"twitter:label2\" content=\"Dur\u00e9e de lecture estim\u00e9e\" \/>\n\t<meta name=\"twitter:data2\" content=\"1 minute\" \/>\n<script type=\"application\/ld+json\" class=\"yoast-schema-graph\">{\"@context\":\"https:\/\/schema.org\",\"@graph\":[{\"@type\":\"WebPage\",\"@id\":\"https:\/\/lepoint-actu.tg\/index.php\/2023\/09\/07\/gabon-un-opposant-nomme-premier-ministre-de-transition\/\",\"url\":\"https:\/\/lepoint-actu.tg\/index.php\/2023\/09\/07\/gabon-un-opposant-nomme-premier-ministre-de-transition\/\",\"name\":\"Gabon: Un opposant nomm\u00e9 premier ministre de transition -\",\"isPartOf\":{\"@id\":\"https:\/\/lepoint-actu.tg\/#website\"},\"primaryImageOfPage\":{\"@id\":\"https:\/\/lepoint-actu.tg\/index.php\/2023\/09\/07\/gabon-un-opposant-nomme-premier-ministre-de-transition\/#primaryimage\"},\"image\":{\"@id\":\"https:\/\/lepoint-actu.tg\/index.php\/2023\/09\/07\/gabon-un-opposant-nomme-premier-ministre-de-transition\/#primaryimage\"},\"thumbnailUrl\":\"https:\/\/lepoint-actu.tg\/wp-content\/uploads\/2023\/09\/F5bt8r-awAA7uOD-1024x576-1-768x432-1.jpg\",\"datePublished\":\"2023-09-07T18:58:00+00:00\",\"dateModified\":\"2023-09-07T18:58:01+00:00\",\"author\":{\"@id\":\"https:\/\/lepoint-actu.tg\/#\/schema\/person\/e4026d66cbdc205cab83e169ab7eaca1\"},\"breadcrumb\":{\"@id\":\"https:\/\/lepoint-actu.tg\/index.php\/2023\/09\/07\/gabon-un-opposant-nomme-premier-ministre-de-transition\/#breadcrumb\"},\"inLanguage\":\"fr-FR\",\"potentialAction\":[{\"@type\":\"ReadAction\",\"target\":[\"https:\/\/lepoint-actu.tg\/index.php\/2023\/09\/07\/gabon-un-opposant-nomme-premier-ministre-de-transition\/\"]}]},{\"@type\":\"ImageObject\",\"inLanguage\":\"fr-FR\",\"@id\":\"https:\/\/lepoint-actu.tg\/index.php\/2023\/09\/07\/gabon-un-opposant-nomme-premier-ministre-de-transition\/#primaryimage\",\"url\":\"https:\/\/lepoint-actu.tg\/wp-content\/uploads\/2023\/09\/F5bt8r-awAA7uOD-1024x576-1-768x432-1.jpg\",\"contentUrl\":\"https:\/\/lepoint-actu.tg\/wp-content\/uploads\/2023\/09\/F5bt8r-awAA7uOD-1024x576-1-768x432-1.jpg\",\"width\":768,\"height\":432},{\"@type\":\"BreadcrumbList\",\"@id\":\"https:\/\/lepoint-actu.tg\/index.php\/2023\/09\/07\/gabon-un-opposant-nomme-premier-ministre-de-transition\/#breadcrumb\",\"itemListElement\":[{\"@type\":\"ListItem\",\"position\":1,\"name\":\"Accueil\",\"item\":\"https:\/\/lepoint-actu.tg\/\"},{\"@type\":\"ListItem\",\"position\":2,\"name\":\"Gabon: Un opposant nomm\u00e9 premier ministre de transition\"}]},{\"@type\":\"WebSite\",\"@id\":\"https:\/\/lepoint-actu.tg\/#website\",\"url\":\"https:\/\/lepoint-actu.tg\/\",\"name\":\"\",\"description\":\"R\u00e9c\u00e9piss\u00e9 N\u00b00022\/HAAC\/12-2020\/pL\/P, lepointactu07@gmail.com\",\"potentialAction\":[{\"@type\":\"SearchAction\",\"target\":{\"@type\":\"EntryPoint\",\"urlTemplate\":\"https:\/\/lepoint-actu.tg\/?s={search_term_string}\"},\"query-input\":{\"@type\":\"PropertyValueSpecification\",\"valueRequired\":true,\"valueName\":\"search_term_string\"}}],\"inLanguage\":\"fr-FR\"},{\"@type\":\"Person\",\"@id\":\"https:\/\/lepoint-actu.tg\/#\/schema\/person\/e4026d66cbdc205cab83e169ab7eaca1\",\"name\":\"La Redaction\",\"image\":{\"@type\":\"ImageObject\",\"inLanguage\":\"fr-FR\",\"@id\":\"https:\/\/lepoint-actu.tg\/#\/schema\/person\/image\/\",\"url\":\"https:\/\/secure.gravatar.com\/avatar\/1682a0ff7e2c36efa51c5d262eea092000ec1ce420118e6261440956730308c2?s=96&d=mm&r=g\",\"contentUrl\":\"https:\/\/secure.gravatar.com\/avatar\/1682a0ff7e2c36efa51c5d262eea092000ec1ce420118e6261440956730308c2?s=96&d=mm&r=g\",\"caption\":\"La Redaction\"},\"url\":\"https:\/\/lepoint-actu.tg\/index.php\/author\/raymondsama\/\"}]}<\/script>\n<!-- \/ Yoast SEO plugin. -->","yoast_head_json":{"title":"Gabon: Un opposant nomm\u00e9 premier ministre de transition -","robots":{"index":"index","follow":"follow","max-snippet":"max-snippet:-1","max-image-preview":"max-image-preview:large","max-video-preview":"max-video-preview:-1"},"canonical":"https:\/\/lepoint-actu.tg\/index.php\/2023\/09\/07\/gabon-un-opposant-nomme-premier-ministre-de-transition\/","og_locale":"fr_FR","og_type":"article","og_title":"Gabon: Un opposant nomm\u00e9 premier ministre de transition -","og_description":"La page Ali Bongo est tourn\u00e9e et les choses vont vite m\u00eame si certains observateurs disent \u00eatre prudents estimant que","og_url":"https:\/\/lepoint-actu.tg\/index.php\/2023\/09\/07\/gabon-un-opposant-nomme-premier-ministre-de-transition\/","article_published_time":"2023-09-07T18:58:00+00:00","article_modified_time":"2023-09-07T18:58:01+00:00","og_image":[{"width":768,"height":432,"url":"https:\/\/lepoint-actu.tg\/wp-content\/uploads\/2023\/09\/F5bt8r-awAA7uOD-1024x576-1-768x432-1.jpg","type":"image\/jpeg"}],"author":"La Redaction","twitter_card":"summary_large_image","twitter_misc":{"\u00c9crit par":"La Redaction","Dur\u00e9e de lecture estim\u00e9e":"1 minute"},"schema":{"@context":"https:\/\/schema.org","@graph":[{"@type":"WebPage","@id":"https:\/\/lepoint-actu.tg\/index.php\/2023\/09\/07\/gabon-un-opposant-nomme-premier-ministre-de-transition\/","url":"https:\/\/lepoint-actu.tg\/index.php\/2023\/09\/07\/gabon-un-opposant-nomme-premier-ministre-de-transition\/","name":"Gabon: Un opposant nomm\u00e9 premier ministre de transition -","isPartOf":{"@id":"https:\/\/lepoint-actu.tg\/#website"},"primaryImageOfPage":{"@id":"https:\/\/lepoint-actu.tg\/index.php\/2023\/09\/07\/gabon-un-opposant-nomme-premier-ministre-de-transition\/#primaryimage"},"image":{"@id":"https:\/\/lepoint-actu.tg\/index.php\/2023\/09\/07\/gabon-un-opposant-nomme-premier-ministre-de-transition\/#primaryimage"},"thumbnailUrl":"https:\/\/lepoint-actu.tg\/wp-content\/uploads\/2023\/09\/F5bt8r-awAA7uOD-1024x576-1-768x432-1.jpg","datePublished":"2023-09-07T18:58:00+00:00","dateModified":"2023-09-07T18:58:01+00:00","author":{"@id":"https:\/\/lepoint-actu.tg\/#\/schema\/person\/e4026d66cbdc205cab83e169ab7eaca1"},"breadcrumb":{"@id":"https:\/\/lepoint-actu.tg\/index.php\/2023\/09\/07\/gabon-un-opposant-nomme-premier-ministre-de-transition\/#breadcrumb"},"inLanguage":"fr-FR","potentialAction":[{"@type":"ReadAction","target":["https:\/\/lepoint-actu.tg\/index.php\/2023\/09\/07\/gabon-un-opposant-nomme-premier-ministre-de-transition\/"]}]},{"@type":"ImageObject","inLanguage":"fr-FR","@id":"https:\/\/lepoint-actu.tg\/index.php\/2023\/09\/07\/gabon-un-opposant-nomme-premier-ministre-de-transition\/#primaryimage","url":"https:\/\/lepoint-actu.tg\/wp-content\/uploads\/2023\/09\/F5bt8r-awAA7uOD-1024x576-1-768x432-1.jpg","contentUrl":"https:\/\/lepoint-actu.tg\/wp-content\/uploads\/2023\/09\/F5bt8r-awAA7uOD-1024x576-1-768x432-1.jpg","width":768,"height":432},{"@type":"BreadcrumbList","@id":"https:\/\/lepoint-actu.tg\/index.php\/2023\/09\/07\/gabon-un-opposant-nomme-premier-ministre-de-transition\/#breadcrumb","itemListElement":[{"@type":"ListItem","position":1,"name":"Accueil","item":"https:\/\/lepoint-actu.tg\/"},{"@type":"ListItem","position":2,"name":"Gabon: Un opposant nomm\u00e9 premier ministre de transition"}]},{"@type":"WebSite","@id":"https:\/\/lepoint-actu.tg\/#website","url":"https:\/\/lepoint-actu.tg\/","name":"","description":"R\u00e9c\u00e9piss\u00e9 N\u00b00022\/HAAC\/12-2020\/pL\/P, lepointactu07@gmail.com","potentialAction":[{"@type":"SearchAction","target":{"@type":"EntryPoint","urlTemplate":"https:\/\/lepoint-actu.tg\/?s={search_term_string}"},"query-input":{"@type":"PropertyValueSpecification","valueRequired":true,"valueName":"search_term_string"}}],"inLanguage":"fr-FR"},{"@type":"Person","@id":"https:\/\/lepoint-actu.tg\/#\/schema\/person\/e4026d66cbdc205cab83e169ab7eaca1","name":"La Redaction","image":{"@type":"ImageObject","inLanguage":"fr-FR","@id":"https:\/\/lepoint-actu.tg\/#\/schema\/person\/image\/","url":"https:\/\/secure.gravatar.com\/avatar\/1682a0ff7e2c36efa51c5d262eea092000ec1ce420118e6261440956730308c2?s=96&d=mm&r=g","contentUrl":"https:\/\/secure.gravatar.com\/avatar\/1682a0ff7e2c36efa51c5d262eea092000ec1ce420118e6261440956730308c2?s=96&d=mm&r=g","caption":"La Redaction"},"url":"https:\/\/lepoint-actu.tg\/index.php\/author\/raymondsama\/"}]}},"_links":{"self":[{"href":"https:\/\/lepoint-actu.tg\/index.php\/wp-json\/wp\/v2\/posts\/2430","targetHints":{"allow":["GET"]}}],"collection":[{"href":"https:\/\/lepoint-actu.tg\/index.php\/wp-json\/wp\/v2\/posts"}],"about":[{"href":"https:\/\/lepoint-actu.tg\/index.php\/wp-json\/wp\/v2\/types\/post"}],"author":[{"embeddable":true,"href":"https:\/\/lepoint-actu.tg\/index.php\/wp-json\/wp\/v2\/users\/2"}],"replies":[{"embeddable":true,"href":"https:\/\/lepoint-actu.tg\/index.php\/wp-json\/wp\/v2\/comments?post=2430"}],"version-history":[{"count":1,"href":"https:\/\/lepoint-actu.tg\/index.php\/wp-json\/wp\/v2\/posts\/2430\/revisions"}],"predecessor-version":[{"id":2432,"href":"https:\/\/lepoint-actu.tg\/index.php\/wp-json\/wp\/v2\/posts\/2430\/revisions\/2432"}],"wp:featuredmedia":[{"embeddable":true,"href":"https:\/\/lepoint-actu.tg\/index.php\/wp-json\/wp\/v2\/media\/2431"}],"wp:attachment":[{"href":"https:\/\/lepoint-actu.tg\/index.php\/wp-json\/wp\/v2\/media?parent=2430"}],"wp:term":[{"taxonomy":"category","embeddable":true,"href":"https:\/\/lepoint-actu.tg\/index.php\/wp-json\/wp\/v2\/categories?post=2430"},{"taxonomy":"post_tag","embeddable":true,"href":"https:\/\/lepoint-actu.tg\/index.php\/wp-json\/wp\/v2\/tags?post=2430"}],"curies":[{"name":"wp","href":"https:\/\/api.w.org\/{rel}","templated":true}]}}