{"id":2528,"date":"2023-10-03T19:44:33","date_gmt":"2023-10-03T19:44:33","guid":{"rendered":"https:\/\/lepoint-actu.tg\/?p=2528"},"modified":"2023-10-03T21:03:36","modified_gmt":"2023-10-03T21:03:36","slug":"hotel-du-2-fevrier-des-employes-arretes-et-detenus-a-bri","status":"publish","type":"post","link":"https:\/\/lepoint-actu.tg\/index.php\/2023\/10\/03\/hotel-du-2-fevrier-des-employes-arretes-et-detenus-a-bri\/","title":{"rendered":"H\u00f4tel du 2 F\u00e9vrier: Des employ\u00e9s arr\u00eat\u00e9s et d\u00e9tenus \u00e0 la BRI"},"content":{"rendered":"\n<p><br>\u00c7a se passe mal \u00e0 l&rsquo;h\u00f4tel du 2 F\u00e9vrier \u00e0 Lom\u00e9. \u00abPlusieurs employ\u00e9s de ce fleuron de l\u2019h\u00f4tellerie togolaise ont \u00e9t\u00e9 appr\u00e9hend\u00e9s et gard\u00e9s \u00e0 la Brigade de recherches et d\u2019investigations (BRI) de la police nationale.<br>Selon nos informations, ils ont \u00e9t\u00e9 interpell\u00e9s sur plainte du g\u00e9rant de l\u2019h\u00f4tel, un expatri\u00e9. On parle de vol d\u2019argent, des millions de F CFA en liquide dans le bureau du g\u00e9rant\u00bb, rapporte notre confr\u00e8re togoscoop. Une information que confirme \u00e0 notre r\u00e9daction une autre source bien renseign\u00e9e qui rassure de nous revenir plus en d\u00e9tail.<\/p>\n\n\n\n<p><\/p>\n\n\n\n<p><strong><em>Nous contacter pour tous besoins au tel 90213091\/93850463\/e-mail lepointactu07@gmail.com<\/em><\/strong><\/p>\n","protected":false},"excerpt":{"rendered":"<p>\u00c7a se passe mal \u00e0 l&rsquo;h\u00f4tel du 2 F\u00e9vrier \u00e0 Lom\u00e9. \u00abPlusieurs employ\u00e9s de ce fleuron de l\u2019h\u00f4tellerie togolaise ont<\/p>\n","protected":false},"author":2,"featured_media":2529,"comment_status":"open","ping_status":"closed","sticky":false,"template":"","format":"standard","meta":{"footnotes":""},"categories":[1],"tags":[],"class_list":["post-2528","post","type-post","status-publish","format-standard","has-post-thumbnail","hentry","category-societe"],"yoast_head":"<!-- This site is optimized with the Yoast SEO plugin v23.9 - https:\/\/yoast.com\/wordpress\/plugins\/seo\/ -->\n<title>H\u00f4tel du 2 F\u00e9vrier: Des employ\u00e9s arr\u00eat\u00e9s et d\u00e9tenus \u00e0 la BRI -<\/title>\n<meta name=\"robots\" content=\"index, follow, max-snippet:-1, max-image-preview:large, max-video-preview:-1\" \/>\n<link rel=\"canonical\" href=\"https:\/\/lepoint-actu.tg\/index.php\/2023\/10\/03\/hotel-du-2-fevrier-des-employes-arretes-et-detenus-a-bri\/\" \/>\n<meta property=\"og:locale\" content=\"fr_FR\" \/>\n<meta property=\"og:type\" content=\"article\" \/>\n<meta property=\"og:title\" content=\"H\u00f4tel du 2 F\u00e9vrier: Des employ\u00e9s arr\u00eat\u00e9s et d\u00e9tenus \u00e0 la BRI -\" \/>\n<meta property=\"og:description\" content=\"\u00c7a se passe mal \u00e0 l&rsquo;h\u00f4tel du 2 F\u00e9vrier \u00e0 Lom\u00e9. \u00abPlusieurs employ\u00e9s de ce fleuron de l\u2019h\u00f4tellerie togolaise ont\" \/>\n<meta property=\"og:url\" content=\"https:\/\/lepoint-actu.tg\/index.php\/2023\/10\/03\/hotel-du-2-fevrier-des-employes-arretes-et-detenus-a-bri\/\" \/>\n<meta property=\"article:published_time\" content=\"2023-10-03T19:44:33+00:00\" \/>\n<meta property=\"article:modified_time\" content=\"2023-10-03T21:03:36+00:00\" \/>\n<meta property=\"og:image\" content=\"https:\/\/lepoint-actu.tg\/wp-content\/uploads\/2023\/10\/Radisson-Blu.jpg\" \/>\n\t<meta property=\"og:image:width\" content=\"229\" \/>\n\t<meta property=\"og:image:height\" content=\"345\" \/>\n\t<meta property=\"og:image:type\" content=\"image\/jpeg\" \/>\n<meta name=\"author\" content=\"La Redaction\" \/>\n<meta name=\"twitter:card\" content=\"summary_large_image\" \/>\n<meta name=\"twitter:label1\" content=\"\u00c9crit par\" \/>\n\t<meta name=\"twitter:data1\" content=\"La Redaction\" \/>\n\t<meta name=\"twitter:label2\" content=\"Dur\u00e9e de lecture estim\u00e9e\" \/>\n\t<meta name=\"twitter:data2\" content=\"1 minute\" \/>\n<script type=\"application\/ld+json\" class=\"yoast-schema-graph\">{\"@context\":\"https:\/\/schema.org\",\"@graph\":[{\"@type\":\"WebPage\",\"@id\":\"https:\/\/lepoint-actu.tg\/index.php\/2023\/10\/03\/hotel-du-2-fevrier-des-employes-arretes-et-detenus-a-bri\/\",\"url\":\"https:\/\/lepoint-actu.tg\/index.php\/2023\/10\/03\/hotel-du-2-fevrier-des-employes-arretes-et-detenus-a-bri\/\",\"name\":\"H\u00f4tel du 2 F\u00e9vrier: Des employ\u00e9s arr\u00eat\u00e9s et d\u00e9tenus \u00e0 la BRI -\",\"isPartOf\":{\"@id\":\"https:\/\/lepoint-actu.tg\/#website\"},\"primaryImageOfPage\":{\"@id\":\"https:\/\/lepoint-actu.tg\/index.php\/2023\/10\/03\/hotel-du-2-fevrier-des-employes-arretes-et-detenus-a-bri\/#primaryimage\"},\"image\":{\"@id\":\"https:\/\/lepoint-actu.tg\/index.php\/2023\/10\/03\/hotel-du-2-fevrier-des-employes-arretes-et-detenus-a-bri\/#primaryimage\"},\"thumbnailUrl\":\"https:\/\/lepoint-actu.tg\/wp-content\/uploads\/2023\/10\/Radisson-Blu.jpg\",\"datePublished\":\"2023-10-03T19:44:33+00:00\",\"dateModified\":\"2023-10-03T21:03:36+00:00\",\"author\":{\"@id\":\"https:\/\/lepoint-actu.tg\/#\/schema\/person\/e4026d66cbdc205cab83e169ab7eaca1\"},\"breadcrumb\":{\"@id\":\"https:\/\/lepoint-actu.tg\/index.php\/2023\/10\/03\/hotel-du-2-fevrier-des-employes-arretes-et-detenus-a-bri\/#breadcrumb\"},\"inLanguage\":\"fr-FR\",\"potentialAction\":[{\"@type\":\"ReadAction\",\"target\":[\"https:\/\/lepoint-actu.tg\/index.php\/2023\/10\/03\/hotel-du-2-fevrier-des-employes-arretes-et-detenus-a-bri\/\"]}]},{\"@type\":\"ImageObject\",\"inLanguage\":\"fr-FR\",\"@id\":\"https:\/\/lepoint-actu.tg\/index.php\/2023\/10\/03\/hotel-du-2-fevrier-des-employes-arretes-et-detenus-a-bri\/#primaryimage\",\"url\":\"https:\/\/lepoint-actu.tg\/wp-content\/uploads\/2023\/10\/Radisson-Blu.jpg\",\"contentUrl\":\"https:\/\/lepoint-actu.tg\/wp-content\/uploads\/2023\/10\/Radisson-Blu.jpg\",\"width\":229,\"height\":345},{\"@type\":\"BreadcrumbList\",\"@id\":\"https:\/\/lepoint-actu.tg\/index.php\/2023\/10\/03\/hotel-du-2-fevrier-des-employes-arretes-et-detenus-a-bri\/#breadcrumb\",\"itemListElement\":[{\"@type\":\"ListItem\",\"position\":1,\"name\":\"Accueil\",\"item\":\"https:\/\/lepoint-actu.tg\/\"},{\"@type\":\"ListItem\",\"position\":2,\"name\":\"H\u00f4tel du 2 F\u00e9vrier: Des employ\u00e9s arr\u00eat\u00e9s et d\u00e9tenus \u00e0 la BRI\"}]},{\"@type\":\"WebSite\",\"@id\":\"https:\/\/lepoint-actu.tg\/#website\",\"url\":\"https:\/\/lepoint-actu.tg\/\",\"name\":\"\",\"description\":\"R\u00e9c\u00e9piss\u00e9 N\u00b00022\/HAAC\/12-2020\/pL\/P, lepointactu07@gmail.com\",\"potentialAction\":[{\"@type\":\"SearchAction\",\"target\":{\"@type\":\"EntryPoint\",\"urlTemplate\":\"https:\/\/lepoint-actu.tg\/?s={search_term_string}\"},\"query-input\":{\"@type\":\"PropertyValueSpecification\",\"valueRequired\":true,\"valueName\":\"search_term_string\"}}],\"inLanguage\":\"fr-FR\"},{\"@type\":\"Person\",\"@id\":\"https:\/\/lepoint-actu.tg\/#\/schema\/person\/e4026d66cbdc205cab83e169ab7eaca1\",\"name\":\"La Redaction\",\"image\":{\"@type\":\"ImageObject\",\"inLanguage\":\"fr-FR\",\"@id\":\"https:\/\/lepoint-actu.tg\/#\/schema\/person\/image\/\",\"url\":\"https:\/\/secure.gravatar.com\/avatar\/1682a0ff7e2c36efa51c5d262eea092000ec1ce420118e6261440956730308c2?s=96&d=mm&r=g\",\"contentUrl\":\"https:\/\/secure.gravatar.com\/avatar\/1682a0ff7e2c36efa51c5d262eea092000ec1ce420118e6261440956730308c2?s=96&d=mm&r=g\",\"caption\":\"La Redaction\"},\"url\":\"https:\/\/lepoint-actu.tg\/index.php\/author\/raymondsama\/\"}]}<\/script>\n<!-- \/ Yoast SEO plugin. -->","yoast_head_json":{"title":"H\u00f4tel du 2 F\u00e9vrier: Des employ\u00e9s arr\u00eat\u00e9s et d\u00e9tenus \u00e0 la BRI -","robots":{"index":"index","follow":"follow","max-snippet":"max-snippet:-1","max-image-preview":"max-image-preview:large","max-video-preview":"max-video-preview:-1"},"canonical":"https:\/\/lepoint-actu.tg\/index.php\/2023\/10\/03\/hotel-du-2-fevrier-des-employes-arretes-et-detenus-a-bri\/","og_locale":"fr_FR","og_type":"article","og_title":"H\u00f4tel du 2 F\u00e9vrier: Des employ\u00e9s arr\u00eat\u00e9s et d\u00e9tenus \u00e0 la BRI -","og_description":"\u00c7a se passe mal \u00e0 l&rsquo;h\u00f4tel du 2 F\u00e9vrier \u00e0 Lom\u00e9. \u00abPlusieurs employ\u00e9s de ce fleuron de l\u2019h\u00f4tellerie togolaise ont","og_url":"https:\/\/lepoint-actu.tg\/index.php\/2023\/10\/03\/hotel-du-2-fevrier-des-employes-arretes-et-detenus-a-bri\/","article_published_time":"2023-10-03T19:44:33+00:00","article_modified_time":"2023-10-03T21:03:36+00:00","og_image":[{"width":229,"height":345,"url":"https:\/\/lepoint-actu.tg\/wp-content\/uploads\/2023\/10\/Radisson-Blu.jpg","type":"image\/jpeg"}],"author":"La Redaction","twitter_card":"summary_large_image","twitter_misc":{"\u00c9crit par":"La Redaction","Dur\u00e9e de lecture estim\u00e9e":"1 minute"},"schema":{"@context":"https:\/\/schema.org","@graph":[{"@type":"WebPage","@id":"https:\/\/lepoint-actu.tg\/index.php\/2023\/10\/03\/hotel-du-2-fevrier-des-employes-arretes-et-detenus-a-bri\/","url":"https:\/\/lepoint-actu.tg\/index.php\/2023\/10\/03\/hotel-du-2-fevrier-des-employes-arretes-et-detenus-a-bri\/","name":"H\u00f4tel du 2 F\u00e9vrier: Des employ\u00e9s arr\u00eat\u00e9s et d\u00e9tenus \u00e0 la BRI -","isPartOf":{"@id":"https:\/\/lepoint-actu.tg\/#website"},"primaryImageOfPage":{"@id":"https:\/\/lepoint-actu.tg\/index.php\/2023\/10\/03\/hotel-du-2-fevrier-des-employes-arretes-et-detenus-a-bri\/#primaryimage"},"image":{"@id":"https:\/\/lepoint-actu.tg\/index.php\/2023\/10\/03\/hotel-du-2-fevrier-des-employes-arretes-et-detenus-a-bri\/#primaryimage"},"thumbnailUrl":"https:\/\/lepoint-actu.tg\/wp-content\/uploads\/2023\/10\/Radisson-Blu.jpg","datePublished":"2023-10-03T19:44:33+00:00","dateModified":"2023-10-03T21:03:36+00:00","author":{"@id":"https:\/\/lepoint-actu.tg\/#\/schema\/person\/e4026d66cbdc205cab83e169ab7eaca1"},"breadcrumb":{"@id":"https:\/\/lepoint-actu.tg\/index.php\/2023\/10\/03\/hotel-du-2-fevrier-des-employes-arretes-et-detenus-a-bri\/#breadcrumb"},"inLanguage":"fr-FR","potentialAction":[{"@type":"ReadAction","target":["https:\/\/lepoint-actu.tg\/index.php\/2023\/10\/03\/hotel-du-2-fevrier-des-employes-arretes-et-detenus-a-bri\/"]}]},{"@type":"ImageObject","inLanguage":"fr-FR","@id":"https:\/\/lepoint-actu.tg\/index.php\/2023\/10\/03\/hotel-du-2-fevrier-des-employes-arretes-et-detenus-a-bri\/#primaryimage","url":"https:\/\/lepoint-actu.tg\/wp-content\/uploads\/2023\/10\/Radisson-Blu.jpg","contentUrl":"https:\/\/lepoint-actu.tg\/wp-content\/uploads\/2023\/10\/Radisson-Blu.jpg","width":229,"height":345},{"@type":"BreadcrumbList","@id":"https:\/\/lepoint-actu.tg\/index.php\/2023\/10\/03\/hotel-du-2-fevrier-des-employes-arretes-et-detenus-a-bri\/#breadcrumb","itemListElement":[{"@type":"ListItem","position":1,"name":"Accueil","item":"https:\/\/lepoint-actu.tg\/"},{"@type":"ListItem","position":2,"name":"H\u00f4tel du 2 F\u00e9vrier: Des employ\u00e9s arr\u00eat\u00e9s et d\u00e9tenus \u00e0 la BRI"}]},{"@type":"WebSite","@id":"https:\/\/lepoint-actu.tg\/#website","url":"https:\/\/lepoint-actu.tg\/","name":"","description":"R\u00e9c\u00e9piss\u00e9 N\u00b00022\/HAAC\/12-2020\/pL\/P, lepointactu07@gmail.com","potentialAction":[{"@type":"SearchAction","target":{"@type":"EntryPoint","urlTemplate":"https:\/\/lepoint-actu.tg\/?s={search_term_string}"},"query-input":{"@type":"PropertyValueSpecification","valueRequired":true,"valueName":"search_term_string"}}],"inLanguage":"fr-FR"},{"@type":"Person","@id":"https:\/\/lepoint-actu.tg\/#\/schema\/person\/e4026d66cbdc205cab83e169ab7eaca1","name":"La Redaction","image":{"@type":"ImageObject","inLanguage":"fr-FR","@id":"https:\/\/lepoint-actu.tg\/#\/schema\/person\/image\/","url":"https:\/\/secure.gravatar.com\/avatar\/1682a0ff7e2c36efa51c5d262eea092000ec1ce420118e6261440956730308c2?s=96&d=mm&r=g","contentUrl":"https:\/\/secure.gravatar.com\/avatar\/1682a0ff7e2c36efa51c5d262eea092000ec1ce420118e6261440956730308c2?s=96&d=mm&r=g","caption":"La Redaction"},"url":"https:\/\/lepoint-actu.tg\/index.php\/author\/raymondsama\/"}]}},"_links":{"self":[{"href":"https:\/\/lepoint-actu.tg\/index.php\/wp-json\/wp\/v2\/posts\/2528","targetHints":{"allow":["GET"]}}],"collection":[{"href":"https:\/\/lepoint-actu.tg\/index.php\/wp-json\/wp\/v2\/posts"}],"about":[{"href":"https:\/\/lepoint-actu.tg\/index.php\/wp-json\/wp\/v2\/types\/post"}],"author":[{"embeddable":true,"href":"https:\/\/lepoint-actu.tg\/index.php\/wp-json\/wp\/v2\/users\/2"}],"replies":[{"embeddable":true,"href":"https:\/\/lepoint-actu.tg\/index.php\/wp-json\/wp\/v2\/comments?post=2528"}],"version-history":[{"count":2,"href":"https:\/\/lepoint-actu.tg\/index.php\/wp-json\/wp\/v2\/posts\/2528\/revisions"}],"predecessor-version":[{"id":2531,"href":"https:\/\/lepoint-actu.tg\/index.php\/wp-json\/wp\/v2\/posts\/2528\/revisions\/2531"}],"wp:featuredmedia":[{"embeddable":true,"href":"https:\/\/lepoint-actu.tg\/index.php\/wp-json\/wp\/v2\/media\/2529"}],"wp:attachment":[{"href":"https:\/\/lepoint-actu.tg\/index.php\/wp-json\/wp\/v2\/media?parent=2528"}],"wp:term":[{"taxonomy":"category","embeddable":true,"href":"https:\/\/lepoint-actu.tg\/index.php\/wp-json\/wp\/v2\/categories?post=2528"},{"taxonomy":"post_tag","embeddable":true,"href":"https:\/\/lepoint-actu.tg\/index.php\/wp-json\/wp\/v2\/tags?post=2528"}],"curies":[{"name":"wp","href":"https:\/\/api.w.org\/{rel}","templated":true}]}}