{"id":2663,"date":"2023-11-05T20:57:12","date_gmt":"2023-11-05T20:57:12","guid":{"rendered":"https:\/\/lepoint-actu.tg\/?p=2663"},"modified":"2023-11-15T14:32:48","modified_gmt":"2023-11-15T14:32:48","slug":"kodjo-adedze-ministre-en-fonction-et-pasteur-qui-refuse-a-des-togolais-de-mieux-vivre","status":"publish","type":"post","link":"https:\/\/lepoint-actu.tg\/index.php\/2023\/11\/05\/kodjo-adedze-ministre-en-fonction-et-pasteur-qui-refuse-a-des-togolais-de-mieux-vivre\/","title":{"rendered":"Kodjo Ad\u00e9dz\u00e9, ministre en fonction et pasteur qui refuse \u00e0 des Togolais de mieux vivre"},"content":{"rendered":"\n<p><br>Presqu\u2019un demi-milliard vol\u00e9 dans une des maisons du ministre Kodjo Ad\u00e9dz\u00e9. L\u2019on parle d\u2019un curieux braquage ayant emport\u00e9 forte somme et bijoux de valeur au domicile de ce ministre en fonction. Il s\u2019agit de son domicile dans son village non loin de la Capitale Lom\u00e9. Les Officiers de police judiciaire (OPJ), apr\u00e8s l\u2019acte criminel, ayant \u00e9t\u00e9 sur les lieux en pr\u00e9sence du ministre en question n\u2019ont pas pu exactement \u00eatre inform\u00e9s du montant vol\u00e9\u00a0; le propri\u00e9taire des lieux qui n\u2019est autre que M. Ad\u00e9dz\u00e9 n\u2019aurait pas exactement pu dire aux enqu\u00eateurs, selon un tweet de Lo\u00efc Lawson, la somme et la valeur des objets emport\u00e9s.<\/p>\n\n\n\n<p><br><strong>Presqu\u2019un demi-milliard dans une seule maison au village<\/strong><br>\u00ab\u00a0C\u2019est pr\u00e8s de 400 millions de FCFA qu\u2019un jeune d\u2019origine b\u00e9ninoise a vol\u00e9 au village au domicile du ministre Ad\u00e9dz\u00e9\u00a0\u00bb, selon un twitter de Lo\u00efc Lawson, Directeur de l\u2019hebdomadaire Flambeau des d\u00e9mocrates. Une autre source, notamment une alerte de Ferdinand Ayit\u00e9, parle d\u2019au moins 500 millions de FCFA qui seraient emport\u00e9s par un jeune. <\/p>\n\n\n\n<figure class=\"wp-block-image size-full\"><img loading=\"lazy\" decoding=\"async\" width=\"720\" height=\"707\" src=\"https:\/\/lepoint-actu.tg\/wp-content\/uploads\/2023\/11\/IMG-20231105-WA0089.jpg\" alt=\"\" class=\"wp-image-2665\" srcset=\"https:\/\/lepoint-actu.tg\/wp-content\/uploads\/2023\/11\/IMG-20231105-WA0089.jpg 720w, https:\/\/lepoint-actu.tg\/wp-content\/uploads\/2023\/11\/IMG-20231105-WA0089-300x295.jpg 300w\" sizes=\"auto, (max-width: 720px) 100vw, 720px\" \/><\/figure>\n\n\n\n<p>Comment un ministre, \u00e9galement pasteur chr\u00e9tien de son \u00e9tat peut avoir une telle somme au milieu d\u2019un village o\u00f9 la pauvret\u00e9 comme dans la plupart des coins du pays s\u00e9vit&nbsp;? Malgr\u00e9 son passage \u00e0 la t\u00eate des r\u00e9gies financi\u00e8res (directeur g\u00e9n\u00e9ral de la douane nationale pendant des ann\u00e9es, Commissaire g\u00e9n\u00e9ral de l\u2019Office togolais des recettes pendant plusieurs ann\u00e9es) avec actuellement son statut de ministre depuis octobre 2020, Kodjo Adedze, cadre de la pr\u00e9fecture de Zio et baron du r\u00e9gime en place, peut \u00eatre compar\u00e9 \u00e0 un \u00eatre dont les actes sont aux antipodes du d\u00e9veloppement voulu par le Pr\u00e9sident Faure Gnassingb\u00e9. Ce richissime homme, de 62 ans environ, tr\u00e8s proche de Faure Gnassingb\u00e9 au point o\u00f9 certaines sources bien renseign\u00e9es ont fait croire avec insistance \u00e0 un moment qu\u2019il sera le dauphin de l\u2019actuel patron du palais de Lom\u00e9 II fait mal aux Togolais. \u00ab&nbsp;La th\u00e9saurisation est st\u00e9rile tandis que l&rsquo;\u00e9pargne est productive car celui qui \u00e9pargne permet \u00e0 d&rsquo;autres d&rsquo;investir&nbsp;; et \u00e7a Kodjo Ad\u00e9dz\u00e9 le sait mais pr\u00e9f\u00e8re faire du mal \u00e0 ses concitoyens \u00bb, a r\u00e9agi un analyste de la situation sociopolitique \u00e0 l\u2019annonce de cette funeste information qui ne laisse personne indiff\u00e9rente.<\/p>\n\n\n\n<figure class=\"wp-block-image size-full\"><img loading=\"lazy\" decoding=\"async\" width=\"526\" height=\"526\" src=\"https:\/\/lepoint-actu.tg\/wp-content\/uploads\/2023\/10\/341017058_619530926273174_6715317081853530224_n.jpg\" alt=\"\" class=\"wp-image-2561\" srcset=\"https:\/\/lepoint-actu.tg\/wp-content\/uploads\/2023\/10\/341017058_619530926273174_6715317081853530224_n.jpg 526w, https:\/\/lepoint-actu.tg\/wp-content\/uploads\/2023\/10\/341017058_619530926273174_6715317081853530224_n-300x300.jpg 300w, https:\/\/lepoint-actu.tg\/wp-content\/uploads\/2023\/10\/341017058_619530926273174_6715317081853530224_n-150x150.jpg 150w\" sizes=\"auto, (max-width: 526px) 100vw, 526px\" \/><\/figure>\n\n\n\n<p><br><strong>Stocker l\u2019argent dans les maisons\u2026<\/strong><br>Triste r\u00e9alit\u00e9 au Togo. Pendant que la mis\u00e8re s\u00e9vit et la majorit\u00e9 des citoyens ont toutes les peines du monde pour se nourrir, se loger, entre autres, la minorit\u00e9 pilleuse du pays continue non seulement de piller davantage les ressources mais refusent de faire m\u00eame confiance aux banques de la place. A d\u00e9faut d\u2019investir dans les projets de d\u00e9veloppement, l\u2019on doit au moins mettre l\u2019argent dans les banques pour faire tourner l\u2019\u00e9conomie. Nombre de personnalit\u00e9s, des collaborateurs du pr\u00e9sident Faure Gnassingb\u00e9 sont plut\u00f4t d\u00e9cid\u00e9s \u00e0 mener la vie dure aux Togolais en ne laissant aucune trace dans les banques. <\/p>\n\n\n\n<figure class=\"wp-block-image size-large\"><img loading=\"lazy\" decoding=\"async\" width=\"724\" height=\"1024\" src=\"https:\/\/lepoint-actu.tg\/wp-content\/uploads\/2023\/10\/4M_A4-pdf-1-724x1024.jpg\" alt=\"\" class=\"wp-image-2577\" srcset=\"https:\/\/lepoint-actu.tg\/wp-content\/uploads\/2023\/10\/4M_A4-pdf-1-724x1024.jpg 724w, https:\/\/lepoint-actu.tg\/wp-content\/uploads\/2023\/10\/4M_A4-pdf-1-212x300.jpg 212w, https:\/\/lepoint-actu.tg\/wp-content\/uploads\/2023\/10\/4M_A4-pdf-1-768x1087.jpg 768w, https:\/\/lepoint-actu.tg\/wp-content\/uploads\/2023\/10\/4M_A4-pdf-1.jpg 1058w\" sizes=\"auto, (max-width: 724px) 100vw, 724px\" \/><\/figure>\n\n\n\n<p>Ces barons amassent des centaines de millions voire des milliards dans leurs diff\u00e9rentes maisons au pays. Ces dirigeants qualifi\u00e9s de \u00ab&nbsp;pr\u00e9dateurs&nbsp;\u00bb par certains esprits pr\u00e9f\u00e8rent th\u00e9sauriser l\u2019argent \u00e0 leurs domiciles et Kodjo Ad\u00e9dz\u00e9 en est un des exemples.<\/p>\n\n\n\n<p><\/p>\n\n\n\n<p><strong><em>Nous contacter pour tous besoins au tel 90213091\/93850463\/e-mail lepointactu07@gmail.com<\/em><\/strong><\/p>\n","protected":false},"excerpt":{"rendered":"<p>Presqu\u2019un demi-milliard vol\u00e9 dans une des maisons du ministre Kodjo Ad\u00e9dz\u00e9. L\u2019on parle d\u2019un curieux braquage ayant emport\u00e9 forte somme<\/p>\n","protected":false},"author":2,"featured_media":2664,"comment_status":"open","ping_status":"closed","sticky":false,"template":"","format":"standard","meta":{"footnotes":""},"categories":[1],"tags":[],"class_list":["post-2663","post","type-post","status-publish","format-standard","has-post-thumbnail","hentry","category-societe"],"yoast_head":"<!-- This site is optimized with the Yoast SEO plugin v23.9 - https:\/\/yoast.com\/wordpress\/plugins\/seo\/ -->\n<title>Kodjo Ad\u00e9dz\u00e9, ministre en fonction et pasteur qui refuse \u00e0 des Togolais de mieux vivre -<\/title>\n<meta name=\"robots\" content=\"index, follow, max-snippet:-1, max-image-preview:large, max-video-preview:-1\" \/>\n<link rel=\"canonical\" href=\"https:\/\/lepoint-actu.tg\/index.php\/2023\/11\/05\/kodjo-adedze-ministre-en-fonction-et-pasteur-qui-refuse-a-des-togolais-de-mieux-vivre\/\" \/>\n<meta property=\"og:locale\" content=\"fr_FR\" \/>\n<meta property=\"og:type\" content=\"article\" \/>\n<meta property=\"og:title\" content=\"Kodjo Ad\u00e9dz\u00e9, ministre en fonction et pasteur qui refuse \u00e0 des Togolais de mieux vivre -\" \/>\n<meta property=\"og:description\" content=\"Presqu\u2019un demi-milliard vol\u00e9 dans une des maisons du ministre Kodjo Ad\u00e9dz\u00e9. L\u2019on parle d\u2019un curieux braquage ayant emport\u00e9 forte somme\" \/>\n<meta property=\"og:url\" content=\"https:\/\/lepoint-actu.tg\/index.php\/2023\/11\/05\/kodjo-adedze-ministre-en-fonction-et-pasteur-qui-refuse-a-des-togolais-de-mieux-vivre\/\" \/>\n<meta property=\"article:published_time\" content=\"2023-11-05T20:57:12+00:00\" \/>\n<meta property=\"article:modified_time\" content=\"2023-11-15T14:32:48+00:00\" \/>\n<meta property=\"og:image\" content=\"https:\/\/lepoint-actu.tg\/wp-content\/uploads\/2023\/11\/IMG-20231105-WA0089_1.jpg\" \/>\n\t<meta property=\"og:image:width\" content=\"574\" \/>\n\t<meta property=\"og:image:height\" content=\"320\" \/>\n\t<meta property=\"og:image:type\" content=\"image\/jpeg\" \/>\n<meta name=\"author\" content=\"La Redaction\" \/>\n<meta name=\"twitter:card\" content=\"summary_large_image\" \/>\n<meta name=\"twitter:label1\" content=\"\u00c9crit par\" \/>\n\t<meta name=\"twitter:data1\" content=\"La Redaction\" \/>\n\t<meta name=\"twitter:label2\" content=\"Dur\u00e9e de lecture estim\u00e9e\" \/>\n\t<meta name=\"twitter:data2\" content=\"3 minutes\" \/>\n<script type=\"application\/ld+json\" class=\"yoast-schema-graph\">{\"@context\":\"https:\/\/schema.org\",\"@graph\":[{\"@type\":\"WebPage\",\"@id\":\"https:\/\/lepoint-actu.tg\/index.php\/2023\/11\/05\/kodjo-adedze-ministre-en-fonction-et-pasteur-qui-refuse-a-des-togolais-de-mieux-vivre\/\",\"url\":\"https:\/\/lepoint-actu.tg\/index.php\/2023\/11\/05\/kodjo-adedze-ministre-en-fonction-et-pasteur-qui-refuse-a-des-togolais-de-mieux-vivre\/\",\"name\":\"Kodjo Ad\u00e9dz\u00e9, ministre en fonction et pasteur qui refuse \u00e0 des Togolais de mieux vivre -\",\"isPartOf\":{\"@id\":\"https:\/\/lepoint-actu.tg\/#website\"},\"primaryImageOfPage\":{\"@id\":\"https:\/\/lepoint-actu.tg\/index.php\/2023\/11\/05\/kodjo-adedze-ministre-en-fonction-et-pasteur-qui-refuse-a-des-togolais-de-mieux-vivre\/#primaryimage\"},\"image\":{\"@id\":\"https:\/\/lepoint-actu.tg\/index.php\/2023\/11\/05\/kodjo-adedze-ministre-en-fonction-et-pasteur-qui-refuse-a-des-togolais-de-mieux-vivre\/#primaryimage\"},\"thumbnailUrl\":\"https:\/\/lepoint-actu.tg\/wp-content\/uploads\/2023\/11\/IMG-20231105-WA0089_1.jpg\",\"datePublished\":\"2023-11-05T20:57:12+00:00\",\"dateModified\":\"2023-11-15T14:32:48+00:00\",\"author\":{\"@id\":\"https:\/\/lepoint-actu.tg\/#\/schema\/person\/e4026d66cbdc205cab83e169ab7eaca1\"},\"breadcrumb\":{\"@id\":\"https:\/\/lepoint-actu.tg\/index.php\/2023\/11\/05\/kodjo-adedze-ministre-en-fonction-et-pasteur-qui-refuse-a-des-togolais-de-mieux-vivre\/#breadcrumb\"},\"inLanguage\":\"fr-FR\",\"potentialAction\":[{\"@type\":\"ReadAction\",\"target\":[\"https:\/\/lepoint-actu.tg\/index.php\/2023\/11\/05\/kodjo-adedze-ministre-en-fonction-et-pasteur-qui-refuse-a-des-togolais-de-mieux-vivre\/\"]}]},{\"@type\":\"ImageObject\",\"inLanguage\":\"fr-FR\",\"@id\":\"https:\/\/lepoint-actu.tg\/index.php\/2023\/11\/05\/kodjo-adedze-ministre-en-fonction-et-pasteur-qui-refuse-a-des-togolais-de-mieux-vivre\/#primaryimage\",\"url\":\"https:\/\/lepoint-actu.tg\/wp-content\/uploads\/2023\/11\/IMG-20231105-WA0089_1.jpg\",\"contentUrl\":\"https:\/\/lepoint-actu.tg\/wp-content\/uploads\/2023\/11\/IMG-20231105-WA0089_1.jpg\",\"width\":574,\"height\":320},{\"@type\":\"BreadcrumbList\",\"@id\":\"https:\/\/lepoint-actu.tg\/index.php\/2023\/11\/05\/kodjo-adedze-ministre-en-fonction-et-pasteur-qui-refuse-a-des-togolais-de-mieux-vivre\/#breadcrumb\",\"itemListElement\":[{\"@type\":\"ListItem\",\"position\":1,\"name\":\"Accueil\",\"item\":\"https:\/\/lepoint-actu.tg\/\"},{\"@type\":\"ListItem\",\"position\":2,\"name\":\"Kodjo Ad\u00e9dz\u00e9, ministre en fonction et pasteur qui refuse \u00e0 des Togolais de mieux vivre\"}]},{\"@type\":\"WebSite\",\"@id\":\"https:\/\/lepoint-actu.tg\/#website\",\"url\":\"https:\/\/lepoint-actu.tg\/\",\"name\":\"\",\"description\":\"R\u00e9c\u00e9piss\u00e9 N\u00b00022\/HAAC\/12-2020\/pL\/P, lepointactu07@gmail.com\",\"potentialAction\":[{\"@type\":\"SearchAction\",\"target\":{\"@type\":\"EntryPoint\",\"urlTemplate\":\"https:\/\/lepoint-actu.tg\/?s={search_term_string}\"},\"query-input\":{\"@type\":\"PropertyValueSpecification\",\"valueRequired\":true,\"valueName\":\"search_term_string\"}}],\"inLanguage\":\"fr-FR\"},{\"@type\":\"Person\",\"@id\":\"https:\/\/lepoint-actu.tg\/#\/schema\/person\/e4026d66cbdc205cab83e169ab7eaca1\",\"name\":\"La Redaction\",\"image\":{\"@type\":\"ImageObject\",\"inLanguage\":\"fr-FR\",\"@id\":\"https:\/\/lepoint-actu.tg\/#\/schema\/person\/image\/\",\"url\":\"https:\/\/secure.gravatar.com\/avatar\/1682a0ff7e2c36efa51c5d262eea092000ec1ce420118e6261440956730308c2?s=96&d=mm&r=g\",\"contentUrl\":\"https:\/\/secure.gravatar.com\/avatar\/1682a0ff7e2c36efa51c5d262eea092000ec1ce420118e6261440956730308c2?s=96&d=mm&r=g\",\"caption\":\"La Redaction\"},\"url\":\"https:\/\/lepoint-actu.tg\/index.php\/author\/raymondsama\/\"}]}<\/script>\n<!-- \/ Yoast SEO plugin. -->","yoast_head_json":{"title":"Kodjo Ad\u00e9dz\u00e9, ministre en fonction et pasteur qui refuse \u00e0 des Togolais de mieux vivre -","robots":{"index":"index","follow":"follow","max-snippet":"max-snippet:-1","max-image-preview":"max-image-preview:large","max-video-preview":"max-video-preview:-1"},"canonical":"https:\/\/lepoint-actu.tg\/index.php\/2023\/11\/05\/kodjo-adedze-ministre-en-fonction-et-pasteur-qui-refuse-a-des-togolais-de-mieux-vivre\/","og_locale":"fr_FR","og_type":"article","og_title":"Kodjo Ad\u00e9dz\u00e9, ministre en fonction et pasteur qui refuse \u00e0 des Togolais de mieux vivre -","og_description":"Presqu\u2019un demi-milliard vol\u00e9 dans une des maisons du ministre Kodjo Ad\u00e9dz\u00e9. L\u2019on parle d\u2019un curieux braquage ayant emport\u00e9 forte somme","og_url":"https:\/\/lepoint-actu.tg\/index.php\/2023\/11\/05\/kodjo-adedze-ministre-en-fonction-et-pasteur-qui-refuse-a-des-togolais-de-mieux-vivre\/","article_published_time":"2023-11-05T20:57:12+00:00","article_modified_time":"2023-11-15T14:32:48+00:00","og_image":[{"width":574,"height":320,"url":"https:\/\/lepoint-actu.tg\/wp-content\/uploads\/2023\/11\/IMG-20231105-WA0089_1.jpg","type":"image\/jpeg"}],"author":"La Redaction","twitter_card":"summary_large_image","twitter_misc":{"\u00c9crit par":"La Redaction","Dur\u00e9e de lecture estim\u00e9e":"3 minutes"},"schema":{"@context":"https:\/\/schema.org","@graph":[{"@type":"WebPage","@id":"https:\/\/lepoint-actu.tg\/index.php\/2023\/11\/05\/kodjo-adedze-ministre-en-fonction-et-pasteur-qui-refuse-a-des-togolais-de-mieux-vivre\/","url":"https:\/\/lepoint-actu.tg\/index.php\/2023\/11\/05\/kodjo-adedze-ministre-en-fonction-et-pasteur-qui-refuse-a-des-togolais-de-mieux-vivre\/","name":"Kodjo Ad\u00e9dz\u00e9, ministre en fonction et pasteur qui refuse \u00e0 des Togolais de mieux vivre -","isPartOf":{"@id":"https:\/\/lepoint-actu.tg\/#website"},"primaryImageOfPage":{"@id":"https:\/\/lepoint-actu.tg\/index.php\/2023\/11\/05\/kodjo-adedze-ministre-en-fonction-et-pasteur-qui-refuse-a-des-togolais-de-mieux-vivre\/#primaryimage"},"image":{"@id":"https:\/\/lepoint-actu.tg\/index.php\/2023\/11\/05\/kodjo-adedze-ministre-en-fonction-et-pasteur-qui-refuse-a-des-togolais-de-mieux-vivre\/#primaryimage"},"thumbnailUrl":"https:\/\/lepoint-actu.tg\/wp-content\/uploads\/2023\/11\/IMG-20231105-WA0089_1.jpg","datePublished":"2023-11-05T20:57:12+00:00","dateModified":"2023-11-15T14:32:48+00:00","author":{"@id":"https:\/\/lepoint-actu.tg\/#\/schema\/person\/e4026d66cbdc205cab83e169ab7eaca1"},"breadcrumb":{"@id":"https:\/\/lepoint-actu.tg\/index.php\/2023\/11\/05\/kodjo-adedze-ministre-en-fonction-et-pasteur-qui-refuse-a-des-togolais-de-mieux-vivre\/#breadcrumb"},"inLanguage":"fr-FR","potentialAction":[{"@type":"ReadAction","target":["https:\/\/lepoint-actu.tg\/index.php\/2023\/11\/05\/kodjo-adedze-ministre-en-fonction-et-pasteur-qui-refuse-a-des-togolais-de-mieux-vivre\/"]}]},{"@type":"ImageObject","inLanguage":"fr-FR","@id":"https:\/\/lepoint-actu.tg\/index.php\/2023\/11\/05\/kodjo-adedze-ministre-en-fonction-et-pasteur-qui-refuse-a-des-togolais-de-mieux-vivre\/#primaryimage","url":"https:\/\/lepoint-actu.tg\/wp-content\/uploads\/2023\/11\/IMG-20231105-WA0089_1.jpg","contentUrl":"https:\/\/lepoint-actu.tg\/wp-content\/uploads\/2023\/11\/IMG-20231105-WA0089_1.jpg","width":574,"height":320},{"@type":"BreadcrumbList","@id":"https:\/\/lepoint-actu.tg\/index.php\/2023\/11\/05\/kodjo-adedze-ministre-en-fonction-et-pasteur-qui-refuse-a-des-togolais-de-mieux-vivre\/#breadcrumb","itemListElement":[{"@type":"ListItem","position":1,"name":"Accueil","item":"https:\/\/lepoint-actu.tg\/"},{"@type":"ListItem","position":2,"name":"Kodjo Ad\u00e9dz\u00e9, ministre en fonction et pasteur qui refuse \u00e0 des Togolais de mieux vivre"}]},{"@type":"WebSite","@id":"https:\/\/lepoint-actu.tg\/#website","url":"https:\/\/lepoint-actu.tg\/","name":"","description":"R\u00e9c\u00e9piss\u00e9 N\u00b00022\/HAAC\/12-2020\/pL\/P, lepointactu07@gmail.com","potentialAction":[{"@type":"SearchAction","target":{"@type":"EntryPoint","urlTemplate":"https:\/\/lepoint-actu.tg\/?s={search_term_string}"},"query-input":{"@type":"PropertyValueSpecification","valueRequired":true,"valueName":"search_term_string"}}],"inLanguage":"fr-FR"},{"@type":"Person","@id":"https:\/\/lepoint-actu.tg\/#\/schema\/person\/e4026d66cbdc205cab83e169ab7eaca1","name":"La Redaction","image":{"@type":"ImageObject","inLanguage":"fr-FR","@id":"https:\/\/lepoint-actu.tg\/#\/schema\/person\/image\/","url":"https:\/\/secure.gravatar.com\/avatar\/1682a0ff7e2c36efa51c5d262eea092000ec1ce420118e6261440956730308c2?s=96&d=mm&r=g","contentUrl":"https:\/\/secure.gravatar.com\/avatar\/1682a0ff7e2c36efa51c5d262eea092000ec1ce420118e6261440956730308c2?s=96&d=mm&r=g","caption":"La Redaction"},"url":"https:\/\/lepoint-actu.tg\/index.php\/author\/raymondsama\/"}]}},"_links":{"self":[{"href":"https:\/\/lepoint-actu.tg\/index.php\/wp-json\/wp\/v2\/posts\/2663","targetHints":{"allow":["GET"]}}],"collection":[{"href":"https:\/\/lepoint-actu.tg\/index.php\/wp-json\/wp\/v2\/posts"}],"about":[{"href":"https:\/\/lepoint-actu.tg\/index.php\/wp-json\/wp\/v2\/types\/post"}],"author":[{"embeddable":true,"href":"https:\/\/lepoint-actu.tg\/index.php\/wp-json\/wp\/v2\/users\/2"}],"replies":[{"embeddable":true,"href":"https:\/\/lepoint-actu.tg\/index.php\/wp-json\/wp\/v2\/comments?post=2663"}],"version-history":[{"count":4,"href":"https:\/\/lepoint-actu.tg\/index.php\/wp-json\/wp\/v2\/posts\/2663\/revisions"}],"predecessor-version":[{"id":2726,"href":"https:\/\/lepoint-actu.tg\/index.php\/wp-json\/wp\/v2\/posts\/2663\/revisions\/2726"}],"wp:featuredmedia":[{"embeddable":true,"href":"https:\/\/lepoint-actu.tg\/index.php\/wp-json\/wp\/v2\/media\/2664"}],"wp:attachment":[{"href":"https:\/\/lepoint-actu.tg\/index.php\/wp-json\/wp\/v2\/media?parent=2663"}],"wp:term":[{"taxonomy":"category","embeddable":true,"href":"https:\/\/lepoint-actu.tg\/index.php\/wp-json\/wp\/v2\/categories?post=2663"},{"taxonomy":"post_tag","embeddable":true,"href":"https:\/\/lepoint-actu.tg\/index.php\/wp-json\/wp\/v2\/tags?post=2663"}],"curies":[{"name":"wp","href":"https:\/\/api.w.org\/{rel}","templated":true}]}}