{"id":2688,"date":"2023-11-08T02:49:33","date_gmt":"2023-11-08T02:49:33","guid":{"rendered":"https:\/\/lepoint-actu.tg\/?p=2688"},"modified":"2023-11-08T02:49:33","modified_gmt":"2023-11-08T02:49:33","slug":"situation-du-togo-dans-la-mise-en-oeuvre-du-programme-seuil","status":"publish","type":"post","link":"https:\/\/lepoint-actu.tg\/index.php\/2023\/11\/08\/situation-du-togo-dans-la-mise-en-oeuvre-du-programme-seuil\/","title":{"rendered":"Situation du Togo dans la mise en \u0153uvre du Programme Seuil"},"content":{"rendered":"\n<p><\/p>\n\n\n\n<p>Selon les informations, le Togo dans la mise en \u0153uvre du Programme Seuil conna\u00eet une \u00e9volution digne de ce nom. En effet, apr\u00e8s deux ans de mise en \u0153uvre, le pays a enregistr\u00e9 une avanc\u00e9e notable, selon le Conseil d\u2019Administration de l\u2019Organisme de mise en \u0153uvre du Millennium Challenge Account-Togo (OMCA-Togo) qui a tenu en octobre dernier, sa cinqui\u00e8me r\u00e9union ordinaire.<\/p>\n\n\n\n<p>Plusieurs chiffres avanc\u00e9s en guise d\u2019un bilan d\u2019\u00e9tape. D\u2019apr\u00e8s Bougonou N\u2019gname Jeanne, le Directeur G\u00e9n\u00e9ral de l\u2019OMCA-Togo, le programme Seuil est marqu\u00e9 par un taux de r\u00e9alisation physique de 71 % pour le projet relatif aux TIC et de 100 % pour celui de R\u00e9formes Fonci\u00e8res pour l\u2019Accroissement de la Productivit\u00e9 Agricole (LRAP). Par ailleurs, le taux d\u2019ex\u00e9cution financi\u00e8re globale est de 21 % \u00e0 fin septembre 2023.<br>Selon le confr\u00e8re togofirst, \u00ab\u00a0bien que ces r\u00e9sultats aient permis au Togo d\u2019obtenir en d\u00e9cembre 2022, son \u00e9ligibilit\u00e9 au Programme Compact de la MCC, le Conseil pr\u00e9sid\u00e9 par le ministre conseiller Stanislas Baba, pr\u00e9voit de mettre davantage l\u2019accent sur le suivi-\u00e9valuation du programme Seuil. Cet outil qui d\u00e9finit les indicateurs de suivi et d\u2019\u00e9valuation du programme et d\u00e9crit les objectifs des projets dudit programme, les r\u00e9sultats attendus, les hypoth\u00e8ses et risques, les r\u00f4les et responsabilit\u00e9s des diff\u00e9rents acteurs, devrait permettre au Conseil d&rsquo;atteindre les objectifs assign\u00e9s. Il faut noter que le premier projet financ\u00e9 \u00e0 hauteur de 20,5 millions de Dollars US consiste en l\u2019am\u00e9lioration de l\u2019acc\u00e8s \u00e0 des services TIC de haute qualit\u00e9 et \u00e0 des prix abordables au Togo, gr\u00e2ce \u00e0 une concurrence accrue entre fournisseurs des TIC du secteur. Le second, avec une dotation de 8 millions de Dollars US, vise \u00e0 am\u00e9liorer la s\u00e9curit\u00e9 du r\u00e9gime foncier pour accro\u00eetre les investissements dans le secteur agricole, gr\u00e2ce \u00e0 une assistance technique fond\u00e9e sur une double approche pour am\u00e9liorer l\u2019application du Code foncier et domanial\u00a0\u00bb.<\/p>\n\n\n\n<p><\/p>\n\n\n\n<p><strong><em>Nous contacter pour tous besoins au tel 90213091\/93850463\/e-mail lepointactu07@gmail.com<\/em><\/strong><\/p>\n","protected":false},"excerpt":{"rendered":"<p>Selon les informations, le Togo dans la mise en \u0153uvre du Programme Seuil conna\u00eet une \u00e9volution digne de ce nom.<\/p>\n","protected":false},"author":2,"featured_media":2689,"comment_status":"open","ping_status":"closed","sticky":false,"template":"","format":"standard","meta":{"footnotes":""},"categories":[4],"tags":[],"class_list":["post-2688","post","type-post","status-publish","format-standard","has-post-thumbnail","hentry","category-economie"],"yoast_head":"<!-- This site is optimized with the Yoast SEO plugin v23.9 - https:\/\/yoast.com\/wordpress\/plugins\/seo\/ -->\n<title>Situation du Togo dans la mise en \u0153uvre du Programme Seuil -<\/title>\n<meta name=\"robots\" content=\"index, follow, max-snippet:-1, max-image-preview:large, max-video-preview:-1\" \/>\n<link rel=\"canonical\" href=\"https:\/\/lepoint-actu.tg\/index.php\/2023\/11\/08\/situation-du-togo-dans-la-mise-en-oeuvre-du-programme-seuil\/\" \/>\n<meta property=\"og:locale\" content=\"fr_FR\" \/>\n<meta property=\"og:type\" content=\"article\" \/>\n<meta property=\"og:title\" content=\"Situation du Togo dans la mise en \u0153uvre du Programme Seuil -\" \/>\n<meta property=\"og:description\" content=\"Selon les informations, le Togo dans la mise en \u0153uvre du Programme Seuil conna\u00eet une \u00e9volution digne de ce nom.\" \/>\n<meta property=\"og:url\" content=\"https:\/\/lepoint-actu.tg\/index.php\/2023\/11\/08\/situation-du-togo-dans-la-mise-en-oeuvre-du-programme-seuil\/\" \/>\n<meta property=\"article:published_time\" content=\"2023-11-08T02:49:33+00:00\" \/>\n<meta property=\"og:image\" content=\"https:\/\/lepoint-actu.tg\/wp-content\/uploads\/2023\/11\/SEUIL.jpg\" \/>\n\t<meta property=\"og:image:width\" content=\"275\" \/>\n\t<meta property=\"og:image:height\" content=\"183\" \/>\n\t<meta property=\"og:image:type\" content=\"image\/jpeg\" \/>\n<meta name=\"author\" content=\"La Redaction\" \/>\n<meta name=\"twitter:card\" content=\"summary_large_image\" \/>\n<meta name=\"twitter:label1\" content=\"\u00c9crit par\" \/>\n\t<meta name=\"twitter:data1\" content=\"La Redaction\" \/>\n\t<meta name=\"twitter:label2\" content=\"Dur\u00e9e de lecture estim\u00e9e\" \/>\n\t<meta name=\"twitter:data2\" content=\"2 minutes\" \/>\n<script type=\"application\/ld+json\" class=\"yoast-schema-graph\">{\"@context\":\"https:\/\/schema.org\",\"@graph\":[{\"@type\":\"WebPage\",\"@id\":\"https:\/\/lepoint-actu.tg\/index.php\/2023\/11\/08\/situation-du-togo-dans-la-mise-en-oeuvre-du-programme-seuil\/\",\"url\":\"https:\/\/lepoint-actu.tg\/index.php\/2023\/11\/08\/situation-du-togo-dans-la-mise-en-oeuvre-du-programme-seuil\/\",\"name\":\"Situation du Togo dans la mise en \u0153uvre du Programme Seuil -\",\"isPartOf\":{\"@id\":\"https:\/\/lepoint-actu.tg\/#website\"},\"primaryImageOfPage\":{\"@id\":\"https:\/\/lepoint-actu.tg\/index.php\/2023\/11\/08\/situation-du-togo-dans-la-mise-en-oeuvre-du-programme-seuil\/#primaryimage\"},\"image\":{\"@id\":\"https:\/\/lepoint-actu.tg\/index.php\/2023\/11\/08\/situation-du-togo-dans-la-mise-en-oeuvre-du-programme-seuil\/#primaryimage\"},\"thumbnailUrl\":\"https:\/\/lepoint-actu.tg\/wp-content\/uploads\/2023\/11\/SEUIL.jpg\",\"datePublished\":\"2023-11-08T02:49:33+00:00\",\"dateModified\":\"2023-11-08T02:49:33+00:00\",\"author\":{\"@id\":\"https:\/\/lepoint-actu.tg\/#\/schema\/person\/e4026d66cbdc205cab83e169ab7eaca1\"},\"breadcrumb\":{\"@id\":\"https:\/\/lepoint-actu.tg\/index.php\/2023\/11\/08\/situation-du-togo-dans-la-mise-en-oeuvre-du-programme-seuil\/#breadcrumb\"},\"inLanguage\":\"fr-FR\",\"potentialAction\":[{\"@type\":\"ReadAction\",\"target\":[\"https:\/\/lepoint-actu.tg\/index.php\/2023\/11\/08\/situation-du-togo-dans-la-mise-en-oeuvre-du-programme-seuil\/\"]}]},{\"@type\":\"ImageObject\",\"inLanguage\":\"fr-FR\",\"@id\":\"https:\/\/lepoint-actu.tg\/index.php\/2023\/11\/08\/situation-du-togo-dans-la-mise-en-oeuvre-du-programme-seuil\/#primaryimage\",\"url\":\"https:\/\/lepoint-actu.tg\/wp-content\/uploads\/2023\/11\/SEUIL.jpg\",\"contentUrl\":\"https:\/\/lepoint-actu.tg\/wp-content\/uploads\/2023\/11\/SEUIL.jpg\",\"width\":275,\"height\":183},{\"@type\":\"BreadcrumbList\",\"@id\":\"https:\/\/lepoint-actu.tg\/index.php\/2023\/11\/08\/situation-du-togo-dans-la-mise-en-oeuvre-du-programme-seuil\/#breadcrumb\",\"itemListElement\":[{\"@type\":\"ListItem\",\"position\":1,\"name\":\"Accueil\",\"item\":\"https:\/\/lepoint-actu.tg\/\"},{\"@type\":\"ListItem\",\"position\":2,\"name\":\"Situation du Togo dans la mise en \u0153uvre du Programme Seuil\"}]},{\"@type\":\"WebSite\",\"@id\":\"https:\/\/lepoint-actu.tg\/#website\",\"url\":\"https:\/\/lepoint-actu.tg\/\",\"name\":\"\",\"description\":\"R\u00e9c\u00e9piss\u00e9 N\u00b00022\/HAAC\/12-2020\/pL\/P, lepointactu07@gmail.com\",\"potentialAction\":[{\"@type\":\"SearchAction\",\"target\":{\"@type\":\"EntryPoint\",\"urlTemplate\":\"https:\/\/lepoint-actu.tg\/?s={search_term_string}\"},\"query-input\":{\"@type\":\"PropertyValueSpecification\",\"valueRequired\":true,\"valueName\":\"search_term_string\"}}],\"inLanguage\":\"fr-FR\"},{\"@type\":\"Person\",\"@id\":\"https:\/\/lepoint-actu.tg\/#\/schema\/person\/e4026d66cbdc205cab83e169ab7eaca1\",\"name\":\"La Redaction\",\"image\":{\"@type\":\"ImageObject\",\"inLanguage\":\"fr-FR\",\"@id\":\"https:\/\/lepoint-actu.tg\/#\/schema\/person\/image\/\",\"url\":\"https:\/\/secure.gravatar.com\/avatar\/1682a0ff7e2c36efa51c5d262eea092000ec1ce420118e6261440956730308c2?s=96&d=mm&r=g\",\"contentUrl\":\"https:\/\/secure.gravatar.com\/avatar\/1682a0ff7e2c36efa51c5d262eea092000ec1ce420118e6261440956730308c2?s=96&d=mm&r=g\",\"caption\":\"La Redaction\"},\"url\":\"https:\/\/lepoint-actu.tg\/index.php\/author\/raymondsama\/\"}]}<\/script>\n<!-- \/ Yoast SEO plugin. -->","yoast_head_json":{"title":"Situation du Togo dans la mise en \u0153uvre du Programme Seuil -","robots":{"index":"index","follow":"follow","max-snippet":"max-snippet:-1","max-image-preview":"max-image-preview:large","max-video-preview":"max-video-preview:-1"},"canonical":"https:\/\/lepoint-actu.tg\/index.php\/2023\/11\/08\/situation-du-togo-dans-la-mise-en-oeuvre-du-programme-seuil\/","og_locale":"fr_FR","og_type":"article","og_title":"Situation du Togo dans la mise en \u0153uvre du Programme Seuil -","og_description":"Selon les informations, le Togo dans la mise en \u0153uvre du Programme Seuil conna\u00eet une \u00e9volution digne de ce nom.","og_url":"https:\/\/lepoint-actu.tg\/index.php\/2023\/11\/08\/situation-du-togo-dans-la-mise-en-oeuvre-du-programme-seuil\/","article_published_time":"2023-11-08T02:49:33+00:00","og_image":[{"width":275,"height":183,"url":"https:\/\/lepoint-actu.tg\/wp-content\/uploads\/2023\/11\/SEUIL.jpg","type":"image\/jpeg"}],"author":"La Redaction","twitter_card":"summary_large_image","twitter_misc":{"\u00c9crit par":"La Redaction","Dur\u00e9e de lecture estim\u00e9e":"2 minutes"},"schema":{"@context":"https:\/\/schema.org","@graph":[{"@type":"WebPage","@id":"https:\/\/lepoint-actu.tg\/index.php\/2023\/11\/08\/situation-du-togo-dans-la-mise-en-oeuvre-du-programme-seuil\/","url":"https:\/\/lepoint-actu.tg\/index.php\/2023\/11\/08\/situation-du-togo-dans-la-mise-en-oeuvre-du-programme-seuil\/","name":"Situation du Togo dans la mise en \u0153uvre du Programme Seuil -","isPartOf":{"@id":"https:\/\/lepoint-actu.tg\/#website"},"primaryImageOfPage":{"@id":"https:\/\/lepoint-actu.tg\/index.php\/2023\/11\/08\/situation-du-togo-dans-la-mise-en-oeuvre-du-programme-seuil\/#primaryimage"},"image":{"@id":"https:\/\/lepoint-actu.tg\/index.php\/2023\/11\/08\/situation-du-togo-dans-la-mise-en-oeuvre-du-programme-seuil\/#primaryimage"},"thumbnailUrl":"https:\/\/lepoint-actu.tg\/wp-content\/uploads\/2023\/11\/SEUIL.jpg","datePublished":"2023-11-08T02:49:33+00:00","dateModified":"2023-11-08T02:49:33+00:00","author":{"@id":"https:\/\/lepoint-actu.tg\/#\/schema\/person\/e4026d66cbdc205cab83e169ab7eaca1"},"breadcrumb":{"@id":"https:\/\/lepoint-actu.tg\/index.php\/2023\/11\/08\/situation-du-togo-dans-la-mise-en-oeuvre-du-programme-seuil\/#breadcrumb"},"inLanguage":"fr-FR","potentialAction":[{"@type":"ReadAction","target":["https:\/\/lepoint-actu.tg\/index.php\/2023\/11\/08\/situation-du-togo-dans-la-mise-en-oeuvre-du-programme-seuil\/"]}]},{"@type":"ImageObject","inLanguage":"fr-FR","@id":"https:\/\/lepoint-actu.tg\/index.php\/2023\/11\/08\/situation-du-togo-dans-la-mise-en-oeuvre-du-programme-seuil\/#primaryimage","url":"https:\/\/lepoint-actu.tg\/wp-content\/uploads\/2023\/11\/SEUIL.jpg","contentUrl":"https:\/\/lepoint-actu.tg\/wp-content\/uploads\/2023\/11\/SEUIL.jpg","width":275,"height":183},{"@type":"BreadcrumbList","@id":"https:\/\/lepoint-actu.tg\/index.php\/2023\/11\/08\/situation-du-togo-dans-la-mise-en-oeuvre-du-programme-seuil\/#breadcrumb","itemListElement":[{"@type":"ListItem","position":1,"name":"Accueil","item":"https:\/\/lepoint-actu.tg\/"},{"@type":"ListItem","position":2,"name":"Situation du Togo dans la mise en \u0153uvre du Programme Seuil"}]},{"@type":"WebSite","@id":"https:\/\/lepoint-actu.tg\/#website","url":"https:\/\/lepoint-actu.tg\/","name":"","description":"R\u00e9c\u00e9piss\u00e9 N\u00b00022\/HAAC\/12-2020\/pL\/P, lepointactu07@gmail.com","potentialAction":[{"@type":"SearchAction","target":{"@type":"EntryPoint","urlTemplate":"https:\/\/lepoint-actu.tg\/?s={search_term_string}"},"query-input":{"@type":"PropertyValueSpecification","valueRequired":true,"valueName":"search_term_string"}}],"inLanguage":"fr-FR"},{"@type":"Person","@id":"https:\/\/lepoint-actu.tg\/#\/schema\/person\/e4026d66cbdc205cab83e169ab7eaca1","name":"La Redaction","image":{"@type":"ImageObject","inLanguage":"fr-FR","@id":"https:\/\/lepoint-actu.tg\/#\/schema\/person\/image\/","url":"https:\/\/secure.gravatar.com\/avatar\/1682a0ff7e2c36efa51c5d262eea092000ec1ce420118e6261440956730308c2?s=96&d=mm&r=g","contentUrl":"https:\/\/secure.gravatar.com\/avatar\/1682a0ff7e2c36efa51c5d262eea092000ec1ce420118e6261440956730308c2?s=96&d=mm&r=g","caption":"La Redaction"},"url":"https:\/\/lepoint-actu.tg\/index.php\/author\/raymondsama\/"}]}},"_links":{"self":[{"href":"https:\/\/lepoint-actu.tg\/index.php\/wp-json\/wp\/v2\/posts\/2688","targetHints":{"allow":["GET"]}}],"collection":[{"href":"https:\/\/lepoint-actu.tg\/index.php\/wp-json\/wp\/v2\/posts"}],"about":[{"href":"https:\/\/lepoint-actu.tg\/index.php\/wp-json\/wp\/v2\/types\/post"}],"author":[{"embeddable":true,"href":"https:\/\/lepoint-actu.tg\/index.php\/wp-json\/wp\/v2\/users\/2"}],"replies":[{"embeddable":true,"href":"https:\/\/lepoint-actu.tg\/index.php\/wp-json\/wp\/v2\/comments?post=2688"}],"version-history":[{"count":1,"href":"https:\/\/lepoint-actu.tg\/index.php\/wp-json\/wp\/v2\/posts\/2688\/revisions"}],"predecessor-version":[{"id":2690,"href":"https:\/\/lepoint-actu.tg\/index.php\/wp-json\/wp\/v2\/posts\/2688\/revisions\/2690"}],"wp:featuredmedia":[{"embeddable":true,"href":"https:\/\/lepoint-actu.tg\/index.php\/wp-json\/wp\/v2\/media\/2689"}],"wp:attachment":[{"href":"https:\/\/lepoint-actu.tg\/index.php\/wp-json\/wp\/v2\/media?parent=2688"}],"wp:term":[{"taxonomy":"category","embeddable":true,"href":"https:\/\/lepoint-actu.tg\/index.php\/wp-json\/wp\/v2\/categories?post=2688"},{"taxonomy":"post_tag","embeddable":true,"href":"https:\/\/lepoint-actu.tg\/index.php\/wp-json\/wp\/v2\/tags?post=2688"}],"curies":[{"name":"wp","href":"https:\/\/api.w.org\/{rel}","templated":true}]}}