{"id":2772,"date":"2024-01-12T10:54:49","date_gmt":"2024-01-12T10:54:49","guid":{"rendered":"https:\/\/lepoint-actu.tg\/?p=2772"},"modified":"2024-01-12T10:54:50","modified_gmt":"2024-01-12T10:54:50","slug":"un-monument-des-assurances-tire-sa-reverence","status":"publish","type":"post","link":"https:\/\/lepoint-actu.tg\/index.php\/2024\/01\/12\/un-monument-des-assurances-tire-sa-reverence\/","title":{"rendered":"Un monument des assurances tire sa r\u00e9v\u00e9rence"},"content":{"rendered":"\n<p>Bakary Kamara d\u00e9c\u00e9d\u00e9 le mercredi 10 janvier 2024 \u00e0 Nouakchott dans la maison d&rsquo;Allah au cours de la pri\u00e8re, est un homme qui a marqu\u00e9 tout le secteur des assurances.<br>Bakary Kamara a \u00e9t\u00e9 Pr\u00e9sident du Conseil d\u2019Administration de l\u2019African Reinsurance Corporation South Africa Ltd et est l\u2019actuel Pr\u00e9sident du Conseil d\u2019Administration d\u2019Africa Retakaful Company. Ayant rejoint Africa Re en qualit\u00e9 de Secr\u00e9taire G\u00e9n\u00e9ral en septembre 1984, il a acc\u00e9d\u00e9 au poste de Directeur G\u00e9n\u00e9ral du Groupe en 1993.<br>Administrateur Civil, M. Bakary a fait ses premiers pas dans le secteur des assurances en tant que Conseiller Juridique de la SMAR, la compagnie d\u2019assurances publique de la Mauritanie, au sein de laquelle il a servi du 1er mai au 11 novembre 1978. Il a occup\u00e9 le poste de Directeur G\u00e9n\u00e9ral Adjoint de cette compagnie de septembre 1979 \u00e0 janvier 1984. Il a \u00e9galement \u00e9t\u00e9 professeur invit\u00e9 \u00e0 l\u2019Ecole Nationale d\u2019Administration (ENA) de Mauritanie, o\u00f9 il dispensait des cours en droit des affaires aux \u00e9tudiants de 3\u00e8me ann\u00e9e, pendant l\u2019ann\u00e9e acad\u00e9mique 1978\u20131979. De 1980 \u00e0 1984, il a \u00e9t\u00e9 membre du Conseil d\u2019Administration d\u2019AFARCO, compagnie immobili\u00e8re mauritanienne. De janvier \u00e0 ao\u00fbt 1984, il \u00e9tait Conseiller Technique du Ministre des Finances et du Commerce, charg\u00e9 des assurances et des relations commerciales internationales. Jusqu\u2019\u00e0 sa mort, M. Kamara \u00e9tait Pr\u00e9sident Directeur G\u00e9n\u00e9ral de Rema Broking Mauritanie et consultant international en management, gouvernance et coaching, administrateur ind\u00e9pendant dans plusieurs compagnies d\u2019assurance et de r\u00e9assurance et dans plusieurs banques.<br>Dipl\u00f4m\u00e9 en Droit G\u00e9n\u00e9ral de la Facult\u00e9 de Droit de Dakar, en Droit Civil et Droit des Affaires, et titulaire de dipl\u00f4mes de l\u2019Institut d\u2019Assurance de Tours et d\u2019un D.E.S.S en Droit des Assurances en France, il a jou\u00e9 un r\u00f4le crucial dans l\u2019expansion d\u2019Africa R\u00e9 pendant ses 27 ann\u00e9es de service.<\/p>\n","protected":false},"excerpt":{"rendered":"<p>Bakary Kamara d\u00e9c\u00e9d\u00e9 le mercredi 10 janvier 2024 \u00e0 Nouakchott dans la maison d&rsquo;Allah au cours de la pri\u00e8re, est<\/p>\n","protected":false},"author":2,"featured_media":2773,"comment_status":"open","ping_status":"closed","sticky":false,"template":"","format":"standard","meta":{"footnotes":""},"categories":[4],"tags":[],"class_list":["post-2772","post","type-post","status-publish","format-standard","has-post-thumbnail","hentry","category-economie"],"yoast_head":"<!-- This site is optimized with the Yoast SEO plugin v23.9 - https:\/\/yoast.com\/wordpress\/plugins\/seo\/ -->\n<title>Un monument des assurances tire sa r\u00e9v\u00e9rence -<\/title>\n<meta name=\"robots\" content=\"index, follow, max-snippet:-1, max-image-preview:large, max-video-preview:-1\" \/>\n<link rel=\"canonical\" href=\"https:\/\/lepoint-actu.tg\/index.php\/2024\/01\/12\/un-monument-des-assurances-tire-sa-reverence\/\" \/>\n<meta property=\"og:locale\" content=\"fr_FR\" \/>\n<meta property=\"og:type\" content=\"article\" \/>\n<meta property=\"og:title\" content=\"Un monument des assurances tire sa r\u00e9v\u00e9rence -\" \/>\n<meta property=\"og:description\" content=\"Bakary Kamara d\u00e9c\u00e9d\u00e9 le mercredi 10 janvier 2024 \u00e0 Nouakchott dans la maison d&rsquo;Allah au cours de la pri\u00e8re, est\" \/>\n<meta property=\"og:url\" content=\"https:\/\/lepoint-actu.tg\/index.php\/2024\/01\/12\/un-monument-des-assurances-tire-sa-reverence\/\" \/>\n<meta property=\"article:published_time\" content=\"2024-01-12T10:54:49+00:00\" \/>\n<meta property=\"article:modified_time\" content=\"2024-01-12T10:54:50+00:00\" \/>\n<meta property=\"og:image\" content=\"https:\/\/lepoint-actu.tg\/wp-content\/uploads\/2024\/01\/BAKARY.jpg\" \/>\n\t<meta property=\"og:image:width\" content=\"400\" \/>\n\t<meta property=\"og:image:height\" content=\"383\" \/>\n\t<meta property=\"og:image:type\" content=\"image\/jpeg\" \/>\n<meta name=\"author\" content=\"La Redaction\" \/>\n<meta name=\"twitter:card\" content=\"summary_large_image\" \/>\n<meta name=\"twitter:label1\" content=\"\u00c9crit par\" \/>\n\t<meta name=\"twitter:data1\" content=\"La Redaction\" \/>\n\t<meta name=\"twitter:label2\" content=\"Dur\u00e9e de lecture estim\u00e9e\" \/>\n\t<meta name=\"twitter:data2\" content=\"2 minutes\" \/>\n<script type=\"application\/ld+json\" class=\"yoast-schema-graph\">{\"@context\":\"https:\/\/schema.org\",\"@graph\":[{\"@type\":\"WebPage\",\"@id\":\"https:\/\/lepoint-actu.tg\/index.php\/2024\/01\/12\/un-monument-des-assurances-tire-sa-reverence\/\",\"url\":\"https:\/\/lepoint-actu.tg\/index.php\/2024\/01\/12\/un-monument-des-assurances-tire-sa-reverence\/\",\"name\":\"Un monument des assurances tire sa r\u00e9v\u00e9rence -\",\"isPartOf\":{\"@id\":\"https:\/\/lepoint-actu.tg\/#website\"},\"primaryImageOfPage\":{\"@id\":\"https:\/\/lepoint-actu.tg\/index.php\/2024\/01\/12\/un-monument-des-assurances-tire-sa-reverence\/#primaryimage\"},\"image\":{\"@id\":\"https:\/\/lepoint-actu.tg\/index.php\/2024\/01\/12\/un-monument-des-assurances-tire-sa-reverence\/#primaryimage\"},\"thumbnailUrl\":\"https:\/\/lepoint-actu.tg\/wp-content\/uploads\/2024\/01\/BAKARY.jpg\",\"datePublished\":\"2024-01-12T10:54:49+00:00\",\"dateModified\":\"2024-01-12T10:54:50+00:00\",\"author\":{\"@id\":\"https:\/\/lepoint-actu.tg\/#\/schema\/person\/e4026d66cbdc205cab83e169ab7eaca1\"},\"breadcrumb\":{\"@id\":\"https:\/\/lepoint-actu.tg\/index.php\/2024\/01\/12\/un-monument-des-assurances-tire-sa-reverence\/#breadcrumb\"},\"inLanguage\":\"fr-FR\",\"potentialAction\":[{\"@type\":\"ReadAction\",\"target\":[\"https:\/\/lepoint-actu.tg\/index.php\/2024\/01\/12\/un-monument-des-assurances-tire-sa-reverence\/\"]}]},{\"@type\":\"ImageObject\",\"inLanguage\":\"fr-FR\",\"@id\":\"https:\/\/lepoint-actu.tg\/index.php\/2024\/01\/12\/un-monument-des-assurances-tire-sa-reverence\/#primaryimage\",\"url\":\"https:\/\/lepoint-actu.tg\/wp-content\/uploads\/2024\/01\/BAKARY.jpg\",\"contentUrl\":\"https:\/\/lepoint-actu.tg\/wp-content\/uploads\/2024\/01\/BAKARY.jpg\",\"width\":400,\"height\":383},{\"@type\":\"BreadcrumbList\",\"@id\":\"https:\/\/lepoint-actu.tg\/index.php\/2024\/01\/12\/un-monument-des-assurances-tire-sa-reverence\/#breadcrumb\",\"itemListElement\":[{\"@type\":\"ListItem\",\"position\":1,\"name\":\"Accueil\",\"item\":\"https:\/\/lepoint-actu.tg\/\"},{\"@type\":\"ListItem\",\"position\":2,\"name\":\"Un monument des assurances tire sa r\u00e9v\u00e9rence\"}]},{\"@type\":\"WebSite\",\"@id\":\"https:\/\/lepoint-actu.tg\/#website\",\"url\":\"https:\/\/lepoint-actu.tg\/\",\"name\":\"\",\"description\":\"R\u00e9c\u00e9piss\u00e9 N\u00b00022\/HAAC\/12-2020\/pL\/P, lepointactu07@gmail.com\",\"potentialAction\":[{\"@type\":\"SearchAction\",\"target\":{\"@type\":\"EntryPoint\",\"urlTemplate\":\"https:\/\/lepoint-actu.tg\/?s={search_term_string}\"},\"query-input\":{\"@type\":\"PropertyValueSpecification\",\"valueRequired\":true,\"valueName\":\"search_term_string\"}}],\"inLanguage\":\"fr-FR\"},{\"@type\":\"Person\",\"@id\":\"https:\/\/lepoint-actu.tg\/#\/schema\/person\/e4026d66cbdc205cab83e169ab7eaca1\",\"name\":\"La Redaction\",\"image\":{\"@type\":\"ImageObject\",\"inLanguage\":\"fr-FR\",\"@id\":\"https:\/\/lepoint-actu.tg\/#\/schema\/person\/image\/\",\"url\":\"https:\/\/secure.gravatar.com\/avatar\/1682a0ff7e2c36efa51c5d262eea092000ec1ce420118e6261440956730308c2?s=96&d=mm&r=g\",\"contentUrl\":\"https:\/\/secure.gravatar.com\/avatar\/1682a0ff7e2c36efa51c5d262eea092000ec1ce420118e6261440956730308c2?s=96&d=mm&r=g\",\"caption\":\"La Redaction\"},\"url\":\"https:\/\/lepoint-actu.tg\/index.php\/author\/raymondsama\/\"}]}<\/script>\n<!-- \/ Yoast SEO plugin. -->","yoast_head_json":{"title":"Un monument des assurances tire sa r\u00e9v\u00e9rence -","robots":{"index":"index","follow":"follow","max-snippet":"max-snippet:-1","max-image-preview":"max-image-preview:large","max-video-preview":"max-video-preview:-1"},"canonical":"https:\/\/lepoint-actu.tg\/index.php\/2024\/01\/12\/un-monument-des-assurances-tire-sa-reverence\/","og_locale":"fr_FR","og_type":"article","og_title":"Un monument des assurances tire sa r\u00e9v\u00e9rence -","og_description":"Bakary Kamara d\u00e9c\u00e9d\u00e9 le mercredi 10 janvier 2024 \u00e0 Nouakchott dans la maison d&rsquo;Allah au cours de la pri\u00e8re, est","og_url":"https:\/\/lepoint-actu.tg\/index.php\/2024\/01\/12\/un-monument-des-assurances-tire-sa-reverence\/","article_published_time":"2024-01-12T10:54:49+00:00","article_modified_time":"2024-01-12T10:54:50+00:00","og_image":[{"width":400,"height":383,"url":"https:\/\/lepoint-actu.tg\/wp-content\/uploads\/2024\/01\/BAKARY.jpg","type":"image\/jpeg"}],"author":"La Redaction","twitter_card":"summary_large_image","twitter_misc":{"\u00c9crit par":"La Redaction","Dur\u00e9e de lecture estim\u00e9e":"2 minutes"},"schema":{"@context":"https:\/\/schema.org","@graph":[{"@type":"WebPage","@id":"https:\/\/lepoint-actu.tg\/index.php\/2024\/01\/12\/un-monument-des-assurances-tire-sa-reverence\/","url":"https:\/\/lepoint-actu.tg\/index.php\/2024\/01\/12\/un-monument-des-assurances-tire-sa-reverence\/","name":"Un monument des assurances tire sa r\u00e9v\u00e9rence -","isPartOf":{"@id":"https:\/\/lepoint-actu.tg\/#website"},"primaryImageOfPage":{"@id":"https:\/\/lepoint-actu.tg\/index.php\/2024\/01\/12\/un-monument-des-assurances-tire-sa-reverence\/#primaryimage"},"image":{"@id":"https:\/\/lepoint-actu.tg\/index.php\/2024\/01\/12\/un-monument-des-assurances-tire-sa-reverence\/#primaryimage"},"thumbnailUrl":"https:\/\/lepoint-actu.tg\/wp-content\/uploads\/2024\/01\/BAKARY.jpg","datePublished":"2024-01-12T10:54:49+00:00","dateModified":"2024-01-12T10:54:50+00:00","author":{"@id":"https:\/\/lepoint-actu.tg\/#\/schema\/person\/e4026d66cbdc205cab83e169ab7eaca1"},"breadcrumb":{"@id":"https:\/\/lepoint-actu.tg\/index.php\/2024\/01\/12\/un-monument-des-assurances-tire-sa-reverence\/#breadcrumb"},"inLanguage":"fr-FR","potentialAction":[{"@type":"ReadAction","target":["https:\/\/lepoint-actu.tg\/index.php\/2024\/01\/12\/un-monument-des-assurances-tire-sa-reverence\/"]}]},{"@type":"ImageObject","inLanguage":"fr-FR","@id":"https:\/\/lepoint-actu.tg\/index.php\/2024\/01\/12\/un-monument-des-assurances-tire-sa-reverence\/#primaryimage","url":"https:\/\/lepoint-actu.tg\/wp-content\/uploads\/2024\/01\/BAKARY.jpg","contentUrl":"https:\/\/lepoint-actu.tg\/wp-content\/uploads\/2024\/01\/BAKARY.jpg","width":400,"height":383},{"@type":"BreadcrumbList","@id":"https:\/\/lepoint-actu.tg\/index.php\/2024\/01\/12\/un-monument-des-assurances-tire-sa-reverence\/#breadcrumb","itemListElement":[{"@type":"ListItem","position":1,"name":"Accueil","item":"https:\/\/lepoint-actu.tg\/"},{"@type":"ListItem","position":2,"name":"Un monument des assurances tire sa r\u00e9v\u00e9rence"}]},{"@type":"WebSite","@id":"https:\/\/lepoint-actu.tg\/#website","url":"https:\/\/lepoint-actu.tg\/","name":"","description":"R\u00e9c\u00e9piss\u00e9 N\u00b00022\/HAAC\/12-2020\/pL\/P, lepointactu07@gmail.com","potentialAction":[{"@type":"SearchAction","target":{"@type":"EntryPoint","urlTemplate":"https:\/\/lepoint-actu.tg\/?s={search_term_string}"},"query-input":{"@type":"PropertyValueSpecification","valueRequired":true,"valueName":"search_term_string"}}],"inLanguage":"fr-FR"},{"@type":"Person","@id":"https:\/\/lepoint-actu.tg\/#\/schema\/person\/e4026d66cbdc205cab83e169ab7eaca1","name":"La Redaction","image":{"@type":"ImageObject","inLanguage":"fr-FR","@id":"https:\/\/lepoint-actu.tg\/#\/schema\/person\/image\/","url":"https:\/\/secure.gravatar.com\/avatar\/1682a0ff7e2c36efa51c5d262eea092000ec1ce420118e6261440956730308c2?s=96&d=mm&r=g","contentUrl":"https:\/\/secure.gravatar.com\/avatar\/1682a0ff7e2c36efa51c5d262eea092000ec1ce420118e6261440956730308c2?s=96&d=mm&r=g","caption":"La Redaction"},"url":"https:\/\/lepoint-actu.tg\/index.php\/author\/raymondsama\/"}]}},"_links":{"self":[{"href":"https:\/\/lepoint-actu.tg\/index.php\/wp-json\/wp\/v2\/posts\/2772","targetHints":{"allow":["GET"]}}],"collection":[{"href":"https:\/\/lepoint-actu.tg\/index.php\/wp-json\/wp\/v2\/posts"}],"about":[{"href":"https:\/\/lepoint-actu.tg\/index.php\/wp-json\/wp\/v2\/types\/post"}],"author":[{"embeddable":true,"href":"https:\/\/lepoint-actu.tg\/index.php\/wp-json\/wp\/v2\/users\/2"}],"replies":[{"embeddable":true,"href":"https:\/\/lepoint-actu.tg\/index.php\/wp-json\/wp\/v2\/comments?post=2772"}],"version-history":[{"count":1,"href":"https:\/\/lepoint-actu.tg\/index.php\/wp-json\/wp\/v2\/posts\/2772\/revisions"}],"predecessor-version":[{"id":2774,"href":"https:\/\/lepoint-actu.tg\/index.php\/wp-json\/wp\/v2\/posts\/2772\/revisions\/2774"}],"wp:featuredmedia":[{"embeddable":true,"href":"https:\/\/lepoint-actu.tg\/index.php\/wp-json\/wp\/v2\/media\/2773"}],"wp:attachment":[{"href":"https:\/\/lepoint-actu.tg\/index.php\/wp-json\/wp\/v2\/media?parent=2772"}],"wp:term":[{"taxonomy":"category","embeddable":true,"href":"https:\/\/lepoint-actu.tg\/index.php\/wp-json\/wp\/v2\/categories?post=2772"},{"taxonomy":"post_tag","embeddable":true,"href":"https:\/\/lepoint-actu.tg\/index.php\/wp-json\/wp\/v2\/tags?post=2772"}],"curies":[{"name":"wp","href":"https:\/\/api.w.org\/{rel}","templated":true}]}}