{"id":2775,"date":"2024-01-11T11:45:07","date_gmt":"2024-01-11T11:45:07","guid":{"rendered":"https:\/\/lepoint-actu.tg\/?p=2775"},"modified":"2024-01-12T12:47:42","modified_gmt":"2024-01-12T12:47:42","slug":"grand-pas-dans-la-mutualisation-des-competences-des-enseignants-des-up-du-togo","status":"publish","type":"post","link":"https:\/\/lepoint-actu.tg\/index.php\/2024\/01\/11\/grand-pas-dans-la-mutualisation-des-competences-des-enseignants-des-up-du-togo\/","title":{"rendered":"Grand pas dans la mutualisation des comp\u00e9tences des enseignants des UP du Togo"},"content":{"rendered":"\n<p><br>Dans la perspective d\u2019une meilleure gestion, d\u2019une meilleure optimisation des ressources humaines d\u00e9di\u00e9es \u00e0 l\u2019enseignement dans les Universit\u00e9s publiques (UP) du Togo, le gouvernement se veut plus concret \u00e0 travers un d\u00e9cret examin\u00e9 en conseil des ministres mercredi 10 janvier 2024.<br>Au total deux (02) d\u00e9crets examin\u00e9s et une (01) communication \u00e9cout\u00e9e \u00e0 l\u2019occasion de ce tout premier conseil de cette ann\u00e9e 2024.<\/p>\n\n\n\n<p><strong>L\u2019essentiel du contenu du communiqu\u00e9 <\/strong>sanctionnant les travaux ci-dessous<br>\u00ab\u00a0\u00c0 l\u2019entame des travaux, Madame le Premier ministre a form\u00e9 \u00e0 l\u2019endroit de Son Excellence Monsieur le Pr\u00e9sident de la R\u00e9publique des v\u0153ux au nom du gouvernement et r\u00e9it\u00e9r\u00e9 l\u2019engagement de tous \u00e0 poursuivre, avec abn\u00e9gation et volontarisme, une action r\u00e9solue pour pr\u00e9server les acquis du d\u00e9veloppement et acc\u00e9l\u00e9rer la mise en \u0153uvre des projets de la feuille de route.<\/p>\n\n\n\n<figure class=\"wp-block-image size-full\"><img loading=\"lazy\" decoding=\"async\" width=\"696\" height=\"464\" src=\"https:\/\/lepoint-actu.tg\/wp-content\/uploads\/2024\/01\/5fbc740259e604869a24c5a4d5f16748_XL-696x464-1.jpg\" alt=\"\" class=\"wp-image-2783\" srcset=\"https:\/\/lepoint-actu.tg\/wp-content\/uploads\/2024\/01\/5fbc740259e604869a24c5a4d5f16748_XL-696x464-1.jpg 696w, https:\/\/lepoint-actu.tg\/wp-content\/uploads\/2024\/01\/5fbc740259e604869a24c5a4d5f16748_XL-696x464-1-300x200.jpg 300w\" sizes=\"auto, (max-width: 696px) 100vw, 696px\" \/><\/figure>\n\n\n\n<p><br>Le chef de l\u2019Etat a, en retour, souhait\u00e9 une bonne et heureuse ann\u00e9e aux membres du gouvernement. Il a insist\u00e9 sur la n\u00e9cessit\u00e9 de redoubler d\u2019ardeur et d\u2019efforts pour relever le d\u00e9fi de la s\u00e9curit\u00e9 et r\u00e9pondre aux attentes des populations par une satisfaction accrue des besoins sociaux de base.<br>I. Au titre des d\u00e9crets,<br>Le Conseil des ministres a examin\u00e9 et adopt\u00e9 le d\u00e9cret portant mutualisation des comp\u00e9tences des enseignants des universit\u00e9s puniques du Togo.<br>Le texte instaure la mise \u00e0 la disposition de toutes les universit\u00e9s publiques de l\u2019ensemble du personnel enseignant du sup\u00e9rieur, contractuel ou fonctionnaire, dans la limite du volume horaire statutaire d\u00e9coulant des obligations de service.<br>L\u2019adoption de ce d\u00e9cret instaure un syst\u00e8me de mutualisation des ressources humaines d\u00e9di\u00e9es \u00e0 l\u2019enseignement et \u00e0 la recherche dans les universit\u00e9s publiques, en vue d\u2019optimiser l\u2019utilisation du personnel enseignant et du personnel d\u2019encadrement.<br>Le Conseil des ministres a examin\u00e9 et adopt\u00e9 le d\u00e9cret portant transformation de l\u2019office du brevet de technicien sup\u00e9rieur (OBTS) en office des examens professionnels du sup\u00e9rieur (OEPS).<br>Dans le but de r\u00e9aliser les objectifs de l\u2019assurance qualit\u00e9 dans le syst\u00e8me \u00e9ducatif au sein des \u00e9tablissements d\u2019enseignement sup\u00e9rieur et r\u00e9aliser l\u2019\u00e9galit\u00e9 entre les \u00e9tudiants du public et du priv\u00e9, il a \u00e9t\u00e9 institu\u00e9, pour compter de l\u2019ann\u00e9e acad\u00e9mique 2023-2024, des examens d\u2019\u00c9tat ou examens nationaux, dans les \u00e9tablissements priv\u00e9s d\u2019enseignement sup\u00e9rieur, pour les grades de licence et de master professionnels.<br>Pour ce faire, il est n\u00e9cessaire d\u2019\u00e9tendre les comp\u00e9tences actuelles de l\u2019office du brevet de technicien sup\u00e9rieur pour lui permettre d\u2019organiser ces examens nationaux, \u00e0 l\u2019endroit des \u00e9tudiants inscrits dans les \u00e9tablissements priv\u00e9s.<br>L\u2019adoption de ce d\u00e9cret vise donc \u00e0 mettre sur un pied d\u2019\u00e9galit\u00e9 les \u00e9tudiants du public et ceux des \u00e9tablissements priv\u00e9s qui aspirent \u00e0 un m\u00eame dipl\u00f4me, en les soumettant aux m\u00eames \u00e9preuves.<br>II. Au titre des communications,<br>Le Conseil des ministres a \u00e9cout\u00e9 une communication relative \u00e0 l\u2019accord de l\u2019Organisation mondiale du commerce (OMC) sur les subventions \u00e0 la p\u00eache, pr\u00e9sent\u00e9e par le ministre de l\u2019\u00e9conomie maritime, de la p\u00eache et de la protection c\u00f4ti\u00e8re.<br>Notre pays a adopt\u00e9 plusieurs textes juridiques relatifs \u00e0 la gouvernance et \u00e0 la mise en \u0153uvre des politiques en mati\u00e8re de p\u00eache et d\u2019aquaculture durables et \u00e9quitables.<br>\u00c0 l\u2019instar des autres \u00c9tats membres de l\u2019Organisation mondiale du commerce (OMC), le Togo est invit\u00e9 \u00e0 accepter l\u2019Accord sur les subventions \u00e0 la p\u00eache, adopt\u00e9 \u00e0 Gen\u00e8ve le 17 juin 2022, pour intensifier les mesures d\u00e9j\u00e0 prises, \u00e0 travers l\u2019instauration de nouvelles r\u00e8gles visant \u00e0 r\u00e9duire les subventions pr\u00e9judiciables et \u00e0 prot\u00e9ger les stocks mondiaux de poissons.<br>Le chef de l\u2019\u00c9tat a instruit le gouvernement de prendre les dispositions idoines pour achever le processus d\u2019approbation et en d\u00e9poser les instruments aupr\u00e8s de l\u2019Organisation mondiale du commerce\u00a0\u00bb.<\/p>\n","protected":false},"excerpt":{"rendered":"<p>Dans la perspective d\u2019une meilleure gestion, d\u2019une meilleure optimisation des ressources humaines d\u00e9di\u00e9es \u00e0 l\u2019enseignement dans les Universit\u00e9s publiques (UP)<\/p>\n","protected":false},"author":2,"featured_media":2778,"comment_status":"open","ping_status":"closed","sticky":false,"template":"","format":"standard","meta":{"footnotes":""},"categories":[1],"tags":[],"class_list":["post-2775","post","type-post","status-publish","format-standard","has-post-thumbnail","hentry","category-societe"],"yoast_head":"<!-- This site is optimized with the Yoast SEO plugin v23.9 - https:\/\/yoast.com\/wordpress\/plugins\/seo\/ -->\n<title>Grand pas dans la mutualisation des comp\u00e9tences des enseignants des UP du Togo -<\/title>\n<meta name=\"robots\" content=\"index, follow, max-snippet:-1, max-image-preview:large, max-video-preview:-1\" \/>\n<link rel=\"canonical\" href=\"https:\/\/lepoint-actu.tg\/index.php\/2024\/01\/11\/grand-pas-dans-la-mutualisation-des-competences-des-enseignants-des-up-du-togo\/\" \/>\n<meta property=\"og:locale\" content=\"fr_FR\" \/>\n<meta property=\"og:type\" content=\"article\" \/>\n<meta property=\"og:title\" content=\"Grand pas dans la mutualisation des comp\u00e9tences des enseignants des UP du Togo -\" \/>\n<meta property=\"og:description\" content=\"Dans la perspective d\u2019une meilleure gestion, d\u2019une meilleure optimisation des ressources humaines d\u00e9di\u00e9es \u00e0 l\u2019enseignement dans les Universit\u00e9s publiques (UP)\" \/>\n<meta property=\"og:url\" content=\"https:\/\/lepoint-actu.tg\/index.php\/2024\/01\/11\/grand-pas-dans-la-mutualisation-des-competences-des-enseignants-des-up-du-togo\/\" \/>\n<meta property=\"article:published_time\" content=\"2024-01-11T11:45:07+00:00\" \/>\n<meta property=\"article:modified_time\" content=\"2024-01-12T12:47:42+00:00\" \/>\n<meta property=\"og:image\" content=\"https:\/\/lepoint-actu.tg\/wp-content\/uploads\/2024\/01\/IMG-20240112-WA0070_1.jpg\" \/>\n\t<meta property=\"og:image:width\" content=\"272\" \/>\n\t<meta property=\"og:image:height\" content=\"289\" \/>\n\t<meta property=\"og:image:type\" content=\"image\/jpeg\" \/>\n<meta name=\"author\" content=\"La Redaction\" \/>\n<meta name=\"twitter:card\" content=\"summary_large_image\" \/>\n<meta name=\"twitter:label1\" content=\"\u00c9crit par\" \/>\n\t<meta name=\"twitter:data1\" content=\"La Redaction\" \/>\n\t<meta name=\"twitter:label2\" content=\"Dur\u00e9e de lecture estim\u00e9e\" \/>\n\t<meta name=\"twitter:data2\" content=\"3 minutes\" \/>\n<script type=\"application\/ld+json\" class=\"yoast-schema-graph\">{\"@context\":\"https:\/\/schema.org\",\"@graph\":[{\"@type\":\"WebPage\",\"@id\":\"https:\/\/lepoint-actu.tg\/index.php\/2024\/01\/11\/grand-pas-dans-la-mutualisation-des-competences-des-enseignants-des-up-du-togo\/\",\"url\":\"https:\/\/lepoint-actu.tg\/index.php\/2024\/01\/11\/grand-pas-dans-la-mutualisation-des-competences-des-enseignants-des-up-du-togo\/\",\"name\":\"Grand pas dans la mutualisation des comp\u00e9tences des enseignants des UP du Togo -\",\"isPartOf\":{\"@id\":\"https:\/\/lepoint-actu.tg\/#website\"},\"primaryImageOfPage\":{\"@id\":\"https:\/\/lepoint-actu.tg\/index.php\/2024\/01\/11\/grand-pas-dans-la-mutualisation-des-competences-des-enseignants-des-up-du-togo\/#primaryimage\"},\"image\":{\"@id\":\"https:\/\/lepoint-actu.tg\/index.php\/2024\/01\/11\/grand-pas-dans-la-mutualisation-des-competences-des-enseignants-des-up-du-togo\/#primaryimage\"},\"thumbnailUrl\":\"https:\/\/lepoint-actu.tg\/wp-content\/uploads\/2024\/01\/IMG-20240112-WA0070_1.jpg\",\"datePublished\":\"2024-01-11T11:45:07+00:00\",\"dateModified\":\"2024-01-12T12:47:42+00:00\",\"author\":{\"@id\":\"https:\/\/lepoint-actu.tg\/#\/schema\/person\/e4026d66cbdc205cab83e169ab7eaca1\"},\"breadcrumb\":{\"@id\":\"https:\/\/lepoint-actu.tg\/index.php\/2024\/01\/11\/grand-pas-dans-la-mutualisation-des-competences-des-enseignants-des-up-du-togo\/#breadcrumb\"},\"inLanguage\":\"fr-FR\",\"potentialAction\":[{\"@type\":\"ReadAction\",\"target\":[\"https:\/\/lepoint-actu.tg\/index.php\/2024\/01\/11\/grand-pas-dans-la-mutualisation-des-competences-des-enseignants-des-up-du-togo\/\"]}]},{\"@type\":\"ImageObject\",\"inLanguage\":\"fr-FR\",\"@id\":\"https:\/\/lepoint-actu.tg\/index.php\/2024\/01\/11\/grand-pas-dans-la-mutualisation-des-competences-des-enseignants-des-up-du-togo\/#primaryimage\",\"url\":\"https:\/\/lepoint-actu.tg\/wp-content\/uploads\/2024\/01\/IMG-20240112-WA0070_1.jpg\",\"contentUrl\":\"https:\/\/lepoint-actu.tg\/wp-content\/uploads\/2024\/01\/IMG-20240112-WA0070_1.jpg\",\"width\":272,\"height\":289},{\"@type\":\"BreadcrumbList\",\"@id\":\"https:\/\/lepoint-actu.tg\/index.php\/2024\/01\/11\/grand-pas-dans-la-mutualisation-des-competences-des-enseignants-des-up-du-togo\/#breadcrumb\",\"itemListElement\":[{\"@type\":\"ListItem\",\"position\":1,\"name\":\"Accueil\",\"item\":\"https:\/\/lepoint-actu.tg\/\"},{\"@type\":\"ListItem\",\"position\":2,\"name\":\"Grand pas dans la mutualisation des comp\u00e9tences des enseignants des UP du Togo\"}]},{\"@type\":\"WebSite\",\"@id\":\"https:\/\/lepoint-actu.tg\/#website\",\"url\":\"https:\/\/lepoint-actu.tg\/\",\"name\":\"\",\"description\":\"R\u00e9c\u00e9piss\u00e9 N\u00b00022\/HAAC\/12-2020\/pL\/P, lepointactu07@gmail.com\",\"potentialAction\":[{\"@type\":\"SearchAction\",\"target\":{\"@type\":\"EntryPoint\",\"urlTemplate\":\"https:\/\/lepoint-actu.tg\/?s={search_term_string}\"},\"query-input\":{\"@type\":\"PropertyValueSpecification\",\"valueRequired\":true,\"valueName\":\"search_term_string\"}}],\"inLanguage\":\"fr-FR\"},{\"@type\":\"Person\",\"@id\":\"https:\/\/lepoint-actu.tg\/#\/schema\/person\/e4026d66cbdc205cab83e169ab7eaca1\",\"name\":\"La Redaction\",\"image\":{\"@type\":\"ImageObject\",\"inLanguage\":\"fr-FR\",\"@id\":\"https:\/\/lepoint-actu.tg\/#\/schema\/person\/image\/\",\"url\":\"https:\/\/secure.gravatar.com\/avatar\/1682a0ff7e2c36efa51c5d262eea092000ec1ce420118e6261440956730308c2?s=96&d=mm&r=g\",\"contentUrl\":\"https:\/\/secure.gravatar.com\/avatar\/1682a0ff7e2c36efa51c5d262eea092000ec1ce420118e6261440956730308c2?s=96&d=mm&r=g\",\"caption\":\"La Redaction\"},\"url\":\"https:\/\/lepoint-actu.tg\/index.php\/author\/raymondsama\/\"}]}<\/script>\n<!-- \/ Yoast SEO plugin. -->","yoast_head_json":{"title":"Grand pas dans la mutualisation des comp\u00e9tences des enseignants des UP du Togo -","robots":{"index":"index","follow":"follow","max-snippet":"max-snippet:-1","max-image-preview":"max-image-preview:large","max-video-preview":"max-video-preview:-1"},"canonical":"https:\/\/lepoint-actu.tg\/index.php\/2024\/01\/11\/grand-pas-dans-la-mutualisation-des-competences-des-enseignants-des-up-du-togo\/","og_locale":"fr_FR","og_type":"article","og_title":"Grand pas dans la mutualisation des comp\u00e9tences des enseignants des UP du Togo -","og_description":"Dans la perspective d\u2019une meilleure gestion, d\u2019une meilleure optimisation des ressources humaines d\u00e9di\u00e9es \u00e0 l\u2019enseignement dans les Universit\u00e9s publiques (UP)","og_url":"https:\/\/lepoint-actu.tg\/index.php\/2024\/01\/11\/grand-pas-dans-la-mutualisation-des-competences-des-enseignants-des-up-du-togo\/","article_published_time":"2024-01-11T11:45:07+00:00","article_modified_time":"2024-01-12T12:47:42+00:00","og_image":[{"width":272,"height":289,"url":"https:\/\/lepoint-actu.tg\/wp-content\/uploads\/2024\/01\/IMG-20240112-WA0070_1.jpg","type":"image\/jpeg"}],"author":"La Redaction","twitter_card":"summary_large_image","twitter_misc":{"\u00c9crit par":"La Redaction","Dur\u00e9e de lecture estim\u00e9e":"3 minutes"},"schema":{"@context":"https:\/\/schema.org","@graph":[{"@type":"WebPage","@id":"https:\/\/lepoint-actu.tg\/index.php\/2024\/01\/11\/grand-pas-dans-la-mutualisation-des-competences-des-enseignants-des-up-du-togo\/","url":"https:\/\/lepoint-actu.tg\/index.php\/2024\/01\/11\/grand-pas-dans-la-mutualisation-des-competences-des-enseignants-des-up-du-togo\/","name":"Grand pas dans la mutualisation des comp\u00e9tences des enseignants des UP du Togo -","isPartOf":{"@id":"https:\/\/lepoint-actu.tg\/#website"},"primaryImageOfPage":{"@id":"https:\/\/lepoint-actu.tg\/index.php\/2024\/01\/11\/grand-pas-dans-la-mutualisation-des-competences-des-enseignants-des-up-du-togo\/#primaryimage"},"image":{"@id":"https:\/\/lepoint-actu.tg\/index.php\/2024\/01\/11\/grand-pas-dans-la-mutualisation-des-competences-des-enseignants-des-up-du-togo\/#primaryimage"},"thumbnailUrl":"https:\/\/lepoint-actu.tg\/wp-content\/uploads\/2024\/01\/IMG-20240112-WA0070_1.jpg","datePublished":"2024-01-11T11:45:07+00:00","dateModified":"2024-01-12T12:47:42+00:00","author":{"@id":"https:\/\/lepoint-actu.tg\/#\/schema\/person\/e4026d66cbdc205cab83e169ab7eaca1"},"breadcrumb":{"@id":"https:\/\/lepoint-actu.tg\/index.php\/2024\/01\/11\/grand-pas-dans-la-mutualisation-des-competences-des-enseignants-des-up-du-togo\/#breadcrumb"},"inLanguage":"fr-FR","potentialAction":[{"@type":"ReadAction","target":["https:\/\/lepoint-actu.tg\/index.php\/2024\/01\/11\/grand-pas-dans-la-mutualisation-des-competences-des-enseignants-des-up-du-togo\/"]}]},{"@type":"ImageObject","inLanguage":"fr-FR","@id":"https:\/\/lepoint-actu.tg\/index.php\/2024\/01\/11\/grand-pas-dans-la-mutualisation-des-competences-des-enseignants-des-up-du-togo\/#primaryimage","url":"https:\/\/lepoint-actu.tg\/wp-content\/uploads\/2024\/01\/IMG-20240112-WA0070_1.jpg","contentUrl":"https:\/\/lepoint-actu.tg\/wp-content\/uploads\/2024\/01\/IMG-20240112-WA0070_1.jpg","width":272,"height":289},{"@type":"BreadcrumbList","@id":"https:\/\/lepoint-actu.tg\/index.php\/2024\/01\/11\/grand-pas-dans-la-mutualisation-des-competences-des-enseignants-des-up-du-togo\/#breadcrumb","itemListElement":[{"@type":"ListItem","position":1,"name":"Accueil","item":"https:\/\/lepoint-actu.tg\/"},{"@type":"ListItem","position":2,"name":"Grand pas dans la mutualisation des comp\u00e9tences des enseignants des UP du Togo"}]},{"@type":"WebSite","@id":"https:\/\/lepoint-actu.tg\/#website","url":"https:\/\/lepoint-actu.tg\/","name":"","description":"R\u00e9c\u00e9piss\u00e9 N\u00b00022\/HAAC\/12-2020\/pL\/P, lepointactu07@gmail.com","potentialAction":[{"@type":"SearchAction","target":{"@type":"EntryPoint","urlTemplate":"https:\/\/lepoint-actu.tg\/?s={search_term_string}"},"query-input":{"@type":"PropertyValueSpecification","valueRequired":true,"valueName":"search_term_string"}}],"inLanguage":"fr-FR"},{"@type":"Person","@id":"https:\/\/lepoint-actu.tg\/#\/schema\/person\/e4026d66cbdc205cab83e169ab7eaca1","name":"La Redaction","image":{"@type":"ImageObject","inLanguage":"fr-FR","@id":"https:\/\/lepoint-actu.tg\/#\/schema\/person\/image\/","url":"https:\/\/secure.gravatar.com\/avatar\/1682a0ff7e2c36efa51c5d262eea092000ec1ce420118e6261440956730308c2?s=96&d=mm&r=g","contentUrl":"https:\/\/secure.gravatar.com\/avatar\/1682a0ff7e2c36efa51c5d262eea092000ec1ce420118e6261440956730308c2?s=96&d=mm&r=g","caption":"La Redaction"},"url":"https:\/\/lepoint-actu.tg\/index.php\/author\/raymondsama\/"}]}},"_links":{"self":[{"href":"https:\/\/lepoint-actu.tg\/index.php\/wp-json\/wp\/v2\/posts\/2775","targetHints":{"allow":["GET"]}}],"collection":[{"href":"https:\/\/lepoint-actu.tg\/index.php\/wp-json\/wp\/v2\/posts"}],"about":[{"href":"https:\/\/lepoint-actu.tg\/index.php\/wp-json\/wp\/v2\/types\/post"}],"author":[{"embeddable":true,"href":"https:\/\/lepoint-actu.tg\/index.php\/wp-json\/wp\/v2\/users\/2"}],"replies":[{"embeddable":true,"href":"https:\/\/lepoint-actu.tg\/index.php\/wp-json\/wp\/v2\/comments?post=2775"}],"version-history":[{"count":2,"href":"https:\/\/lepoint-actu.tg\/index.php\/wp-json\/wp\/v2\/posts\/2775\/revisions"}],"predecessor-version":[{"id":2784,"href":"https:\/\/lepoint-actu.tg\/index.php\/wp-json\/wp\/v2\/posts\/2775\/revisions\/2784"}],"wp:featuredmedia":[{"embeddable":true,"href":"https:\/\/lepoint-actu.tg\/index.php\/wp-json\/wp\/v2\/media\/2778"}],"wp:attachment":[{"href":"https:\/\/lepoint-actu.tg\/index.php\/wp-json\/wp\/v2\/media?parent=2775"}],"wp:term":[{"taxonomy":"category","embeddable":true,"href":"https:\/\/lepoint-actu.tg\/index.php\/wp-json\/wp\/v2\/categories?post=2775"},{"taxonomy":"post_tag","embeddable":true,"href":"https:\/\/lepoint-actu.tg\/index.php\/wp-json\/wp\/v2\/tags?post=2775"}],"curies":[{"name":"wp","href":"https:\/\/api.w.org\/{rel}","templated":true}]}}