{"id":2794,"date":"2024-01-06T09:00:29","date_gmt":"2024-01-06T09:00:29","guid":{"rendered":"https:\/\/lepoint-actu.tg\/?p=2794"},"modified":"2024-01-17T09:03:50","modified_gmt":"2024-01-17T09:03:50","slug":"le-togo-parmi-les-pays-africains-a-forte-croissance-en-2024","status":"publish","type":"post","link":"https:\/\/lepoint-actu.tg\/index.php\/2024\/01\/06\/le-togo-parmi-les-pays-africains-a-forte-croissance-en-2024\/","title":{"rendered":"Le Togo parmi les pays africains \u00e0 forte croissance en 2024"},"content":{"rendered":"\n<p><br>Des perspectives \u00e9conomiques encourageantes, une croissance soutenue et une \u00e9conomie r\u00e9siliente malgr\u00e9 les chocs ext\u00e9rieurs\u00a0; c\u2019est bien les caract\u00e9ristiques que pr\u00e9sentent selon des sources bien renseign\u00e9es, dignes de foi, le Togo. Il s\u2019agit des succ\u00e8s qui ont \u00e9t\u00e9 internationalement reconnus, comme en t\u00e9moigne le rapport de \u201cThe Economist Intelligence Unit\u201d sur la croissance \u00e9conomique en 2024.<br>Selon ce rapport intitul\u00e9 \u201cAfrica Outlook 2024 \u2013 Strong growth amid heated elections and financial woes\u201d, le Togo est inclus dans la courte liste des douze pays africains figurant parmi les vingt champions de la croissance \u00e9conomique en 2024. Aux c\u00f4t\u00e9s du Togo, on retrouve des pays tels que le S\u00e9n\u00e9gal, la Mauritanie, la Libye, le Rwanda, la C\u00f4te d\u2019Ivoire, la RD Congo, le B\u00e9nin, l\u2019Ouganda, l\u2019\u00c9thiopie, le Mozambique et la Tanzanie. L\u2019Afrique devrait ainsi enregistrer la deuxi\u00e8me plus forte croissance \u00e9conomique au monde en 2024, avec un PIB r\u00e9el estim\u00e9 \u00e0 cro\u00eetre de 3,2 %, compar\u00e9 \u00e0 une estimation de 2,6 % en 2023.<br>Gr\u00e2ce aux nombreuses initiatives port\u00e9es par le Pr\u00e9sident de la R\u00e9publique, Faure Essozimna Gnassingb\u00e9, le Togo a enregistr\u00e9 une croissance \u00e9conomique estim\u00e9e \u00e0 6,4 % en 2023, contre 5,8 % en 2022. Les perspectives \u00e9conomiques pour 2024 pr\u00e9voient une stabilit\u00e9 avec un taux de croissance r\u00e9el de 6,6 %.<br>Ces performances \u00e9conomiques du Togo r\u00e9sultent de r\u00e9formes \u00e9conomiques majeures qui ont impact\u00e9 positivement certains secteurs cl\u00e9s, notamment le secteur tertiaire. Le trafic portuaire de marchandises a fortement augment\u00e9 gr\u00e2ce \u00e0 des investissements ayant positionn\u00e9 le Port autonome de Lom\u00e9 comme le quatri\u00e8me meilleur port \u00e0 conteneurs en Afrique et leader dans la sous-r\u00e9gion. Le secteur du fret a \u00e9galement montr\u00e9 une forte r\u00e9silience malgr\u00e9 les incertitudes \u00e9conomiques mondiales et r\u00e9gionales.<br>En 2023, la contribution du secteur tertiaire \u00e0 la croissance \u00e9conomique s\u2019est \u00e9lev\u00e9e \u00e0 4,1 %, d\u00e9passant la pr\u00e9vision initiale de 4,0 %. Le taux d\u2019inflation moyen pour la m\u00eame ann\u00e9e s\u2019est \u00e9tabli \u00e0 5,7 %, compar\u00e9 \u00e0 7,5 % un an plus t\u00f4t, en raison d\u2019une am\u00e9lioration de l\u2019offre des produits alimentaires.<br>Le Pr\u00e9sident de la R\u00e9publique a \u00e9galement jou\u00e9 un r\u00f4le pr\u00e9pond\u00e9rant dans le secteur agricole en se r\u00e9unissant avec les acteurs du domaine pour discuter des strat\u00e9gies visant \u00e0 am\u00e9liorer la productivit\u00e9 agricole.<br>Ces avanc\u00e9es positives s\u2019inscrivent dans un contexte de d\u00e9c\u00e9l\u00e9ration g\u00e9n\u00e9rale des prix de consommation et d\u2019un endettement public soutenable malgr\u00e9 les tensions inflationnistes mondiales et le durcissement des conditions financi\u00e8res. Le secteur financier a \u00e9galement contribu\u00e9 \u00e0 cette croissance positive en \u00e9largissant ses services, confirmant ainsi la position du Togo en tant que plateforme financi\u00e8re r\u00e9gionale.<br>Les performances \u00e9conomiques du Togo sont \u00e9galement le r\u00e9sultat des r\u00e9formes entreprises sous la direction du chef de l\u2019\u00c9tat en mati\u00e8re de gestion des finances publiques. L\u2019am\u00e9lioration du climat des affaires a renforc\u00e9 l\u2019attractivit\u00e9 du Togo, mobilisant des investissements importants tels que la Plateforme industrielle d\u2019Ad\u00e9tikop\u00e9 (PIA), une nouvelle zone \u00e9conomique multimodale couvrant des secteurs tels que la logistique, l\u2019agriculture, l\u2019automobile, la pharmacie et la cosm\u00e9tique.<br>Pour beaucoup, ces r\u00e9formes et initiatives audacieuses ont permis de maintenir un cadre macro-\u00e9conomique stable, d\u2019assurer la r\u00e9silience de l\u2019\u00e9conomie et d\u2019am\u00e9liorer le bien-\u00eatre des populations.<\/p>\n\n\n\n<p><strong><em>Valentine Bia<\/em><\/strong><\/p>\n","protected":false},"excerpt":{"rendered":"<p>Des perspectives \u00e9conomiques encourageantes, une croissance soutenue et une \u00e9conomie r\u00e9siliente malgr\u00e9 les chocs ext\u00e9rieurs\u00a0; c\u2019est bien les caract\u00e9ristiques que<\/p>\n","protected":false},"author":2,"featured_media":2517,"comment_status":"open","ping_status":"closed","sticky":false,"template":"","format":"standard","meta":{"footnotes":""},"categories":[4],"tags":[],"class_list":["post-2794","post","type-post","status-publish","format-standard","has-post-thumbnail","hentry","category-economie"],"yoast_head":"<!-- This site is optimized with the Yoast SEO plugin v23.9 - https:\/\/yoast.com\/wordpress\/plugins\/seo\/ -->\n<title>Le Togo parmi les pays africains \u00e0 forte croissance en 2024 -<\/title>\n<meta name=\"robots\" content=\"index, follow, max-snippet:-1, max-image-preview:large, max-video-preview:-1\" \/>\n<link rel=\"canonical\" href=\"https:\/\/lepoint-actu.tg\/index.php\/2024\/01\/06\/le-togo-parmi-les-pays-africains-a-forte-croissance-en-2024\/\" \/>\n<meta property=\"og:locale\" content=\"fr_FR\" \/>\n<meta property=\"og:type\" content=\"article\" \/>\n<meta property=\"og:title\" content=\"Le Togo parmi les pays africains \u00e0 forte croissance en 2024 -\" \/>\n<meta property=\"og:description\" content=\"Des perspectives \u00e9conomiques encourageantes, une croissance soutenue et une \u00e9conomie r\u00e9siliente malgr\u00e9 les chocs ext\u00e9rieurs\u00a0; c\u2019est bien les caract\u00e9ristiques que\" \/>\n<meta property=\"og:url\" content=\"https:\/\/lepoint-actu.tg\/index.php\/2024\/01\/06\/le-togo-parmi-les-pays-africains-a-forte-croissance-en-2024\/\" \/>\n<meta property=\"article:published_time\" content=\"2024-01-06T09:00:29+00:00\" \/>\n<meta property=\"article:modified_time\" content=\"2024-01-17T09:03:50+00:00\" \/>\n<meta property=\"og:image\" content=\"https:\/\/lepoint-actu.tg\/wp-content\/uploads\/2023\/09\/Nomination-gouvernement-premier-ministre-madame-Victoire-Tomegah-Dogbe-scaled_1.jpg\" \/>\n\t<meta property=\"og:image:width\" content=\"461\" \/>\n\t<meta property=\"og:image:height\" content=\"626\" \/>\n\t<meta property=\"og:image:type\" content=\"image\/jpeg\" \/>\n<meta name=\"author\" content=\"La Redaction\" \/>\n<meta name=\"twitter:card\" content=\"summary_large_image\" \/>\n<meta name=\"twitter:label1\" content=\"\u00c9crit par\" \/>\n\t<meta name=\"twitter:data1\" content=\"La Redaction\" \/>\n\t<meta name=\"twitter:label2\" content=\"Dur\u00e9e de lecture estim\u00e9e\" \/>\n\t<meta name=\"twitter:data2\" content=\"3 minutes\" \/>\n<script type=\"application\/ld+json\" class=\"yoast-schema-graph\">{\"@context\":\"https:\/\/schema.org\",\"@graph\":[{\"@type\":\"WebPage\",\"@id\":\"https:\/\/lepoint-actu.tg\/index.php\/2024\/01\/06\/le-togo-parmi-les-pays-africains-a-forte-croissance-en-2024\/\",\"url\":\"https:\/\/lepoint-actu.tg\/index.php\/2024\/01\/06\/le-togo-parmi-les-pays-africains-a-forte-croissance-en-2024\/\",\"name\":\"Le Togo parmi les pays africains \u00e0 forte croissance en 2024 -\",\"isPartOf\":{\"@id\":\"https:\/\/lepoint-actu.tg\/#website\"},\"primaryImageOfPage\":{\"@id\":\"https:\/\/lepoint-actu.tg\/index.php\/2024\/01\/06\/le-togo-parmi-les-pays-africains-a-forte-croissance-en-2024\/#primaryimage\"},\"image\":{\"@id\":\"https:\/\/lepoint-actu.tg\/index.php\/2024\/01\/06\/le-togo-parmi-les-pays-africains-a-forte-croissance-en-2024\/#primaryimage\"},\"thumbnailUrl\":\"https:\/\/lepoint-actu.tg\/wp-content\/uploads\/2023\/09\/Nomination-gouvernement-premier-ministre-madame-Victoire-Tomegah-Dogbe-scaled_1.jpg\",\"datePublished\":\"2024-01-06T09:00:29+00:00\",\"dateModified\":\"2024-01-17T09:03:50+00:00\",\"author\":{\"@id\":\"https:\/\/lepoint-actu.tg\/#\/schema\/person\/e4026d66cbdc205cab83e169ab7eaca1\"},\"breadcrumb\":{\"@id\":\"https:\/\/lepoint-actu.tg\/index.php\/2024\/01\/06\/le-togo-parmi-les-pays-africains-a-forte-croissance-en-2024\/#breadcrumb\"},\"inLanguage\":\"fr-FR\",\"potentialAction\":[{\"@type\":\"ReadAction\",\"target\":[\"https:\/\/lepoint-actu.tg\/index.php\/2024\/01\/06\/le-togo-parmi-les-pays-africains-a-forte-croissance-en-2024\/\"]}]},{\"@type\":\"ImageObject\",\"inLanguage\":\"fr-FR\",\"@id\":\"https:\/\/lepoint-actu.tg\/index.php\/2024\/01\/06\/le-togo-parmi-les-pays-africains-a-forte-croissance-en-2024\/#primaryimage\",\"url\":\"https:\/\/lepoint-actu.tg\/wp-content\/uploads\/2023\/09\/Nomination-gouvernement-premier-ministre-madame-Victoire-Tomegah-Dogbe-scaled_1.jpg\",\"contentUrl\":\"https:\/\/lepoint-actu.tg\/wp-content\/uploads\/2023\/09\/Nomination-gouvernement-premier-ministre-madame-Victoire-Tomegah-Dogbe-scaled_1.jpg\",\"width\":461,\"height\":626},{\"@type\":\"BreadcrumbList\",\"@id\":\"https:\/\/lepoint-actu.tg\/index.php\/2024\/01\/06\/le-togo-parmi-les-pays-africains-a-forte-croissance-en-2024\/#breadcrumb\",\"itemListElement\":[{\"@type\":\"ListItem\",\"position\":1,\"name\":\"Accueil\",\"item\":\"https:\/\/lepoint-actu.tg\/\"},{\"@type\":\"ListItem\",\"position\":2,\"name\":\"Le Togo parmi les pays africains \u00e0 forte croissance en 2024\"}]},{\"@type\":\"WebSite\",\"@id\":\"https:\/\/lepoint-actu.tg\/#website\",\"url\":\"https:\/\/lepoint-actu.tg\/\",\"name\":\"\",\"description\":\"R\u00e9c\u00e9piss\u00e9 N\u00b00022\/HAAC\/12-2020\/pL\/P, lepointactu07@gmail.com\",\"potentialAction\":[{\"@type\":\"SearchAction\",\"target\":{\"@type\":\"EntryPoint\",\"urlTemplate\":\"https:\/\/lepoint-actu.tg\/?s={search_term_string}\"},\"query-input\":{\"@type\":\"PropertyValueSpecification\",\"valueRequired\":true,\"valueName\":\"search_term_string\"}}],\"inLanguage\":\"fr-FR\"},{\"@type\":\"Person\",\"@id\":\"https:\/\/lepoint-actu.tg\/#\/schema\/person\/e4026d66cbdc205cab83e169ab7eaca1\",\"name\":\"La Redaction\",\"image\":{\"@type\":\"ImageObject\",\"inLanguage\":\"fr-FR\",\"@id\":\"https:\/\/lepoint-actu.tg\/#\/schema\/person\/image\/\",\"url\":\"https:\/\/secure.gravatar.com\/avatar\/1682a0ff7e2c36efa51c5d262eea092000ec1ce420118e6261440956730308c2?s=96&d=mm&r=g\",\"contentUrl\":\"https:\/\/secure.gravatar.com\/avatar\/1682a0ff7e2c36efa51c5d262eea092000ec1ce420118e6261440956730308c2?s=96&d=mm&r=g\",\"caption\":\"La Redaction\"},\"url\":\"https:\/\/lepoint-actu.tg\/index.php\/author\/raymondsama\/\"}]}<\/script>\n<!-- \/ Yoast SEO plugin. -->","yoast_head_json":{"title":"Le Togo parmi les pays africains \u00e0 forte croissance en 2024 -","robots":{"index":"index","follow":"follow","max-snippet":"max-snippet:-1","max-image-preview":"max-image-preview:large","max-video-preview":"max-video-preview:-1"},"canonical":"https:\/\/lepoint-actu.tg\/index.php\/2024\/01\/06\/le-togo-parmi-les-pays-africains-a-forte-croissance-en-2024\/","og_locale":"fr_FR","og_type":"article","og_title":"Le Togo parmi les pays africains \u00e0 forte croissance en 2024 -","og_description":"Des perspectives \u00e9conomiques encourageantes, une croissance soutenue et une \u00e9conomie r\u00e9siliente malgr\u00e9 les chocs ext\u00e9rieurs\u00a0; c\u2019est bien les caract\u00e9ristiques que","og_url":"https:\/\/lepoint-actu.tg\/index.php\/2024\/01\/06\/le-togo-parmi-les-pays-africains-a-forte-croissance-en-2024\/","article_published_time":"2024-01-06T09:00:29+00:00","article_modified_time":"2024-01-17T09:03:50+00:00","og_image":[{"width":461,"height":626,"url":"https:\/\/lepoint-actu.tg\/wp-content\/uploads\/2023\/09\/Nomination-gouvernement-premier-ministre-madame-Victoire-Tomegah-Dogbe-scaled_1.jpg","type":"image\/jpeg"}],"author":"La Redaction","twitter_card":"summary_large_image","twitter_misc":{"\u00c9crit par":"La Redaction","Dur\u00e9e de lecture estim\u00e9e":"3 minutes"},"schema":{"@context":"https:\/\/schema.org","@graph":[{"@type":"WebPage","@id":"https:\/\/lepoint-actu.tg\/index.php\/2024\/01\/06\/le-togo-parmi-les-pays-africains-a-forte-croissance-en-2024\/","url":"https:\/\/lepoint-actu.tg\/index.php\/2024\/01\/06\/le-togo-parmi-les-pays-africains-a-forte-croissance-en-2024\/","name":"Le Togo parmi les pays africains \u00e0 forte croissance en 2024 -","isPartOf":{"@id":"https:\/\/lepoint-actu.tg\/#website"},"primaryImageOfPage":{"@id":"https:\/\/lepoint-actu.tg\/index.php\/2024\/01\/06\/le-togo-parmi-les-pays-africains-a-forte-croissance-en-2024\/#primaryimage"},"image":{"@id":"https:\/\/lepoint-actu.tg\/index.php\/2024\/01\/06\/le-togo-parmi-les-pays-africains-a-forte-croissance-en-2024\/#primaryimage"},"thumbnailUrl":"https:\/\/lepoint-actu.tg\/wp-content\/uploads\/2023\/09\/Nomination-gouvernement-premier-ministre-madame-Victoire-Tomegah-Dogbe-scaled_1.jpg","datePublished":"2024-01-06T09:00:29+00:00","dateModified":"2024-01-17T09:03:50+00:00","author":{"@id":"https:\/\/lepoint-actu.tg\/#\/schema\/person\/e4026d66cbdc205cab83e169ab7eaca1"},"breadcrumb":{"@id":"https:\/\/lepoint-actu.tg\/index.php\/2024\/01\/06\/le-togo-parmi-les-pays-africains-a-forte-croissance-en-2024\/#breadcrumb"},"inLanguage":"fr-FR","potentialAction":[{"@type":"ReadAction","target":["https:\/\/lepoint-actu.tg\/index.php\/2024\/01\/06\/le-togo-parmi-les-pays-africains-a-forte-croissance-en-2024\/"]}]},{"@type":"ImageObject","inLanguage":"fr-FR","@id":"https:\/\/lepoint-actu.tg\/index.php\/2024\/01\/06\/le-togo-parmi-les-pays-africains-a-forte-croissance-en-2024\/#primaryimage","url":"https:\/\/lepoint-actu.tg\/wp-content\/uploads\/2023\/09\/Nomination-gouvernement-premier-ministre-madame-Victoire-Tomegah-Dogbe-scaled_1.jpg","contentUrl":"https:\/\/lepoint-actu.tg\/wp-content\/uploads\/2023\/09\/Nomination-gouvernement-premier-ministre-madame-Victoire-Tomegah-Dogbe-scaled_1.jpg","width":461,"height":626},{"@type":"BreadcrumbList","@id":"https:\/\/lepoint-actu.tg\/index.php\/2024\/01\/06\/le-togo-parmi-les-pays-africains-a-forte-croissance-en-2024\/#breadcrumb","itemListElement":[{"@type":"ListItem","position":1,"name":"Accueil","item":"https:\/\/lepoint-actu.tg\/"},{"@type":"ListItem","position":2,"name":"Le Togo parmi les pays africains \u00e0 forte croissance en 2024"}]},{"@type":"WebSite","@id":"https:\/\/lepoint-actu.tg\/#website","url":"https:\/\/lepoint-actu.tg\/","name":"","description":"R\u00e9c\u00e9piss\u00e9 N\u00b00022\/HAAC\/12-2020\/pL\/P, lepointactu07@gmail.com","potentialAction":[{"@type":"SearchAction","target":{"@type":"EntryPoint","urlTemplate":"https:\/\/lepoint-actu.tg\/?s={search_term_string}"},"query-input":{"@type":"PropertyValueSpecification","valueRequired":true,"valueName":"search_term_string"}}],"inLanguage":"fr-FR"},{"@type":"Person","@id":"https:\/\/lepoint-actu.tg\/#\/schema\/person\/e4026d66cbdc205cab83e169ab7eaca1","name":"La Redaction","image":{"@type":"ImageObject","inLanguage":"fr-FR","@id":"https:\/\/lepoint-actu.tg\/#\/schema\/person\/image\/","url":"https:\/\/secure.gravatar.com\/avatar\/1682a0ff7e2c36efa51c5d262eea092000ec1ce420118e6261440956730308c2?s=96&d=mm&r=g","contentUrl":"https:\/\/secure.gravatar.com\/avatar\/1682a0ff7e2c36efa51c5d262eea092000ec1ce420118e6261440956730308c2?s=96&d=mm&r=g","caption":"La Redaction"},"url":"https:\/\/lepoint-actu.tg\/index.php\/author\/raymondsama\/"}]}},"_links":{"self":[{"href":"https:\/\/lepoint-actu.tg\/index.php\/wp-json\/wp\/v2\/posts\/2794","targetHints":{"allow":["GET"]}}],"collection":[{"href":"https:\/\/lepoint-actu.tg\/index.php\/wp-json\/wp\/v2\/posts"}],"about":[{"href":"https:\/\/lepoint-actu.tg\/index.php\/wp-json\/wp\/v2\/types\/post"}],"author":[{"embeddable":true,"href":"https:\/\/lepoint-actu.tg\/index.php\/wp-json\/wp\/v2\/users\/2"}],"replies":[{"embeddable":true,"href":"https:\/\/lepoint-actu.tg\/index.php\/wp-json\/wp\/v2\/comments?post=2794"}],"version-history":[{"count":1,"href":"https:\/\/lepoint-actu.tg\/index.php\/wp-json\/wp\/v2\/posts\/2794\/revisions"}],"predecessor-version":[{"id":2795,"href":"https:\/\/lepoint-actu.tg\/index.php\/wp-json\/wp\/v2\/posts\/2794\/revisions\/2795"}],"wp:featuredmedia":[{"embeddable":true,"href":"https:\/\/lepoint-actu.tg\/index.php\/wp-json\/wp\/v2\/media\/2517"}],"wp:attachment":[{"href":"https:\/\/lepoint-actu.tg\/index.php\/wp-json\/wp\/v2\/media?parent=2794"}],"wp:term":[{"taxonomy":"category","embeddable":true,"href":"https:\/\/lepoint-actu.tg\/index.php\/wp-json\/wp\/v2\/categories?post=2794"},{"taxonomy":"post_tag","embeddable":true,"href":"https:\/\/lepoint-actu.tg\/index.php\/wp-json\/wp\/v2\/tags?post=2794"}],"curies":[{"name":"wp","href":"https:\/\/api.w.org\/{rel}","templated":true}]}}