{"id":2855,"date":"2024-02-08T10:35:20","date_gmt":"2024-02-08T10:35:20","guid":{"rendered":"https:\/\/lepoint-actu.tg\/?p=2855"},"modified":"2024-02-08T10:45:57","modified_gmt":"2024-02-08T10:45:57","slug":"feux-de-brousse-800-hectares-de-tapis-herbace-brules-en-2023","status":"publish","type":"post","link":"https:\/\/lepoint-actu.tg\/index.php\/2024\/02\/08\/feux-de-brousse-800-hectares-de-tapis-herbace-brules-en-2023\/","title":{"rendered":"Feux de brousse : 800 hectares de tapis herbac\u00e9s brul\u00e9s en 2023"},"content":{"rendered":"\n<p><\/p>\n\n\n\n<p>Trente (30) cas de feux de brousse pour 800 hectares de tapis herbac\u00e9s brul\u00e9s en 2023, contre cinq cas de feux de brousse en 2022 pour 91 hectares brul\u00e9s. L\u2019information concerne la r\u00e9gion de Matam au S\u00e9n\u00e9gal selon l\u2019Agence de Presse S\u00e9n\u00e9galaise (APS) qui l\u2019a apprise du commandant Daouda Ndiogou, inspecteur r\u00e9gional des eaux et for\u00eats (IREF), le mercredi 07 f\u00e9vrier 2024.<\/p>\n\n\n\n<figure class=\"wp-block-image size-full\"><img loading=\"lazy\" decoding=\"async\" width=\"650\" height=\"919\" src=\"https:\/\/lepoint-actu.tg\/wp-content\/uploads\/2024\/02\/4M_A4.jpg\" alt=\"\" class=\"wp-image-2841\" srcset=\"https:\/\/lepoint-actu.tg\/wp-content\/uploads\/2024\/02\/4M_A4.jpg 650w, https:\/\/lepoint-actu.tg\/wp-content\/uploads\/2024\/02\/4M_A4-212x300.jpg 212w\" sizes=\"auto, (max-width: 650px) 100vw, 650px\" \/><\/figure>\n\n\n\n<p><br>Selon les m\u00eames sources, ces statistiques \u00ab&nbsp;montrent l\u2019ampleur des feux de brousse dans la r\u00e9gion de Matam&nbsp;\u00bb.<br>\u00ab&nbsp;Pour cette ann\u00e9e (2024), la commune de Ran\u00e9rou a \u00e9t\u00e9 touch\u00e9e par un cas de feux de brousse, ravageant des cases et un abri provisoire&nbsp;\u00bb, renseigne-t-on. Abou Raby B\u00e2, le pr\u00e9sident de l\u2019Association des \u00e9leveurs de la r\u00e9gion de Matam a, pour sa part, d\u00e9plor\u00e9 le manque d\u2019implication des populations dans la lutte contre les feux de brousse qui cr\u00e9ent d\u2019\u00e9normes difficult\u00e9s aux \u00e9leveurs. \u00ab&nbsp;(\u2026) nous estimons que les populations ne s\u2019impliquent pas dans la lutte contre ce fl\u00e9au. Elles ne doivent pas laisser prosp\u00e9rer les cas de feux de brousse, surtout qu\u2019elles sont propri\u00e9taires de troupeaux ou d\u00e9pendent de la brousse&nbsp;\u00bb, a-t-il soutenu saluant n\u00e9anmoins l\u2019engagement des personnes \u00e2g\u00e9es dans la lutte contre les feux de brousse. Pour lui, ce sont des vieux de plus de 70 ans qui se dressent contre les feux de brousse, alors que les jeunes restent au village sans rien faire. Il appelle les jeunes \u00e0 participer en premier \u00e0 l\u2019\u00e9radication de ce fl\u00e9au.<\/p>\n\n\n\n<figure class=\"wp-block-image size-full\"><img loading=\"lazy\" decoding=\"async\" width=\"768\" height=\"768\" src=\"https:\/\/lepoint-actu.tg\/wp-content\/uploads\/2024\/02\/VISUEL_Kede-768x768-1.jpg\" alt=\"\" class=\"wp-image-2848\" srcset=\"https:\/\/lepoint-actu.tg\/wp-content\/uploads\/2024\/02\/VISUEL_Kede-768x768-1.jpg 768w, https:\/\/lepoint-actu.tg\/wp-content\/uploads\/2024\/02\/VISUEL_Kede-768x768-1-300x300.jpg 300w, https:\/\/lepoint-actu.tg\/wp-content\/uploads\/2024\/02\/VISUEL_Kede-768x768-1-150x150.jpg 150w\" sizes=\"auto, (max-width: 768px) 100vw, 768px\" \/><\/figure>\n\n\n\n<p><br>Par ailleurs, s\u2019il estime que \u00ab&nbsp;certains cas de feux de brousse rel\u00e8vent du sabotage, car les d\u00e9parts sont constat\u00e9s dans un m\u00eame endroit, tout le temps et presque au m\u00eame moment&nbsp;\u00bb indiquant avoir not\u00e9 cette ann\u00e9e quatre d\u00e9parts de feux en m\u00eame temps dans des communes diff\u00e9rentes de la r\u00e9gion comme Houdallaye, Ouro Sidy, Ran\u00e9rou et Ogo, il n\u2019a pas manqu\u00e9 de saluer le travail des agents des eaux et for\u00eats qui \u00ab&nbsp;r\u00e9pondent \u00e0 tous les appels en cas de feux de brousse&nbsp;\u00bb.<br>Pour finir, M. B\u00e2 a sugg\u00e9r\u00e9 la mise en place de m\u00e9thodes technologiques de surveillance des for\u00eats afin de traquer tous ceux qui commettent des actes de sabotage.<br><strong><em>Avec l\u2019APS<\/em><\/strong><\/p>\n","protected":false},"excerpt":{"rendered":"<p>Trente (30) cas de feux de brousse pour 800 hectares de tapis herbac\u00e9s brul\u00e9s en 2023, contre cinq cas de<\/p>\n","protected":false},"author":2,"featured_media":2856,"comment_status":"open","ping_status":"closed","sticky":false,"template":"","format":"standard","meta":{"footnotes":""},"categories":[6],"tags":[],"class_list":["post-2855","post","type-post","status-publish","format-standard","has-post-thumbnail","hentry","category-environnement"],"yoast_head":"<!-- This site is optimized with the Yoast SEO plugin v23.9 - https:\/\/yoast.com\/wordpress\/plugins\/seo\/ -->\n<title>Feux de brousse : 800 hectares de tapis herbac\u00e9s brul\u00e9s en 2023 -<\/title>\n<meta name=\"robots\" content=\"index, follow, max-snippet:-1, max-image-preview:large, max-video-preview:-1\" \/>\n<link rel=\"canonical\" href=\"https:\/\/lepoint-actu.tg\/index.php\/2024\/02\/08\/feux-de-brousse-800-hectares-de-tapis-herbace-brules-en-2023\/\" \/>\n<meta property=\"og:locale\" content=\"fr_FR\" \/>\n<meta property=\"og:type\" content=\"article\" \/>\n<meta property=\"og:title\" content=\"Feux de brousse : 800 hectares de tapis herbac\u00e9s brul\u00e9s en 2023 -\" \/>\n<meta property=\"og:description\" content=\"Trente (30) cas de feux de brousse pour 800 hectares de tapis herbac\u00e9s brul\u00e9s en 2023, contre cinq cas de\" \/>\n<meta property=\"og:url\" content=\"https:\/\/lepoint-actu.tg\/index.php\/2024\/02\/08\/feux-de-brousse-800-hectares-de-tapis-herbace-brules-en-2023\/\" \/>\n<meta property=\"article:published_time\" content=\"2024-02-08T10:35:20+00:00\" \/>\n<meta property=\"article:modified_time\" content=\"2024-02-08T10:45:57+00:00\" \/>\n<meta property=\"og:image\" content=\"https:\/\/lepoint-actu.tg\/wp-content\/uploads\/2024\/02\/feux_brousse_1.jpg\" \/>\n\t<meta property=\"og:image:width\" content=\"600\" \/>\n\t<meta property=\"og:image:height\" content=\"450\" \/>\n\t<meta property=\"og:image:type\" content=\"image\/jpeg\" \/>\n<meta name=\"author\" content=\"La Redaction\" \/>\n<meta name=\"twitter:card\" content=\"summary_large_image\" \/>\n<meta name=\"twitter:label1\" content=\"\u00c9crit par\" \/>\n\t<meta name=\"twitter:data1\" content=\"La Redaction\" \/>\n\t<meta name=\"twitter:label2\" content=\"Dur\u00e9e de lecture estim\u00e9e\" \/>\n\t<meta name=\"twitter:data2\" content=\"2 minutes\" \/>\n<script type=\"application\/ld+json\" class=\"yoast-schema-graph\">{\"@context\":\"https:\/\/schema.org\",\"@graph\":[{\"@type\":\"WebPage\",\"@id\":\"https:\/\/lepoint-actu.tg\/index.php\/2024\/02\/08\/feux-de-brousse-800-hectares-de-tapis-herbace-brules-en-2023\/\",\"url\":\"https:\/\/lepoint-actu.tg\/index.php\/2024\/02\/08\/feux-de-brousse-800-hectares-de-tapis-herbace-brules-en-2023\/\",\"name\":\"Feux de brousse : 800 hectares de tapis herbac\u00e9s brul\u00e9s en 2023 -\",\"isPartOf\":{\"@id\":\"https:\/\/lepoint-actu.tg\/#website\"},\"primaryImageOfPage\":{\"@id\":\"https:\/\/lepoint-actu.tg\/index.php\/2024\/02\/08\/feux-de-brousse-800-hectares-de-tapis-herbace-brules-en-2023\/#primaryimage\"},\"image\":{\"@id\":\"https:\/\/lepoint-actu.tg\/index.php\/2024\/02\/08\/feux-de-brousse-800-hectares-de-tapis-herbace-brules-en-2023\/#primaryimage\"},\"thumbnailUrl\":\"https:\/\/lepoint-actu.tg\/wp-content\/uploads\/2024\/02\/feux_brousse_1.jpg\",\"datePublished\":\"2024-02-08T10:35:20+00:00\",\"dateModified\":\"2024-02-08T10:45:57+00:00\",\"author\":{\"@id\":\"https:\/\/lepoint-actu.tg\/#\/schema\/person\/e4026d66cbdc205cab83e169ab7eaca1\"},\"breadcrumb\":{\"@id\":\"https:\/\/lepoint-actu.tg\/index.php\/2024\/02\/08\/feux-de-brousse-800-hectares-de-tapis-herbace-brules-en-2023\/#breadcrumb\"},\"inLanguage\":\"fr-FR\",\"potentialAction\":[{\"@type\":\"ReadAction\",\"target\":[\"https:\/\/lepoint-actu.tg\/index.php\/2024\/02\/08\/feux-de-brousse-800-hectares-de-tapis-herbace-brules-en-2023\/\"]}]},{\"@type\":\"ImageObject\",\"inLanguage\":\"fr-FR\",\"@id\":\"https:\/\/lepoint-actu.tg\/index.php\/2024\/02\/08\/feux-de-brousse-800-hectares-de-tapis-herbace-brules-en-2023\/#primaryimage\",\"url\":\"https:\/\/lepoint-actu.tg\/wp-content\/uploads\/2024\/02\/feux_brousse_1.jpg\",\"contentUrl\":\"https:\/\/lepoint-actu.tg\/wp-content\/uploads\/2024\/02\/feux_brousse_1.jpg\",\"width\":600,\"height\":450},{\"@type\":\"BreadcrumbList\",\"@id\":\"https:\/\/lepoint-actu.tg\/index.php\/2024\/02\/08\/feux-de-brousse-800-hectares-de-tapis-herbace-brules-en-2023\/#breadcrumb\",\"itemListElement\":[{\"@type\":\"ListItem\",\"position\":1,\"name\":\"Accueil\",\"item\":\"https:\/\/lepoint-actu.tg\/\"},{\"@type\":\"ListItem\",\"position\":2,\"name\":\"Feux de brousse : 800 hectares de tapis herbac\u00e9s brul\u00e9s en 2023\"}]},{\"@type\":\"WebSite\",\"@id\":\"https:\/\/lepoint-actu.tg\/#website\",\"url\":\"https:\/\/lepoint-actu.tg\/\",\"name\":\"\",\"description\":\"R\u00e9c\u00e9piss\u00e9 N\u00b00022\/HAAC\/12-2020\/pL\/P, lepointactu07@gmail.com\",\"potentialAction\":[{\"@type\":\"SearchAction\",\"target\":{\"@type\":\"EntryPoint\",\"urlTemplate\":\"https:\/\/lepoint-actu.tg\/?s={search_term_string}\"},\"query-input\":{\"@type\":\"PropertyValueSpecification\",\"valueRequired\":true,\"valueName\":\"search_term_string\"}}],\"inLanguage\":\"fr-FR\"},{\"@type\":\"Person\",\"@id\":\"https:\/\/lepoint-actu.tg\/#\/schema\/person\/e4026d66cbdc205cab83e169ab7eaca1\",\"name\":\"La Redaction\",\"image\":{\"@type\":\"ImageObject\",\"inLanguage\":\"fr-FR\",\"@id\":\"https:\/\/lepoint-actu.tg\/#\/schema\/person\/image\/\",\"url\":\"https:\/\/secure.gravatar.com\/avatar\/1682a0ff7e2c36efa51c5d262eea092000ec1ce420118e6261440956730308c2?s=96&d=mm&r=g\",\"contentUrl\":\"https:\/\/secure.gravatar.com\/avatar\/1682a0ff7e2c36efa51c5d262eea092000ec1ce420118e6261440956730308c2?s=96&d=mm&r=g\",\"caption\":\"La Redaction\"},\"url\":\"https:\/\/lepoint-actu.tg\/index.php\/author\/raymondsama\/\"}]}<\/script>\n<!-- \/ Yoast SEO plugin. -->","yoast_head_json":{"title":"Feux de brousse : 800 hectares de tapis herbac\u00e9s brul\u00e9s en 2023 -","robots":{"index":"index","follow":"follow","max-snippet":"max-snippet:-1","max-image-preview":"max-image-preview:large","max-video-preview":"max-video-preview:-1"},"canonical":"https:\/\/lepoint-actu.tg\/index.php\/2024\/02\/08\/feux-de-brousse-800-hectares-de-tapis-herbace-brules-en-2023\/","og_locale":"fr_FR","og_type":"article","og_title":"Feux de brousse : 800 hectares de tapis herbac\u00e9s brul\u00e9s en 2023 -","og_description":"Trente (30) cas de feux de brousse pour 800 hectares de tapis herbac\u00e9s brul\u00e9s en 2023, contre cinq cas de","og_url":"https:\/\/lepoint-actu.tg\/index.php\/2024\/02\/08\/feux-de-brousse-800-hectares-de-tapis-herbace-brules-en-2023\/","article_published_time":"2024-02-08T10:35:20+00:00","article_modified_time":"2024-02-08T10:45:57+00:00","og_image":[{"width":600,"height":450,"url":"https:\/\/lepoint-actu.tg\/wp-content\/uploads\/2024\/02\/feux_brousse_1.jpg","type":"image\/jpeg"}],"author":"La Redaction","twitter_card":"summary_large_image","twitter_misc":{"\u00c9crit par":"La Redaction","Dur\u00e9e de lecture estim\u00e9e":"2 minutes"},"schema":{"@context":"https:\/\/schema.org","@graph":[{"@type":"WebPage","@id":"https:\/\/lepoint-actu.tg\/index.php\/2024\/02\/08\/feux-de-brousse-800-hectares-de-tapis-herbace-brules-en-2023\/","url":"https:\/\/lepoint-actu.tg\/index.php\/2024\/02\/08\/feux-de-brousse-800-hectares-de-tapis-herbace-brules-en-2023\/","name":"Feux de brousse : 800 hectares de tapis herbac\u00e9s brul\u00e9s en 2023 -","isPartOf":{"@id":"https:\/\/lepoint-actu.tg\/#website"},"primaryImageOfPage":{"@id":"https:\/\/lepoint-actu.tg\/index.php\/2024\/02\/08\/feux-de-brousse-800-hectares-de-tapis-herbace-brules-en-2023\/#primaryimage"},"image":{"@id":"https:\/\/lepoint-actu.tg\/index.php\/2024\/02\/08\/feux-de-brousse-800-hectares-de-tapis-herbace-brules-en-2023\/#primaryimage"},"thumbnailUrl":"https:\/\/lepoint-actu.tg\/wp-content\/uploads\/2024\/02\/feux_brousse_1.jpg","datePublished":"2024-02-08T10:35:20+00:00","dateModified":"2024-02-08T10:45:57+00:00","author":{"@id":"https:\/\/lepoint-actu.tg\/#\/schema\/person\/e4026d66cbdc205cab83e169ab7eaca1"},"breadcrumb":{"@id":"https:\/\/lepoint-actu.tg\/index.php\/2024\/02\/08\/feux-de-brousse-800-hectares-de-tapis-herbace-brules-en-2023\/#breadcrumb"},"inLanguage":"fr-FR","potentialAction":[{"@type":"ReadAction","target":["https:\/\/lepoint-actu.tg\/index.php\/2024\/02\/08\/feux-de-brousse-800-hectares-de-tapis-herbace-brules-en-2023\/"]}]},{"@type":"ImageObject","inLanguage":"fr-FR","@id":"https:\/\/lepoint-actu.tg\/index.php\/2024\/02\/08\/feux-de-brousse-800-hectares-de-tapis-herbace-brules-en-2023\/#primaryimage","url":"https:\/\/lepoint-actu.tg\/wp-content\/uploads\/2024\/02\/feux_brousse_1.jpg","contentUrl":"https:\/\/lepoint-actu.tg\/wp-content\/uploads\/2024\/02\/feux_brousse_1.jpg","width":600,"height":450},{"@type":"BreadcrumbList","@id":"https:\/\/lepoint-actu.tg\/index.php\/2024\/02\/08\/feux-de-brousse-800-hectares-de-tapis-herbace-brules-en-2023\/#breadcrumb","itemListElement":[{"@type":"ListItem","position":1,"name":"Accueil","item":"https:\/\/lepoint-actu.tg\/"},{"@type":"ListItem","position":2,"name":"Feux de brousse : 800 hectares de tapis herbac\u00e9s brul\u00e9s en 2023"}]},{"@type":"WebSite","@id":"https:\/\/lepoint-actu.tg\/#website","url":"https:\/\/lepoint-actu.tg\/","name":"","description":"R\u00e9c\u00e9piss\u00e9 N\u00b00022\/HAAC\/12-2020\/pL\/P, lepointactu07@gmail.com","potentialAction":[{"@type":"SearchAction","target":{"@type":"EntryPoint","urlTemplate":"https:\/\/lepoint-actu.tg\/?s={search_term_string}"},"query-input":{"@type":"PropertyValueSpecification","valueRequired":true,"valueName":"search_term_string"}}],"inLanguage":"fr-FR"},{"@type":"Person","@id":"https:\/\/lepoint-actu.tg\/#\/schema\/person\/e4026d66cbdc205cab83e169ab7eaca1","name":"La Redaction","image":{"@type":"ImageObject","inLanguage":"fr-FR","@id":"https:\/\/lepoint-actu.tg\/#\/schema\/person\/image\/","url":"https:\/\/secure.gravatar.com\/avatar\/1682a0ff7e2c36efa51c5d262eea092000ec1ce420118e6261440956730308c2?s=96&d=mm&r=g","contentUrl":"https:\/\/secure.gravatar.com\/avatar\/1682a0ff7e2c36efa51c5d262eea092000ec1ce420118e6261440956730308c2?s=96&d=mm&r=g","caption":"La Redaction"},"url":"https:\/\/lepoint-actu.tg\/index.php\/author\/raymondsama\/"}]}},"_links":{"self":[{"href":"https:\/\/lepoint-actu.tg\/index.php\/wp-json\/wp\/v2\/posts\/2855","targetHints":{"allow":["GET"]}}],"collection":[{"href":"https:\/\/lepoint-actu.tg\/index.php\/wp-json\/wp\/v2\/posts"}],"about":[{"href":"https:\/\/lepoint-actu.tg\/index.php\/wp-json\/wp\/v2\/types\/post"}],"author":[{"embeddable":true,"href":"https:\/\/lepoint-actu.tg\/index.php\/wp-json\/wp\/v2\/users\/2"}],"replies":[{"embeddable":true,"href":"https:\/\/lepoint-actu.tg\/index.php\/wp-json\/wp\/v2\/comments?post=2855"}],"version-history":[{"count":2,"href":"https:\/\/lepoint-actu.tg\/index.php\/wp-json\/wp\/v2\/posts\/2855\/revisions"}],"predecessor-version":[{"id":2858,"href":"https:\/\/lepoint-actu.tg\/index.php\/wp-json\/wp\/v2\/posts\/2855\/revisions\/2858"}],"wp:featuredmedia":[{"embeddable":true,"href":"https:\/\/lepoint-actu.tg\/index.php\/wp-json\/wp\/v2\/media\/2856"}],"wp:attachment":[{"href":"https:\/\/lepoint-actu.tg\/index.php\/wp-json\/wp\/v2\/media?parent=2855"}],"wp:term":[{"taxonomy":"category","embeddable":true,"href":"https:\/\/lepoint-actu.tg\/index.php\/wp-json\/wp\/v2\/categories?post=2855"},{"taxonomy":"post_tag","embeddable":true,"href":"https:\/\/lepoint-actu.tg\/index.php\/wp-json\/wp\/v2\/tags?post=2855"}],"curies":[{"name":"wp","href":"https:\/\/api.w.org\/{rel}","templated":true}]}}